
			
				
				
					
				

			
		{"items":"\n\t\t\t\t\t\t\t\t\t\t\t\n<article id=\"post-27086\" class=\"blog-design-small-images blog-post-loop blog-style-bg wd-add-shadow post-27086 post type-post status-publish format-standard has-post-thumbnail hentry category-oro category-peru category-vacantes tag-oro tag-peru-pais\">\n\t<div class=\"article-inner\">\n\t\t\t\t\t<header class=\"entry-header\">\n\t\t\t\t\t\t\t\t\t\n\t\t\t\t\t<figure id=\"carousel-306\" class=\"entry-thumbnail\" data-owl-carousel data-hide_pagination_control=\"yes\" data-desktop=\"1\" data-tablet=\"1\" data-tablet_landscape=\"1\" data-mobile=\"1\">\n\t\t\t\t\t\t\n\t\t\t\t\t\t\t<div class=\"post-img-wrapp\">\n\t\t\t\t\t\t\t\t<a href=\"https:\/\/solidaridadlatam.org\/vacantes\/consultoria-ejecucion-de-instrumentos-levantamiento-informacion\/\">\n\t\t\t\t\t\t\t\t\t<img width=\"400\" height=\"225\" src=\"https:\/\/solidaridadlatam.org\/wp-content\/uploads\/2026\/01\/Destacada.png\" class=\"attachment-large size-large\" alt=\"\" decoding=\"async\" fetchpriority=\"high\" \/>\t\t\t\t\t\t\t\t<\/a>\n\t\t\t\t\t\t\t<\/div>\n\t\t\t\t\t\t\t<div class=\"post-image-mask\">\n\t\t\t\t\t\t\t\t<span><\/span>\n\t\t\t\t\t\t\t<\/div>\n\n\t\t\t\t\t\t\n\t\t\t\t\t<\/figure>\n\t\t\t\t\n\t\t\t\t\t\t\t\t\t\t\t<div class=\"post-date woodmart-post-date\" onclick=\"\">\n\t\t\t<span class=\"post-date-day\">\n\t\t\t\t19\t\t\t<\/span>\n\t\t\t<span class=\"post-date-month\">\n\t\t\t\tEne\t\t\t<\/span>\n\t\t\t<span class=\"post-date-year\">\n\t\t\t\t2026\t\t\t<\/span>\n\t\t<\/div>\n\t\t\t\t\t\t\n\t\t\t<\/header><!-- .entry-header -->\n\n\t\t<div class=\"article-body-container\">\n\t\t\t\n\t\t\t\t\t\t\t\t\t<div class=\"meta-categories-wrapp\"><div class=\"meta-post-categories wd-post-cat wd-style-with-bg\"><a href=\"https:\/\/solidaridadlatam.org\/oro\/\" rel=\"category tag\">Oro<\/a>, <a href=\"https:\/\/solidaridadlatam.org\/peru\/\" rel=\"category tag\">Per\u00fa<\/a>, <a href=\"https:\/\/solidaridadlatam.org\/vacantes\/\" rel=\"category tag\">Vacantes<\/a><\/div><\/div>\n\t\t\t\t\n\t\t\t\t\t\t\t\t\t<h3 class=\"wd-entities-title title post-title\">\n\t\t\t\t\t\t<a href=\"https:\/\/solidaridadlatam.org\/vacantes\/consultoria-ejecucion-de-instrumentos-levantamiento-informacion\/\" rel=\"bookmark\">Consultor\u00eda | Ejecuci\u00f3n de instrumentos y levantamiento de informaci\u00f3n en Secocha (Arequipa)<\/a>\n\t\t\t\t\t<\/h3>\n\t\t\t\t\n\t\t\t\t\t\t\t\t\t<div class=\"entry-meta wd-entry-meta\">\n\t\t\t\t\t\t\t\t\t<ul class=\"entry-meta-list\">\n\t\t\t\t\t\t\t\t\t<li class=\"modified-date\">\n\t\t\t\t\t\t\t\t<time class=\"updated\" datetime=\"2026-01-28T17:19:58-03:00\">\n\t\t\t28 de enero de 2026\t\t<\/time>\n\t\t\t\t\t\t\t<\/li>\n\n\t\t\t\t\t\n\t\t\t\t\t\t\t\t\t\t\t<li class=\"meta-author\">\n\t\t\t\t\t\t\t\t\t\t\t\t<span>Por<\/span>\n\t\t\n\t\t\t\t\t<img alt='author-avatar' src='https:\/\/secure.gravatar.com\/avatar\/7ff17651f1223073957429fc074e1c28782ea2ffcb5d68a308b2929781218300?s=32&#038;d=mm&#038;r=g' srcset='https:\/\/secure.gravatar.com\/avatar\/7ff17651f1223073957429fc074e1c28782ea2ffcb5d68a308b2929781218300?s=64&#038;d=mm&#038;r=g 2x' class='avatar avatar-32 photo' height='32' width='32' decoding='async'\/>\t\t\n\t\t<a href=\"https:\/\/solidaridadlatam.org\/author\/arantxa\/\" rel=\"author\">\n\t\t\t<span class=\"vcard author author_name\">\n\t\t\t\t<span class=\"fn\">Arantxa Rom\u00e1n<\/span>\n\t\t\t<\/span>\n\t\t<\/a>\n\t\t\t\t\t\t\t\t<\/li>\n\t\t\t\t\t\n\t\t\t\t\t\n\t\t\t\t\t\t\t\t\t\t\t<li class=\"meta-reply\">\n\t\t\t\t\t\t\t<a href=\"https:\/\/solidaridadlatam.org\/vacantes\/consultoria-ejecucion-de-instrumentos-levantamiento-informacion\/#respond\"><span class=\"replies-count\">0<\/span> <span class=\"replies-count-label\">comentarios<\/span><\/a>\t\t\t\t\t\t<\/li>\n\t\t\t\t\t\t\t\t\t\t\t\t<\/ul>\n\t\t\t\t\t\t\t<\/div><!-- .entry-meta -->\n\t\t\t\t\t\t\t\t\t\t\t<div class=\"hovered-social-icons wd-tltp wd-tltp-top\">\n\t\t\t\t\t\t\t<div class=\"wd-tooltip-label\">\n\t\t\t\t\t\t\t\t\t\t\t<link rel=\"stylesheet\" id=\"wd-social-icons-css\" href=\"https:\/\/solidaridadlatam.org\/wp-content\/themes\/woodmart\/css\/parts\/el-social-icons.min.css?ver=7.3.4\" type=\"text\/css\" media=\"all\" \/> \t\t\t\n\t\t\t<div class=\" wd-social-icons  icons-design-default icons-size-small color-scheme-light social-share social-form-circle text-center\">\n\n\t\t\t\t\n\t\t\t\t\t\t\t\t\t<a rel=\"noopener noreferrer nofollow\" href=\"https:\/\/www.facebook.com\/sharer\/sharer.php?u=https:\/\/solidaridadlatam.org\/vacantes\/consultoria-ejecucion-de-instrumentos-levantamiento-informacion\/\" target=\"_blank\" class=\" wd-social-icon social-facebook\" aria-label=\"Facebook social link\">\n\t\t\t\t\t\t<span class=\"wd-icon\"><\/span>\n\t\t\t\t\t\t\t\t\t\t\t<\/a>\n\t\t\t\t\n\t\t\t\t\t\t\t\t\t<a rel=\"noopener noreferrer nofollow\" href=\"https:\/\/twitter.com\/share?url=https:\/\/solidaridadlatam.org\/vacantes\/consultoria-ejecucion-de-instrumentos-levantamiento-informacion\/\" target=\"_blank\" class=\" wd-social-icon social-twitter\" aria-label=\"Twitter social link\">\n\t\t\t\t\t\t<span class=\"wd-icon\"><\/span>\n\t\t\t\t\t\t\t\t\t\t\t<\/a>\n\t\t\t\t\n\t\t\t\t\n\t\t\t\t\n\t\t\t\t\n\t\t\t\t\n\t\t\t\t\n\t\t\t\t\t\t\t\t\t<a rel=\"noopener noreferrer nofollow\" href=\"https:\/\/www.linkedin.com\/shareArticle?mini=true&url=https:\/\/solidaridadlatam.org\/vacantes\/consultoria-ejecucion-de-instrumentos-levantamiento-informacion\/\" target=\"_blank\" class=\" wd-social-icon social-linkedin\" aria-label=\"Linkedin social link\">\n\t\t\t\t\t\t<span class=\"wd-icon\"><\/span>\n\t\t\t\t\t\t\t\t\t\t\t<\/a>\n\t\t\t\t\n\t\t\t\t\n\t\t\t\t\n\t\t\t\t\n\t\t\t\t\n\t\t\t\t\n\t\t\t\t\n\t\t\t\t\n\t\t\t\t\n\t\t\t\t\t\t\t\t\t<a rel=\"noopener noreferrer nofollow\" href=\"https:\/\/api.whatsapp.com\/send?text=https%3A%2F%2Fsolidaridadlatam.org%2Fvacantes%2Fconsultoria-ejecucion-de-instrumentos-levantamiento-informacion%2F\" target=\"_blank\" class=\"whatsapp-desktop  wd-social-icon social-whatsapp\" aria-label=\"WhatsApp social link\">\n\t\t\t\t\t\t<span class=\"wd-icon\"><\/span>\n\t\t\t\t\t\t\t\t\t\t\t<\/a>\n\t\t\t\t\t\n\t\t\t\t\t<a rel=\"noopener noreferrer nofollow\" href=\"whatsapp:\/\/send?text=https%3A%2F%2Fsolidaridadlatam.org%2Fvacantes%2Fconsultoria-ejecucion-de-instrumentos-levantamiento-informacion%2F\" target=\"_blank\" class=\"whatsapp-mobile  wd-social-icon social-whatsapp\" aria-label=\"WhatsApp social link\">\n\t\t\t\t\t\t<span class=\"wd-icon\"><\/span>\n\t\t\t\t\t\t\t\t\t\t\t<\/a>\n\t\t\t\t\n\t\t\t\t\t\t\t\t\n\t\t\t\t\t\t\t\t\n\t\t\t\t\n\t\t\t\t\n\t\t\t\t\t\t\t\t\t<a rel=\"noopener noreferrer nofollow\" href=\"https:\/\/telegram.me\/share\/url?url=https:\/\/solidaridadlatam.org\/vacantes\/consultoria-ejecucion-de-instrumentos-levantamiento-informacion\/\" target=\"_blank\" class=\" wd-social-icon social-tg\" aria-label=\"Telegram social link\">\n\t\t\t\t\t\t<span class=\"wd-icon\"><\/span>\n\t\t\t\t\t\t\t\t\t\t\t<\/a>\n\t\t\t\t\t\t\t\t\n\t\t\t\t\n\t\t\t<\/div>\n\n\t\t\t\t\t\t\t\t\t<\/div>\n\t\t\t\t\t\t<\/div>\n\t\t\t\t\t\t\t\t\t\t\t\t\n\t\t\t\t\t\t\t\n\t\t\t\t                    <div class=\"entry-content wd-entry-content\">\n\t\t\t\t\t\t<p>El programa de capacitaci\u00f3n integral durar\u00e1 7 meses y es impulsado por la alianza de planetGOLD Per\u00fa, Solidaridad y la Iniciativa Suiza Oro Responsable. Se espera beneficiar a 170 mujeres que forman parte de 6 asociaciones de seleccionadoras manuales de oro de la base La Rinconada.<\/p>\n\n\t\t\t\t\t\t\t\t\t\t\t<\/div><!-- .entry-content -->\n\t\t\t\t\n\t\t\t\t\t\t\t\t\t\t\t\t\t\t<p class=\"read-more-section\">\n\t\t\t\t\t\t<a class=\"btn-read-more more-link\" href=\"https:\/\/solidaridadlatam.org\/vacantes\/consultoria-ejecucion-de-instrumentos-levantamiento-informacion\/\">Seguir leyendo<\/a>\t\t\t\t\t<\/p>\n\t\t\t\t\t\t\t\t\t\t\t\n\t\t\t\n\t\t\t\t\t<\/div>\n\t<\/div>\n<\/article><!-- #post -->\n\n\n\t\t\t\t\t\t\t\t\t\t\t\n<article id=\"post-26567\" class=\"blog-design-small-images blog-post-loop blog-style-bg wd-add-shadow post-26567 post type-post status-publish format-standard has-post-thumbnail hentry category-news category-oro category-peru\">\n\t<div class=\"article-inner\">\n\t\t\t\t\t<header class=\"entry-header\">\n\t\t\t\t\t\t\t\t\t\n\t\t\t\t\t<figure id=\"carousel-292\" class=\"entry-thumbnail\" data-owl-carousel data-hide_pagination_control=\"yes\" data-desktop=\"1\" data-tablet=\"1\" data-tablet_landscape=\"1\" data-mobile=\"1\">\n\t\t\t\t\t\t\n\t\t\t\t\t\t\t<div class=\"post-img-wrapp\">\n\t\t\t\t\t\t\t\t<a href=\"https:\/\/solidaridadlatam.org\/oro\/solidaridad-orex-modelo-de-valor-compartido\/\">\n\t\t\t\t\t\t\t\t\t<img width=\"400\" height=\"225\" src=\"https:\/\/solidaridadlatam.org\/wp-content\/uploads\/2025\/11\/Seguros.jpg\" class=\"attachment-large size-large\" alt=\"\" decoding=\"async\" \/>\t\t\t\t\t\t\t\t<\/a>\n\t\t\t\t\t\t\t<\/div>\n\t\t\t\t\t\t\t<div class=\"post-image-mask\">\n\t\t\t\t\t\t\t\t<span><\/span>\n\t\t\t\t\t\t\t<\/div>\n\n\t\t\t\t\t\t\n\t\t\t\t\t<\/figure>\n\t\t\t\t\n\t\t\t\t\t\t\t\t\t\t\t<div class=\"post-date woodmart-post-date\" onclick=\"\">\n\t\t\t<span class=\"post-date-day\">\n\t\t\t\t19\t\t\t<\/span>\n\t\t\t<span class=\"post-date-month\">\n\t\t\t\tNov\t\t\t<\/span>\n\t\t\t<span class=\"post-date-year\">\n\t\t\t\t2025\t\t\t<\/span>\n\t\t<\/div>\n\t\t\t\t\t\t\n\t\t\t<\/header><!-- .entry-header -->\n\n\t\t<div class=\"article-body-container\">\n\t\t\t\n\t\t\t\t\t\t\t\t\t<div class=\"meta-categories-wrapp\"><div class=\"meta-post-categories wd-post-cat wd-style-with-bg\"><a href=\"https:\/\/solidaridadlatam.org\/news\/\" rel=\"category tag\">Noticia<\/a>, <a href=\"https:\/\/solidaridadlatam.org\/oro\/\" rel=\"category tag\">Oro<\/a>, <a href=\"https:\/\/solidaridadlatam.org\/peru\/\" rel=\"category tag\">Per\u00fa<\/a><\/div><\/div>\n\t\t\t\t\n\t\t\t\t\t\t\t\t\t<h3 class=\"wd-entities-title title post-title\">\n\t\t\t\t\t\t<a href=\"https:\/\/solidaridadlatam.org\/oro\/solidaridad-orex-modelo-de-valor-compartido\/\" rel=\"bookmark\">Solidaridad y Minera Orex impulsan un modelo de valor compartido que promueve trabajo decente y estabilidad territorial en la MAPE<\/a>\n\t\t\t\t\t<\/h3>\n\t\t\t\t\n\t\t\t\t\t\t\t\t\t<div class=\"entry-meta wd-entry-meta\">\n\t\t\t\t\t\t\t\t\t<ul class=\"entry-meta-list\">\n\t\t\t\t\t\t\t\t\t<li class=\"modified-date\">\n\t\t\t\t\t\t\t\t<time class=\"updated\" datetime=\"2025-11-19T11:58:43-03:00\">\n\t\t\t19 de noviembre de 2025\t\t<\/time>\n\t\t\t\t\t\t\t<\/li>\n\n\t\t\t\t\t\n\t\t\t\t\t\t\t\t\t\t\t<li class=\"meta-author\">\n\t\t\t\t\t\t\t\t\t\t\t\t<span>Por<\/span>\n\t\t\n\t\t\t\t\t<img alt='author-avatar' src='https:\/\/secure.gravatar.com\/avatar\/7ff17651f1223073957429fc074e1c28782ea2ffcb5d68a308b2929781218300?s=32&#038;d=mm&#038;r=g' srcset='https:\/\/secure.gravatar.com\/avatar\/7ff17651f1223073957429fc074e1c28782ea2ffcb5d68a308b2929781218300?s=64&#038;d=mm&#038;r=g 2x' class='avatar avatar-32 photo' height='32' width='32' loading='lazy' decoding='async'\/>\t\t\n\t\t<a href=\"https:\/\/solidaridadlatam.org\/author\/arantxa\/\" rel=\"author\">\n\t\t\t<span class=\"vcard author author_name\">\n\t\t\t\t<span class=\"fn\">Arantxa Rom\u00e1n<\/span>\n\t\t\t<\/span>\n\t\t<\/a>\n\t\t\t\t\t\t\t\t<\/li>\n\t\t\t\t\t\n\t\t\t\t\t\n\t\t\t\t\t\t\t\t\t\t\t\t<\/ul>\n\t\t\t\t\t\t\t<\/div><!-- .entry-meta -->\n\t\t\t\t\t\t\t\t\t\t\t<div class=\"hovered-social-icons wd-tltp wd-tltp-top\">\n\t\t\t\t\t\t\t<div class=\"wd-tooltip-label\">\n\t\t\t\t\t\t\t\t\n\t\t\t<div class=\" wd-social-icons  icons-design-default icons-size-small color-scheme-light social-share social-form-circle text-center\">\n\n\t\t\t\t\n\t\t\t\t\t\t\t\t\t<a rel=\"noopener noreferrer nofollow\" href=\"https:\/\/www.facebook.com\/sharer\/sharer.php?u=https:\/\/solidaridadlatam.org\/oro\/solidaridad-orex-modelo-de-valor-compartido\/\" target=\"_blank\" class=\" wd-social-icon social-facebook\" aria-label=\"Facebook social link\">\n\t\t\t\t\t\t<span class=\"wd-icon\"><\/span>\n\t\t\t\t\t\t\t\t\t\t\t<\/a>\n\t\t\t\t\n\t\t\t\t\t\t\t\t\t<a rel=\"noopener noreferrer nofollow\" href=\"https:\/\/twitter.com\/share?url=https:\/\/solidaridadlatam.org\/oro\/solidaridad-orex-modelo-de-valor-compartido\/\" target=\"_blank\" class=\" wd-social-icon social-twitter\" aria-label=\"Twitter social link\">\n\t\t\t\t\t\t<span class=\"wd-icon\"><\/span>\n\t\t\t\t\t\t\t\t\t\t\t<\/a>\n\t\t\t\t\n\t\t\t\t\n\t\t\t\t\n\t\t\t\t\n\t\t\t\t\n\t\t\t\t\n\t\t\t\t\t\t\t\t\t<a rel=\"noopener noreferrer nofollow\" href=\"https:\/\/www.linkedin.com\/shareArticle?mini=true&url=https:\/\/solidaridadlatam.org\/oro\/solidaridad-orex-modelo-de-valor-compartido\/\" target=\"_blank\" class=\" wd-social-icon social-linkedin\" aria-label=\"Linkedin social link\">\n\t\t\t\t\t\t<span class=\"wd-icon\"><\/span>\n\t\t\t\t\t\t\t\t\t\t\t<\/a>\n\t\t\t\t\n\t\t\t\t\n\t\t\t\t\n\t\t\t\t\n\t\t\t\t\n\t\t\t\t\n\t\t\t\t\n\t\t\t\t\n\t\t\t\t\n\t\t\t\t\t\t\t\t\t<a rel=\"noopener noreferrer nofollow\" href=\"https:\/\/api.whatsapp.com\/send?text=https%3A%2F%2Fsolidaridadlatam.org%2Foro%2Fsolidaridad-orex-modelo-de-valor-compartido%2F\" target=\"_blank\" class=\"whatsapp-desktop  wd-social-icon social-whatsapp\" aria-label=\"WhatsApp social link\">\n\t\t\t\t\t\t<span class=\"wd-icon\"><\/span>\n\t\t\t\t\t\t\t\t\t\t\t<\/a>\n\t\t\t\t\t\n\t\t\t\t\t<a rel=\"noopener noreferrer nofollow\" href=\"whatsapp:\/\/send?text=https%3A%2F%2Fsolidaridadlatam.org%2Foro%2Fsolidaridad-orex-modelo-de-valor-compartido%2F\" target=\"_blank\" class=\"whatsapp-mobile  wd-social-icon social-whatsapp\" aria-label=\"WhatsApp social link\">\n\t\t\t\t\t\t<span class=\"wd-icon\"><\/span>\n\t\t\t\t\t\t\t\t\t\t\t<\/a>\n\t\t\t\t\n\t\t\t\t\t\t\t\t\n\t\t\t\t\t\t\t\t\n\t\t\t\t\n\t\t\t\t\n\t\t\t\t\t\t\t\t\t<a rel=\"noopener noreferrer nofollow\" href=\"https:\/\/telegram.me\/share\/url?url=https:\/\/solidaridadlatam.org\/oro\/solidaridad-orex-modelo-de-valor-compartido\/\" target=\"_blank\" class=\" wd-social-icon social-tg\" aria-label=\"Telegram social link\">\n\t\t\t\t\t\t<span class=\"wd-icon\"><\/span>\n\t\t\t\t\t\t\t\t\t\t\t<\/a>\n\t\t\t\t\t\t\t\t\n\t\t\t\t\n\t\t\t<\/div>\n\n\t\t\t\t\t\t\t\t\t<\/div>\n\t\t\t\t\t\t<\/div>\n\t\t\t\t\t\t\t\t\t\t\t\t\n\t\t\t\t\t\t\t\n\t\t\t\t                    <div class=\"entry-content wd-entry-content\">\n\t\t\t\t\t\tM\u00e1s de 400 trabajadores mineros artesanales acceden hoy a seguros de salud y accidentes gracias a un innovador programa liderado por Mi...\n\t\t\t\t\t\t\t\t\t\t\t<\/div><!-- .entry-content -->\n\t\t\t\t\n\t\t\t\t\t\t\t\t\t\t\t\t\t\t<p class=\"read-more-section\">\n\t\t\t\t\t\t<a class=\"btn-read-more more-link\" href=\"https:\/\/solidaridadlatam.org\/oro\/solidaridad-orex-modelo-de-valor-compartido\/\">Seguir leyendo<\/a>\t\t\t\t\t<\/p>\n\t\t\t\t\t\t\t\t\t\t\t\n\t\t\t\n\t\t\t\t\t<\/div>\n\t<\/div>\n<\/article><!-- #post -->\n\n\n\t\t\t\t\t\t\t\t\t\t\t\n<article id=\"post-26237\" class=\"blog-design-small-images blog-post-loop blog-style-bg wd-add-shadow post-26237 post type-post status-publish format-standard has-post-thumbnail hentry category-news category-oro category-peru\">\n\t<div class=\"article-inner\">\n\t\t\t\t\t<header class=\"entry-header\">\n\t\t\t\t\t\t\t\t\t\n\t\t\t\t\t<figure id=\"carousel-846\" class=\"entry-thumbnail\" data-owl-carousel data-hide_pagination_control=\"yes\" data-desktop=\"1\" data-tablet=\"1\" data-tablet_landscape=\"1\" data-mobile=\"1\">\n\t\t\t\t\t\t\n\t\t\t\t\t\t\t<div class=\"post-img-wrapp\">\n\t\t\t\t\t\t\t\t<a href=\"https:\/\/solidaridadlatam.org\/oro\/perumin37-abre-espacio-a-la-mape\/\">\n\t\t\t\t\t\t\t\t\t<img width=\"400\" height=\"225\" src=\"https:\/\/solidaridadlatam.org\/wp-content\/uploads\/2025\/10\/Principal.jpg\" class=\"attachment-large size-large\" alt=\"\" decoding=\"async\" loading=\"lazy\" \/>\t\t\t\t\t\t\t\t<\/a>\n\t\t\t\t\t\t\t<\/div>\n\t\t\t\t\t\t\t<div class=\"post-image-mask\">\n\t\t\t\t\t\t\t\t<span><\/span>\n\t\t\t\t\t\t\t<\/div>\n\n\t\t\t\t\t\t\n\t\t\t\t\t<\/figure>\n\t\t\t\t\n\t\t\t\t\t\t\t\t\t\t\t<div class=\"post-date woodmart-post-date\" onclick=\"\">\n\t\t\t<span class=\"post-date-day\">\n\t\t\t\t17\t\t\t<\/span>\n\t\t\t<span class=\"post-date-month\">\n\t\t\t\tOct\t\t\t<\/span>\n\t\t\t<span class=\"post-date-year\">\n\t\t\t\t2025\t\t\t<\/span>\n\t\t<\/div>\n\t\t\t\t\t\t\n\t\t\t<\/header><!-- .entry-header -->\n\n\t\t<div class=\"article-body-container\">\n\t\t\t\n\t\t\t\t\t\t\t\t\t<div class=\"meta-categories-wrapp\"><div class=\"meta-post-categories wd-post-cat wd-style-with-bg\"><a href=\"https:\/\/solidaridadlatam.org\/news\/\" rel=\"category tag\">Noticia<\/a>, <a href=\"https:\/\/solidaridadlatam.org\/oro\/\" rel=\"category tag\">Oro<\/a>, <a href=\"https:\/\/solidaridadlatam.org\/peru\/\" rel=\"category tag\">Per\u00fa<\/a><\/div><\/div>\n\t\t\t\t\n\t\t\t\t\t\t\t\t\t<h3 class=\"wd-entities-title title post-title\">\n\t\t\t\t\t\t<a href=\"https:\/\/solidaridadlatam.org\/oro\/perumin37-abre-espacio-a-la-mape\/\" rel=\"bookmark\">PERUMIN 37 abre espacio para la MAPE:  un paso m\u00e1s hacia una miner\u00eda responsable y formal<\/a>\n\t\t\t\t\t<\/h3>\n\t\t\t\t\n\t\t\t\t\t\t\t\t\t<div class=\"entry-meta wd-entry-meta\">\n\t\t\t\t\t\t\t\t\t<ul class=\"entry-meta-list\">\n\t\t\t\t\t\t\t\t\t<li class=\"modified-date\">\n\t\t\t\t\t\t\t\t<time class=\"updated\" datetime=\"2025-10-17T16:17:43-03:00\">\n\t\t\t17 de octubre de 2025\t\t<\/time>\n\t\t\t\t\t\t\t<\/li>\n\n\t\t\t\t\t\n\t\t\t\t\t\t\t\t\t\t\t<li class=\"meta-author\">\n\t\t\t\t\t\t\t\t\t\t\t\t<span>Por<\/span>\n\t\t\n\t\t\t\t\t<img alt='author-avatar' src='https:\/\/secure.gravatar.com\/avatar\/7ff17651f1223073957429fc074e1c28782ea2ffcb5d68a308b2929781218300?s=32&#038;d=mm&#038;r=g' srcset='https:\/\/secure.gravatar.com\/avatar\/7ff17651f1223073957429fc074e1c28782ea2ffcb5d68a308b2929781218300?s=64&#038;d=mm&#038;r=g 2x' class='avatar avatar-32 photo' height='32' width='32' loading='lazy' decoding='async'\/>\t\t\n\t\t<a href=\"https:\/\/solidaridadlatam.org\/author\/arantxa\/\" rel=\"author\">\n\t\t\t<span class=\"vcard author author_name\">\n\t\t\t\t<span class=\"fn\">Arantxa Rom\u00e1n<\/span>\n\t\t\t<\/span>\n\t\t<\/a>\n\t\t\t\t\t\t\t\t<\/li>\n\t\t\t\t\t\n\t\t\t\t\t\n\t\t\t\t\t\t\t\t\t\t\t\t<\/ul>\n\t\t\t\t\t\t\t<\/div><!-- .entry-meta -->\n\t\t\t\t\t\t\t\t\t\t\t<div class=\"hovered-social-icons wd-tltp wd-tltp-top\">\n\t\t\t\t\t\t\t<div class=\"wd-tooltip-label\">\n\t\t\t\t\t\t\t\t\n\t\t\t<div class=\" wd-social-icons  icons-design-default icons-size-small color-scheme-light social-share social-form-circle text-center\">\n\n\t\t\t\t\n\t\t\t\t\t\t\t\t\t<a rel=\"noopener noreferrer nofollow\" href=\"https:\/\/www.facebook.com\/sharer\/sharer.php?u=https:\/\/solidaridadlatam.org\/oro\/perumin37-abre-espacio-a-la-mape\/\" target=\"_blank\" class=\" wd-social-icon social-facebook\" aria-label=\"Facebook social link\">\n\t\t\t\t\t\t<span class=\"wd-icon\"><\/span>\n\t\t\t\t\t\t\t\t\t\t\t<\/a>\n\t\t\t\t\n\t\t\t\t\t\t\t\t\t<a rel=\"noopener noreferrer nofollow\" href=\"https:\/\/twitter.com\/share?url=https:\/\/solidaridadlatam.org\/oro\/perumin37-abre-espacio-a-la-mape\/\" target=\"_blank\" class=\" wd-social-icon social-twitter\" aria-label=\"Twitter social link\">\n\t\t\t\t\t\t<span class=\"wd-icon\"><\/span>\n\t\t\t\t\t\t\t\t\t\t\t<\/a>\n\t\t\t\t\n\t\t\t\t\n\t\t\t\t\n\t\t\t\t\n\t\t\t\t\n\t\t\t\t\n\t\t\t\t\t\t\t\t\t<a rel=\"noopener noreferrer nofollow\" href=\"https:\/\/www.linkedin.com\/shareArticle?mini=true&url=https:\/\/solidaridadlatam.org\/oro\/perumin37-abre-espacio-a-la-mape\/\" target=\"_blank\" class=\" wd-social-icon social-linkedin\" aria-label=\"Linkedin social link\">\n\t\t\t\t\t\t<span class=\"wd-icon\"><\/span>\n\t\t\t\t\t\t\t\t\t\t\t<\/a>\n\t\t\t\t\n\t\t\t\t\n\t\t\t\t\n\t\t\t\t\n\t\t\t\t\n\t\t\t\t\n\t\t\t\t\n\t\t\t\t\n\t\t\t\t\n\t\t\t\t\t\t\t\t\t<a rel=\"noopener noreferrer nofollow\" href=\"https:\/\/api.whatsapp.com\/send?text=https%3A%2F%2Fsolidaridadlatam.org%2Foro%2Fperumin37-abre-espacio-a-la-mape%2F\" target=\"_blank\" class=\"whatsapp-desktop  wd-social-icon social-whatsapp\" aria-label=\"WhatsApp social link\">\n\t\t\t\t\t\t<span class=\"wd-icon\"><\/span>\n\t\t\t\t\t\t\t\t\t\t\t<\/a>\n\t\t\t\t\t\n\t\t\t\t\t<a rel=\"noopener noreferrer nofollow\" href=\"whatsapp:\/\/send?text=https%3A%2F%2Fsolidaridadlatam.org%2Foro%2Fperumin37-abre-espacio-a-la-mape%2F\" target=\"_blank\" class=\"whatsapp-mobile  wd-social-icon social-whatsapp\" aria-label=\"WhatsApp social link\">\n\t\t\t\t\t\t<span class=\"wd-icon\"><\/span>\n\t\t\t\t\t\t\t\t\t\t\t<\/a>\n\t\t\t\t\n\t\t\t\t\t\t\t\t\n\t\t\t\t\t\t\t\t\n\t\t\t\t\n\t\t\t\t\n\t\t\t\t\t\t\t\t\t<a rel=\"noopener noreferrer nofollow\" href=\"https:\/\/telegram.me\/share\/url?url=https:\/\/solidaridadlatam.org\/oro\/perumin37-abre-espacio-a-la-mape\/\" target=\"_blank\" class=\" wd-social-icon social-tg\" aria-label=\"Telegram social link\">\n\t\t\t\t\t\t<span class=\"wd-icon\"><\/span>\n\t\t\t\t\t\t\t\t\t\t\t<\/a>\n\t\t\t\t\t\t\t\t\n\t\t\t\t\n\t\t\t<\/div>\n\n\t\t\t\t\t\t\t\t\t<\/div>\n\t\t\t\t\t\t<\/div>\n\t\t\t\t\t\t\t\t\t\t\t\t\n\t\t\t\t\t\t\t\n\t\t\t\t                    <div class=\"entry-content wd-entry-content\">\n\t\t\t\t\t\tPor tercera edici\u00f3n consecutiva, Solidaridad impuls\u00f3 la presencia de la Miner\u00eda Artesanal y de Peque\u00f1a Escala (MAPE) como actor clave d...\n\t\t\t\t\t\t\t\t\t\t\t<\/div><!-- .entry-content -->\n\t\t\t\t\n\t\t\t\t\t\t\t\t\t\t\t\t\t\t<p class=\"read-more-section\">\n\t\t\t\t\t\t<a class=\"btn-read-more more-link\" href=\"https:\/\/solidaridadlatam.org\/oro\/perumin37-abre-espacio-a-la-mape\/\">Seguir leyendo<\/a>\t\t\t\t\t<\/p>\n\t\t\t\t\t\t\t\t\t\t\t\n\t\t\t\n\t\t\t\t\t<\/div>\n\t<\/div>\n<\/article><!-- #post -->\n\n\n\t\t\t\t\t\t\t\t\t\t\t\n<article id=\"post-25926\" class=\"blog-design-small-images blog-post-loop blog-style-bg wd-add-shadow post-25926 post type-post status-publish format-standard has-post-thumbnail hentry category-oro category-peru category-vacantes tag-oro tag-peru-pais\">\n\t<div class=\"article-inner\">\n\t\t\t\t\t<header class=\"entry-header\">\n\t\t\t\t\t\t\t\t\t\n\t\t\t\t\t<figure id=\"carousel-803\" class=\"entry-thumbnail\" data-owl-carousel data-hide_pagination_control=\"yes\" data-desktop=\"1\" data-tablet=\"1\" data-tablet_landscape=\"1\" data-mobile=\"1\">\n\t\t\t\t\t\t\n\t\t\t\t\t\t\t<div class=\"post-img-wrapp\">\n\t\t\t\t\t\t\t\t<a href=\"https:\/\/solidaridadlatam.org\/vacantes\/consultoria-soporte-legal-para-la-reactivacion-de-comedor-popular\/\">\n\t\t\t\t\t\t\t\t\t<img width=\"400\" height=\"225\" src=\"https:\/\/solidaridadlatam.org\/wp-content\/uploads\/2025\/09\/Soporte-Legal.jpg\" class=\"attachment-large size-large\" alt=\"\" decoding=\"async\" loading=\"lazy\" \/>\t\t\t\t\t\t\t\t<\/a>\n\t\t\t\t\t\t\t<\/div>\n\t\t\t\t\t\t\t<div class=\"post-image-mask\">\n\t\t\t\t\t\t\t\t<span><\/span>\n\t\t\t\t\t\t\t<\/div>\n\n\t\t\t\t\t\t\n\t\t\t\t\t<\/figure>\n\t\t\t\t\n\t\t\t\t\t\t\t\t\t\t\t<div class=\"post-date woodmart-post-date\" onclick=\"\">\n\t\t\t<span class=\"post-date-day\">\n\t\t\t\t10\t\t\t<\/span>\n\t\t\t<span class=\"post-date-month\">\n\t\t\t\tSep\t\t\t<\/span>\n\t\t\t<span class=\"post-date-year\">\n\t\t\t\t2025\t\t\t<\/span>\n\t\t<\/div>\n\t\t\t\t\t\t\n\t\t\t<\/header><!-- .entry-header -->\n\n\t\t<div class=\"article-body-container\">\n\t\t\t\n\t\t\t\t\t\t\t\t\t<div class=\"meta-categories-wrapp\"><div class=\"meta-post-categories wd-post-cat wd-style-with-bg\"><a href=\"https:\/\/solidaridadlatam.org\/oro\/\" rel=\"category tag\">Oro<\/a>, <a href=\"https:\/\/solidaridadlatam.org\/peru\/\" rel=\"category tag\">Per\u00fa<\/a>, <a href=\"https:\/\/solidaridadlatam.org\/vacantes\/\" rel=\"category tag\">Vacantes<\/a><\/div><\/div>\n\t\t\t\t\n\t\t\t\t\t\t\t\t\t<h3 class=\"wd-entities-title title post-title\">\n\t\t\t\t\t\t<a href=\"https:\/\/solidaridadlatam.org\/vacantes\/consultoria-soporte-legal-para-la-reactivacion-de-comedor-popular\/\" rel=\"bookmark\">Consultor\u00eda | Soporte Legal para la reactivaci\u00f3n de Comedor Popular<\/a>\n\t\t\t\t\t<\/h3>\n\t\t\t\t\n\t\t\t\t\t\t\t\t\t<div class=\"entry-meta wd-entry-meta\">\n\t\t\t\t\t\t\t\t\t<ul class=\"entry-meta-list\">\n\t\t\t\t\t\t\t\t\t<li class=\"modified-date\">\n\t\t\t\t\t\t\t\t<time class=\"updated\" datetime=\"2025-09-10T15:19:28-03:00\">\n\t\t\t10 de septiembre de 2025\t\t<\/time>\n\t\t\t\t\t\t\t<\/li>\n\n\t\t\t\t\t\n\t\t\t\t\t\t\t\t\t\t\t<li class=\"meta-author\">\n\t\t\t\t\t\t\t\t\t\t\t\t<span>Por<\/span>\n\t\t\n\t\t\t\t\t<img alt='author-avatar' src='https:\/\/secure.gravatar.com\/avatar\/7ff17651f1223073957429fc074e1c28782ea2ffcb5d68a308b2929781218300?s=32&#038;d=mm&#038;r=g' srcset='https:\/\/secure.gravatar.com\/avatar\/7ff17651f1223073957429fc074e1c28782ea2ffcb5d68a308b2929781218300?s=64&#038;d=mm&#038;r=g 2x' class='avatar avatar-32 photo' height='32' width='32' loading='lazy' decoding='async'\/>\t\t\n\t\t<a href=\"https:\/\/solidaridadlatam.org\/author\/arantxa\/\" rel=\"author\">\n\t\t\t<span class=\"vcard author author_name\">\n\t\t\t\t<span class=\"fn\">Arantxa Rom\u00e1n<\/span>\n\t\t\t<\/span>\n\t\t<\/a>\n\t\t\t\t\t\t\t\t<\/li>\n\t\t\t\t\t\n\t\t\t\t\t\n\t\t\t\t\t\t\t\t\t\t\t<li class=\"meta-reply\">\n\t\t\t\t\t\t\t<a href=\"https:\/\/solidaridadlatam.org\/vacantes\/consultoria-soporte-legal-para-la-reactivacion-de-comedor-popular\/#respond\"><span class=\"replies-count\">0<\/span> <span class=\"replies-count-label\">comentarios<\/span><\/a>\t\t\t\t\t\t<\/li>\n\t\t\t\t\t\t\t\t\t\t\t\t<\/ul>\n\t\t\t\t\t\t\t<\/div><!-- .entry-meta -->\n\t\t\t\t\t\t\t\t\t\t\t<div class=\"hovered-social-icons wd-tltp wd-tltp-top\">\n\t\t\t\t\t\t\t<div class=\"wd-tooltip-label\">\n\t\t\t\t\t\t\t\t\n\t\t\t<div class=\" wd-social-icons  icons-design-default icons-size-small color-scheme-light social-share social-form-circle text-center\">\n\n\t\t\t\t\n\t\t\t\t\t\t\t\t\t<a rel=\"noopener noreferrer nofollow\" href=\"https:\/\/www.facebook.com\/sharer\/sharer.php?u=https:\/\/solidaridadlatam.org\/vacantes\/consultoria-soporte-legal-para-la-reactivacion-de-comedor-popular\/\" target=\"_blank\" class=\" wd-social-icon social-facebook\" aria-label=\"Facebook social link\">\n\t\t\t\t\t\t<span class=\"wd-icon\"><\/span>\n\t\t\t\t\t\t\t\t\t\t\t<\/a>\n\t\t\t\t\n\t\t\t\t\t\t\t\t\t<a rel=\"noopener noreferrer nofollow\" href=\"https:\/\/twitter.com\/share?url=https:\/\/solidaridadlatam.org\/vacantes\/consultoria-soporte-legal-para-la-reactivacion-de-comedor-popular\/\" target=\"_blank\" class=\" wd-social-icon social-twitter\" aria-label=\"Twitter social link\">\n\t\t\t\t\t\t<span class=\"wd-icon\"><\/span>\n\t\t\t\t\t\t\t\t\t\t\t<\/a>\n\t\t\t\t\n\t\t\t\t\n\t\t\t\t\n\t\t\t\t\n\t\t\t\t\n\t\t\t\t\n\t\t\t\t\t\t\t\t\t<a rel=\"noopener noreferrer nofollow\" href=\"https:\/\/www.linkedin.com\/shareArticle?mini=true&url=https:\/\/solidaridadlatam.org\/vacantes\/consultoria-soporte-legal-para-la-reactivacion-de-comedor-popular\/\" target=\"_blank\" class=\" wd-social-icon social-linkedin\" aria-label=\"Linkedin social link\">\n\t\t\t\t\t\t<span class=\"wd-icon\"><\/span>\n\t\t\t\t\t\t\t\t\t\t\t<\/a>\n\t\t\t\t\n\t\t\t\t\n\t\t\t\t\n\t\t\t\t\n\t\t\t\t\n\t\t\t\t\n\t\t\t\t\n\t\t\t\t\n\t\t\t\t\n\t\t\t\t\t\t\t\t\t<a rel=\"noopener noreferrer nofollow\" href=\"https:\/\/api.whatsapp.com\/send?text=https%3A%2F%2Fsolidaridadlatam.org%2Fvacantes%2Fconsultoria-soporte-legal-para-la-reactivacion-de-comedor-popular%2F\" target=\"_blank\" class=\"whatsapp-desktop  wd-social-icon social-whatsapp\" aria-label=\"WhatsApp social link\">\n\t\t\t\t\t\t<span class=\"wd-icon\"><\/span>\n\t\t\t\t\t\t\t\t\t\t\t<\/a>\n\t\t\t\t\t\n\t\t\t\t\t<a rel=\"noopener noreferrer nofollow\" href=\"whatsapp:\/\/send?text=https%3A%2F%2Fsolidaridadlatam.org%2Fvacantes%2Fconsultoria-soporte-legal-para-la-reactivacion-de-comedor-popular%2F\" target=\"_blank\" class=\"whatsapp-mobile  wd-social-icon social-whatsapp\" aria-label=\"WhatsApp social link\">\n\t\t\t\t\t\t<span class=\"wd-icon\"><\/span>\n\t\t\t\t\t\t\t\t\t\t\t<\/a>\n\t\t\t\t\n\t\t\t\t\t\t\t\t\n\t\t\t\t\t\t\t\t\n\t\t\t\t\n\t\t\t\t\n\t\t\t\t\t\t\t\t\t<a rel=\"noopener noreferrer nofollow\" href=\"https:\/\/telegram.me\/share\/url?url=https:\/\/solidaridadlatam.org\/vacantes\/consultoria-soporte-legal-para-la-reactivacion-de-comedor-popular\/\" target=\"_blank\" class=\" wd-social-icon social-tg\" aria-label=\"Telegram social link\">\n\t\t\t\t\t\t<span class=\"wd-icon\"><\/span>\n\t\t\t\t\t\t\t\t\t\t\t<\/a>\n\t\t\t\t\t\t\t\t\n\t\t\t\t\n\t\t\t<\/div>\n\n\t\t\t\t\t\t\t\t\t<\/div>\n\t\t\t\t\t\t<\/div>\n\t\t\t\t\t\t\t\t\t\t\t\t\n\t\t\t\t\t\t\t\n\t\t\t\t                    <div class=\"entry-content wd-entry-content\">\n\t\t\t\t\t\t<p>El programa de capacitaci\u00f3n integral durar\u00e1 7 meses y es impulsado por la alianza de planetGOLD Per\u00fa, Solidaridad y la Iniciativa Suiza Oro Responsable. Se espera beneficiar a 170 mujeres que forman parte de 6 asociaciones de seleccionadoras manuales de oro de la base La Rinconada.<\/p>\n\n\t\t\t\t\t\t\t\t\t\t\t<\/div><!-- .entry-content -->\n\t\t\t\t\n\t\t\t\t\t\t\t\t\t\t\t\t\t\t<p class=\"read-more-section\">\n\t\t\t\t\t\t<a class=\"btn-read-more more-link\" href=\"https:\/\/solidaridadlatam.org\/vacantes\/consultoria-soporte-legal-para-la-reactivacion-de-comedor-popular\/\">Seguir leyendo<\/a>\t\t\t\t\t<\/p>\n\t\t\t\t\t\t\t\t\t\t\t\n\t\t\t\n\t\t\t\t\t<\/div>\n\t<\/div>\n<\/article><!-- #post -->\n\n\n\t\t\t\t\t\t\t\t\t\t\t\n<article id=\"post-25833\" class=\"blog-design-small-images blog-post-loop blog-style-bg wd-add-shadow post-25833 post type-post status-publish format-standard has-post-thumbnail hentry category-oro category-peru category-vacantes tag-oro tag-peru-pais\">\n\t<div class=\"article-inner\">\n\t\t\t\t\t<header class=\"entry-header\">\n\t\t\t\t\t\t\t\t\t\n\t\t\t\t\t<figure id=\"carousel-892\" class=\"entry-thumbnail\" data-owl-carousel data-hide_pagination_control=\"yes\" data-desktop=\"1\" data-tablet=\"1\" data-tablet_landscape=\"1\" data-mobile=\"1\">\n\t\t\t\t\t\t\n\t\t\t\t\t\t\t<div class=\"post-img-wrapp\">\n\t\t\t\t\t\t\t\t<a href=\"https:\/\/solidaridadlatam.org\/vacantes\/consultoria-activacion-comedor-popular\/\">\n\t\t\t\t\t\t\t\t\t<img width=\"400\" height=\"225\" src=\"https:\/\/solidaridadlatam.org\/wp-content\/uploads\/2025\/09\/DESTACADA-COMEDOR-POPULAR-2.jpg\" class=\"attachment-large size-large\" alt=\"\" decoding=\"async\" loading=\"lazy\" \/>\t\t\t\t\t\t\t\t<\/a>\n\t\t\t\t\t\t\t<\/div>\n\t\t\t\t\t\t\t<div class=\"post-image-mask\">\n\t\t\t\t\t\t\t\t<span><\/span>\n\t\t\t\t\t\t\t<\/div>\n\n\t\t\t\t\t\t\n\t\t\t\t\t<\/figure>\n\t\t\t\t\n\t\t\t\t\t\t\t\t\t\t\t<div class=\"post-date woodmart-post-date\" onclick=\"\">\n\t\t\t<span class=\"post-date-day\">\n\t\t\t\t02\t\t\t<\/span>\n\t\t\t<span class=\"post-date-month\">\n\t\t\t\tSep\t\t\t<\/span>\n\t\t\t<span class=\"post-date-year\">\n\t\t\t\t2025\t\t\t<\/span>\n\t\t<\/div>\n\t\t\t\t\t\t\n\t\t\t<\/header><!-- .entry-header -->\n\n\t\t<div class=\"article-body-container\">\n\t\t\t\n\t\t\t\t\t\t\t\t\t<div class=\"meta-categories-wrapp\"><div class=\"meta-post-categories wd-post-cat wd-style-with-bg\"><a href=\"https:\/\/solidaridadlatam.org\/oro\/\" rel=\"category tag\">Oro<\/a>, <a href=\"https:\/\/solidaridadlatam.org\/peru\/\" rel=\"category tag\">Per\u00fa<\/a>, <a href=\"https:\/\/solidaridadlatam.org\/vacantes\/\" rel=\"category tag\">Vacantes<\/a><\/div><\/div>\n\t\t\t\t\n\t\t\t\t\t\t\t\t\t<h3 class=\"wd-entities-title title post-title\">\n\t\t\t\t\t\t<a href=\"https:\/\/solidaridadlatam.org\/vacantes\/consultoria-activacion-comedor-popular\/\" rel=\"bookmark\">Consultor\u00eda | Acompa\u00f1amiento para la reactivaci\u00f3n de Comedor Popular<\/a>\n\t\t\t\t\t<\/h3>\n\t\t\t\t\n\t\t\t\t\t\t\t\t\t<div class=\"entry-meta wd-entry-meta\">\n\t\t\t\t\t\t\t\t\t<ul class=\"entry-meta-list\">\n\t\t\t\t\t\t\t\t\t<li class=\"modified-date\">\n\t\t\t\t\t\t\t\t<time class=\"updated\" datetime=\"2025-09-02T18:55:29-03:00\">\n\t\t\t2 de septiembre de 2025\t\t<\/time>\n\t\t\t\t\t\t\t<\/li>\n\n\t\t\t\t\t\n\t\t\t\t\t\t\t\t\t\t\t<li class=\"meta-author\">\n\t\t\t\t\t\t\t\t\t\t\t\t<span>Por<\/span>\n\t\t\n\t\t\t\t\t<img alt='author-avatar' src='https:\/\/secure.gravatar.com\/avatar\/7ff17651f1223073957429fc074e1c28782ea2ffcb5d68a308b2929781218300?s=32&#038;d=mm&#038;r=g' srcset='https:\/\/secure.gravatar.com\/avatar\/7ff17651f1223073957429fc074e1c28782ea2ffcb5d68a308b2929781218300?s=64&#038;d=mm&#038;r=g 2x' class='avatar avatar-32 photo' height='32' width='32' loading='lazy' decoding='async'\/>\t\t\n\t\t<a href=\"https:\/\/solidaridadlatam.org\/author\/arantxa\/\" rel=\"author\">\n\t\t\t<span class=\"vcard author author_name\">\n\t\t\t\t<span class=\"fn\">Arantxa Rom\u00e1n<\/span>\n\t\t\t<\/span>\n\t\t<\/a>\n\t\t\t\t\t\t\t\t<\/li>\n\t\t\t\t\t\n\t\t\t\t\t\n\t\t\t\t\t\t\t\t\t\t\t<li class=\"meta-reply\">\n\t\t\t\t\t\t\t<a href=\"https:\/\/solidaridadlatam.org\/vacantes\/consultoria-activacion-comedor-popular\/#respond\"><span class=\"replies-count\">0<\/span> <span class=\"replies-count-label\">comentarios<\/span><\/a>\t\t\t\t\t\t<\/li>\n\t\t\t\t\t\t\t\t\t\t\t\t<\/ul>\n\t\t\t\t\t\t\t<\/div><!-- .entry-meta -->\n\t\t\t\t\t\t\t\t\t\t\t<div class=\"hovered-social-icons wd-tltp wd-tltp-top\">\n\t\t\t\t\t\t\t<div class=\"wd-tooltip-label\">\n\t\t\t\t\t\t\t\t\n\t\t\t<div class=\" wd-social-icons  icons-design-default icons-size-small color-scheme-light social-share social-form-circle text-center\">\n\n\t\t\t\t\n\t\t\t\t\t\t\t\t\t<a rel=\"noopener noreferrer nofollow\" href=\"https:\/\/www.facebook.com\/sharer\/sharer.php?u=https:\/\/solidaridadlatam.org\/vacantes\/consultoria-activacion-comedor-popular\/\" target=\"_blank\" class=\" wd-social-icon social-facebook\" aria-label=\"Facebook social link\">\n\t\t\t\t\t\t<span class=\"wd-icon\"><\/span>\n\t\t\t\t\t\t\t\t\t\t\t<\/a>\n\t\t\t\t\n\t\t\t\t\t\t\t\t\t<a rel=\"noopener noreferrer nofollow\" href=\"https:\/\/twitter.com\/share?url=https:\/\/solidaridadlatam.org\/vacantes\/consultoria-activacion-comedor-popular\/\" target=\"_blank\" class=\" wd-social-icon social-twitter\" aria-label=\"Twitter social link\">\n\t\t\t\t\t\t<span class=\"wd-icon\"><\/span>\n\t\t\t\t\t\t\t\t\t\t\t<\/a>\n\t\t\t\t\n\t\t\t\t\n\t\t\t\t\n\t\t\t\t\n\t\t\t\t\n\t\t\t\t\n\t\t\t\t\t\t\t\t\t<a rel=\"noopener noreferrer nofollow\" href=\"https:\/\/www.linkedin.com\/shareArticle?mini=true&url=https:\/\/solidaridadlatam.org\/vacantes\/consultoria-activacion-comedor-popular\/\" target=\"_blank\" class=\" wd-social-icon social-linkedin\" aria-label=\"Linkedin social link\">\n\t\t\t\t\t\t<span class=\"wd-icon\"><\/span>\n\t\t\t\t\t\t\t\t\t\t\t<\/a>\n\t\t\t\t\n\t\t\t\t\n\t\t\t\t\n\t\t\t\t\n\t\t\t\t\n\t\t\t\t\n\t\t\t\t\n\t\t\t\t\n\t\t\t\t\n\t\t\t\t\t\t\t\t\t<a rel=\"noopener noreferrer nofollow\" href=\"https:\/\/api.whatsapp.com\/send?text=https%3A%2F%2Fsolidaridadlatam.org%2Fvacantes%2Fconsultoria-activacion-comedor-popular%2F\" target=\"_blank\" class=\"whatsapp-desktop  wd-social-icon social-whatsapp\" aria-label=\"WhatsApp social link\">\n\t\t\t\t\t\t<span class=\"wd-icon\"><\/span>\n\t\t\t\t\t\t\t\t\t\t\t<\/a>\n\t\t\t\t\t\n\t\t\t\t\t<a rel=\"noopener noreferrer nofollow\" href=\"whatsapp:\/\/send?text=https%3A%2F%2Fsolidaridadlatam.org%2Fvacantes%2Fconsultoria-activacion-comedor-popular%2F\" target=\"_blank\" class=\"whatsapp-mobile  wd-social-icon social-whatsapp\" aria-label=\"WhatsApp social link\">\n\t\t\t\t\t\t<span class=\"wd-icon\"><\/span>\n\t\t\t\t\t\t\t\t\t\t\t<\/a>\n\t\t\t\t\n\t\t\t\t\t\t\t\t\n\t\t\t\t\t\t\t\t\n\t\t\t\t\n\t\t\t\t\n\t\t\t\t\t\t\t\t\t<a rel=\"noopener noreferrer nofollow\" href=\"https:\/\/telegram.me\/share\/url?url=https:\/\/solidaridadlatam.org\/vacantes\/consultoria-activacion-comedor-popular\/\" target=\"_blank\" class=\" wd-social-icon social-tg\" aria-label=\"Telegram social link\">\n\t\t\t\t\t\t<span class=\"wd-icon\"><\/span>\n\t\t\t\t\t\t\t\t\t\t\t<\/a>\n\t\t\t\t\t\t\t\t\n\t\t\t\t\n\t\t\t<\/div>\n\n\t\t\t\t\t\t\t\t\t<\/div>\n\t\t\t\t\t\t<\/div>\n\t\t\t\t\t\t\t\t\t\t\t\t\n\t\t\t\t\t\t\t\n\t\t\t\t                    <div class=\"entry-content wd-entry-content\">\n\t\t\t\t\t\t<p>El programa de capacitaci\u00f3n integral durar\u00e1 7 meses y es impulsado por la alianza de planetGOLD Per\u00fa, Solidaridad y la Iniciativa Suiza Oro Responsable. Se espera beneficiar a 170 mujeres que forman parte de 6 asociaciones de seleccionadoras manuales de oro de la base La Rinconada.<\/p>\n\n\t\t\t\t\t\t\t\t\t\t\t<\/div><!-- .entry-content -->\n\t\t\t\t\n\t\t\t\t\t\t\t\t\t\t\t\t\t\t<p class=\"read-more-section\">\n\t\t\t\t\t\t<a class=\"btn-read-more more-link\" href=\"https:\/\/solidaridadlatam.org\/vacantes\/consultoria-activacion-comedor-popular\/\">Seguir leyendo<\/a>\t\t\t\t\t<\/p>\n\t\t\t\t\t\t\t\t\t\t\t\n\t\t\t\n\t\t\t\t\t<\/div>\n\t<\/div>\n<\/article><!-- #post -->\n\n\n\t\t\t\t\t\t\t\t\t\t\t\n<article id=\"post-25534\" class=\"blog-design-small-images blog-post-loop blog-style-bg wd-add-shadow post-25534 post type-post status-publish format-standard has-post-thumbnail hentry category-news category-oro category-peru\">\n\t<div class=\"article-inner\">\n\t\t\t\t\t<header class=\"entry-header\">\n\t\t\t\t\t\t\t\t\t\n\t\t\t\t\t<figure id=\"carousel-763\" class=\"entry-thumbnail\" data-owl-carousel data-hide_pagination_control=\"yes\" data-desktop=\"1\" data-tablet=\"1\" data-tablet_landscape=\"1\" data-mobile=\"1\">\n\t\t\t\t\t\t\n\t\t\t\t\t\t\t<div class=\"post-img-wrapp\">\n\t\t\t\t\t\t\t\t<a href=\"https:\/\/solidaridadlatam.org\/oro\/roxana-clarissa-flavia-emprende-pallaquera\/\">\n\t\t\t\t\t\t\t\t\t<img width=\"400\" height=\"225\" src=\"https:\/\/solidaridadlatam.org\/wp-content\/uploads\/2025\/08\/Principal-historias.jpg\" class=\"attachment-large size-large\" alt=\"\" decoding=\"async\" loading=\"lazy\" \/>\t\t\t\t\t\t\t\t<\/a>\n\t\t\t\t\t\t\t<\/div>\n\t\t\t\t\t\t\t<div class=\"post-image-mask\">\n\t\t\t\t\t\t\t\t<span><\/span>\n\t\t\t\t\t\t\t<\/div>\n\n\t\t\t\t\t\t\n\t\t\t\t\t<\/figure>\n\t\t\t\t\n\t\t\t\t\t\t\t\t\t\t\t<div class=\"post-date woodmart-post-date\" onclick=\"\">\n\t\t\t<span class=\"post-date-day\">\n\t\t\t\t19\t\t\t<\/span>\n\t\t\t<span class=\"post-date-month\">\n\t\t\t\tAgo\t\t\t<\/span>\n\t\t\t<span class=\"post-date-year\">\n\t\t\t\t2025\t\t\t<\/span>\n\t\t<\/div>\n\t\t\t\t\t\t\n\t\t\t<\/header><!-- .entry-header -->\n\n\t\t<div class=\"article-body-container\">\n\t\t\t\n\t\t\t\t\t\t\t\t\t<div class=\"meta-categories-wrapp\"><div class=\"meta-post-categories wd-post-cat wd-style-with-bg\"><a href=\"https:\/\/solidaridadlatam.org\/news\/\" rel=\"category tag\">Noticia<\/a>, <a href=\"https:\/\/solidaridadlatam.org\/oro\/\" rel=\"category tag\">Oro<\/a>, <a href=\"https:\/\/solidaridadlatam.org\/peru\/\" rel=\"category tag\">Per\u00fa<\/a><\/div><\/div>\n\t\t\t\t\n\t\t\t\t\t\t\t\t\t<h3 class=\"wd-entities-title title post-title\">\n\t\t\t\t\t\t<a href=\"https:\/\/solidaridadlatam.org\/oro\/roxana-clarissa-flavia-emprende-pallaquera\/\" rel=\"bookmark\">Roxana, Clarissa y Flavia: mujeres mineras que est\u00e1n transformando su futuro a trav\u00e9s del emprendimiento<\/a>\n\t\t\t\t\t<\/h3>\n\t\t\t\t\n\t\t\t\t\t\t\t\t\t<div class=\"entry-meta wd-entry-meta\">\n\t\t\t\t\t\t\t\t\t<ul class=\"entry-meta-list\">\n\t\t\t\t\t\t\t\t\t<li class=\"modified-date\">\n\t\t\t\t\t\t\t\t<time class=\"updated\" datetime=\"2025-08-19T19:16:46-03:00\">\n\t\t\t19 de agosto de 2025\t\t<\/time>\n\t\t\t\t\t\t\t<\/li>\n\n\t\t\t\t\t\n\t\t\t\t\t\t\t\t\t\t\t<li class=\"meta-author\">\n\t\t\t\t\t\t\t\t\t\t\t\t<span>Por<\/span>\n\t\t\n\t\t\t\t\t<img alt='author-avatar' src='https:\/\/secure.gravatar.com\/avatar\/7ff17651f1223073957429fc074e1c28782ea2ffcb5d68a308b2929781218300?s=32&#038;d=mm&#038;r=g' srcset='https:\/\/secure.gravatar.com\/avatar\/7ff17651f1223073957429fc074e1c28782ea2ffcb5d68a308b2929781218300?s=64&#038;d=mm&#038;r=g 2x' class='avatar avatar-32 photo' height='32' width='32' loading='lazy' decoding='async'\/>\t\t\n\t\t<a href=\"https:\/\/solidaridadlatam.org\/author\/arantxa\/\" rel=\"author\">\n\t\t\t<span class=\"vcard author author_name\">\n\t\t\t\t<span class=\"fn\">Arantxa Rom\u00e1n<\/span>\n\t\t\t<\/span>\n\t\t<\/a>\n\t\t\t\t\t\t\t\t<\/li>\n\t\t\t\t\t\n\t\t\t\t\t\n\t\t\t\t\t\t\t\t\t\t\t\t<\/ul>\n\t\t\t\t\t\t\t<\/div><!-- .entry-meta -->\n\t\t\t\t\t\t\t\t\t\t\t<div class=\"hovered-social-icons wd-tltp wd-tltp-top\">\n\t\t\t\t\t\t\t<div class=\"wd-tooltip-label\">\n\t\t\t\t\t\t\t\t\n\t\t\t<div class=\" wd-social-icons  icons-design-default icons-size-small color-scheme-light social-share social-form-circle text-center\">\n\n\t\t\t\t\n\t\t\t\t\t\t\t\t\t<a rel=\"noopener noreferrer nofollow\" href=\"https:\/\/www.facebook.com\/sharer\/sharer.php?u=https:\/\/solidaridadlatam.org\/oro\/roxana-clarissa-flavia-emprende-pallaquera\/\" target=\"_blank\" class=\" wd-social-icon social-facebook\" aria-label=\"Facebook social link\">\n\t\t\t\t\t\t<span class=\"wd-icon\"><\/span>\n\t\t\t\t\t\t\t\t\t\t\t<\/a>\n\t\t\t\t\n\t\t\t\t\t\t\t\t\t<a rel=\"noopener noreferrer nofollow\" href=\"https:\/\/twitter.com\/share?url=https:\/\/solidaridadlatam.org\/oro\/roxana-clarissa-flavia-emprende-pallaquera\/\" target=\"_blank\" class=\" wd-social-icon social-twitter\" aria-label=\"Twitter social link\">\n\t\t\t\t\t\t<span class=\"wd-icon\"><\/span>\n\t\t\t\t\t\t\t\t\t\t\t<\/a>\n\t\t\t\t\n\t\t\t\t\n\t\t\t\t\n\t\t\t\t\n\t\t\t\t\n\t\t\t\t\n\t\t\t\t\t\t\t\t\t<a rel=\"noopener noreferrer nofollow\" href=\"https:\/\/www.linkedin.com\/shareArticle?mini=true&url=https:\/\/solidaridadlatam.org\/oro\/roxana-clarissa-flavia-emprende-pallaquera\/\" target=\"_blank\" class=\" wd-social-icon social-linkedin\" aria-label=\"Linkedin social link\">\n\t\t\t\t\t\t<span class=\"wd-icon\"><\/span>\n\t\t\t\t\t\t\t\t\t\t\t<\/a>\n\t\t\t\t\n\t\t\t\t\n\t\t\t\t\n\t\t\t\t\n\t\t\t\t\n\t\t\t\t\n\t\t\t\t\n\t\t\t\t\n\t\t\t\t\n\t\t\t\t\t\t\t\t\t<a rel=\"noopener noreferrer nofollow\" href=\"https:\/\/api.whatsapp.com\/send?text=https%3A%2F%2Fsolidaridadlatam.org%2Foro%2Froxana-clarissa-flavia-emprende-pallaquera%2F\" target=\"_blank\" class=\"whatsapp-desktop  wd-social-icon social-whatsapp\" aria-label=\"WhatsApp social link\">\n\t\t\t\t\t\t<span class=\"wd-icon\"><\/span>\n\t\t\t\t\t\t\t\t\t\t\t<\/a>\n\t\t\t\t\t\n\t\t\t\t\t<a rel=\"noopener noreferrer nofollow\" href=\"whatsapp:\/\/send?text=https%3A%2F%2Fsolidaridadlatam.org%2Foro%2Froxana-clarissa-flavia-emprende-pallaquera%2F\" target=\"_blank\" class=\"whatsapp-mobile  wd-social-icon social-whatsapp\" aria-label=\"WhatsApp social link\">\n\t\t\t\t\t\t<span class=\"wd-icon\"><\/span>\n\t\t\t\t\t\t\t\t\t\t\t<\/a>\n\t\t\t\t\n\t\t\t\t\t\t\t\t\n\t\t\t\t\t\t\t\t\n\t\t\t\t\n\t\t\t\t\n\t\t\t\t\t\t\t\t\t<a rel=\"noopener noreferrer nofollow\" href=\"https:\/\/telegram.me\/share\/url?url=https:\/\/solidaridadlatam.org\/oro\/roxana-clarissa-flavia-emprende-pallaquera\/\" target=\"_blank\" class=\" wd-social-icon social-tg\" aria-label=\"Telegram social link\">\n\t\t\t\t\t\t<span class=\"wd-icon\"><\/span>\n\t\t\t\t\t\t\t\t\t\t\t<\/a>\n\t\t\t\t\t\t\t\t\n\t\t\t\t\n\t\t\t<\/div>\n\n\t\t\t\t\t\t\t\t\t<\/div>\n\t\t\t\t\t\t<\/div>\n\t\t\t\t\t\t\t\t\t\t\t\t\n\t\t\t\t\t\t\t\n\t\t\t\t                    <div class=\"entry-content wd-entry-content\">\n\t\t\t\t\t\tCuando el emprendimiento se convierte en una alternativa real, puede transformar vidas. Roxana Murillo, Clarissa Jabo y Flavia Yana son...\n\t\t\t\t\t\t\t\t\t\t\t<\/div><!-- .entry-content -->\n\t\t\t\t\n\t\t\t\t\t\t\t\t\t\t\t\t\t\t<p class=\"read-more-section\">\n\t\t\t\t\t\t<a class=\"btn-read-more more-link\" href=\"https:\/\/solidaridadlatam.org\/oro\/roxana-clarissa-flavia-emprende-pallaquera\/\">Seguir leyendo<\/a>\t\t\t\t\t<\/p>\n\t\t\t\t\t\t\t\t\t\t\t\n\t\t\t\n\t\t\t\t\t<\/div>\n\t<\/div>\n<\/article><!-- #post -->\n\n\n\t\t\t\t\t\t\t\t\t\t\t\n<article id=\"post-25457\" class=\"blog-design-small-images blog-post-loop blog-style-bg wd-add-shadow post-25457 post type-post status-publish format-standard has-post-thumbnail hentry category-news category-oro category-peru\">\n\t<div class=\"article-inner\">\n\t\t\t\t\t<header class=\"entry-header\">\n\t\t\t\t\t\t\t\t\t\n\t\t\t\t\t<figure id=\"carousel-766\" class=\"entry-thumbnail\" data-owl-carousel data-hide_pagination_control=\"yes\" data-desktop=\"1\" data-tablet=\"1\" data-tablet_landscape=\"1\" data-mobile=\"1\">\n\t\t\t\t\t\t\n\t\t\t\t\t\t\t<div class=\"post-img-wrapp\">\n\t\t\t\t\t\t\t\t<a href=\"https:\/\/solidaridadlatam.org\/oro\/grupo-apoyo-mape-madre-de-dios\/\">\n\t\t\t\t\t\t\t\t\t<img width=\"400\" height=\"225\" src=\"https:\/\/solidaridadlatam.org\/wp-content\/uploads\/2025\/08\/Principal-firma.jpg\" class=\"attachment-large size-large\" alt=\"\" decoding=\"async\" loading=\"lazy\" \/>\t\t\t\t\t\t\t\t<\/a>\n\t\t\t\t\t\t\t<\/div>\n\t\t\t\t\t\t\t<div class=\"post-image-mask\">\n\t\t\t\t\t\t\t\t<span><\/span>\n\t\t\t\t\t\t\t<\/div>\n\n\t\t\t\t\t\t\n\t\t\t\t\t<\/figure>\n\t\t\t\t\n\t\t\t\t\t\t\t\t\t\t\t<div class=\"post-date woodmart-post-date\" onclick=\"\">\n\t\t\t<span class=\"post-date-day\">\n\t\t\t\t13\t\t\t<\/span>\n\t\t\t<span class=\"post-date-month\">\n\t\t\t\tAgo\t\t\t<\/span>\n\t\t\t<span class=\"post-date-year\">\n\t\t\t\t2025\t\t\t<\/span>\n\t\t<\/div>\n\t\t\t\t\t\t\n\t\t\t<\/header><!-- .entry-header -->\n\n\t\t<div class=\"article-body-container\">\n\t\t\t\n\t\t\t\t\t\t\t\t\t<div class=\"meta-categories-wrapp\"><div class=\"meta-post-categories wd-post-cat wd-style-with-bg\"><a href=\"https:\/\/solidaridadlatam.org\/news\/\" rel=\"category tag\">Noticia<\/a>, <a href=\"https:\/\/solidaridadlatam.org\/oro\/\" rel=\"category tag\">Oro<\/a>, <a href=\"https:\/\/solidaridadlatam.org\/peru\/\" rel=\"category tag\">Per\u00fa<\/a><\/div><\/div>\n\t\t\t\t\n\t\t\t\t\t\t\t\t\t<h3 class=\"wd-entities-title title post-title\">\n\t\t\t\t\t\t<a href=\"https:\/\/solidaridadlatam.org\/oro\/grupo-apoyo-mape-madre-de-dios\/\" rel=\"bookmark\">Se conforma en Madre de Dios un grupo de apoyo a las mujeres l\u00edderes de la miner\u00eda responsable en la Amazon\u00eda<\/a>\n\t\t\t\t\t<\/h3>\n\t\t\t\t\n\t\t\t\t\t\t\t\t\t<div class=\"entry-meta wd-entry-meta\">\n\t\t\t\t\t\t\t\t\t<ul class=\"entry-meta-list\">\n\t\t\t\t\t\t\t\t\t<li class=\"modified-date\">\n\t\t\t\t\t\t\t\t<time class=\"updated\" datetime=\"2026-01-28T19:58:21-03:00\">\n\t\t\t28 de enero de 2026\t\t<\/time>\n\t\t\t\t\t\t\t<\/li>\n\n\t\t\t\t\t\n\t\t\t\t\t\t\t\t\t\t\t<li class=\"meta-author\">\n\t\t\t\t\t\t\t\t\t\t\t\t<span>Por<\/span>\n\t\t\n\t\t\t\t\t<img alt='author-avatar' src='https:\/\/secure.gravatar.com\/avatar\/7ff17651f1223073957429fc074e1c28782ea2ffcb5d68a308b2929781218300?s=32&#038;d=mm&#038;r=g' srcset='https:\/\/secure.gravatar.com\/avatar\/7ff17651f1223073957429fc074e1c28782ea2ffcb5d68a308b2929781218300?s=64&#038;d=mm&#038;r=g 2x' class='avatar avatar-32 photo' height='32' width='32' loading='lazy' decoding='async'\/>\t\t\n\t\t<a href=\"https:\/\/solidaridadlatam.org\/author\/arantxa\/\" rel=\"author\">\n\t\t\t<span class=\"vcard author author_name\">\n\t\t\t\t<span class=\"fn\">Arantxa Rom\u00e1n<\/span>\n\t\t\t<\/span>\n\t\t<\/a>\n\t\t\t\t\t\t\t\t<\/li>\n\t\t\t\t\t\n\t\t\t\t\t\n\t\t\t\t\t\t\t\t\t\t\t\t<\/ul>\n\t\t\t\t\t\t\t<\/div><!-- .entry-meta -->\n\t\t\t\t\t\t\t\t\t\t\t<div class=\"hovered-social-icons wd-tltp wd-tltp-top\">\n\t\t\t\t\t\t\t<div class=\"wd-tooltip-label\">\n\t\t\t\t\t\t\t\t\n\t\t\t<div class=\" wd-social-icons  icons-design-default icons-size-small color-scheme-light social-share social-form-circle text-center\">\n\n\t\t\t\t\n\t\t\t\t\t\t\t\t\t<a rel=\"noopener noreferrer nofollow\" href=\"https:\/\/www.facebook.com\/sharer\/sharer.php?u=https:\/\/solidaridadlatam.org\/oro\/grupo-apoyo-mape-madre-de-dios\/\" target=\"_blank\" class=\" wd-social-icon social-facebook\" aria-label=\"Facebook social link\">\n\t\t\t\t\t\t<span class=\"wd-icon\"><\/span>\n\t\t\t\t\t\t\t\t\t\t\t<\/a>\n\t\t\t\t\n\t\t\t\t\t\t\t\t\t<a rel=\"noopener noreferrer nofollow\" href=\"https:\/\/twitter.com\/share?url=https:\/\/solidaridadlatam.org\/oro\/grupo-apoyo-mape-madre-de-dios\/\" target=\"_blank\" class=\" wd-social-icon social-twitter\" aria-label=\"Twitter social link\">\n\t\t\t\t\t\t<span class=\"wd-icon\"><\/span>\n\t\t\t\t\t\t\t\t\t\t\t<\/a>\n\t\t\t\t\n\t\t\t\t\n\t\t\t\t\n\t\t\t\t\n\t\t\t\t\n\t\t\t\t\n\t\t\t\t\t\t\t\t\t<a rel=\"noopener noreferrer nofollow\" href=\"https:\/\/www.linkedin.com\/shareArticle?mini=true&url=https:\/\/solidaridadlatam.org\/oro\/grupo-apoyo-mape-madre-de-dios\/\" target=\"_blank\" class=\" wd-social-icon social-linkedin\" aria-label=\"Linkedin social link\">\n\t\t\t\t\t\t<span class=\"wd-icon\"><\/span>\n\t\t\t\t\t\t\t\t\t\t\t<\/a>\n\t\t\t\t\n\t\t\t\t\n\t\t\t\t\n\t\t\t\t\n\t\t\t\t\n\t\t\t\t\n\t\t\t\t\n\t\t\t\t\n\t\t\t\t\n\t\t\t\t\t\t\t\t\t<a rel=\"noopener noreferrer nofollow\" href=\"https:\/\/api.whatsapp.com\/send?text=https%3A%2F%2Fsolidaridadlatam.org%2Foro%2Fgrupo-apoyo-mape-madre-de-dios%2F\" target=\"_blank\" class=\"whatsapp-desktop  wd-social-icon social-whatsapp\" aria-label=\"WhatsApp social link\">\n\t\t\t\t\t\t<span class=\"wd-icon\"><\/span>\n\t\t\t\t\t\t\t\t\t\t\t<\/a>\n\t\t\t\t\t\n\t\t\t\t\t<a rel=\"noopener noreferrer nofollow\" href=\"whatsapp:\/\/send?text=https%3A%2F%2Fsolidaridadlatam.org%2Foro%2Fgrupo-apoyo-mape-madre-de-dios%2F\" target=\"_blank\" class=\"whatsapp-mobile  wd-social-icon social-whatsapp\" aria-label=\"WhatsApp social link\">\n\t\t\t\t\t\t<span class=\"wd-icon\"><\/span>\n\t\t\t\t\t\t\t\t\t\t\t<\/a>\n\t\t\t\t\n\t\t\t\t\t\t\t\t\n\t\t\t\t\t\t\t\t\n\t\t\t\t\n\t\t\t\t\n\t\t\t\t\t\t\t\t\t<a rel=\"noopener noreferrer nofollow\" href=\"https:\/\/telegram.me\/share\/url?url=https:\/\/solidaridadlatam.org\/oro\/grupo-apoyo-mape-madre-de-dios\/\" target=\"_blank\" class=\" wd-social-icon social-tg\" aria-label=\"Telegram social link\">\n\t\t\t\t\t\t<span class=\"wd-icon\"><\/span>\n\t\t\t\t\t\t\t\t\t\t\t<\/a>\n\t\t\t\t\t\t\t\t\n\t\t\t\t\n\t\t\t<\/div>\n\n\t\t\t\t\t\t\t\t\t<\/div>\n\t\t\t\t\t\t<\/div>\n\t\t\t\t\t\t\t\t\t\t\t\t\n\t\t\t\t\t\t\t\n\t\t\t\t                    <div class=\"entry-content wd-entry-content\">\n\t\t\t\t\t\t\r\nFotograf\u00eda cortes\u00eda de Wyss Academy for Nature\r\nEl pasado 24 de julio Solidaridad, CINCIA, Pure Earth y Wyss Academy firmaron un acue...\n\t\t\t\t\t\t\t\t\t\t\t<\/div><!-- .entry-content -->\n\t\t\t\t\n\t\t\t\t\t\t\t\t\t\t\t\t\t\t<p class=\"read-more-section\">\n\t\t\t\t\t\t<a class=\"btn-read-more more-link\" href=\"https:\/\/solidaridadlatam.org\/oro\/grupo-apoyo-mape-madre-de-dios\/\">Seguir leyendo<\/a>\t\t\t\t\t<\/p>\n\t\t\t\t\t\t\t\t\t\t\t\n\t\t\t\n\t\t\t\t\t<\/div>\n\t<\/div>\n<\/article><!-- #post -->\n\n\n\t\t\t\t\t\t\t\t\t\t\t\n<article id=\"post-25403\" class=\"blog-design-small-images blog-post-loop blog-style-bg wd-add-shadow post-25403 post type-post status-publish format-standard has-post-thumbnail hentry category-oro category-peru category-vacantes tag-oro tag-peru-pais\">\n\t<div class=\"article-inner\">\n\t\t\t\t\t<header class=\"entry-header\">\n\t\t\t\t\t\t\t\t\t\n\t\t\t\t\t<figure id=\"carousel-763\" class=\"entry-thumbnail\" data-owl-carousel data-hide_pagination_control=\"yes\" data-desktop=\"1\" data-tablet=\"1\" data-tablet_landscape=\"1\" data-mobile=\"1\">\n\t\t\t\t\t\t\n\t\t\t\t\t\t\t<div class=\"post-img-wrapp\">\n\t\t\t\t\t\t\t\t<a href=\"https:\/\/solidaridadlatam.org\/vacantes\/capacitacion-proteccion-laboral-mape\/\">\n\t\t\t\t\t\t\t\t\t<img width=\"400\" height=\"225\" src=\"https:\/\/solidaridadlatam.org\/wp-content\/uploads\/2025\/08\/Responsable-de-Capacitacion-y-Proteccion-Laboral-en-la-MAPE.jpg\" class=\"attachment-large size-large\" alt=\"\" decoding=\"async\" loading=\"lazy\" \/>\t\t\t\t\t\t\t\t<\/a>\n\t\t\t\t\t\t\t<\/div>\n\t\t\t\t\t\t\t<div class=\"post-image-mask\">\n\t\t\t\t\t\t\t\t<span><\/span>\n\t\t\t\t\t\t\t<\/div>\n\n\t\t\t\t\t\t\n\t\t\t\t\t<\/figure>\n\t\t\t\t\n\t\t\t\t\t\t\t\t\t\t\t<div class=\"post-date woodmart-post-date\" onclick=\"\">\n\t\t\t<span class=\"post-date-day\">\n\t\t\t\t11\t\t\t<\/span>\n\t\t\t<span class=\"post-date-month\">\n\t\t\t\tAgo\t\t\t<\/span>\n\t\t\t<span class=\"post-date-year\">\n\t\t\t\t2025\t\t\t<\/span>\n\t\t<\/div>\n\t\t\t\t\t\t\n\t\t\t<\/header><!-- .entry-header -->\n\n\t\t<div class=\"article-body-container\">\n\t\t\t\n\t\t\t\t\t\t\t\t\t<div class=\"meta-categories-wrapp\"><div class=\"meta-post-categories wd-post-cat wd-style-with-bg\"><a href=\"https:\/\/solidaridadlatam.org\/oro\/\" rel=\"category tag\">Oro<\/a>, <a href=\"https:\/\/solidaridadlatam.org\/peru\/\" rel=\"category tag\">Per\u00fa<\/a>, <a href=\"https:\/\/solidaridadlatam.org\/vacantes\/\" rel=\"category tag\">Vacantes<\/a><\/div><\/div>\n\t\t\t\t\n\t\t\t\t\t\t\t\t\t<h3 class=\"wd-entities-title title post-title\">\n\t\t\t\t\t\t<a href=\"https:\/\/solidaridadlatam.org\/vacantes\/capacitacion-proteccion-laboral-mape\/\" rel=\"bookmark\">Vacante | Responsable de Capacitaci\u00f3n y Protecci\u00f3n Laboral en la MAPE<\/a>\n\t\t\t\t\t<\/h3>\n\t\t\t\t\n\t\t\t\t\t\t\t\t\t<div class=\"entry-meta wd-entry-meta\">\n\t\t\t\t\t\t\t\t\t<ul class=\"entry-meta-list\">\n\t\t\t\t\t\t\t\t\t<li class=\"modified-date\">\n\t\t\t\t\t\t\t\t<time class=\"updated\" datetime=\"2025-08-11T17:20:11-03:00\">\n\t\t\t11 de agosto de 2025\t\t<\/time>\n\t\t\t\t\t\t\t<\/li>\n\n\t\t\t\t\t\n\t\t\t\t\t\t\t\t\t\t\t<li class=\"meta-author\">\n\t\t\t\t\t\t\t\t\t\t\t\t<span>Por<\/span>\n\t\t\n\t\t\t\t\t<img alt='author-avatar' src='https:\/\/secure.gravatar.com\/avatar\/7ff17651f1223073957429fc074e1c28782ea2ffcb5d68a308b2929781218300?s=32&#038;d=mm&#038;r=g' srcset='https:\/\/secure.gravatar.com\/avatar\/7ff17651f1223073957429fc074e1c28782ea2ffcb5d68a308b2929781218300?s=64&#038;d=mm&#038;r=g 2x' class='avatar avatar-32 photo' height='32' width='32' loading='lazy' decoding='async'\/>\t\t\n\t\t<a href=\"https:\/\/solidaridadlatam.org\/author\/arantxa\/\" rel=\"author\">\n\t\t\t<span class=\"vcard author author_name\">\n\t\t\t\t<span class=\"fn\">Arantxa Rom\u00e1n<\/span>\n\t\t\t<\/span>\n\t\t<\/a>\n\t\t\t\t\t\t\t\t<\/li>\n\t\t\t\t\t\n\t\t\t\t\t\n\t\t\t\t\t\t\t\t\t\t\t<li class=\"meta-reply\">\n\t\t\t\t\t\t\t<a href=\"https:\/\/solidaridadlatam.org\/vacantes\/capacitacion-proteccion-laboral-mape\/#respond\"><span class=\"replies-count\">0<\/span> <span class=\"replies-count-label\">comentarios<\/span><\/a>\t\t\t\t\t\t<\/li>\n\t\t\t\t\t\t\t\t\t\t\t\t<\/ul>\n\t\t\t\t\t\t\t<\/div><!-- .entry-meta -->\n\t\t\t\t\t\t\t\t\t\t\t<div class=\"hovered-social-icons wd-tltp wd-tltp-top\">\n\t\t\t\t\t\t\t<div class=\"wd-tooltip-label\">\n\t\t\t\t\t\t\t\t\n\t\t\t<div class=\" wd-social-icons  icons-design-default icons-size-small color-scheme-light social-share social-form-circle text-center\">\n\n\t\t\t\t\n\t\t\t\t\t\t\t\t\t<a rel=\"noopener noreferrer nofollow\" href=\"https:\/\/www.facebook.com\/sharer\/sharer.php?u=https:\/\/solidaridadlatam.org\/vacantes\/capacitacion-proteccion-laboral-mape\/\" target=\"_blank\" class=\" wd-social-icon social-facebook\" aria-label=\"Facebook social link\">\n\t\t\t\t\t\t<span class=\"wd-icon\"><\/span>\n\t\t\t\t\t\t\t\t\t\t\t<\/a>\n\t\t\t\t\n\t\t\t\t\t\t\t\t\t<a rel=\"noopener noreferrer nofollow\" href=\"https:\/\/twitter.com\/share?url=https:\/\/solidaridadlatam.org\/vacantes\/capacitacion-proteccion-laboral-mape\/\" target=\"_blank\" class=\" wd-social-icon social-twitter\" aria-label=\"Twitter social link\">\n\t\t\t\t\t\t<span class=\"wd-icon\"><\/span>\n\t\t\t\t\t\t\t\t\t\t\t<\/a>\n\t\t\t\t\n\t\t\t\t\n\t\t\t\t\n\t\t\t\t\n\t\t\t\t\n\t\t\t\t\n\t\t\t\t\t\t\t\t\t<a rel=\"noopener noreferrer nofollow\" href=\"https:\/\/www.linkedin.com\/shareArticle?mini=true&url=https:\/\/solidaridadlatam.org\/vacantes\/capacitacion-proteccion-laboral-mape\/\" target=\"_blank\" class=\" wd-social-icon social-linkedin\" aria-label=\"Linkedin social link\">\n\t\t\t\t\t\t<span class=\"wd-icon\"><\/span>\n\t\t\t\t\t\t\t\t\t\t\t<\/a>\n\t\t\t\t\n\t\t\t\t\n\t\t\t\t\n\t\t\t\t\n\t\t\t\t\n\t\t\t\t\n\t\t\t\t\n\t\t\t\t\n\t\t\t\t\n\t\t\t\t\t\t\t\t\t<a rel=\"noopener noreferrer nofollow\" href=\"https:\/\/api.whatsapp.com\/send?text=https%3A%2F%2Fsolidaridadlatam.org%2Fvacantes%2Fcapacitacion-proteccion-laboral-mape%2F\" target=\"_blank\" class=\"whatsapp-desktop  wd-social-icon social-whatsapp\" aria-label=\"WhatsApp social link\">\n\t\t\t\t\t\t<span class=\"wd-icon\"><\/span>\n\t\t\t\t\t\t\t\t\t\t\t<\/a>\n\t\t\t\t\t\n\t\t\t\t\t<a rel=\"noopener noreferrer nofollow\" href=\"whatsapp:\/\/send?text=https%3A%2F%2Fsolidaridadlatam.org%2Fvacantes%2Fcapacitacion-proteccion-laboral-mape%2F\" target=\"_blank\" class=\"whatsapp-mobile  wd-social-icon social-whatsapp\" aria-label=\"WhatsApp social link\">\n\t\t\t\t\t\t<span class=\"wd-icon\"><\/span>\n\t\t\t\t\t\t\t\t\t\t\t<\/a>\n\t\t\t\t\n\t\t\t\t\t\t\t\t\n\t\t\t\t\t\t\t\t\n\t\t\t\t\n\t\t\t\t\n\t\t\t\t\t\t\t\t\t<a rel=\"noopener noreferrer nofollow\" href=\"https:\/\/telegram.me\/share\/url?url=https:\/\/solidaridadlatam.org\/vacantes\/capacitacion-proteccion-laboral-mape\/\" target=\"_blank\" class=\" wd-social-icon social-tg\" aria-label=\"Telegram social link\">\n\t\t\t\t\t\t<span class=\"wd-icon\"><\/span>\n\t\t\t\t\t\t\t\t\t\t\t<\/a>\n\t\t\t\t\t\t\t\t\n\t\t\t\t\n\t\t\t<\/div>\n\n\t\t\t\t\t\t\t\t\t<\/div>\n\t\t\t\t\t\t<\/div>\n\t\t\t\t\t\t\t\t\t\t\t\t\n\t\t\t\t\t\t\t\n\t\t\t\t                    <div class=\"entry-content wd-entry-content\">\n\t\t\t\t\t\t<p>El programa de capacitaci\u00f3n integral durar\u00e1 7 meses y es impulsado por la alianza de planetGOLD Per\u00fa, Solidaridad y la Iniciativa Suiza Oro Responsable. Se espera beneficiar a 170 mujeres que forman parte de 6 asociaciones de seleccionadoras manuales de oro de la base La Rinconada.<\/p>\n\n\t\t\t\t\t\t\t\t\t\t\t<\/div><!-- .entry-content -->\n\t\t\t\t\n\t\t\t\t\t\t\t\t\t\t\t\t\t\t<p class=\"read-more-section\">\n\t\t\t\t\t\t<a class=\"btn-read-more more-link\" href=\"https:\/\/solidaridadlatam.org\/vacantes\/capacitacion-proteccion-laboral-mape\/\">Seguir leyendo<\/a>\t\t\t\t\t<\/p>\n\t\t\t\t\t\t\t\t\t\t\t\n\t\t\t\n\t\t\t\t\t<\/div>\n\t<\/div>\n<\/article><!-- #post -->\n\n\n\t\t\t\t\t\t\t\t\t\t\t\n<article id=\"post-25615\" class=\"blog-design-small-images blog-post-loop blog-style-bg wd-add-shadow post-25615 post type-post status-publish format-standard has-post-thumbnail hentry category-oro category-peru category-vacantes tag-oro tag-peru-pais\">\n\t<div class=\"article-inner\">\n\t\t\t\t\t<header class=\"entry-header\">\n\t\t\t\t\t\t\t\t\t\n\t\t\t\t\t<figure id=\"carousel-766\" class=\"entry-thumbnail\" data-owl-carousel data-hide_pagination_control=\"yes\" data-desktop=\"1\" data-tablet=\"1\" data-tablet_landscape=\"1\" data-mobile=\"1\">\n\t\t\t\t\t\t\n\t\t\t\t\t\t\t<div class=\"post-img-wrapp\">\n\t\t\t\t\t\t\t\t<a href=\"https:\/\/solidaridadlatam.org\/vacantes\/vacante-soporte-pedagogico-chatbot\/\">\n\t\t\t\t\t\t\t\t\t<img width=\"400\" height=\"225\" src=\"https:\/\/solidaridadlatam.org\/wp-content\/uploads\/2025\/08\/Principal-soporte.jpg\" class=\"attachment-large size-large\" alt=\"\" decoding=\"async\" loading=\"lazy\" \/>\t\t\t\t\t\t\t\t<\/a>\n\t\t\t\t\t\t\t<\/div>\n\t\t\t\t\t\t\t<div class=\"post-image-mask\">\n\t\t\t\t\t\t\t\t<span><\/span>\n\t\t\t\t\t\t\t<\/div>\n\n\t\t\t\t\t\t\n\t\t\t\t\t<\/figure>\n\t\t\t\t\n\t\t\t\t\t\t\t\t\t\t\t<div class=\"post-date woodmart-post-date\" onclick=\"\">\n\t\t\t<span class=\"post-date-day\">\n\t\t\t\t31\t\t\t<\/span>\n\t\t\t<span class=\"post-date-month\">\n\t\t\t\tJul\t\t\t<\/span>\n\t\t\t<span class=\"post-date-year\">\n\t\t\t\t2025\t\t\t<\/span>\n\t\t<\/div>\n\t\t\t\t\t\t\n\t\t\t<\/header><!-- .entry-header -->\n\n\t\t<div class=\"article-body-container\">\n\t\t\t\n\t\t\t\t\t\t\t\t\t<div class=\"meta-categories-wrapp\"><div class=\"meta-post-categories wd-post-cat wd-style-with-bg\"><a href=\"https:\/\/solidaridadlatam.org\/oro\/\" rel=\"category tag\">Oro<\/a>, <a href=\"https:\/\/solidaridadlatam.org\/peru\/\" rel=\"category tag\">Per\u00fa<\/a>, <a href=\"https:\/\/solidaridadlatam.org\/vacantes\/\" rel=\"category tag\">Vacantes<\/a><\/div><\/div>\n\t\t\t\t\n\t\t\t\t\t\t\t\t\t<h3 class=\"wd-entities-title title post-title\">\n\t\t\t\t\t\t<a href=\"https:\/\/solidaridadlatam.org\/vacantes\/vacante-soporte-pedagogico-chatbot\/\" rel=\"bookmark\">Vacante | Soporte Pedag\u00f3gico para Chatbot<\/a>\n\t\t\t\t\t<\/h3>\n\t\t\t\t\n\t\t\t\t\t\t\t\t\t<div class=\"entry-meta wd-entry-meta\">\n\t\t\t\t\t\t\t\t\t<ul class=\"entry-meta-list\">\n\t\t\t\t\t\t\t\t\t<li class=\"modified-date\">\n\t\t\t\t\t\t\t\t<time class=\"updated\" datetime=\"2025-08-25T19:05:35-03:00\">\n\t\t\t25 de agosto de 2025\t\t<\/time>\n\t\t\t\t\t\t\t<\/li>\n\n\t\t\t\t\t\n\t\t\t\t\t\t\t\t\t\t\t<li class=\"meta-author\">\n\t\t\t\t\t\t\t\t\t\t\t\t<span>Por<\/span>\n\t\t\n\t\t\t\t\t<img alt='author-avatar' src='https:\/\/secure.gravatar.com\/avatar\/7ff17651f1223073957429fc074e1c28782ea2ffcb5d68a308b2929781218300?s=32&#038;d=mm&#038;r=g' srcset='https:\/\/secure.gravatar.com\/avatar\/7ff17651f1223073957429fc074e1c28782ea2ffcb5d68a308b2929781218300?s=64&#038;d=mm&#038;r=g 2x' class='avatar avatar-32 photo' height='32' width='32' loading='lazy' decoding='async'\/>\t\t\n\t\t<a href=\"https:\/\/solidaridadlatam.org\/author\/arantxa\/\" rel=\"author\">\n\t\t\t<span class=\"vcard author author_name\">\n\t\t\t\t<span class=\"fn\">Arantxa Rom\u00e1n<\/span>\n\t\t\t<\/span>\n\t\t<\/a>\n\t\t\t\t\t\t\t\t<\/li>\n\t\t\t\t\t\n\t\t\t\t\t\n\t\t\t\t\t\t\t\t\t\t\t<li class=\"meta-reply\">\n\t\t\t\t\t\t\t<a href=\"https:\/\/solidaridadlatam.org\/vacantes\/vacante-soporte-pedagogico-chatbot\/#respond\"><span class=\"replies-count\">0<\/span> <span class=\"replies-count-label\">comentarios<\/span><\/a>\t\t\t\t\t\t<\/li>\n\t\t\t\t\t\t\t\t\t\t\t\t<\/ul>\n\t\t\t\t\t\t\t<\/div><!-- .entry-meta -->\n\t\t\t\t\t\t\t\t\t\t\t<div class=\"hovered-social-icons wd-tltp wd-tltp-top\">\n\t\t\t\t\t\t\t<div class=\"wd-tooltip-label\">\n\t\t\t\t\t\t\t\t\n\t\t\t<div class=\" wd-social-icons  icons-design-default icons-size-small color-scheme-light social-share social-form-circle text-center\">\n\n\t\t\t\t\n\t\t\t\t\t\t\t\t\t<a rel=\"noopener noreferrer nofollow\" href=\"https:\/\/www.facebook.com\/sharer\/sharer.php?u=https:\/\/solidaridadlatam.org\/vacantes\/vacante-soporte-pedagogico-chatbot\/\" target=\"_blank\" class=\" wd-social-icon social-facebook\" aria-label=\"Facebook social link\">\n\t\t\t\t\t\t<span class=\"wd-icon\"><\/span>\n\t\t\t\t\t\t\t\t\t\t\t<\/a>\n\t\t\t\t\n\t\t\t\t\t\t\t\t\t<a rel=\"noopener noreferrer nofollow\" href=\"https:\/\/twitter.com\/share?url=https:\/\/solidaridadlatam.org\/vacantes\/vacante-soporte-pedagogico-chatbot\/\" target=\"_blank\" class=\" wd-social-icon social-twitter\" aria-label=\"Twitter social link\">\n\t\t\t\t\t\t<span class=\"wd-icon\"><\/span>\n\t\t\t\t\t\t\t\t\t\t\t<\/a>\n\t\t\t\t\n\t\t\t\t\n\t\t\t\t\n\t\t\t\t\n\t\t\t\t\n\t\t\t\t\n\t\t\t\t\t\t\t\t\t<a rel=\"noopener noreferrer nofollow\" href=\"https:\/\/www.linkedin.com\/shareArticle?mini=true&url=https:\/\/solidaridadlatam.org\/vacantes\/vacante-soporte-pedagogico-chatbot\/\" target=\"_blank\" class=\" wd-social-icon social-linkedin\" aria-label=\"Linkedin social link\">\n\t\t\t\t\t\t<span class=\"wd-icon\"><\/span>\n\t\t\t\t\t\t\t\t\t\t\t<\/a>\n\t\t\t\t\n\t\t\t\t\n\t\t\t\t\n\t\t\t\t\n\t\t\t\t\n\t\t\t\t\n\t\t\t\t\n\t\t\t\t\n\t\t\t\t\n\t\t\t\t\t\t\t\t\t<a rel=\"noopener noreferrer nofollow\" href=\"https:\/\/api.whatsapp.com\/send?text=https%3A%2F%2Fsolidaridadlatam.org%2Fvacantes%2Fvacante-soporte-pedagogico-chatbot%2F\" target=\"_blank\" class=\"whatsapp-desktop  wd-social-icon social-whatsapp\" aria-label=\"WhatsApp social link\">\n\t\t\t\t\t\t<span class=\"wd-icon\"><\/span>\n\t\t\t\t\t\t\t\t\t\t\t<\/a>\n\t\t\t\t\t\n\t\t\t\t\t<a rel=\"noopener noreferrer nofollow\" href=\"whatsapp:\/\/send?text=https%3A%2F%2Fsolidaridadlatam.org%2Fvacantes%2Fvacante-soporte-pedagogico-chatbot%2F\" target=\"_blank\" class=\"whatsapp-mobile  wd-social-icon social-whatsapp\" aria-label=\"WhatsApp social link\">\n\t\t\t\t\t\t<span class=\"wd-icon\"><\/span>\n\t\t\t\t\t\t\t\t\t\t\t<\/a>\n\t\t\t\t\n\t\t\t\t\t\t\t\t\n\t\t\t\t\t\t\t\t\n\t\t\t\t\n\t\t\t\t\n\t\t\t\t\t\t\t\t\t<a rel=\"noopener noreferrer nofollow\" href=\"https:\/\/telegram.me\/share\/url?url=https:\/\/solidaridadlatam.org\/vacantes\/vacante-soporte-pedagogico-chatbot\/\" target=\"_blank\" class=\" wd-social-icon social-tg\" aria-label=\"Telegram social link\">\n\t\t\t\t\t\t<span class=\"wd-icon\"><\/span>\n\t\t\t\t\t\t\t\t\t\t\t<\/a>\n\t\t\t\t\t\t\t\t\n\t\t\t\t\n\t\t\t<\/div>\n\n\t\t\t\t\t\t\t\t\t<\/div>\n\t\t\t\t\t\t<\/div>\n\t\t\t\t\t\t\t\t\t\t\t\t\n\t\t\t\t\t\t\t\n\t\t\t\t                    <div class=\"entry-content wd-entry-content\">\n\t\t\t\t\t\t<p>El programa de capacitaci\u00f3n integral durar\u00e1 7 meses y es impulsado por la alianza de planetGOLD Per\u00fa, Solidaridad y la Iniciativa Suiza Oro Responsable. Se espera beneficiar a 170 mujeres que forman parte de 6 asociaciones de seleccionadoras manuales de oro de la base La Rinconada.<\/p>\n\n\t\t\t\t\t\t\t\t\t\t\t<\/div><!-- .entry-content -->\n\t\t\t\t\n\t\t\t\t\t\t\t\t\t\t\t\t\t\t<p class=\"read-more-section\">\n\t\t\t\t\t\t<a class=\"btn-read-more more-link\" href=\"https:\/\/solidaridadlatam.org\/vacantes\/vacante-soporte-pedagogico-chatbot\/\">Seguir leyendo<\/a>\t\t\t\t\t<\/p>\n\t\t\t\t\t\t\t\t\t\t\t\n\t\t\t\n\t\t\t\t\t<\/div>\n\t<\/div>\n<\/article><!-- #post -->\n\n\n\t\t\t\t\t\t\t\t\t\t\t\n<article id=\"post-25610\" class=\"blog-design-small-images blog-post-loop blog-style-bg wd-add-shadow post-25610 post type-post status-publish format-standard has-post-thumbnail hentry category-oro category-peru category-vacantes tag-oro tag-peru-pais\">\n\t<div class=\"article-inner\">\n\t\t\t\t\t<header class=\"entry-header\">\n\t\t\t\t\t\t\t\t\t\n\t\t\t\t\t<figure id=\"carousel-934\" class=\"entry-thumbnail\" data-owl-carousel data-hide_pagination_control=\"yes\" data-desktop=\"1\" data-tablet=\"1\" data-tablet_landscape=\"1\" data-mobile=\"1\">\n\t\t\t\t\t\t\n\t\t\t\t\t\t\t<div class=\"post-img-wrapp\">\n\t\t\t\t\t\t\t\t<a href=\"https:\/\/solidaridadlatam.org\/vacantes\/vacante-produccion-microcursos\/\">\n\t\t\t\t\t\t\t\t\t<img width=\"400\" height=\"225\" src=\"https:\/\/solidaridadlatam.org\/wp-content\/uploads\/2025\/08\/Principal-Chatbot.jpg\" class=\"attachment-large size-large\" alt=\"\" decoding=\"async\" loading=\"lazy\" \/>\t\t\t\t\t\t\t\t<\/a>\n\t\t\t\t\t\t\t<\/div>\n\t\t\t\t\t\t\t<div class=\"post-image-mask\">\n\t\t\t\t\t\t\t\t<span><\/span>\n\t\t\t\t\t\t\t<\/div>\n\n\t\t\t\t\t\t\n\t\t\t\t\t<\/figure>\n\t\t\t\t\n\t\t\t\t\t\t\t\t\t\t\t<div class=\"post-date woodmart-post-date\" onclick=\"\">\n\t\t\t<span class=\"post-date-day\">\n\t\t\t\t31\t\t\t<\/span>\n\t\t\t<span class=\"post-date-month\">\n\t\t\t\tJul\t\t\t<\/span>\n\t\t\t<span class=\"post-date-year\">\n\t\t\t\t2025\t\t\t<\/span>\n\t\t<\/div>\n\t\t\t\t\t\t\n\t\t\t<\/header><!-- .entry-header -->\n\n\t\t<div class=\"article-body-container\">\n\t\t\t\n\t\t\t\t\t\t\t\t\t<div class=\"meta-categories-wrapp\"><div class=\"meta-post-categories wd-post-cat wd-style-with-bg\"><a href=\"https:\/\/solidaridadlatam.org\/oro\/\" rel=\"category tag\">Oro<\/a>, <a href=\"https:\/\/solidaridadlatam.org\/peru\/\" rel=\"category tag\">Per\u00fa<\/a>, <a href=\"https:\/\/solidaridadlatam.org\/vacantes\/\" rel=\"category tag\">Vacantes<\/a><\/div><\/div>\n\t\t\t\t\n\t\t\t\t\t\t\t\t\t<h3 class=\"wd-entities-title title post-title\">\n\t\t\t\t\t\t<a href=\"https:\/\/solidaridadlatam.org\/vacantes\/vacante-produccion-microcursos\/\" rel=\"bookmark\">Vacante | Servicio para la producci\u00f3n de microcursos<\/a>\n\t\t\t\t\t<\/h3>\n\t\t\t\t\n\t\t\t\t\t\t\t\t\t<div class=\"entry-meta wd-entry-meta\">\n\t\t\t\t\t\t\t\t\t<ul class=\"entry-meta-list\">\n\t\t\t\t\t\t\t\t\t<li class=\"modified-date\">\n\t\t\t\t\t\t\t\t<time class=\"updated\" datetime=\"2025-08-25T19:06:48-03:00\">\n\t\t\t25 de agosto de 2025\t\t<\/time>\n\t\t\t\t\t\t\t<\/li>\n\n\t\t\t\t\t\n\t\t\t\t\t\t\t\t\t\t\t<li class=\"meta-author\">\n\t\t\t\t\t\t\t\t\t\t\t\t<span>Por<\/span>\n\t\t\n\t\t\t\t\t<img alt='author-avatar' src='https:\/\/secure.gravatar.com\/avatar\/7ff17651f1223073957429fc074e1c28782ea2ffcb5d68a308b2929781218300?s=32&#038;d=mm&#038;r=g' srcset='https:\/\/secure.gravatar.com\/avatar\/7ff17651f1223073957429fc074e1c28782ea2ffcb5d68a308b2929781218300?s=64&#038;d=mm&#038;r=g 2x' class='avatar avatar-32 photo' height='32' width='32' loading='lazy' decoding='async'\/>\t\t\n\t\t<a href=\"https:\/\/solidaridadlatam.org\/author\/arantxa\/\" rel=\"author\">\n\t\t\t<span class=\"vcard author author_name\">\n\t\t\t\t<span class=\"fn\">Arantxa Rom\u00e1n<\/span>\n\t\t\t<\/span>\n\t\t<\/a>\n\t\t\t\t\t\t\t\t<\/li>\n\t\t\t\t\t\n\t\t\t\t\t\n\t\t\t\t\t\t\t\t\t\t\t<li class=\"meta-reply\">\n\t\t\t\t\t\t\t<a href=\"https:\/\/solidaridadlatam.org\/vacantes\/vacante-produccion-microcursos\/#respond\"><span class=\"replies-count\">0<\/span> <span class=\"replies-count-label\">comentarios<\/span><\/a>\t\t\t\t\t\t<\/li>\n\t\t\t\t\t\t\t\t\t\t\t\t<\/ul>\n\t\t\t\t\t\t\t<\/div><!-- .entry-meta -->\n\t\t\t\t\t\t\t\t\t\t\t<div class=\"hovered-social-icons wd-tltp wd-tltp-top\">\n\t\t\t\t\t\t\t<div class=\"wd-tooltip-label\">\n\t\t\t\t\t\t\t\t\n\t\t\t<div class=\" wd-social-icons  icons-design-default icons-size-small color-scheme-light social-share social-form-circle text-center\">\n\n\t\t\t\t\n\t\t\t\t\t\t\t\t\t<a rel=\"noopener noreferrer nofollow\" href=\"https:\/\/www.facebook.com\/sharer\/sharer.php?u=https:\/\/solidaridadlatam.org\/vacantes\/vacante-produccion-microcursos\/\" target=\"_blank\" class=\" wd-social-icon social-facebook\" aria-label=\"Facebook social link\">\n\t\t\t\t\t\t<span class=\"wd-icon\"><\/span>\n\t\t\t\t\t\t\t\t\t\t\t<\/a>\n\t\t\t\t\n\t\t\t\t\t\t\t\t\t<a rel=\"noopener noreferrer nofollow\" href=\"https:\/\/twitter.com\/share?url=https:\/\/solidaridadlatam.org\/vacantes\/vacante-produccion-microcursos\/\" target=\"_blank\" class=\" wd-social-icon social-twitter\" aria-label=\"Twitter social link\">\n\t\t\t\t\t\t<span class=\"wd-icon\"><\/span>\n\t\t\t\t\t\t\t\t\t\t\t<\/a>\n\t\t\t\t\n\t\t\t\t\n\t\t\t\t\n\t\t\t\t\n\t\t\t\t\n\t\t\t\t\n\t\t\t\t\t\t\t\t\t<a rel=\"noopener noreferrer nofollow\" href=\"https:\/\/www.linkedin.com\/shareArticle?mini=true&url=https:\/\/solidaridadlatam.org\/vacantes\/vacante-produccion-microcursos\/\" target=\"_blank\" class=\" wd-social-icon social-linkedin\" aria-label=\"Linkedin social link\">\n\t\t\t\t\t\t<span class=\"wd-icon\"><\/span>\n\t\t\t\t\t\t\t\t\t\t\t<\/a>\n\t\t\t\t\n\t\t\t\t\n\t\t\t\t\n\t\t\t\t\n\t\t\t\t\n\t\t\t\t\n\t\t\t\t\n\t\t\t\t\n\t\t\t\t\n\t\t\t\t\t\t\t\t\t<a rel=\"noopener noreferrer nofollow\" href=\"https:\/\/api.whatsapp.com\/send?text=https%3A%2F%2Fsolidaridadlatam.org%2Fvacantes%2Fvacante-produccion-microcursos%2F\" target=\"_blank\" class=\"whatsapp-desktop  wd-social-icon social-whatsapp\" aria-label=\"WhatsApp social link\">\n\t\t\t\t\t\t<span class=\"wd-icon\"><\/span>\n\t\t\t\t\t\t\t\t\t\t\t<\/a>\n\t\t\t\t\t\n\t\t\t\t\t<a rel=\"noopener noreferrer nofollow\" href=\"whatsapp:\/\/send?text=https%3A%2F%2Fsolidaridadlatam.org%2Fvacantes%2Fvacante-produccion-microcursos%2F\" target=\"_blank\" class=\"whatsapp-mobile  wd-social-icon social-whatsapp\" aria-label=\"WhatsApp social link\">\n\t\t\t\t\t\t<span class=\"wd-icon\"><\/span>\n\t\t\t\t\t\t\t\t\t\t\t<\/a>\n\t\t\t\t\n\t\t\t\t\t\t\t\t\n\t\t\t\t\t\t\t\t\n\t\t\t\t\n\t\t\t\t\n\t\t\t\t\t\t\t\t\t<a rel=\"noopener noreferrer nofollow\" href=\"https:\/\/telegram.me\/share\/url?url=https:\/\/solidaridadlatam.org\/vacantes\/vacante-produccion-microcursos\/\" target=\"_blank\" class=\" wd-social-icon social-tg\" aria-label=\"Telegram social link\">\n\t\t\t\t\t\t<span class=\"wd-icon\"><\/span>\n\t\t\t\t\t\t\t\t\t\t\t<\/a>\n\t\t\t\t\t\t\t\t\n\t\t\t\t\n\t\t\t<\/div>\n\n\t\t\t\t\t\t\t\t\t<\/div>\n\t\t\t\t\t\t<\/div>\n\t\t\t\t\t\t\t\t\t\t\t\t\n\t\t\t\t\t\t\t\n\t\t\t\t                    <div class=\"entry-content wd-entry-content\">\n\t\t\t\t\t\t<p>El programa de capacitaci\u00f3n integral durar\u00e1 7 meses y es impulsado por la alianza de planetGOLD Per\u00fa, Solidaridad y la Iniciativa Suiza Oro Responsable. Se espera beneficiar a 170 mujeres que forman parte de 6 asociaciones de seleccionadoras manuales de oro de la base La Rinconada.<\/p>\n\n\t\t\t\t\t\t\t\t\t\t\t<\/div><!-- .entry-content -->\n\t\t\t\t\n\t\t\t\t\t\t\t\t\t\t\t\t\t\t<p class=\"read-more-section\">\n\t\t\t\t\t\t<a class=\"btn-read-more more-link\" href=\"https:\/\/solidaridadlatam.org\/vacantes\/vacante-produccion-microcursos\/\">Seguir leyendo<\/a>\t\t\t\t\t<\/p>\n\t\t\t\t\t\t\t\t\t\t\t\n\t\t\t\n\t\t\t\t\t<\/div>\n\t<\/div>\n<\/article><!-- #post -->\n\n\n\t\t\t\t\t\n\t\t\t\t\t","status":"have-posts","nextPage":"https:\/\/solidaridadlatam.org\/oro\/page\/3\/?woo_ajax=1","currentPage":"https:\/\/solidaridadlatam.org\/oro\/page\/2"}