
			
				
				
					
				

			
		{"items":"\n\t\t\t\t\t\t\t\t\t\t\t\n<article id=\"post-18190\" class=\"blog-design-small-images blog-post-loop blog-style-bg wd-add-shadow post-18190 post type-post status-publish format-audio has-post-thumbnail hentry category-cafe category-colombia category-honduras category-news tag-alianzas tag-cafe tag-colombia tag-genero tag-gira-de-intercambio tag-honduras tag-intercambio-de-experiencias tag-mujeres tag-sostenibilidad tag-trazabilidad post_format-post-format-audio\">\n\t<div class=\"article-inner\">\n\t\t\t\t\t<header class=\"entry-header\">\n\t\t\t\t\t\t\t\t\t\n\t\t\t\t\t<figure id=\"carousel-561\" class=\"entry-thumbnail\" data-owl-carousel data-hide_pagination_control=\"yes\" data-desktop=\"1\" data-tablet=\"1\" data-tablet_landscape=\"1\" data-mobile=\"1\">\n\t\t\t\t\t\t\n\t\t\t\t\t\t\t<div class=\"post-img-wrapp\">\n\t\t\t\t\t\t\t\t<a href=\"https:\/\/solidaridadlatam.org\/news\/mujeres-caficultoras\/\">\n\t\t\t\t\t\t\t\t\t<img width=\"1200\" height=\"675\" src=\"https:\/\/solidaridadlatam.org\/wp-content\/uploads\/2023\/11\/Solidaridad-Mujeres-Cauca-Intercambio-Experiencias.jpg\" class=\"attachment-large size-large\" alt=\"Solidaridad-Mujeres-Cauca-Intercambio-Experiencias\" decoding=\"async\" fetchpriority=\"high\" \/>\t\t\t\t\t\t\t\t<\/a>\n\t\t\t\t\t\t\t<\/div>\n\t\t\t\t\t\t\t<div class=\"post-image-mask\">\n\t\t\t\t\t\t\t\t<span><\/span>\n\t\t\t\t\t\t\t<\/div>\n\n\t\t\t\t\t\t\n\t\t\t\t\t<\/figure>\n\t\t\t\t\n\t\t\t\t\t\t\t\t\t\t\t<div class=\"post-date woodmart-post-date\" onclick=\"\">\n\t\t\t<span class=\"post-date-day\">\n\t\t\t\t30\t\t\t<\/span>\n\t\t\t<span class=\"post-date-month\">\n\t\t\t\tNov\t\t\t<\/span>\n\t\t\t<span class=\"post-date-year\">\n\t\t\t\t2023\t\t\t<\/span>\n\t\t<\/div>\n\t\t\t\t\t\t\n\t\t\t<\/header><!-- .entry-header -->\n\n\t\t<div class=\"article-body-container\">\n\t\t\t\n\t\t\t\t\t\t\t\t\t<div class=\"meta-categories-wrapp\"><div class=\"meta-post-categories wd-post-cat wd-style-with-bg\"><a href=\"https:\/\/solidaridadlatam.org\/cafe\/\" rel=\"category tag\">Caf\u00e9<\/a>, <a href=\"https:\/\/solidaridadlatam.org\/colombia\/\" rel=\"category tag\">Colombia<\/a>, <a href=\"https:\/\/solidaridadlatam.org\/honduras\/\" rel=\"category tag\">Honduras<\/a>, <a href=\"https:\/\/solidaridadlatam.org\/news\/\" rel=\"category tag\">Noticia<\/a><\/div><\/div>\n\t\t\t\t\n\t\t\t\t\t\t\t\t\t<h3 class=\"wd-entities-title title post-title\">\n\t\t\t\t\t\t<a href=\"https:\/\/solidaridadlatam.org\/news\/mujeres-caficultoras\/\" rel=\"bookmark\">Fomentando la innovaci\u00f3n y transformaci\u00f3n: mujeres intercambiando experiencias para redise\u00f1ar su modelo de negocio<\/a>\n\t\t\t\t\t<\/h3>\n\t\t\t\t\n\t\t\t\t\t\t\t\t\t<div class=\"entry-meta wd-entry-meta\">\n\t\t\t\t\t\t\t\t\t<ul class=\"entry-meta-list\">\n\t\t\t\t\t\t\t\t\t<li class=\"modified-date\">\n\t\t\t\t\t\t\t\t<time class=\"updated\" datetime=\"2024-07-02T13:28:55-03:00\">\n\t\t\t2 de julio de 2024\t\t<\/time>\n\t\t\t\t\t\t\t<\/li>\n\n\t\t\t\t\t\n\t\t\t\t\t\t\t\t\t\t\t<li class=\"meta-author\">\n\t\t\t\t\t\t\t\t\t\t\t\t<span>Por<\/span>\n\t\t\n\t\t\t\t\t<img alt='author-avatar' src='https:\/\/secure.gravatar.com\/avatar\/2dfb183f5bf5ecc3a89775e5628f8772225576e0eef1b03554079bef683c61da?s=32&#038;d=mm&#038;r=g' srcset='https:\/\/secure.gravatar.com\/avatar\/2dfb183f5bf5ecc3a89775e5628f8772225576e0eef1b03554079bef683c61da?s=64&#038;d=mm&#038;r=g 2x' class='avatar avatar-32 photo' height='32' width='32' decoding='async'\/>\t\t\n\t\t<a href=\"https:\/\/solidaridadlatam.org\/author\/diana-zapata\/\" rel=\"author\">\n\t\t\t<span class=\"vcard author author_name\">\n\t\t\t\t<span class=\"fn\">Diana Zapata<\/span>\n\t\t\t<\/span>\n\t\t<\/a>\n\t\t\t\t\t\t\t\t<\/li>\n\t\t\t\t\t\n\t\t\t\t\t\n\t\t\t\t\t\t\t\t\t\t\t\t<\/ul>\n\t\t\t\t\t\t\t<\/div><!-- .entry-meta -->\n\t\t\t\t\t\t\t\t\t\t\t<div class=\"hovered-social-icons wd-tltp wd-tltp-top\">\n\t\t\t\t\t\t\t<div class=\"wd-tooltip-label\">\n\t\t\t\t\t\t\t\t\t\t\t<link rel=\"stylesheet\" id=\"wd-social-icons-css\" href=\"https:\/\/solidaridadlatam.org\/wp-content\/themes\/woodmart\/css\/parts\/el-social-icons.min.css?ver=7.3.4\" type=\"text\/css\" media=\"all\" \/> \t\t\t\n\t\t\t<div class=\" wd-social-icons  icons-design-default icons-size-small color-scheme-light social-share social-form-circle text-center\">\n\n\t\t\t\t\n\t\t\t\t\t\t\t\t\t<a rel=\"noopener noreferrer nofollow\" href=\"https:\/\/www.facebook.com\/sharer\/sharer.php?u=https:\/\/solidaridadlatam.org\/news\/mujeres-caficultoras\/\" target=\"_blank\" class=\" wd-social-icon social-facebook\" aria-label=\"Facebook social link\">\n\t\t\t\t\t\t<span class=\"wd-icon\"><\/span>\n\t\t\t\t\t\t\t\t\t\t\t<\/a>\n\t\t\t\t\n\t\t\t\t\t\t\t\t\t<a rel=\"noopener noreferrer nofollow\" href=\"https:\/\/twitter.com\/share?url=https:\/\/solidaridadlatam.org\/news\/mujeres-caficultoras\/\" target=\"_blank\" class=\" wd-social-icon social-twitter\" aria-label=\"Twitter social link\">\n\t\t\t\t\t\t<span class=\"wd-icon\"><\/span>\n\t\t\t\t\t\t\t\t\t\t\t<\/a>\n\t\t\t\t\n\t\t\t\t\n\t\t\t\t\n\t\t\t\t\n\t\t\t\t\n\t\t\t\t\n\t\t\t\t\t\t\t\t\t<a rel=\"noopener noreferrer nofollow\" href=\"https:\/\/www.linkedin.com\/shareArticle?mini=true&url=https:\/\/solidaridadlatam.org\/news\/mujeres-caficultoras\/\" target=\"_blank\" class=\" wd-social-icon social-linkedin\" aria-label=\"Linkedin social link\">\n\t\t\t\t\t\t<span class=\"wd-icon\"><\/span>\n\t\t\t\t\t\t\t\t\t\t\t<\/a>\n\t\t\t\t\n\t\t\t\t\n\t\t\t\t\n\t\t\t\t\n\t\t\t\t\n\t\t\t\t\n\t\t\t\t\n\t\t\t\t\n\t\t\t\t\n\t\t\t\t\t\t\t\t\t<a rel=\"noopener noreferrer nofollow\" href=\"https:\/\/api.whatsapp.com\/send?text=https%3A%2F%2Fsolidaridadlatam.org%2Fnews%2Fmujeres-caficultoras%2F\" target=\"_blank\" class=\"whatsapp-desktop  wd-social-icon social-whatsapp\" aria-label=\"WhatsApp social link\">\n\t\t\t\t\t\t<span class=\"wd-icon\"><\/span>\n\t\t\t\t\t\t\t\t\t\t\t<\/a>\n\t\t\t\t\t\n\t\t\t\t\t<a rel=\"noopener noreferrer nofollow\" href=\"whatsapp:\/\/send?text=https%3A%2F%2Fsolidaridadlatam.org%2Fnews%2Fmujeres-caficultoras%2F\" target=\"_blank\" class=\"whatsapp-mobile  wd-social-icon social-whatsapp\" aria-label=\"WhatsApp social link\">\n\t\t\t\t\t\t<span class=\"wd-icon\"><\/span>\n\t\t\t\t\t\t\t\t\t\t\t<\/a>\n\t\t\t\t\n\t\t\t\t\t\t\t\t\n\t\t\t\t\t\t\t\t\n\t\t\t\t\n\t\t\t\t\n\t\t\t\t\t\t\t\t\t<a rel=\"noopener noreferrer nofollow\" href=\"https:\/\/telegram.me\/share\/url?url=https:\/\/solidaridadlatam.org\/news\/mujeres-caficultoras\/\" target=\"_blank\" class=\" wd-social-icon social-tg\" aria-label=\"Telegram social link\">\n\t\t\t\t\t\t<span class=\"wd-icon\"><\/span>\n\t\t\t\t\t\t\t\t\t\t\t<\/a>\n\t\t\t\t\t\t\t\t\n\t\t\t\t\n\t\t\t<\/div>\n\n\t\t\t\t\t\t\t\t\t<\/div>\n\t\t\t\t\t\t<\/div>\n\t\t\t\t\t\t\t\t\t\t\t\t\n\t\t\t\t\t\t\t\n\t\t\t\t                    <div class=\"entry-content wd-entry-content\">\n\t\t\t\t\t\tA ra\u00edz del intercambio de experiencias entre caficultoras de Honduras y Colombia, se identificaron buenas pr\u00e1cticas y estrategias de ne...\n\t\t\t\t\t\t\t\t\t\t\t<\/div><!-- .entry-content -->\n\t\t\t\t\n\t\t\t\t\t\t\t\t\t\t\t\t\t\t<p class=\"read-more-section\">\n\t\t\t\t\t\t<a class=\"btn-read-more more-link\" href=\"https:\/\/solidaridadlatam.org\/news\/mujeres-caficultoras\/\">Seguir leyendo<\/a>\t\t\t\t\t<\/p>\n\t\t\t\t\t\t\t\t\t\t\t\n\t\t\t\n\t\t\t\t\t<\/div>\n\t<\/div>\n<\/article><!-- #post -->\n\n\n\t\t\t\t\t\t\t\t\t\t\t\n<article id=\"post-17816\" class=\"blog-design-small-images blog-post-loop blog-style-bg wd-add-shadow post-17816 post type-post status-publish format-standard has-post-thumbnail hentry category-opinion category-oro category-peru tag-cafe tag-equidad-de-genero tag-honduras tag-politica-de-genero\">\n\t<div class=\"article-inner\">\n\t\t\t\t\t<header class=\"entry-header\">\n\t\t\t\t\t\t\t\t\t\n\t\t\t\t\t<figure id=\"carousel-553\" class=\"entry-thumbnail\" data-owl-carousel data-hide_pagination_control=\"yes\" data-desktop=\"1\" data-tablet=\"1\" data-tablet_landscape=\"1\" data-mobile=\"1\">\n\t\t\t\t\t\t\n\t\t\t\t\t\t\t<div class=\"post-img-wrapp\">\n\t\t\t\t\t\t\t\t<a href=\"https:\/\/solidaridadlatam.org\/oro\/abordando-los-desafios-de-la-mineria-artesanal-y-de-pequena-escala-en-perumin-36\/\">\n\t\t\t\t\t\t\t\t\t<img width=\"400\" height=\"225\" src=\"https:\/\/solidaridadlatam.org\/wp-content\/uploads\/2023\/10\/web1.jpg\" class=\"attachment-large size-large\" alt=\"\" decoding=\"async\" \/>\t\t\t\t\t\t\t\t<\/a>\n\t\t\t\t\t\t\t<\/div>\n\t\t\t\t\t\t\t<div class=\"post-image-mask\">\n\t\t\t\t\t\t\t\t<span><\/span>\n\t\t\t\t\t\t\t<\/div>\n\n\t\t\t\t\t\t\n\t\t\t\t\t<\/figure>\n\t\t\t\t\n\t\t\t\t\t\t\t\t\t\t\t<div class=\"post-date woodmart-post-date\" onclick=\"\">\n\t\t\t<span class=\"post-date-day\">\n\t\t\t\t24\t\t\t<\/span>\n\t\t\t<span class=\"post-date-month\">\n\t\t\t\tOct\t\t\t<\/span>\n\t\t\t<span class=\"post-date-year\">\n\t\t\t\t2023\t\t\t<\/span>\n\t\t<\/div>\n\t\t\t\t\t\t\n\t\t\t<\/header><!-- .entry-header -->\n\n\t\t<div class=\"article-body-container\">\n\t\t\t\n\t\t\t\t\t\t\t\t\t<div class=\"meta-categories-wrapp\"><div class=\"meta-post-categories wd-post-cat wd-style-with-bg\"><a href=\"https:\/\/solidaridadlatam.org\/opinion\/\" rel=\"category tag\">Opini\u00f3n<\/a>, <a href=\"https:\/\/solidaridadlatam.org\/oro\/\" rel=\"category tag\">Oro<\/a>, <a href=\"https:\/\/solidaridadlatam.org\/peru\/\" rel=\"category tag\">Per\u00fa<\/a><\/div><\/div>\n\t\t\t\t\n\t\t\t\t\t\t\t\t\t<h3 class=\"wd-entities-title title post-title\">\n\t\t\t\t\t\t<a href=\"https:\/\/solidaridadlatam.org\/oro\/abordando-los-desafios-de-la-mineria-artesanal-y-de-pequena-escala-en-perumin-36\/\" rel=\"bookmark\">Abordando los desaf\u00edos de la Miner\u00eda Artesanal y de Peque\u00f1a Escala en PERUMIN 36<\/a>\n\t\t\t\t\t<\/h3>\n\t\t\t\t\n\t\t\t\t\t\t\t\t\t<div class=\"entry-meta wd-entry-meta\">\n\t\t\t\t\t\t\t\t\t<ul class=\"entry-meta-list\">\n\t\t\t\t\t\t\t\t\t<li class=\"modified-date\">\n\t\t\t\t\t\t\t\t<time class=\"updated\" datetime=\"2023-10-24T19:15:39-03:00\">\n\t\t\t24 de octubre de 2023\t\t<\/time>\n\t\t\t\t\t\t\t<\/li>\n\n\t\t\t\t\t\n\t\t\t\t\t\t\t\t\t\t\t<li class=\"meta-author\">\n\t\t\t\t\t\t\t\t\t\t\t\t<span>Por<\/span>\n\t\t\n\t\t\t\t\t<img alt='author-avatar' src='https:\/\/secure.gravatar.com\/avatar\/7ff17651f1223073957429fc074e1c28782ea2ffcb5d68a308b2929781218300?s=32&#038;d=mm&#038;r=g' srcset='https:\/\/secure.gravatar.com\/avatar\/7ff17651f1223073957429fc074e1c28782ea2ffcb5d68a308b2929781218300?s=64&#038;d=mm&#038;r=g 2x' class='avatar avatar-32 photo' height='32' width='32' loading='lazy' decoding='async'\/>\t\t\n\t\t<a href=\"https:\/\/solidaridadlatam.org\/author\/arantxa\/\" rel=\"author\">\n\t\t\t<span class=\"vcard author author_name\">\n\t\t\t\t<span class=\"fn\">Arantxa Rom\u00e1n<\/span>\n\t\t\t<\/span>\n\t\t<\/a>\n\t\t\t\t\t\t\t\t<\/li>\n\t\t\t\t\t\n\t\t\t\t\t\n\t\t\t\t\t\t\t\t\t\t\t\t<\/ul>\n\t\t\t\t\t\t\t<\/div><!-- .entry-meta -->\n\t\t\t\t\t\t\t\t\t\t\t<div class=\"hovered-social-icons wd-tltp wd-tltp-top\">\n\t\t\t\t\t\t\t<div class=\"wd-tooltip-label\">\n\t\t\t\t\t\t\t\t\n\t\t\t<div class=\" wd-social-icons  icons-design-default icons-size-small color-scheme-light social-share social-form-circle text-center\">\n\n\t\t\t\t\n\t\t\t\t\t\t\t\t\t<a rel=\"noopener noreferrer nofollow\" href=\"https:\/\/www.facebook.com\/sharer\/sharer.php?u=https:\/\/solidaridadlatam.org\/oro\/abordando-los-desafios-de-la-mineria-artesanal-y-de-pequena-escala-en-perumin-36\/\" target=\"_blank\" class=\" wd-social-icon social-facebook\" aria-label=\"Facebook social link\">\n\t\t\t\t\t\t<span class=\"wd-icon\"><\/span>\n\t\t\t\t\t\t\t\t\t\t\t<\/a>\n\t\t\t\t\n\t\t\t\t\t\t\t\t\t<a rel=\"noopener noreferrer nofollow\" href=\"https:\/\/twitter.com\/share?url=https:\/\/solidaridadlatam.org\/oro\/abordando-los-desafios-de-la-mineria-artesanal-y-de-pequena-escala-en-perumin-36\/\" target=\"_blank\" class=\" wd-social-icon social-twitter\" aria-label=\"Twitter social link\">\n\t\t\t\t\t\t<span class=\"wd-icon\"><\/span>\n\t\t\t\t\t\t\t\t\t\t\t<\/a>\n\t\t\t\t\n\t\t\t\t\n\t\t\t\t\n\t\t\t\t\n\t\t\t\t\n\t\t\t\t\n\t\t\t\t\t\t\t\t\t<a rel=\"noopener noreferrer nofollow\" href=\"https:\/\/www.linkedin.com\/shareArticle?mini=true&url=https:\/\/solidaridadlatam.org\/oro\/abordando-los-desafios-de-la-mineria-artesanal-y-de-pequena-escala-en-perumin-36\/\" target=\"_blank\" class=\" wd-social-icon social-linkedin\" aria-label=\"Linkedin social link\">\n\t\t\t\t\t\t<span class=\"wd-icon\"><\/span>\n\t\t\t\t\t\t\t\t\t\t\t<\/a>\n\t\t\t\t\n\t\t\t\t\n\t\t\t\t\n\t\t\t\t\n\t\t\t\t\n\t\t\t\t\n\t\t\t\t\n\t\t\t\t\n\t\t\t\t\n\t\t\t\t\t\t\t\t\t<a rel=\"noopener noreferrer nofollow\" href=\"https:\/\/api.whatsapp.com\/send?text=https%3A%2F%2Fsolidaridadlatam.org%2Foro%2Fabordando-los-desafios-de-la-mineria-artesanal-y-de-pequena-escala-en-perumin-36%2F\" target=\"_blank\" class=\"whatsapp-desktop  wd-social-icon social-whatsapp\" aria-label=\"WhatsApp social link\">\n\t\t\t\t\t\t<span class=\"wd-icon\"><\/span>\n\t\t\t\t\t\t\t\t\t\t\t<\/a>\n\t\t\t\t\t\n\t\t\t\t\t<a rel=\"noopener noreferrer nofollow\" href=\"whatsapp:\/\/send?text=https%3A%2F%2Fsolidaridadlatam.org%2Foro%2Fabordando-los-desafios-de-la-mineria-artesanal-y-de-pequena-escala-en-perumin-36%2F\" target=\"_blank\" class=\"whatsapp-mobile  wd-social-icon social-whatsapp\" aria-label=\"WhatsApp social link\">\n\t\t\t\t\t\t<span class=\"wd-icon\"><\/span>\n\t\t\t\t\t\t\t\t\t\t\t<\/a>\n\t\t\t\t\n\t\t\t\t\t\t\t\t\n\t\t\t\t\t\t\t\t\n\t\t\t\t\n\t\t\t\t\n\t\t\t\t\t\t\t\t\t<a rel=\"noopener noreferrer nofollow\" href=\"https:\/\/telegram.me\/share\/url?url=https:\/\/solidaridadlatam.org\/oro\/abordando-los-desafios-de-la-mineria-artesanal-y-de-pequena-escala-en-perumin-36\/\" target=\"_blank\" class=\" wd-social-icon social-tg\" aria-label=\"Telegram social link\">\n\t\t\t\t\t\t<span class=\"wd-icon\"><\/span>\n\t\t\t\t\t\t\t\t\t\t\t<\/a>\n\t\t\t\t\t\t\t\t\n\t\t\t\t\n\t\t\t<\/div>\n\n\t\t\t\t\t\t\t\t\t<\/div>\n\t\t\t\t\t\t<\/div>\n\t\t\t\t\t\t\t\t\t\t\t\t\n\t\t\t\t\t\t\t\n\t\t\t\t                    <div class=\"entry-content wd-entry-content\">\n\t\t\t\t\t\t\r\nLA MAPE EN PERUMIN\r\nPERUMIN es un evento ampliamente reconocido tanto a nivel nacional como internacional. Tradicionalmente, este eve...\n\t\t\t\t\t\t\t\t\t\t\t<\/div><!-- .entry-content -->\n\t\t\t\t\n\t\t\t\t\t\t\t\t\t\t\t\t\t\t<p class=\"read-more-section\">\n\t\t\t\t\t\t<a class=\"btn-read-more more-link\" href=\"https:\/\/solidaridadlatam.org\/oro\/abordando-los-desafios-de-la-mineria-artesanal-y-de-pequena-escala-en-perumin-36\/\">Seguir leyendo<\/a>\t\t\t\t\t<\/p>\n\t\t\t\t\t\t\t\t\t\t\t\n\t\t\t\n\t\t\t\t\t<\/div>\n\t<\/div>\n<\/article><!-- #post -->\n\n\n\t\t\t\t\t\t\t\t\t\t\t\n<article id=\"post-17608\" class=\"blog-design-small-images blog-post-loop blog-style-bg wd-add-shadow post-17608 post type-post status-publish format-standard has-post-thumbnail hentry category-cafe category-mexico category-news category-palma tag-aceite-de-palma tag-agricultura-climaticamente-inteligente tag-agroforestal tag-cafe tag-mercados-de-carbono tag-mexico tag-sostenibilidad\">\n\t<div class=\"article-inner\">\n\t\t\t\t\t<header class=\"entry-header\">\n\t\t\t\t\t\t\t\t\t\n\t\t\t\t\t<figure id=\"carousel-215\" class=\"entry-thumbnail\" data-owl-carousel data-hide_pagination_control=\"yes\" data-desktop=\"1\" data-tablet=\"1\" data-tablet_landscape=\"1\" data-mobile=\"1\">\n\t\t\t\t\t\t\n\t\t\t\t\t\t\t<div class=\"post-img-wrapp\">\n\t\t\t\t\t\t\t\t<a href=\"https:\/\/solidaridadlatam.org\/news\/gerente-de-proyectos-de-mexico\/\">\n\t\t\t\t\t\t\t\t\t<img width=\"1200\" height=\"671\" src=\"https:\/\/solidaridadlatam.org\/wp-content\/uploads\/2023\/10\/Solidaridad-Jorge-Solano-Mexico-Presentacion.jpg\" class=\"attachment-large size-large\" alt=\"En Solidaridad, aspiramos a un mundo en que la econom\u00eda funcione para todos: donde todo lo que producimos y todo lo que consumimos nos pueda sostener respetando el planeta, a los dem\u00e1s y a las generaciones venideras. Para lograrlo, trabajamos para que tanto productores como trabajadores obtengan un ingreso de vida, construyan su propio futuro y produzcan en equilibrio con la naturaleza colaborando a lo largo de toda la cadena de suministro para hacer de la sostenibilidad la norma.\" decoding=\"async\" loading=\"lazy\" \/>\t\t\t\t\t\t\t\t<\/a>\n\t\t\t\t\t\t\t<\/div>\n\t\t\t\t\t\t\t<div class=\"post-image-mask\">\n\t\t\t\t\t\t\t\t<span><\/span>\n\t\t\t\t\t\t\t<\/div>\n\n\t\t\t\t\t\t\n\t\t\t\t\t<\/figure>\n\t\t\t\t\n\t\t\t\t\t\t\t\t\t\t\t<div class=\"post-date woodmart-post-date\" onclick=\"\">\n\t\t\t<span class=\"post-date-day\">\n\t\t\t\t11\t\t\t<\/span>\n\t\t\t<span class=\"post-date-month\">\n\t\t\t\tOct\t\t\t<\/span>\n\t\t\t<span class=\"post-date-year\">\n\t\t\t\t2023\t\t\t<\/span>\n\t\t<\/div>\n\t\t\t\t\t\t\n\t\t\t<\/header><!-- .entry-header -->\n\n\t\t<div class=\"article-body-container\">\n\t\t\t\n\t\t\t\t\t\t\t\t\t<div class=\"meta-categories-wrapp\"><div class=\"meta-post-categories wd-post-cat wd-style-with-bg\"><a href=\"https:\/\/solidaridadlatam.org\/cafe\/\" rel=\"category tag\">Caf\u00e9<\/a>, <a href=\"https:\/\/solidaridadlatam.org\/mexico\/\" rel=\"category tag\">M\u00e9xico<\/a>, <a href=\"https:\/\/solidaridadlatam.org\/news\/\" rel=\"category tag\">Noticia<\/a>, <a href=\"https:\/\/solidaridadlatam.org\/palma\/\" rel=\"category tag\">Palma<\/a><\/div><\/div>\n\t\t\t\t\n\t\t\t\t\t\t\t\t\t<h3 class=\"wd-entities-title title post-title\">\n\t\t\t\t\t\t<a href=\"https:\/\/solidaridadlatam.org\/news\/gerente-de-proyectos-de-mexico\/\" rel=\"bookmark\">\u00a1Conoce al nuevo gerente de proyectos de M\u00e9xico!<\/a>\n\t\t\t\t\t<\/h3>\n\t\t\t\t\n\t\t\t\t\t\t\t\t\t<div class=\"entry-meta wd-entry-meta\">\n\t\t\t\t\t\t\t\t\t<ul class=\"entry-meta-list\">\n\t\t\t\t\t\t\t\t\t<li class=\"modified-date\">\n\t\t\t\t\t\t\t\t<time class=\"updated\" datetime=\"2023-10-11T16:28:32-03:00\">\n\t\t\t11 de octubre de 2023\t\t<\/time>\n\t\t\t\t\t\t\t<\/li>\n\n\t\t\t\t\t\n\t\t\t\t\t\t\t\t\t\t\t<li class=\"meta-author\">\n\t\t\t\t\t\t\t\t\t\t\t\t<span>Por<\/span>\n\t\t\n\t\t\t\t\t<img alt='author-avatar' src='https:\/\/secure.gravatar.com\/avatar\/2dfb183f5bf5ecc3a89775e5628f8772225576e0eef1b03554079bef683c61da?s=32&#038;d=mm&#038;r=g' srcset='https:\/\/secure.gravatar.com\/avatar\/2dfb183f5bf5ecc3a89775e5628f8772225576e0eef1b03554079bef683c61da?s=64&#038;d=mm&#038;r=g 2x' class='avatar avatar-32 photo' height='32' width='32' loading='lazy' decoding='async'\/>\t\t\n\t\t<a href=\"https:\/\/solidaridadlatam.org\/author\/diana-zapata\/\" rel=\"author\">\n\t\t\t<span class=\"vcard author author_name\">\n\t\t\t\t<span class=\"fn\">Diana Zapata<\/span>\n\t\t\t<\/span>\n\t\t<\/a>\n\t\t\t\t\t\t\t\t<\/li>\n\t\t\t\t\t\n\t\t\t\t\t\n\t\t\t\t\t\t\t\t\t\t\t\t<\/ul>\n\t\t\t\t\t\t\t<\/div><!-- .entry-meta -->\n\t\t\t\t\t\t\t\t\t\t\t<div class=\"hovered-social-icons wd-tltp wd-tltp-top\">\n\t\t\t\t\t\t\t<div class=\"wd-tooltip-label\">\n\t\t\t\t\t\t\t\t\n\t\t\t<div class=\" wd-social-icons  icons-design-default icons-size-small color-scheme-light social-share social-form-circle text-center\">\n\n\t\t\t\t\n\t\t\t\t\t\t\t\t\t<a rel=\"noopener noreferrer nofollow\" href=\"https:\/\/www.facebook.com\/sharer\/sharer.php?u=https:\/\/solidaridadlatam.org\/news\/gerente-de-proyectos-de-mexico\/\" target=\"_blank\" class=\" wd-social-icon social-facebook\" aria-label=\"Facebook social link\">\n\t\t\t\t\t\t<span class=\"wd-icon\"><\/span>\n\t\t\t\t\t\t\t\t\t\t\t<\/a>\n\t\t\t\t\n\t\t\t\t\t\t\t\t\t<a rel=\"noopener noreferrer nofollow\" href=\"https:\/\/twitter.com\/share?url=https:\/\/solidaridadlatam.org\/news\/gerente-de-proyectos-de-mexico\/\" target=\"_blank\" class=\" wd-social-icon social-twitter\" aria-label=\"Twitter social link\">\n\t\t\t\t\t\t<span class=\"wd-icon\"><\/span>\n\t\t\t\t\t\t\t\t\t\t\t<\/a>\n\t\t\t\t\n\t\t\t\t\n\t\t\t\t\n\t\t\t\t\n\t\t\t\t\n\t\t\t\t\n\t\t\t\t\t\t\t\t\t<a rel=\"noopener noreferrer nofollow\" href=\"https:\/\/www.linkedin.com\/shareArticle?mini=true&url=https:\/\/solidaridadlatam.org\/news\/gerente-de-proyectos-de-mexico\/\" target=\"_blank\" class=\" wd-social-icon social-linkedin\" aria-label=\"Linkedin social link\">\n\t\t\t\t\t\t<span class=\"wd-icon\"><\/span>\n\t\t\t\t\t\t\t\t\t\t\t<\/a>\n\t\t\t\t\n\t\t\t\t\n\t\t\t\t\n\t\t\t\t\n\t\t\t\t\n\t\t\t\t\n\t\t\t\t\n\t\t\t\t\n\t\t\t\t\n\t\t\t\t\t\t\t\t\t<a rel=\"noopener noreferrer nofollow\" href=\"https:\/\/api.whatsapp.com\/send?text=https%3A%2F%2Fsolidaridadlatam.org%2Fnews%2Fgerente-de-proyectos-de-mexico%2F\" target=\"_blank\" class=\"whatsapp-desktop  wd-social-icon social-whatsapp\" aria-label=\"WhatsApp social link\">\n\t\t\t\t\t\t<span class=\"wd-icon\"><\/span>\n\t\t\t\t\t\t\t\t\t\t\t<\/a>\n\t\t\t\t\t\n\t\t\t\t\t<a rel=\"noopener noreferrer nofollow\" href=\"whatsapp:\/\/send?text=https%3A%2F%2Fsolidaridadlatam.org%2Fnews%2Fgerente-de-proyectos-de-mexico%2F\" target=\"_blank\" class=\"whatsapp-mobile  wd-social-icon social-whatsapp\" aria-label=\"WhatsApp social link\">\n\t\t\t\t\t\t<span class=\"wd-icon\"><\/span>\n\t\t\t\t\t\t\t\t\t\t\t<\/a>\n\t\t\t\t\n\t\t\t\t\t\t\t\t\n\t\t\t\t\t\t\t\t\n\t\t\t\t\n\t\t\t\t\n\t\t\t\t\t\t\t\t\t<a rel=\"noopener noreferrer nofollow\" href=\"https:\/\/telegram.me\/share\/url?url=https:\/\/solidaridadlatam.org\/news\/gerente-de-proyectos-de-mexico\/\" target=\"_blank\" class=\" wd-social-icon social-tg\" aria-label=\"Telegram social link\">\n\t\t\t\t\t\t<span class=\"wd-icon\"><\/span>\n\t\t\t\t\t\t\t\t\t\t\t<\/a>\n\t\t\t\t\t\t\t\t\n\t\t\t\t\n\t\t\t<\/div>\n\n\t\t\t\t\t\t\t\t\t<\/div>\n\t\t\t\t\t\t<\/div>\n\t\t\t\t\t\t\t\t\t\t\t\t\n\t\t\t\t\t\t\t\n\t\t\t\t                    <div class=\"entry-content wd-entry-content\">\n\t\t\t\t\t\tJorge Solano ha sido designado como el representante de Solidaridad en M\u00e9xico. \u00c9l dirigir\u00e1 los esfuerzos de Solidaridad, colaborando co...\n\t\t\t\t\t\t\t\t\t\t\t<\/div><!-- .entry-content -->\n\t\t\t\t\n\t\t\t\t\t\t\t\t\t\t\t\t\t\t<p class=\"read-more-section\">\n\t\t\t\t\t\t<a class=\"btn-read-more more-link\" href=\"https:\/\/solidaridadlatam.org\/news\/gerente-de-proyectos-de-mexico\/\">Seguir leyendo<\/a>\t\t\t\t\t<\/p>\n\t\t\t\t\t\t\t\t\t\t\t\n\t\t\t\n\t\t\t\t\t<\/div>\n\t<\/div>\n<\/article><!-- #post -->\n\n\n\t\t\t\t\t\t\t\t\t\t\t\n<article id=\"post-17058\" class=\"blog-design-small-images blog-post-loop blog-style-bg wd-add-shadow post-17058 post type-post status-publish format-standard has-post-thumbnail hentry category-cafe category-honduras category-news tag-cafe tag-cero-deforestacion tag-giz tag-honduras tag-igualdad-de-genero tag-mujeres tag-trazabilidad\">\n\t<div class=\"article-inner\">\n\t\t\t\t\t<header class=\"entry-header\">\n\t\t\t\t\t\t\t\t\t\n\t\t\t\t\t<figure id=\"carousel-623\" class=\"entry-thumbnail\" data-owl-carousel data-hide_pagination_control=\"yes\" data-desktop=\"1\" data-tablet=\"1\" data-tablet_landscape=\"1\" data-mobile=\"1\">\n\t\t\t\t\t\t\n\t\t\t\t\t\t\t<div class=\"post-img-wrapp\">\n\t\t\t\t\t\t\t\t<a href=\"https:\/\/solidaridadlatam.org\/news\/caficultura-paraiso-verde\/\">\n\t\t\t\t\t\t\t\t\t<img width=\"1200\" height=\"675\" src=\"https:\/\/solidaridadlatam.org\/wp-content\/uploads\/2023\/08\/Solidaridad-Trazabilidad-GIZ-Productores-Cafe-Sostenible-Honduras.jpg\" class=\"attachment-large size-large\" alt=\"Solidaridad-Trazabilidad-GIZ-Productores-Cafe\u0301-Sostenible-Honduras\" decoding=\"async\" loading=\"lazy\" \/>\t\t\t\t\t\t\t\t<\/a>\n\t\t\t\t\t\t\t<\/div>\n\t\t\t\t\t\t\t<div class=\"post-image-mask\">\n\t\t\t\t\t\t\t\t<span><\/span>\n\t\t\t\t\t\t\t<\/div>\n\n\t\t\t\t\t\t\n\t\t\t\t\t<\/figure>\n\t\t\t\t\n\t\t\t\t\t\t\t\t\t\t\t<div class=\"post-date woodmart-post-date\" onclick=\"\">\n\t\t\t<span class=\"post-date-day\">\n\t\t\t\t21\t\t\t<\/span>\n\t\t\t<span class=\"post-date-month\">\n\t\t\t\tAgo\t\t\t<\/span>\n\t\t\t<span class=\"post-date-year\">\n\t\t\t\t2023\t\t\t<\/span>\n\t\t<\/div>\n\t\t\t\t\t\t\n\t\t\t<\/header><!-- .entry-header -->\n\n\t\t<div class=\"article-body-container\">\n\t\t\t\n\t\t\t\t\t\t\t\t\t<div class=\"meta-categories-wrapp\"><div class=\"meta-post-categories wd-post-cat wd-style-with-bg\"><a href=\"https:\/\/solidaridadlatam.org\/cafe\/\" rel=\"category tag\">Caf\u00e9<\/a>, <a href=\"https:\/\/solidaridadlatam.org\/honduras\/\" rel=\"category tag\">Honduras<\/a>, <a href=\"https:\/\/solidaridadlatam.org\/news\/\" rel=\"category tag\">Noticia<\/a><\/div><\/div>\n\t\t\t\t\n\t\t\t\t\t\t\t\t\t<h3 class=\"wd-entities-title title post-title\">\n\t\t\t\t\t\t<a href=\"https:\/\/solidaridadlatam.org\/news\/caficultura-paraiso-verde\/\" rel=\"bookmark\">Caficultura por un Para\u00edso Verde: apostando por una agricultura sostenible e inclusiva<\/a>\n\t\t\t\t\t<\/h3>\n\t\t\t\t\n\t\t\t\t\t\t\t\t\t<div class=\"entry-meta wd-entry-meta\">\n\t\t\t\t\t\t\t\t\t<ul class=\"entry-meta-list\">\n\t\t\t\t\t\t\t\t\t<li class=\"modified-date\">\n\t\t\t\t\t\t\t\t<time class=\"updated\" datetime=\"2026-01-16T14:13:08-03:00\">\n\t\t\t16 de enero de 2026\t\t<\/time>\n\t\t\t\t\t\t\t<\/li>\n\n\t\t\t\t\t\n\t\t\t\t\t\t\t\t\t\t\t<li class=\"meta-author\">\n\t\t\t\t\t\t\t\t\t\t\t\t<span>Por<\/span>\n\t\t\n\t\t\t\t\t<img alt='author-avatar' src='https:\/\/secure.gravatar.com\/avatar\/2dfb183f5bf5ecc3a89775e5628f8772225576e0eef1b03554079bef683c61da?s=32&#038;d=mm&#038;r=g' srcset='https:\/\/secure.gravatar.com\/avatar\/2dfb183f5bf5ecc3a89775e5628f8772225576e0eef1b03554079bef683c61da?s=64&#038;d=mm&#038;r=g 2x' class='avatar avatar-32 photo' height='32' width='32' loading='lazy' decoding='async'\/>\t\t\n\t\t<a href=\"https:\/\/solidaridadlatam.org\/author\/diana-zapata\/\" rel=\"author\">\n\t\t\t<span class=\"vcard author author_name\">\n\t\t\t\t<span class=\"fn\">Diana Zapata<\/span>\n\t\t\t<\/span>\n\t\t<\/a>\n\t\t\t\t\t\t\t\t<\/li>\n\t\t\t\t\t\n\t\t\t\t\t\n\t\t\t\t\t\t\t\t\t\t\t\t<\/ul>\n\t\t\t\t\t\t\t<\/div><!-- .entry-meta -->\n\t\t\t\t\t\t\t\t\t\t\t<div class=\"hovered-social-icons wd-tltp wd-tltp-top\">\n\t\t\t\t\t\t\t<div class=\"wd-tooltip-label\">\n\t\t\t\t\t\t\t\t\n\t\t\t<div class=\" wd-social-icons  icons-design-default icons-size-small color-scheme-light social-share social-form-circle text-center\">\n\n\t\t\t\t\n\t\t\t\t\t\t\t\t\t<a rel=\"noopener noreferrer nofollow\" href=\"https:\/\/www.facebook.com\/sharer\/sharer.php?u=https:\/\/solidaridadlatam.org\/news\/caficultura-paraiso-verde\/\" target=\"_blank\" class=\" wd-social-icon social-facebook\" aria-label=\"Facebook social link\">\n\t\t\t\t\t\t<span class=\"wd-icon\"><\/span>\n\t\t\t\t\t\t\t\t\t\t\t<\/a>\n\t\t\t\t\n\t\t\t\t\t\t\t\t\t<a rel=\"noopener noreferrer nofollow\" href=\"https:\/\/twitter.com\/share?url=https:\/\/solidaridadlatam.org\/news\/caficultura-paraiso-verde\/\" target=\"_blank\" class=\" wd-social-icon social-twitter\" aria-label=\"Twitter social link\">\n\t\t\t\t\t\t<span class=\"wd-icon\"><\/span>\n\t\t\t\t\t\t\t\t\t\t\t<\/a>\n\t\t\t\t\n\t\t\t\t\n\t\t\t\t\n\t\t\t\t\n\t\t\t\t\n\t\t\t\t\n\t\t\t\t\t\t\t\t\t<a rel=\"noopener noreferrer nofollow\" href=\"https:\/\/www.linkedin.com\/shareArticle?mini=true&url=https:\/\/solidaridadlatam.org\/news\/caficultura-paraiso-verde\/\" target=\"_blank\" class=\" wd-social-icon social-linkedin\" aria-label=\"Linkedin social link\">\n\t\t\t\t\t\t<span class=\"wd-icon\"><\/span>\n\t\t\t\t\t\t\t\t\t\t\t<\/a>\n\t\t\t\t\n\t\t\t\t\n\t\t\t\t\n\t\t\t\t\n\t\t\t\t\n\t\t\t\t\n\t\t\t\t\n\t\t\t\t\n\t\t\t\t\n\t\t\t\t\t\t\t\t\t<a rel=\"noopener noreferrer nofollow\" href=\"https:\/\/api.whatsapp.com\/send?text=https%3A%2F%2Fsolidaridadlatam.org%2Fnews%2Fcaficultura-paraiso-verde%2F\" target=\"_blank\" class=\"whatsapp-desktop  wd-social-icon social-whatsapp\" aria-label=\"WhatsApp social link\">\n\t\t\t\t\t\t<span class=\"wd-icon\"><\/span>\n\t\t\t\t\t\t\t\t\t\t\t<\/a>\n\t\t\t\t\t\n\t\t\t\t\t<a rel=\"noopener noreferrer nofollow\" href=\"whatsapp:\/\/send?text=https%3A%2F%2Fsolidaridadlatam.org%2Fnews%2Fcaficultura-paraiso-verde%2F\" target=\"_blank\" class=\"whatsapp-mobile  wd-social-icon social-whatsapp\" aria-label=\"WhatsApp social link\">\n\t\t\t\t\t\t<span class=\"wd-icon\"><\/span>\n\t\t\t\t\t\t\t\t\t\t\t<\/a>\n\t\t\t\t\n\t\t\t\t\t\t\t\t\n\t\t\t\t\t\t\t\t\n\t\t\t\t\n\t\t\t\t\n\t\t\t\t\t\t\t\t\t<a rel=\"noopener noreferrer nofollow\" href=\"https:\/\/telegram.me\/share\/url?url=https:\/\/solidaridadlatam.org\/news\/caficultura-paraiso-verde\/\" target=\"_blank\" class=\" wd-social-icon social-tg\" aria-label=\"Telegram social link\">\n\t\t\t\t\t\t<span class=\"wd-icon\"><\/span>\n\t\t\t\t\t\t\t\t\t\t\t<\/a>\n\t\t\t\t\t\t\t\t\n\t\t\t\t\n\t\t\t<\/div>\n\n\t\t\t\t\t\t\t\t\t<\/div>\n\t\t\t\t\t\t<\/div>\n\t\t\t\t\t\t\t\t\t\t\t\t\n\t\t\t\t\t\t\t\n\t\t\t\t                    <div class=\"entry-content wd-entry-content\">\n\t\t\t\t\t\tEl proyecto Caficultura por un Para\u00edso Verde busca la sostenibilidad de los peque\u00f1os productores de caf\u00e9 mediante el acceso a herramien...\n\t\t\t\t\t\t\t\t\t\t\t<\/div><!-- .entry-content -->\n\t\t\t\t\n\t\t\t\t\t\t\t\t\t\t\t\t\t\t<p class=\"read-more-section\">\n\t\t\t\t\t\t<a class=\"btn-read-more more-link\" href=\"https:\/\/solidaridadlatam.org\/news\/caficultura-paraiso-verde\/\">Seguir leyendo<\/a>\t\t\t\t\t<\/p>\n\t\t\t\t\t\t\t\t\t\t\t\n\t\t\t\n\t\t\t\t\t<\/div>\n\t<\/div>\n<\/article><!-- #post -->\n\n\n\t\t\t\t\t\t\t\t\t\t\t\n<article id=\"post-17003\" class=\"blog-design-small-images blog-post-loop blog-style-bg wd-add-shadow post-17003 post type-post status-publish format-standard has-post-thumbnail hentry category-cafe category-honduras category-news tag-cafe tag-honduras tag-reconocimiento\">\n\t<div class=\"article-inner\">\n\t\t\t\t\t<header class=\"entry-header\">\n\t\t\t\t\t\t\t\t\t\n\t\t\t\t\t<figure id=\"carousel-325\" class=\"entry-thumbnail\" data-owl-carousel data-hide_pagination_control=\"yes\" data-desktop=\"1\" data-tablet=\"1\" data-tablet_landscape=\"1\" data-mobile=\"1\">\n\t\t\t\t\t\t\n\t\t\t\t\t\t\t<div class=\"post-img-wrapp\">\n\t\t\t\t\t\t\t\t<a href=\"https:\/\/solidaridadlatam.org\/news\/reconocimiento-cafe\/\">\n\t\t\t\t\t\t\t\t\t<img width=\"1200\" height=\"675\" src=\"https:\/\/solidaridadlatam.org\/wp-content\/uploads\/2023\/08\/Solidaridad-Honduras-Cafe-Premio-Sofia-Melissa.jpg\" class=\"attachment-large size-large\" alt=\"Solidaridad-Honduras-Cafe\u0301-Premio-Sofia-Melissa\" decoding=\"async\" loading=\"lazy\" \/>\t\t\t\t\t\t\t\t<\/a>\n\t\t\t\t\t\t\t<\/div>\n\t\t\t\t\t\t\t<div class=\"post-image-mask\">\n\t\t\t\t\t\t\t\t<span><\/span>\n\t\t\t\t\t\t\t<\/div>\n\n\t\t\t\t\t\t\n\t\t\t\t\t<\/figure>\n\t\t\t\t\n\t\t\t\t\t\t\t\t\t\t\t<div class=\"post-date woodmart-post-date\" onclick=\"\">\n\t\t\t<span class=\"post-date-day\">\n\t\t\t\t16\t\t\t<\/span>\n\t\t\t<span class=\"post-date-month\">\n\t\t\t\tAgo\t\t\t<\/span>\n\t\t\t<span class=\"post-date-year\">\n\t\t\t\t2023\t\t\t<\/span>\n\t\t<\/div>\n\t\t\t\t\t\t\n\t\t\t<\/header><!-- .entry-header -->\n\n\t\t<div class=\"article-body-container\">\n\t\t\t\n\t\t\t\t\t\t\t\t\t<div class=\"meta-categories-wrapp\"><div class=\"meta-post-categories wd-post-cat wd-style-with-bg\"><a href=\"https:\/\/solidaridadlatam.org\/cafe\/\" rel=\"category tag\">Caf\u00e9<\/a>, <a href=\"https:\/\/solidaridadlatam.org\/honduras\/\" rel=\"category tag\">Honduras<\/a>, <a href=\"https:\/\/solidaridadlatam.org\/news\/\" rel=\"category tag\">Noticia<\/a><\/div><\/div>\n\t\t\t\t\n\t\t\t\t\t\t\t\t\t<h3 class=\"wd-entities-title title post-title\">\n\t\t\t\t\t\t<a href=\"https:\/\/solidaridadlatam.org\/news\/reconocimiento-cafe\/\" rel=\"bookmark\">Solidaridad recibe reconocimiento por fortalecer cooperativas cafetaleras en el 2\u00b0 Encuentro de AHPROCAFE<\/a>\n\t\t\t\t\t<\/h3>\n\t\t\t\t\n\t\t\t\t\t\t\t\t\t<div class=\"entry-meta wd-entry-meta\">\n\t\t\t\t\t\t\t\t\t<ul class=\"entry-meta-list\">\n\t\t\t\t\t\t\t\t\t<li class=\"modified-date\">\n\t\t\t\t\t\t\t\t<time class=\"updated\" datetime=\"2026-01-16T14:12:08-03:00\">\n\t\t\t16 de enero de 2026\t\t<\/time>\n\t\t\t\t\t\t\t<\/li>\n\n\t\t\t\t\t\n\t\t\t\t\t\t\t\t\t\t\t<li class=\"meta-author\">\n\t\t\t\t\t\t\t\t\t\t\t\t<span>Por<\/span>\n\t\t\n\t\t\t\t\t<img alt='author-avatar' src='https:\/\/secure.gravatar.com\/avatar\/2dfb183f5bf5ecc3a89775e5628f8772225576e0eef1b03554079bef683c61da?s=32&#038;d=mm&#038;r=g' srcset='https:\/\/secure.gravatar.com\/avatar\/2dfb183f5bf5ecc3a89775e5628f8772225576e0eef1b03554079bef683c61da?s=64&#038;d=mm&#038;r=g 2x' class='avatar avatar-32 photo' height='32' width='32' loading='lazy' decoding='async'\/>\t\t\n\t\t<a href=\"https:\/\/solidaridadlatam.org\/author\/diana-zapata\/\" rel=\"author\">\n\t\t\t<span class=\"vcard author author_name\">\n\t\t\t\t<span class=\"fn\">Diana Zapata<\/span>\n\t\t\t<\/span>\n\t\t<\/a>\n\t\t\t\t\t\t\t\t<\/li>\n\t\t\t\t\t\n\t\t\t\t\t\n\t\t\t\t\t\t\t\t\t\t\t\t<\/ul>\n\t\t\t\t\t\t\t<\/div><!-- .entry-meta -->\n\t\t\t\t\t\t\t\t\t\t\t<div class=\"hovered-social-icons wd-tltp wd-tltp-top\">\n\t\t\t\t\t\t\t<div class=\"wd-tooltip-label\">\n\t\t\t\t\t\t\t\t\n\t\t\t<div class=\" wd-social-icons  icons-design-default icons-size-small color-scheme-light social-share social-form-circle text-center\">\n\n\t\t\t\t\n\t\t\t\t\t\t\t\t\t<a rel=\"noopener noreferrer nofollow\" href=\"https:\/\/www.facebook.com\/sharer\/sharer.php?u=https:\/\/solidaridadlatam.org\/news\/reconocimiento-cafe\/\" target=\"_blank\" class=\" wd-social-icon social-facebook\" aria-label=\"Facebook social link\">\n\t\t\t\t\t\t<span class=\"wd-icon\"><\/span>\n\t\t\t\t\t\t\t\t\t\t\t<\/a>\n\t\t\t\t\n\t\t\t\t\t\t\t\t\t<a rel=\"noopener noreferrer nofollow\" href=\"https:\/\/twitter.com\/share?url=https:\/\/solidaridadlatam.org\/news\/reconocimiento-cafe\/\" target=\"_blank\" class=\" wd-social-icon social-twitter\" aria-label=\"Twitter social link\">\n\t\t\t\t\t\t<span class=\"wd-icon\"><\/span>\n\t\t\t\t\t\t\t\t\t\t\t<\/a>\n\t\t\t\t\n\t\t\t\t\n\t\t\t\t\n\t\t\t\t\n\t\t\t\t\n\t\t\t\t\n\t\t\t\t\t\t\t\t\t<a rel=\"noopener noreferrer nofollow\" href=\"https:\/\/www.linkedin.com\/shareArticle?mini=true&url=https:\/\/solidaridadlatam.org\/news\/reconocimiento-cafe\/\" target=\"_blank\" class=\" wd-social-icon social-linkedin\" aria-label=\"Linkedin social link\">\n\t\t\t\t\t\t<span class=\"wd-icon\"><\/span>\n\t\t\t\t\t\t\t\t\t\t\t<\/a>\n\t\t\t\t\n\t\t\t\t\n\t\t\t\t\n\t\t\t\t\n\t\t\t\t\n\t\t\t\t\n\t\t\t\t\n\t\t\t\t\n\t\t\t\t\n\t\t\t\t\t\t\t\t\t<a rel=\"noopener noreferrer nofollow\" href=\"https:\/\/api.whatsapp.com\/send?text=https%3A%2F%2Fsolidaridadlatam.org%2Fnews%2Freconocimiento-cafe%2F\" target=\"_blank\" class=\"whatsapp-desktop  wd-social-icon social-whatsapp\" aria-label=\"WhatsApp social link\">\n\t\t\t\t\t\t<span class=\"wd-icon\"><\/span>\n\t\t\t\t\t\t\t\t\t\t\t<\/a>\n\t\t\t\t\t\n\t\t\t\t\t<a rel=\"noopener noreferrer nofollow\" href=\"whatsapp:\/\/send?text=https%3A%2F%2Fsolidaridadlatam.org%2Fnews%2Freconocimiento-cafe%2F\" target=\"_blank\" class=\"whatsapp-mobile  wd-social-icon social-whatsapp\" aria-label=\"WhatsApp social link\">\n\t\t\t\t\t\t<span class=\"wd-icon\"><\/span>\n\t\t\t\t\t\t\t\t\t\t\t<\/a>\n\t\t\t\t\n\t\t\t\t\t\t\t\t\n\t\t\t\t\t\t\t\t\n\t\t\t\t\n\t\t\t\t\n\t\t\t\t\t\t\t\t\t<a rel=\"noopener noreferrer nofollow\" href=\"https:\/\/telegram.me\/share\/url?url=https:\/\/solidaridadlatam.org\/news\/reconocimiento-cafe\/\" target=\"_blank\" class=\" wd-social-icon social-tg\" aria-label=\"Telegram social link\">\n\t\t\t\t\t\t<span class=\"wd-icon\"><\/span>\n\t\t\t\t\t\t\t\t\t\t\t<\/a>\n\t\t\t\t\t\t\t\t\n\t\t\t\t\n\t\t\t<\/div>\n\n\t\t\t\t\t\t\t\t\t<\/div>\n\t\t\t\t\t\t<\/div>\n\t\t\t\t\t\t\t\t\t\t\t\t\n\t\t\t\t\t\t\t\n\t\t\t\t                    <div class=\"entry-content wd-entry-content\">\n\t\t\t\t\t\tPor muchos a\u00f1os hemos demostrado nuestro compromiso con el sector cafetalero y hemos participado en proyectos e iniciativas para apoyar...\n\t\t\t\t\t\t\t\t\t\t\t<\/div><!-- .entry-content -->\n\t\t\t\t\n\t\t\t\t\t\t\t\t\t\t\t\t\t\t<p class=\"read-more-section\">\n\t\t\t\t\t\t<a class=\"btn-read-more more-link\" href=\"https:\/\/solidaridadlatam.org\/news\/reconocimiento-cafe\/\">Seguir leyendo<\/a>\t\t\t\t\t<\/p>\n\t\t\t\t\t\t\t\t\t\t\t\n\t\t\t\n\t\t\t\t\t<\/div>\n\t<\/div>\n<\/article><!-- #post -->\n\n\n\t\t\t\t\t\t\t\t\t\t\t\n<article id=\"post-16846\" class=\"blog-design-small-images blog-post-loop blog-style-bg wd-add-shadow post-16846 post type-post status-publish format-standard has-post-thumbnail hentry category-colombia category-licitacion tag-cacao tag-cafe tag-colombia tag-solidaridad-network\">\n\t<div class=\"article-inner\">\n\t\t\t\t\t<header class=\"entry-header\">\n\t\t\t\t\t\t\t\t\t\n\t\t\t\t\t<figure id=\"carousel-999\" class=\"entry-thumbnail\" data-owl-carousel data-hide_pagination_control=\"yes\" data-desktop=\"1\" data-tablet=\"1\" data-tablet_landscape=\"1\" data-mobile=\"1\">\n\t\t\t\t\t\t\n\t\t\t\t\t\t\t<div class=\"post-img-wrapp\">\n\t\t\t\t\t\t\t\t<a href=\"https:\/\/solidaridadlatam.org\/licitacion\/herramienta-fintech-motor-de-reglas-para-el-onboarding-digital\/\">\n\t\t\t\t\t\t\t\t\t<img width=\"1280\" height=\"720\" src=\"https:\/\/solidaridadlatam.org\/wp-content\/uploads\/2023\/08\/ESTAMOS-EN-LA-BUSQUEDA-DE-UN-GERENTE-DE-CACAO-Y-CARBONO-3-1.png\" class=\"attachment-large size-large\" alt=\"\" decoding=\"async\" loading=\"lazy\" \/>\t\t\t\t\t\t\t\t<\/a>\n\t\t\t\t\t\t\t<\/div>\n\t\t\t\t\t\t\t<div class=\"post-image-mask\">\n\t\t\t\t\t\t\t\t<span><\/span>\n\t\t\t\t\t\t\t<\/div>\n\n\t\t\t\t\t\t\n\t\t\t\t\t<\/figure>\n\t\t\t\t\n\t\t\t\t\t\t\t\t\t\t\t<div class=\"post-date woodmart-post-date\" onclick=\"\">\n\t\t\t<span class=\"post-date-day\">\n\t\t\t\t04\t\t\t<\/span>\n\t\t\t<span class=\"post-date-month\">\n\t\t\t\tAgo\t\t\t<\/span>\n\t\t\t<span class=\"post-date-year\">\n\t\t\t\t2023\t\t\t<\/span>\n\t\t<\/div>\n\t\t\t\t\t\t\n\t\t\t<\/header><!-- .entry-header -->\n\n\t\t<div class=\"article-body-container\">\n\t\t\t\n\t\t\t\t\t\t\t\t\t<div class=\"meta-categories-wrapp\"><div class=\"meta-post-categories wd-post-cat wd-style-with-bg\"><a href=\"https:\/\/solidaridadlatam.org\/colombia\/\" rel=\"category tag\">Colombia<\/a>, <a href=\"https:\/\/solidaridadlatam.org\/licitacion\/\" rel=\"category tag\">Licitaci\u00f3n<\/a><\/div><\/div>\n\t\t\t\t\n\t\t\t\t\t\t\t\t\t<h3 class=\"wd-entities-title title post-title\">\n\t\t\t\t\t\t<a href=\"https:\/\/solidaridadlatam.org\/licitacion\/herramienta-fintech-motor-de-reglas-para-el-onboarding-digital\/\" rel=\"bookmark\">Licitaci\u00f3n | Herramienta fintech motor de reglas para el onboarding digital<\/a>\n\t\t\t\t\t<\/h3>\n\t\t\t\t\n\t\t\t\t\t\t\t\t\t<div class=\"entry-meta wd-entry-meta\">\n\t\t\t\t\t\t\t\t\t<ul class=\"entry-meta-list\">\n\t\t\t\t\t\t\t\t\t<li class=\"modified-date\">\n\t\t\t\t\t\t\t\t<time class=\"updated\" datetime=\"2025-06-29T15:04:40-03:00\">\n\t\t\t29 de junio de 2025\t\t<\/time>\n\t\t\t\t\t\t\t<\/li>\n\n\t\t\t\t\t\n\t\t\t\t\t\t\t\t\t\t\t<li class=\"meta-author\">\n\t\t\t\t\t\t\t\t\t\t\t\t<span>Por<\/span>\n\t\t\n\t\t\t\t\t<img alt='author-avatar' src='https:\/\/secure.gravatar.com\/avatar\/27ce4dd93378022b564a3f1e36b3cff7f67a7fddbc471cd01ed0b02c742a3113?s=32&#038;d=mm&#038;r=g' srcset='https:\/\/secure.gravatar.com\/avatar\/27ce4dd93378022b564a3f1e36b3cff7f67a7fddbc471cd01ed0b02c742a3113?s=64&#038;d=mm&#038;r=g 2x' class='avatar avatar-32 photo' height='32' width='32' loading='lazy' decoding='async'\/>\t\t\n\t\t<a href=\"https:\/\/solidaridadlatam.org\/author\/ximena\/\" rel=\"author\">\n\t\t\t<span class=\"vcard author author_name\">\n\t\t\t\t<span class=\"fn\">Mar\u00eda Ximena Plaza<\/span>\n\t\t\t<\/span>\n\t\t<\/a>\n\t\t\t\t\t\t\t\t<\/li>\n\t\t\t\t\t\n\t\t\t\t\t\n\t\t\t\t\t\t\t\t\t\t\t\t<\/ul>\n\t\t\t\t\t\t\t<\/div><!-- .entry-meta -->\n\t\t\t\t\t\t\t\t\t\t\t<div class=\"hovered-social-icons wd-tltp wd-tltp-top\">\n\t\t\t\t\t\t\t<div class=\"wd-tooltip-label\">\n\t\t\t\t\t\t\t\t\n\t\t\t<div class=\" wd-social-icons  icons-design-default icons-size-small color-scheme-light social-share social-form-circle text-center\">\n\n\t\t\t\t\n\t\t\t\t\t\t\t\t\t<a rel=\"noopener noreferrer nofollow\" href=\"https:\/\/www.facebook.com\/sharer\/sharer.php?u=https:\/\/solidaridadlatam.org\/licitacion\/herramienta-fintech-motor-de-reglas-para-el-onboarding-digital\/\" target=\"_blank\" class=\" wd-social-icon social-facebook\" aria-label=\"Facebook social link\">\n\t\t\t\t\t\t<span class=\"wd-icon\"><\/span>\n\t\t\t\t\t\t\t\t\t\t\t<\/a>\n\t\t\t\t\n\t\t\t\t\t\t\t\t\t<a rel=\"noopener noreferrer nofollow\" href=\"https:\/\/twitter.com\/share?url=https:\/\/solidaridadlatam.org\/licitacion\/herramienta-fintech-motor-de-reglas-para-el-onboarding-digital\/\" target=\"_blank\" class=\" wd-social-icon social-twitter\" aria-label=\"Twitter social link\">\n\t\t\t\t\t\t<span class=\"wd-icon\"><\/span>\n\t\t\t\t\t\t\t\t\t\t\t<\/a>\n\t\t\t\t\n\t\t\t\t\n\t\t\t\t\n\t\t\t\t\n\t\t\t\t\n\t\t\t\t\n\t\t\t\t\t\t\t\t\t<a rel=\"noopener noreferrer nofollow\" href=\"https:\/\/www.linkedin.com\/shareArticle?mini=true&url=https:\/\/solidaridadlatam.org\/licitacion\/herramienta-fintech-motor-de-reglas-para-el-onboarding-digital\/\" target=\"_blank\" class=\" wd-social-icon social-linkedin\" aria-label=\"Linkedin social link\">\n\t\t\t\t\t\t<span class=\"wd-icon\"><\/span>\n\t\t\t\t\t\t\t\t\t\t\t<\/a>\n\t\t\t\t\n\t\t\t\t\n\t\t\t\t\n\t\t\t\t\n\t\t\t\t\n\t\t\t\t\n\t\t\t\t\n\t\t\t\t\n\t\t\t\t\n\t\t\t\t\t\t\t\t\t<a rel=\"noopener noreferrer nofollow\" href=\"https:\/\/api.whatsapp.com\/send?text=https%3A%2F%2Fsolidaridadlatam.org%2Flicitacion%2Fherramienta-fintech-motor-de-reglas-para-el-onboarding-digital%2F\" target=\"_blank\" class=\"whatsapp-desktop  wd-social-icon social-whatsapp\" aria-label=\"WhatsApp social link\">\n\t\t\t\t\t\t<span class=\"wd-icon\"><\/span>\n\t\t\t\t\t\t\t\t\t\t\t<\/a>\n\t\t\t\t\t\n\t\t\t\t\t<a rel=\"noopener noreferrer nofollow\" href=\"whatsapp:\/\/send?text=https%3A%2F%2Fsolidaridadlatam.org%2Flicitacion%2Fherramienta-fintech-motor-de-reglas-para-el-onboarding-digital%2F\" target=\"_blank\" class=\"whatsapp-mobile  wd-social-icon social-whatsapp\" aria-label=\"WhatsApp social link\">\n\t\t\t\t\t\t<span class=\"wd-icon\"><\/span>\n\t\t\t\t\t\t\t\t\t\t\t<\/a>\n\t\t\t\t\n\t\t\t\t\t\t\t\t\n\t\t\t\t\t\t\t\t\n\t\t\t\t\n\t\t\t\t\n\t\t\t\t\t\t\t\t\t<a rel=\"noopener noreferrer nofollow\" href=\"https:\/\/telegram.me\/share\/url?url=https:\/\/solidaridadlatam.org\/licitacion\/herramienta-fintech-motor-de-reglas-para-el-onboarding-digital\/\" target=\"_blank\" class=\" wd-social-icon social-tg\" aria-label=\"Telegram social link\">\n\t\t\t\t\t\t<span class=\"wd-icon\"><\/span>\n\t\t\t\t\t\t\t\t\t\t\t<\/a>\n\t\t\t\t\t\t\t\t\n\t\t\t\t\n\t\t\t<\/div>\n\n\t\t\t\t\t\t\t\t\t<\/div>\n\t\t\t\t\t\t<\/div>\n\t\t\t\t\t\t\t\t\t\t\t\t\n\t\t\t\t\t\t\t\n\t\t\t\t                    <div class=\"entry-content wd-entry-content\">\n\t\t\t\t\t\t<p>Buscamos proveedor para construir un motor de reglas para el onboarding digital en la herramienta Fintech Agroprestamo, que permita perfilar usuarios y ofrecer productos diferenciados seg\u00fan zona, cultivo y perfil, fortaleciendo la operaci\u00f3n multi-producto de Solidaridad en el sector agropecuario.<\/p>\n\n\t\t\t\t\t\t\t\t\t\t\t<\/div><!-- .entry-content -->\n\t\t\t\t\n\t\t\t\t\t\t\t\t\t\t\t\t\t\t<p class=\"read-more-section\">\n\t\t\t\t\t\t<a class=\"btn-read-more more-link\" href=\"https:\/\/solidaridadlatam.org\/licitacion\/herramienta-fintech-motor-de-reglas-para-el-onboarding-digital\/\">Seguir leyendo<\/a>\t\t\t\t\t<\/p>\n\t\t\t\t\t\t\t\t\t\t\t\n\t\t\t\n\t\t\t\t\t<\/div>\n\t<\/div>\n<\/article><!-- #post -->\n\n\n\t\t\t\t\t\t\t\t\t\t\t\n<article id=\"post-16727\" class=\"blog-design-small-images blog-post-loop blog-style-bg wd-add-shadow post-16727 post type-post status-publish format-standard has-post-thumbnail hentry category-cacao category-cafe category-colombia category-licitacion tag-cacao tag-cafe tag-colombia tag-solidaridad-network\">\n\t<div class=\"article-inner\">\n\t\t\t\t\t<header class=\"entry-header\">\n\t\t\t\t\t\t\t\t\t\n\t\t\t\t\t<figure id=\"carousel-269\" class=\"entry-thumbnail\" data-owl-carousel data-hide_pagination_control=\"yes\" data-desktop=\"1\" data-tablet=\"1\" data-tablet_landscape=\"1\" data-mobile=\"1\">\n\t\t\t\t\t\t\n\t\t\t\t\t\t\t<div class=\"post-img-wrapp\">\n\t\t\t\t\t\t\t\t<a href=\"https:\/\/solidaridadlatam.org\/licitacion\/licitacion-construccion-de-biofabricas-para-meta-y-huila\/\">\n\t\t\t\t\t\t\t\t\t<img width=\"1280\" height=\"720\" src=\"https:\/\/solidaridadlatam.org\/wp-content\/uploads\/2023\/07\/ESTAMOS-EN-LA-BUSQUEDA-DE-UN-GERENTE-DE-CACAO-Y-CARBONO-2-1.png\" class=\"attachment-large size-large\" alt=\"\" decoding=\"async\" loading=\"lazy\" \/>\t\t\t\t\t\t\t\t<\/a>\n\t\t\t\t\t\t\t<\/div>\n\t\t\t\t\t\t\t<div class=\"post-image-mask\">\n\t\t\t\t\t\t\t\t<span><\/span>\n\t\t\t\t\t\t\t<\/div>\n\n\t\t\t\t\t\t\n\t\t\t\t\t<\/figure>\n\t\t\t\t\n\t\t\t\t\t\t\t\t\t\t\t<div class=\"post-date woodmart-post-date\" onclick=\"\">\n\t\t\t<span class=\"post-date-day\">\n\t\t\t\t31\t\t\t<\/span>\n\t\t\t<span class=\"post-date-month\">\n\t\t\t\tJul\t\t\t<\/span>\n\t\t\t<span class=\"post-date-year\">\n\t\t\t\t2023\t\t\t<\/span>\n\t\t<\/div>\n\t\t\t\t\t\t\n\t\t\t<\/header><!-- .entry-header -->\n\n\t\t<div class=\"article-body-container\">\n\t\t\t\n\t\t\t\t\t\t\t\t\t<div class=\"meta-categories-wrapp\"><div class=\"meta-post-categories wd-post-cat wd-style-with-bg\"><a href=\"https:\/\/solidaridadlatam.org\/cacao\/\" rel=\"category tag\">Cacao<\/a>, <a href=\"https:\/\/solidaridadlatam.org\/cafe\/\" rel=\"category tag\">Caf\u00e9<\/a>, <a href=\"https:\/\/solidaridadlatam.org\/colombia\/\" rel=\"category tag\">Colombia<\/a>, <a href=\"https:\/\/solidaridadlatam.org\/licitacion\/\" rel=\"category tag\">Licitaci\u00f3n<\/a><\/div><\/div>\n\t\t\t\t\n\t\t\t\t\t\t\t\t\t<h3 class=\"wd-entities-title title post-title\">\n\t\t\t\t\t\t<a href=\"https:\/\/solidaridadlatam.org\/licitacion\/licitacion-construccion-de-biofabricas-para-meta-y-huila\/\" rel=\"bookmark\">Licitaci\u00f3n | Construcci\u00f3n de biof\u00e1bricas por centros \/ n\u00facleos en predios de productores para Meta y Huila<\/a>\n\t\t\t\t\t<\/h3>\n\t\t\t\t\n\t\t\t\t\t\t\t\t\t<div class=\"entry-meta wd-entry-meta\">\n\t\t\t\t\t\t\t\t\t<ul class=\"entry-meta-list\">\n\t\t\t\t\t\t\t\t\t<li class=\"modified-date\">\n\t\t\t\t\t\t\t\t<time class=\"updated\" datetime=\"2025-06-29T15:08:53-03:00\">\n\t\t\t29 de junio de 2025\t\t<\/time>\n\t\t\t\t\t\t\t<\/li>\n\n\t\t\t\t\t\n\t\t\t\t\t\t\t\t\t\t\t<li class=\"meta-author\">\n\t\t\t\t\t\t\t\t\t\t\t\t<span>Por<\/span>\n\t\t\n\t\t\t\t\t<img alt='author-avatar' src='https:\/\/secure.gravatar.com\/avatar\/27ce4dd93378022b564a3f1e36b3cff7f67a7fddbc471cd01ed0b02c742a3113?s=32&#038;d=mm&#038;r=g' srcset='https:\/\/secure.gravatar.com\/avatar\/27ce4dd93378022b564a3f1e36b3cff7f67a7fddbc471cd01ed0b02c742a3113?s=64&#038;d=mm&#038;r=g 2x' class='avatar avatar-32 photo' height='32' width='32' loading='lazy' decoding='async'\/>\t\t\n\t\t<a href=\"https:\/\/solidaridadlatam.org\/author\/ximena\/\" rel=\"author\">\n\t\t\t<span class=\"vcard author author_name\">\n\t\t\t\t<span class=\"fn\">Mar\u00eda Ximena Plaza<\/span>\n\t\t\t<\/span>\n\t\t<\/a>\n\t\t\t\t\t\t\t\t<\/li>\n\t\t\t\t\t\n\t\t\t\t\t\n\t\t\t\t\t\t\t\t\t\t\t\t<\/ul>\n\t\t\t\t\t\t\t<\/div><!-- .entry-meta -->\n\t\t\t\t\t\t\t\t\t\t\t<div class=\"hovered-social-icons wd-tltp wd-tltp-top\">\n\t\t\t\t\t\t\t<div class=\"wd-tooltip-label\">\n\t\t\t\t\t\t\t\t\n\t\t\t<div class=\" wd-social-icons  icons-design-default icons-size-small color-scheme-light social-share social-form-circle text-center\">\n\n\t\t\t\t\n\t\t\t\t\t\t\t\t\t<a rel=\"noopener noreferrer nofollow\" href=\"https:\/\/www.facebook.com\/sharer\/sharer.php?u=https:\/\/solidaridadlatam.org\/licitacion\/licitacion-construccion-de-biofabricas-para-meta-y-huila\/\" target=\"_blank\" class=\" wd-social-icon social-facebook\" aria-label=\"Facebook social link\">\n\t\t\t\t\t\t<span class=\"wd-icon\"><\/span>\n\t\t\t\t\t\t\t\t\t\t\t<\/a>\n\t\t\t\t\n\t\t\t\t\t\t\t\t\t<a rel=\"noopener noreferrer nofollow\" href=\"https:\/\/twitter.com\/share?url=https:\/\/solidaridadlatam.org\/licitacion\/licitacion-construccion-de-biofabricas-para-meta-y-huila\/\" target=\"_blank\" class=\" wd-social-icon social-twitter\" aria-label=\"Twitter social link\">\n\t\t\t\t\t\t<span class=\"wd-icon\"><\/span>\n\t\t\t\t\t\t\t\t\t\t\t<\/a>\n\t\t\t\t\n\t\t\t\t\n\t\t\t\t\n\t\t\t\t\n\t\t\t\t\n\t\t\t\t\n\t\t\t\t\t\t\t\t\t<a rel=\"noopener noreferrer nofollow\" href=\"https:\/\/www.linkedin.com\/shareArticle?mini=true&url=https:\/\/solidaridadlatam.org\/licitacion\/licitacion-construccion-de-biofabricas-para-meta-y-huila\/\" target=\"_blank\" class=\" wd-social-icon social-linkedin\" aria-label=\"Linkedin social link\">\n\t\t\t\t\t\t<span class=\"wd-icon\"><\/span>\n\t\t\t\t\t\t\t\t\t\t\t<\/a>\n\t\t\t\t\n\t\t\t\t\n\t\t\t\t\n\t\t\t\t\n\t\t\t\t\n\t\t\t\t\n\t\t\t\t\n\t\t\t\t\n\t\t\t\t\n\t\t\t\t\t\t\t\t\t<a rel=\"noopener noreferrer nofollow\" href=\"https:\/\/api.whatsapp.com\/send?text=https%3A%2F%2Fsolidaridadlatam.org%2Flicitacion%2Flicitacion-construccion-de-biofabricas-para-meta-y-huila%2F\" target=\"_blank\" class=\"whatsapp-desktop  wd-social-icon social-whatsapp\" aria-label=\"WhatsApp social link\">\n\t\t\t\t\t\t<span class=\"wd-icon\"><\/span>\n\t\t\t\t\t\t\t\t\t\t\t<\/a>\n\t\t\t\t\t\n\t\t\t\t\t<a rel=\"noopener noreferrer nofollow\" href=\"whatsapp:\/\/send?text=https%3A%2F%2Fsolidaridadlatam.org%2Flicitacion%2Flicitacion-construccion-de-biofabricas-para-meta-y-huila%2F\" target=\"_blank\" class=\"whatsapp-mobile  wd-social-icon social-whatsapp\" aria-label=\"WhatsApp social link\">\n\t\t\t\t\t\t<span class=\"wd-icon\"><\/span>\n\t\t\t\t\t\t\t\t\t\t\t<\/a>\n\t\t\t\t\n\t\t\t\t\t\t\t\t\n\t\t\t\t\t\t\t\t\n\t\t\t\t\n\t\t\t\t\n\t\t\t\t\t\t\t\t\t<a rel=\"noopener noreferrer nofollow\" href=\"https:\/\/telegram.me\/share\/url?url=https:\/\/solidaridadlatam.org\/licitacion\/licitacion-construccion-de-biofabricas-para-meta-y-huila\/\" target=\"_blank\" class=\" wd-social-icon social-tg\" aria-label=\"Telegram social link\">\n\t\t\t\t\t\t<span class=\"wd-icon\"><\/span>\n\t\t\t\t\t\t\t\t\t\t\t<\/a>\n\t\t\t\t\t\t\t\t\n\t\t\t\t\n\t\t\t<\/div>\n\n\t\t\t\t\t\t\t\t\t<\/div>\n\t\t\t\t\t\t<\/div>\n\t\t\t\t\t\t\t\t\t\t\t\t\n\t\t\t\t\t\t\t\n\t\t\t\t                    <div class=\"entry-content wd-entry-content\">\n\t\t\t\t\t\t<p>Buscamos proveedor para construir e implementar m\u00ednimo 72 biof\u00e1bricas en fincas de productores de caf\u00e9 y cacao en Meta y Huila. Incluye diagn\u00f3stico base, dotaci\u00f3n de kits de microorganismos, entrega escalonada y dise\u00f1o de indicadores de impacto en agricultura regenerativa.<\/p>\n\n\t\t\t\t\t\t\t\t\t\t\t<\/div><!-- .entry-content -->\n\t\t\t\t\n\t\t\t\t\t\t\t\t\t\t\t\t\t\t<p class=\"read-more-section\">\n\t\t\t\t\t\t<a class=\"btn-read-more more-link\" href=\"https:\/\/solidaridadlatam.org\/licitacion\/licitacion-construccion-de-biofabricas-para-meta-y-huila\/\">Seguir leyendo<\/a>\t\t\t\t\t<\/p>\n\t\t\t\t\t\t\t\t\t\t\t\n\t\t\t\n\t\t\t\t\t<\/div>\n\t<\/div>\n<\/article><!-- #post -->\n\n\n\t\t\t\t\t\t\t\t\t\t\t\n<article id=\"post-16636\" class=\"blog-design-small-images blog-post-loop blog-style-bg wd-add-shadow post-16636 post type-post status-publish format-standard has-post-thumbnail hentry category-cafe category-honduras category-opinion tag-cafe tag-equidad-de-genero tag-honduras tag-politica-de-genero\">\n\t<div class=\"article-inner\">\n\t\t\t\t\t<header class=\"entry-header\">\n\t\t\t\t\t\t\t\t\t\n\t\t\t\t\t<figure id=\"carousel-173\" class=\"entry-thumbnail\" data-owl-carousel data-hide_pagination_control=\"yes\" data-desktop=\"1\" data-tablet=\"1\" data-tablet_landscape=\"1\" data-mobile=\"1\">\n\t\t\t\t\t\t\n\t\t\t\t\t\t\t<div class=\"post-img-wrapp\">\n\t\t\t\t\t\t\t\t<a href=\"https:\/\/solidaridadlatam.org\/opinion\/cabildeo-incidencia\/\">\n\t\t\t\t\t\t\t\t\t<img width=\"2809\" height=\"1580\" src=\"https:\/\/solidaridadlatam.org\/wp-content\/uploads\/2023\/07\/Cita_Sofia-Nunez_Politica-de-Genero_Cafe_Honduras-1.jpeg\" class=\"attachment-large size-large\" alt=\"Cita_Sofi\u0301a Nu\u0301n\u0303ez_Poli\u0301tica de Ge\u0301nero_Cafe\u0301_Honduras\" decoding=\"async\" loading=\"lazy\" \/>\t\t\t\t\t\t\t\t<\/a>\n\t\t\t\t\t\t\t<\/div>\n\t\t\t\t\t\t\t<div class=\"post-image-mask\">\n\t\t\t\t\t\t\t\t<span><\/span>\n\t\t\t\t\t\t\t<\/div>\n\n\t\t\t\t\t\t\n\t\t\t\t\t<\/figure>\n\t\t\t\t\n\t\t\t\t\t\t\t\t\t\t\t<div class=\"post-date woodmart-post-date\" onclick=\"\">\n\t\t\t<span class=\"post-date-day\">\n\t\t\t\t26\t\t\t<\/span>\n\t\t\t<span class=\"post-date-month\">\n\t\t\t\tJul\t\t\t<\/span>\n\t\t\t<span class=\"post-date-year\">\n\t\t\t\t2023\t\t\t<\/span>\n\t\t<\/div>\n\t\t\t\t\t\t\n\t\t\t<\/header><!-- .entry-header -->\n\n\t\t<div class=\"article-body-container\">\n\t\t\t\n\t\t\t\t\t\t\t\t\t<div class=\"meta-categories-wrapp\"><div class=\"meta-post-categories wd-post-cat wd-style-with-bg\"><a href=\"https:\/\/solidaridadlatam.org\/cafe\/\" rel=\"category tag\">Caf\u00e9<\/a>, <a href=\"https:\/\/solidaridadlatam.org\/honduras\/\" rel=\"category tag\">Honduras<\/a>, <a href=\"https:\/\/solidaridadlatam.org\/opinion\/\" rel=\"category tag\">Opini\u00f3n<\/a><\/div><\/div>\n\t\t\t\t\n\t\t\t\t\t\t\t\t\t<h3 class=\"wd-entities-title title post-title\">\n\t\t\t\t\t\t<a href=\"https:\/\/solidaridadlatam.org\/opinion\/cabildeo-incidencia\/\" rel=\"bookmark\">El cabildeo y la incidencia son esenciales para el crecimiento y desarrollo de las cadenas de valor agr\u00edcolas<\/a>\n\t\t\t\t\t<\/h3>\n\t\t\t\t\n\t\t\t\t\t\t\t\t\t<div class=\"entry-meta wd-entry-meta\">\n\t\t\t\t\t\t\t\t\t<ul class=\"entry-meta-list\">\n\t\t\t\t\t\t\t\t\t<li class=\"modified-date\">\n\t\t\t\t\t\t\t\t<time class=\"updated\" datetime=\"2026-01-16T14:11:33-03:00\">\n\t\t\t16 de enero de 2026\t\t<\/time>\n\t\t\t\t\t\t\t<\/li>\n\n\t\t\t\t\t\n\t\t\t\t\t\t\t\t\t\t\t<li class=\"meta-author\">\n\t\t\t\t\t\t\t\t\t\t\t\t<span>Por<\/span>\n\t\t\n\t\t\t\t\t<img alt='author-avatar' src='https:\/\/secure.gravatar.com\/avatar\/2dfb183f5bf5ecc3a89775e5628f8772225576e0eef1b03554079bef683c61da?s=32&#038;d=mm&#038;r=g' srcset='https:\/\/secure.gravatar.com\/avatar\/2dfb183f5bf5ecc3a89775e5628f8772225576e0eef1b03554079bef683c61da?s=64&#038;d=mm&#038;r=g 2x' class='avatar avatar-32 photo' height='32' width='32' loading='lazy' decoding='async'\/>\t\t\n\t\t<a href=\"https:\/\/solidaridadlatam.org\/author\/diana-zapata\/\" rel=\"author\">\n\t\t\t<span class=\"vcard author author_name\">\n\t\t\t\t<span class=\"fn\">Diana Zapata<\/span>\n\t\t\t<\/span>\n\t\t<\/a>\n\t\t\t\t\t\t\t\t<\/li>\n\t\t\t\t\t\n\t\t\t\t\t\n\t\t\t\t\t\t\t\t\t\t\t\t<\/ul>\n\t\t\t\t\t\t\t<\/div><!-- .entry-meta -->\n\t\t\t\t\t\t\t\t\t\t\t<div class=\"hovered-social-icons wd-tltp wd-tltp-top\">\n\t\t\t\t\t\t\t<div class=\"wd-tooltip-label\">\n\t\t\t\t\t\t\t\t\n\t\t\t<div class=\" wd-social-icons  icons-design-default icons-size-small color-scheme-light social-share social-form-circle text-center\">\n\n\t\t\t\t\n\t\t\t\t\t\t\t\t\t<a rel=\"noopener noreferrer nofollow\" href=\"https:\/\/www.facebook.com\/sharer\/sharer.php?u=https:\/\/solidaridadlatam.org\/opinion\/cabildeo-incidencia\/\" target=\"_blank\" class=\" wd-social-icon social-facebook\" aria-label=\"Facebook social link\">\n\t\t\t\t\t\t<span class=\"wd-icon\"><\/span>\n\t\t\t\t\t\t\t\t\t\t\t<\/a>\n\t\t\t\t\n\t\t\t\t\t\t\t\t\t<a rel=\"noopener noreferrer nofollow\" href=\"https:\/\/twitter.com\/share?url=https:\/\/solidaridadlatam.org\/opinion\/cabildeo-incidencia\/\" target=\"_blank\" class=\" wd-social-icon social-twitter\" aria-label=\"Twitter social link\">\n\t\t\t\t\t\t<span class=\"wd-icon\"><\/span>\n\t\t\t\t\t\t\t\t\t\t\t<\/a>\n\t\t\t\t\n\t\t\t\t\n\t\t\t\t\n\t\t\t\t\n\t\t\t\t\n\t\t\t\t\n\t\t\t\t\t\t\t\t\t<a rel=\"noopener noreferrer nofollow\" href=\"https:\/\/www.linkedin.com\/shareArticle?mini=true&url=https:\/\/solidaridadlatam.org\/opinion\/cabildeo-incidencia\/\" target=\"_blank\" class=\" wd-social-icon social-linkedin\" aria-label=\"Linkedin social link\">\n\t\t\t\t\t\t<span class=\"wd-icon\"><\/span>\n\t\t\t\t\t\t\t\t\t\t\t<\/a>\n\t\t\t\t\n\t\t\t\t\n\t\t\t\t\n\t\t\t\t\n\t\t\t\t\n\t\t\t\t\n\t\t\t\t\n\t\t\t\t\n\t\t\t\t\n\t\t\t\t\t\t\t\t\t<a rel=\"noopener noreferrer nofollow\" href=\"https:\/\/api.whatsapp.com\/send?text=https%3A%2F%2Fsolidaridadlatam.org%2Fopinion%2Fcabildeo-incidencia%2F\" target=\"_blank\" class=\"whatsapp-desktop  wd-social-icon social-whatsapp\" aria-label=\"WhatsApp social link\">\n\t\t\t\t\t\t<span class=\"wd-icon\"><\/span>\n\t\t\t\t\t\t\t\t\t\t\t<\/a>\n\t\t\t\t\t\n\t\t\t\t\t<a rel=\"noopener noreferrer nofollow\" href=\"whatsapp:\/\/send?text=https%3A%2F%2Fsolidaridadlatam.org%2Fopinion%2Fcabildeo-incidencia%2F\" target=\"_blank\" class=\"whatsapp-mobile  wd-social-icon social-whatsapp\" aria-label=\"WhatsApp social link\">\n\t\t\t\t\t\t<span class=\"wd-icon\"><\/span>\n\t\t\t\t\t\t\t\t\t\t\t<\/a>\n\t\t\t\t\n\t\t\t\t\t\t\t\t\n\t\t\t\t\t\t\t\t\n\t\t\t\t\n\t\t\t\t\n\t\t\t\t\t\t\t\t\t<a rel=\"noopener noreferrer nofollow\" href=\"https:\/\/telegram.me\/share\/url?url=https:\/\/solidaridadlatam.org\/opinion\/cabildeo-incidencia\/\" target=\"_blank\" class=\" wd-social-icon social-tg\" aria-label=\"Telegram social link\">\n\t\t\t\t\t\t<span class=\"wd-icon\"><\/span>\n\t\t\t\t\t\t\t\t\t\t\t<\/a>\n\t\t\t\t\t\t\t\t\n\t\t\t\t\n\t\t\t<\/div>\n\n\t\t\t\t\t\t\t\t\t<\/div>\n\t\t\t\t\t\t<\/div>\n\t\t\t\t\t\t\t\t\t\t\t\t\n\t\t\t\t\t\t\t\n\t\t\t\t                    <div class=\"entry-content wd-entry-content\">\n\t\t\t\t\t\tLas cadenas de valor agr\u00edcolas son sistemas complejos que involucran a m\u00faltiples actores, incluidos agricultores, procesadores, comerci...\n\t\t\t\t\t\t\t\t\t\t\t<\/div><!-- .entry-content -->\n\t\t\t\t\n\t\t\t\t\t\t\t\t\t\t\t\t\t\t<p class=\"read-more-section\">\n\t\t\t\t\t\t<a class=\"btn-read-more more-link\" href=\"https:\/\/solidaridadlatam.org\/opinion\/cabildeo-incidencia\/\">Seguir leyendo<\/a>\t\t\t\t\t<\/p>\n\t\t\t\t\t\t\t\t\t\t\t\n\t\t\t\n\t\t\t\t\t<\/div>\n\t<\/div>\n<\/article><!-- #post -->\n\n\n\t\t\t\t\t\t\t\t\t\t\t\n<article id=\"post-16526\" class=\"blog-design-small-images blog-post-loop blog-style-bg wd-add-shadow post-16526 post type-post status-publish format-standard has-post-thumbnail hentry category-cafe category-peru category-publications tag-cacao tag-cafe tag-colombia tag-deforestacion tag-peru paises-peru tema-equidad-de-genero\">\n\t<div class=\"article-inner\">\n\t\t\t\t\t<header class=\"entry-header\">\n\t\t\t\t\t\t\t\t\t\n\t\t\t\t\t<figure id=\"carousel-460\" class=\"entry-thumbnail\" data-owl-carousel data-hide_pagination_control=\"yes\" data-desktop=\"1\" data-tablet=\"1\" data-tablet_landscape=\"1\" data-mobile=\"1\">\n\t\t\t\t\t\t\n\t\t\t\t\t\t\t<div class=\"post-img-wrapp\">\n\t\t\t\t\t\t\t\t<a href=\"https:\/\/solidaridadlatam.org\/publications\/monitoreo-de-bosque-primario-y-purma-usando-imagenes-de-satelite-sentinel2-en-fincas-de-cafe\/\">\n\t\t\t\t\t\t\t\t\t<img width=\"830\" height=\"1117\" src=\"https:\/\/solidaridadlatam.org\/wp-content\/uploads\/2023\/07\/post.png\" class=\"attachment-large size-large\" alt=\"\" decoding=\"async\" loading=\"lazy\" \/>\t\t\t\t\t\t\t\t<\/a>\n\t\t\t\t\t\t\t<\/div>\n\t\t\t\t\t\t\t<div class=\"post-image-mask\">\n\t\t\t\t\t\t\t\t<span><\/span>\n\t\t\t\t\t\t\t<\/div>\n\n\t\t\t\t\t\t\n\t\t\t\t\t<\/figure>\n\t\t\t\t\n\t\t\t\t\t\t\t\t\t\t\t<div class=\"post-date woodmart-post-date\" onclick=\"\">\n\t\t\t<span class=\"post-date-day\">\n\t\t\t\t12\t\t\t<\/span>\n\t\t\t<span class=\"post-date-month\">\n\t\t\t\tJul\t\t\t<\/span>\n\t\t\t<span class=\"post-date-year\">\n\t\t\t\t2023\t\t\t<\/span>\n\t\t<\/div>\n\t\t\t\t\t\t\n\t\t\t<\/header><!-- .entry-header -->\n\n\t\t<div class=\"article-body-container\">\n\t\t\t\n\t\t\t\t\t\t\t\t\t<div class=\"meta-categories-wrapp\"><div class=\"meta-post-categories wd-post-cat wd-style-with-bg\"><a href=\"https:\/\/solidaridadlatam.org\/cafe\/\" rel=\"category tag\">Caf\u00e9<\/a>, <a href=\"https:\/\/solidaridadlatam.org\/peru\/\" rel=\"category tag\">Per\u00fa<\/a>, <a href=\"https:\/\/solidaridadlatam.org\/publications\/\" rel=\"category tag\">Publicaci\u00f3n<\/a><\/div><\/div>\n\t\t\t\t\n\t\t\t\t\t\t\t\t\t<h3 class=\"wd-entities-title title post-title\">\n\t\t\t\t\t\t<a href=\"https:\/\/solidaridadlatam.org\/publications\/monitoreo-de-bosque-primario-y-purma-usando-imagenes-de-satelite-sentinel2-en-fincas-de-cafe\/\" rel=\"bookmark\">Monitoreo de bosque primario y purma usando im\u00e1genes de sat\u00e9lite Sentinel-2 en fincas de caf\u00e9<\/a>\n\t\t\t\t\t<\/h3>\n\t\t\t\t\n\t\t\t\t\t\t\t\t\t<div class=\"entry-meta wd-entry-meta\">\n\t\t\t\t\t\t\t\t\t<ul class=\"entry-meta-list\">\n\t\t\t\t\t\t\t\t\t<li class=\"modified-date\">\n\t\t\t\t\t\t\t\t<time class=\"updated\" datetime=\"2023-08-04T14:25:41-03:00\">\n\t\t\t4 de agosto de 2023\t\t<\/time>\n\t\t\t\t\t\t\t<\/li>\n\n\t\t\t\t\t\n\t\t\t\t\t\t\t\t\t\t\t<li class=\"meta-author\">\n\t\t\t\t\t\t\t\t\t\t\t\t<span>Por<\/span>\n\t\t\n\t\t\t\t\t<img alt='author-avatar' src='https:\/\/secure.gravatar.com\/avatar\/457eab5f877a8c6e2fc6d2747af638a11e09124e4a66defb27ded8b68e80b75f?s=32&#038;d=mm&#038;r=g' srcset='https:\/\/secure.gravatar.com\/avatar\/457eab5f877a8c6e2fc6d2747af638a11e09124e4a66defb27ded8b68e80b75f?s=64&#038;d=mm&#038;r=g 2x' class='avatar avatar-32 photo' height='32' width='32' loading='lazy' decoding='async'\/>\t\t\n\t\t<a href=\"https:\/\/solidaridadlatam.org\/author\/camila\/\" rel=\"author\">\n\t\t\t<span class=\"vcard author author_name\">\n\t\t\t\t<span class=\"fn\">Camila Garrido Lecca<\/span>\n\t\t\t<\/span>\n\t\t<\/a>\n\t\t\t\t\t\t\t\t<\/li>\n\t\t\t\t\t\n\t\t\t\t\t\n\t\t\t\t\t\t\t\t\t\t\t\t<\/ul>\n\t\t\t\t\t\t\t<\/div><!-- .entry-meta -->\n\t\t\t\t\t\t\t\t\t\t\t<div class=\"hovered-social-icons wd-tltp wd-tltp-top\">\n\t\t\t\t\t\t\t<div class=\"wd-tooltip-label\">\n\t\t\t\t\t\t\t\t\n\t\t\t<div class=\" wd-social-icons  icons-design-default icons-size-small color-scheme-light social-share social-form-circle text-center\">\n\n\t\t\t\t\n\t\t\t\t\t\t\t\t\t<a rel=\"noopener noreferrer nofollow\" href=\"https:\/\/www.facebook.com\/sharer\/sharer.php?u=https:\/\/solidaridadlatam.org\/publications\/monitoreo-de-bosque-primario-y-purma-usando-imagenes-de-satelite-sentinel2-en-fincas-de-cafe\/\" target=\"_blank\" class=\" wd-social-icon social-facebook\" aria-label=\"Facebook social link\">\n\t\t\t\t\t\t<span class=\"wd-icon\"><\/span>\n\t\t\t\t\t\t\t\t\t\t\t<\/a>\n\t\t\t\t\n\t\t\t\t\t\t\t\t\t<a rel=\"noopener noreferrer nofollow\" href=\"https:\/\/twitter.com\/share?url=https:\/\/solidaridadlatam.org\/publications\/monitoreo-de-bosque-primario-y-purma-usando-imagenes-de-satelite-sentinel2-en-fincas-de-cafe\/\" target=\"_blank\" class=\" wd-social-icon social-twitter\" aria-label=\"Twitter social link\">\n\t\t\t\t\t\t<span class=\"wd-icon\"><\/span>\n\t\t\t\t\t\t\t\t\t\t\t<\/a>\n\t\t\t\t\n\t\t\t\t\n\t\t\t\t\n\t\t\t\t\n\t\t\t\t\n\t\t\t\t\n\t\t\t\t\t\t\t\t\t<a rel=\"noopener noreferrer nofollow\" href=\"https:\/\/www.linkedin.com\/shareArticle?mini=true&url=https:\/\/solidaridadlatam.org\/publications\/monitoreo-de-bosque-primario-y-purma-usando-imagenes-de-satelite-sentinel2-en-fincas-de-cafe\/\" target=\"_blank\" class=\" wd-social-icon social-linkedin\" aria-label=\"Linkedin social link\">\n\t\t\t\t\t\t<span class=\"wd-icon\"><\/span>\n\t\t\t\t\t\t\t\t\t\t\t<\/a>\n\t\t\t\t\n\t\t\t\t\n\t\t\t\t\n\t\t\t\t\n\t\t\t\t\n\t\t\t\t\n\t\t\t\t\n\t\t\t\t\n\t\t\t\t\n\t\t\t\t\t\t\t\t\t<a rel=\"noopener noreferrer nofollow\" href=\"https:\/\/api.whatsapp.com\/send?text=https%3A%2F%2Fsolidaridadlatam.org%2Fpublications%2Fmonitoreo-de-bosque-primario-y-purma-usando-imagenes-de-satelite-sentinel2-en-fincas-de-cafe%2F\" target=\"_blank\" class=\"whatsapp-desktop  wd-social-icon social-whatsapp\" aria-label=\"WhatsApp social link\">\n\t\t\t\t\t\t<span class=\"wd-icon\"><\/span>\n\t\t\t\t\t\t\t\t\t\t\t<\/a>\n\t\t\t\t\t\n\t\t\t\t\t<a rel=\"noopener noreferrer nofollow\" href=\"whatsapp:\/\/send?text=https%3A%2F%2Fsolidaridadlatam.org%2Fpublications%2Fmonitoreo-de-bosque-primario-y-purma-usando-imagenes-de-satelite-sentinel2-en-fincas-de-cafe%2F\" target=\"_blank\" class=\"whatsapp-mobile  wd-social-icon social-whatsapp\" aria-label=\"WhatsApp social link\">\n\t\t\t\t\t\t<span class=\"wd-icon\"><\/span>\n\t\t\t\t\t\t\t\t\t\t\t<\/a>\n\t\t\t\t\n\t\t\t\t\t\t\t\t\n\t\t\t\t\t\t\t\t\n\t\t\t\t\n\t\t\t\t\n\t\t\t\t\t\t\t\t\t<a rel=\"noopener noreferrer nofollow\" href=\"https:\/\/telegram.me\/share\/url?url=https:\/\/solidaridadlatam.org\/publications\/monitoreo-de-bosque-primario-y-purma-usando-imagenes-de-satelite-sentinel2-en-fincas-de-cafe\/\" target=\"_blank\" class=\" wd-social-icon social-tg\" aria-label=\"Telegram social link\">\n\t\t\t\t\t\t<span class=\"wd-icon\"><\/span>\n\t\t\t\t\t\t\t\t\t\t\t<\/a>\n\t\t\t\t\t\t\t\t\n\t\t\t\t\n\t\t\t<\/div>\n\n\t\t\t\t\t\t\t\t\t<\/div>\n\t\t\t\t\t\t<\/div>\n\t\t\t\t\t\t\t\t\t\t\t\t\n\t\t\t\t\t\t\t\n\t\t\t\t                    <div class=\"entry-content wd-entry-content\">\n\t\t\t\t\t\t<p>Este estudio realizado a lo largo de 22 munipios de la regi\u00f3n de Matopiba en Brasil, ofrece un an\u00e1lisis del balance de carbono para el cultivo de soja tomando en cuenta cuatro escenarios de conversi\u00f3n de uso de la tierra y manejo. Su objetivo es identificar el escenario m\u00e1s adecuado para la producci\u00f3n de la oleoginosa con menor emisi\u00f3n de GEI y mayor secuestro de carbono.<\/p>\n\n\t\t\t\t\t\t\t\t\t\t\t<\/div><!-- .entry-content -->\n\t\t\t\t\n\t\t\t\t\t\t\t\t\t\t\t\t\t\t<p class=\"read-more-section\">\n\t\t\t\t\t\t<a class=\"btn-read-more more-link\" href=\"https:\/\/solidaridadlatam.org\/publications\/monitoreo-de-bosque-primario-y-purma-usando-imagenes-de-satelite-sentinel2-en-fincas-de-cafe\/\">Seguir leyendo<\/a>\t\t\t\t\t<\/p>\n\t\t\t\t\t\t\t\t\t\t\t\n\t\t\t\n\t\t\t\t\t<\/div>\n\t<\/div>\n<\/article><!-- #post -->\n\n\n\t\t\t\t\t\t\t\t\t\t\t\n<article id=\"post-16463\" class=\"blog-design-small-images blog-post-loop blog-style-bg wd-add-shadow post-16463 post type-post status-publish format-standard has-post-thumbnail hentry category-cafe category-colombia category-honduras category-news tag-agricultura-climaticamente-inteligente tag-agroforestal tag-cafe tag-mercados-de-carbono\">\n\t<div class=\"article-inner\">\n\t\t\t\t\t<header class=\"entry-header\">\n\t\t\t\t\t\t\t\t\t\n\t\t\t\t\t<figure id=\"carousel-191\" class=\"entry-thumbnail\" data-owl-carousel data-hide_pagination_control=\"yes\" data-desktop=\"1\" data-tablet=\"1\" data-tablet_landscape=\"1\" data-mobile=\"1\">\n\t\t\t\t\t\t\n\t\t\t\t\t\t\t<div class=\"post-img-wrapp\">\n\t\t\t\t\t\t\t\t<a href=\"https:\/\/solidaridadlatam.org\/news\/cafe-emisiones-de-carbono\/\">\n\t\t\t\t\t\t\t\t\t<img width=\"1200\" height=\"675\" src=\"https:\/\/solidaridadlatam.org\/wp-content\/uploads\/2023\/07\/Solidaridad-Grecia-Sofia-Nunez-Honduras-Mujeres-Cafe.jpg\" class=\"attachment-large size-large\" alt=\"Solidaridad-Grecia-Sofi\u0301a-Nu\u0301n\u0303ez-Honduras-Mujeres-Cafe\u0301\" decoding=\"async\" loading=\"lazy\" \/>\t\t\t\t\t\t\t\t<\/a>\n\t\t\t\t\t\t\t<\/div>\n\t\t\t\t\t\t\t<div class=\"post-image-mask\">\n\t\t\t\t\t\t\t\t<span><\/span>\n\t\t\t\t\t\t\t<\/div>\n\n\t\t\t\t\t\t\n\t\t\t\t\t<\/figure>\n\t\t\t\t\n\t\t\t\t\t\t\t\t\t\t\t<div class=\"post-date woodmart-post-date\" onclick=\"\">\n\t\t\t<span class=\"post-date-day\">\n\t\t\t\t07\t\t\t<\/span>\n\t\t\t<span class=\"post-date-month\">\n\t\t\t\tJul\t\t\t<\/span>\n\t\t\t<span class=\"post-date-year\">\n\t\t\t\t2023\t\t\t<\/span>\n\t\t<\/div>\n\t\t\t\t\t\t\n\t\t\t<\/header><!-- .entry-header -->\n\n\t\t<div class=\"article-body-container\">\n\t\t\t\n\t\t\t\t\t\t\t\t\t<div class=\"meta-categories-wrapp\"><div class=\"meta-post-categories wd-post-cat wd-style-with-bg\"><a href=\"https:\/\/solidaridadlatam.org\/cafe\/\" rel=\"category tag\">Caf\u00e9<\/a>, <a href=\"https:\/\/solidaridadlatam.org\/colombia\/\" rel=\"category tag\">Colombia<\/a>, <a href=\"https:\/\/solidaridadlatam.org\/honduras\/\" rel=\"category tag\">Honduras<\/a>, <a href=\"https:\/\/solidaridadlatam.org\/news\/\" rel=\"category tag\">Noticia<\/a><\/div><\/div>\n\t\t\t\t\n\t\t\t\t\t\t\t\t\t<h3 class=\"wd-entities-title title post-title\">\n\t\t\t\t\t\t<a href=\"https:\/\/solidaridadlatam.org\/news\/cafe-emisiones-de-carbono\/\" rel=\"bookmark\">Caf\u00e9 y emisiones de carbono: \u00bfEs posible que todos ganen en el negocio del caf\u00e9?<\/a>\n\t\t\t\t\t<\/h3>\n\t\t\t\t\n\t\t\t\t\t\t\t\t\t<div class=\"entry-meta wd-entry-meta\">\n\t\t\t\t\t\t\t\t\t<ul class=\"entry-meta-list\">\n\t\t\t\t\t\t\t\t\t<li class=\"modified-date\">\n\t\t\t\t\t\t\t\t<time class=\"updated\" datetime=\"2026-01-16T14:11:00-03:00\">\n\t\t\t16 de enero de 2026\t\t<\/time>\n\t\t\t\t\t\t\t<\/li>\n\n\t\t\t\t\t\n\t\t\t\t\t\t\t\t\t\t\t<li class=\"meta-author\">\n\t\t\t\t\t\t\t\t\t\t\t\t<span>Por<\/span>\n\t\t\n\t\t\t\t\t<img alt='author-avatar' src='https:\/\/secure.gravatar.com\/avatar\/2dfb183f5bf5ecc3a89775e5628f8772225576e0eef1b03554079bef683c61da?s=32&#038;d=mm&#038;r=g' srcset='https:\/\/secure.gravatar.com\/avatar\/2dfb183f5bf5ecc3a89775e5628f8772225576e0eef1b03554079bef683c61da?s=64&#038;d=mm&#038;r=g 2x' class='avatar avatar-32 photo' height='32' width='32' loading='lazy' decoding='async'\/>\t\t\n\t\t<a href=\"https:\/\/solidaridadlatam.org\/author\/diana-zapata\/\" rel=\"author\">\n\t\t\t<span class=\"vcard author author_name\">\n\t\t\t\t<span class=\"fn\">Diana Zapata<\/span>\n\t\t\t<\/span>\n\t\t<\/a>\n\t\t\t\t\t\t\t\t<\/li>\n\t\t\t\t\t\n\t\t\t\t\t\n\t\t\t\t\t\t\t\t\t\t\t\t<\/ul>\n\t\t\t\t\t\t\t<\/div><!-- .entry-meta -->\n\t\t\t\t\t\t\t\t\t\t\t<div class=\"hovered-social-icons wd-tltp wd-tltp-top\">\n\t\t\t\t\t\t\t<div class=\"wd-tooltip-label\">\n\t\t\t\t\t\t\t\t\n\t\t\t<div class=\" wd-social-icons  icons-design-default icons-size-small color-scheme-light social-share social-form-circle text-center\">\n\n\t\t\t\t\n\t\t\t\t\t\t\t\t\t<a rel=\"noopener noreferrer nofollow\" href=\"https:\/\/www.facebook.com\/sharer\/sharer.php?u=https:\/\/solidaridadlatam.org\/news\/cafe-emisiones-de-carbono\/\" target=\"_blank\" class=\" wd-social-icon social-facebook\" aria-label=\"Facebook social link\">\n\t\t\t\t\t\t<span class=\"wd-icon\"><\/span>\n\t\t\t\t\t\t\t\t\t\t\t<\/a>\n\t\t\t\t\n\t\t\t\t\t\t\t\t\t<a rel=\"noopener noreferrer nofollow\" href=\"https:\/\/twitter.com\/share?url=https:\/\/solidaridadlatam.org\/news\/cafe-emisiones-de-carbono\/\" target=\"_blank\" class=\" wd-social-icon social-twitter\" aria-label=\"Twitter social link\">\n\t\t\t\t\t\t<span class=\"wd-icon\"><\/span>\n\t\t\t\t\t\t\t\t\t\t\t<\/a>\n\t\t\t\t\n\t\t\t\t\n\t\t\t\t\n\t\t\t\t\n\t\t\t\t\n\t\t\t\t\n\t\t\t\t\t\t\t\t\t<a rel=\"noopener noreferrer nofollow\" href=\"https:\/\/www.linkedin.com\/shareArticle?mini=true&url=https:\/\/solidaridadlatam.org\/news\/cafe-emisiones-de-carbono\/\" target=\"_blank\" class=\" wd-social-icon social-linkedin\" aria-label=\"Linkedin social link\">\n\t\t\t\t\t\t<span class=\"wd-icon\"><\/span>\n\t\t\t\t\t\t\t\t\t\t\t<\/a>\n\t\t\t\t\n\t\t\t\t\n\t\t\t\t\n\t\t\t\t\n\t\t\t\t\n\t\t\t\t\n\t\t\t\t\n\t\t\t\t\n\t\t\t\t\n\t\t\t\t\t\t\t\t\t<a rel=\"noopener noreferrer nofollow\" href=\"https:\/\/api.whatsapp.com\/send?text=https%3A%2F%2Fsolidaridadlatam.org%2Fnews%2Fcafe-emisiones-de-carbono%2F\" target=\"_blank\" class=\"whatsapp-desktop  wd-social-icon social-whatsapp\" aria-label=\"WhatsApp social link\">\n\t\t\t\t\t\t<span class=\"wd-icon\"><\/span>\n\t\t\t\t\t\t\t\t\t\t\t<\/a>\n\t\t\t\t\t\n\t\t\t\t\t<a rel=\"noopener noreferrer nofollow\" href=\"whatsapp:\/\/send?text=https%3A%2F%2Fsolidaridadlatam.org%2Fnews%2Fcafe-emisiones-de-carbono%2F\" target=\"_blank\" class=\"whatsapp-mobile  wd-social-icon social-whatsapp\" aria-label=\"WhatsApp social link\">\n\t\t\t\t\t\t<span class=\"wd-icon\"><\/span>\n\t\t\t\t\t\t\t\t\t\t\t<\/a>\n\t\t\t\t\n\t\t\t\t\t\t\t\t\n\t\t\t\t\t\t\t\t\n\t\t\t\t\n\t\t\t\t\n\t\t\t\t\t\t\t\t\t<a rel=\"noopener noreferrer nofollow\" href=\"https:\/\/telegram.me\/share\/url?url=https:\/\/solidaridadlatam.org\/news\/cafe-emisiones-de-carbono\/\" target=\"_blank\" class=\" wd-social-icon social-tg\" aria-label=\"Telegram social link\">\n\t\t\t\t\t\t<span class=\"wd-icon\"><\/span>\n\t\t\t\t\t\t\t\t\t\t\t<\/a>\n\t\t\t\t\t\t\t\t\n\t\t\t\t\n\t\t\t<\/div>\n\n\t\t\t\t\t\t\t\t\t<\/div>\n\t\t\t\t\t\t<\/div>\n\t\t\t\t\t\t\t\t\t\t\t\t\n\t\t\t\t\t\t\t\n\t\t\t\t                    <div class=\"entry-content wd-entry-content\">\n\t\t\t\t\t\tEl evento World of Coffee, que se llev\u00f3 a cabo en Atenas del pasado 22 al 24 de junio, reuni\u00f3 a profesionales y l\u00edderes de la industria...\n\t\t\t\t\t\t\t\t\t\t\t<\/div><!-- .entry-content -->\n\t\t\t\t\n\t\t\t\t\t\t\t\t\t\t\t\t\t\t<p class=\"read-more-section\">\n\t\t\t\t\t\t<a class=\"btn-read-more more-link\" href=\"https:\/\/solidaridadlatam.org\/news\/cafe-emisiones-de-carbono\/\">Seguir leyendo<\/a>\t\t\t\t\t<\/p>\n\t\t\t\t\t\t\t\t\t\t\t\n\t\t\t\n\t\t\t\t\t<\/div>\n\t<\/div>\n<\/article><!-- #post -->\n\n\n\t\t\t\t\t\n\t\t\t\t\t","status":"have-posts","nextPage":"https:\/\/solidaridadlatam.org\/etiqueta\/cafe\/page\/7\/?woo_ajax=1","currentPage":"https:\/\/solidaridadlatam.org\/etiqueta\/cafe\/page\/6"}