{"id":976,"date":"2016-04-06T00:00:00","date_gmt":"2016-04-06T00:00:00","guid":{"rendered":""},"modified":"2023-08-15T00:51:02","modified_gmt":"2023-08-15T03:51:02","slug":"renovacao-adeus-ao-facao","status":"publish","type":"post","link":"https:\/\/solidaridadlatam.org\/brasil\/brasil\/renovacao-adeus-ao-facao\/","title":{"rendered":"RenovA\u00e7\u00e3o: Adeus ao fac\u00e3o"},"content":{"rendered":"<div>\n<p><strong>Contexto<\/strong><\/p>\n<p id=\"tw-target-text\" class=\"tw-data-text tw-text-large tw-ta\" dir=\"ltr\" data-placeholder=\"Tradu\u00e7\u00e3o\"><span class=\"Y2IQFc\" lang=\"pt\">Em 2007, foi assinado um protocolo ambiental assinado em 2007 entre a Uni\u00e3o da Ind\u00fastria de Cana-de-A\u00e7\u00facar (UNICA), a Organiza\u00e7\u00e3o dos Produtores de Cana-de-A\u00e7\u00facar da Regi\u00e3o Centro-Sul (ORPLANA) e o Minist\u00e9rio do Meio Ambiente. Estado de S\u00e3o Paulo, Brasil. O objetivo do protocolo foi eliminar o uso da queima na colheita da cana-de-a\u00e7\u00facar por meio da sua mecaniza\u00e7\u00e3o. Embora isso implique em consequ\u00eancias positivas para o meio ambiente, a mecaniza\u00e7\u00e3o tornaria redundantes mais de 100 mil trabalhadores da cana-de-a\u00e7\u00facar.<\/span><\/p>\n<ul>\n<li><strong>Data de inicio<\/strong>: 01\/08\/2012<\/li>\n<li><strong>Data de conclus\u00e3o<\/strong>: 31\/07\/2015<\/li>\n<li><strong>Fundos<\/strong>: EUR 69.953<\/li>\n<li><strong>Parceiros<\/strong>: UNICA (implementador)<\/li>\n<\/ul>\n<p><strong>Objetivo<\/strong>:<\/p>\n<p id=\"tw-target-text\" class=\"tw-data-text tw-text-large tw-ta\" dir=\"ltr\" data-placeholder=\"Tradu\u00e7\u00e3o\"><span class=\"Y2IQFc\" lang=\"pt\">Para realizar um processo de mecaniza\u00e7\u00e3o respons\u00e1vel, a UNICA, juntamente com outras empresas do setor e institui\u00e7\u00f5es de forma\u00e7\u00e3o t\u00e9cnica, elaborou um programa de requalifica\u00e7\u00e3o profissional para melhorar a empregabilidade dos futuros ex-trabalhadores da cana-de-a\u00e7\u00facar. Os m\u00f3dulos de treinamento foram orientados a recolocar os participantes em cargos mecanizados dentro da ind\u00fastria sucroalcooleira e com\u00e9rcios de outros setores com demanda de mercado. O papel do Solidaridad dentro desse esquema era garantir uma participa\u00e7\u00e3o equitativa das mulheres no programa e preparar grupos com menor n\u00edvel de escolaridade para ingressar nos cursos regulares do programa por meio de um m\u00f3dulo especial denominado \u00abPr\u00e9-RenovA\u00e7\u00e3o\u00bb.<\/span><\/p>\n<p><strong>Resultados<\/strong>:<\/p>\n<ul>\n<li>18 engenhos envolvidos<\/li>\n<li>2,493 trabalhadores requalificados.<\/li>\n<\/ul>\n<p><a href=\"https:\/\/solidaridadlatam.org\/brasil\/cana-de-azucar\/reporte-final-proyecto-renova%c3%a7%c3%a3o\/\">Acesso ao Informe final do projeto<\/a><\/p>\n<p><strong>Repercuss\u00e3o na m\u00eddia<\/strong><\/p>\n<p>Web UNICA &#8211; <a href=\"http:\/\/www.unica.com.br\/projeto-renovacao\/\">Projeto RenovAc\u00e3o\u00a0<\/a><\/p>\n<p>09\/08\/2011 &#8211; ParaguaCity &#8211;\u00a0<a href=\"http:\/\/www.paraguacity.com\/?b=8566\">Programa de qualifica\u00e7\u00e3o profissional \u00abRenovA\u00e7\u00e3o\u00bb forma 70 trabalhadores da Cocal<\/a><\/p>\n<p>16\/11\/2011 &#8211; Canal do Produtor &#8211;\u00a0<a href=\"http:\/\/www.canaldoprodutor.com.br\/comunicacao\/noticias\/cortador-de-cana-sera-treinado-para-construcao-civil\">Cortador de cana ser\u00e1 treinado para a constru\u00e7\u00e3o civil<\/a><\/p>\n<p>19\/01\/2012 &#8211; Sou Agro &#8211;\u00a0<a href=\"http:\/\/souagro.com.br\/projeto-renovacao-mais-de-quatro-mil-trabalhadores-requalificados-em-dois-anos\/\">Projeto RenovA\u00e7\u00e3o: mais de quatro mil trabalhadores requalificados em dois anos<\/a><\/p>\n<p>21\/03\/2012 &#8211; Agrolink &#8211; <a href=\"http:\/\/www.agrolink.com.br\/noticias\/fao-reconhece-projeto-renovacao-como-exemplo-de-boa-pratica-socioeconomica_146442.html\">FAO reconhece projeto RenovAc\u00e3o como exemplo de boa pratica socioecon\u00f3mica\u00a0<\/a><\/p>\n<p>29\/10\/2012 &#8211; Canaoeste &#8211; <a href=\"http:\/\/www.canaoeste.com.br\/conteudo\/projeto-renovacao-e-finalista-do-premio-mastercana-social\">Projeto <\/a><a href=\"http:\/\/www.canaoeste.com.br\/conteudo\/projeto-renovacao-e-finalista-do-premio-mastercana-social\">RenovAc\u00e3o\u00a0\u00e9 finalista do premio MasterCana social\u00a0<\/a><\/p>\n<p>19\/08\/2013 &#8211; DiaroSBO &#8211;\u00a0<a href=\"http:\/\/diariosbo.com.br\/ler-noticia\/4725\/cidades\/projeto-renovacao-qualifica-trabalhadores-do-corte-da-cana\">Projeto RenovA\u00e7\u00e3o qualifica trabalhadores do corte da cana<\/a><\/p>\n<p>30\/10\/2015 &#8211; Canaonline &#8211; <a href=\"http:\/\/www.canaonline.com.br\/conteudo\/unica-e-fundacao-solidaridad-apresentam-o-relatorio-final-do-projeto-renovacao.html#.VwgLv_krLIU\">UNICA e Solidaridad apresentam o relat\u00f3rio final do projeto RenovAc\u00e3o<\/a><\/p>\n<p>06\/11\/2015 &#8211; IDEA online &#8211;\u00a0<a href=\"http:\/\/www.ideaonline.com.br\/clipping\/programa-de-requalificacao-de-trabalhadores-da-cana-e-destaque-em-evento-da-bonsucro.html\">Programa de requalifica\u00e7\u00e3o de trabalhadores da cana \u00e9 destaque em evento da Bonsucro<\/a><\/p>\n<\/div>\n<div>\n<div><\/div>\n<\/div>\n","protected":false},"excerpt":{"rendered":"<p>Contexto Em 2007, foi assinado um protocolo ambiental assinado em 2007 entre a Uni\u00e3o da Ind\u00fastria de Cana-de-A\u00e7\u00facar (UNICA), a<\/p>\n","protected":false},"author":4,"featured_media":977,"comment_status":"open","ping_status":"closed","sticky":false,"template":"","format":"standard","meta":{"footnotes":""},"categories":[55,28,96],"tags":[],"paises":[],"programa":[],"tema":[],"formato":[],"class_list":["post-976","post","type-post","status-publish","format-standard","has-post-thumbnail","hentry","category-brasil","category-cana-de-acucar","category-projeto"],"yoast_head":"<!-- This site is optimized with the Yoast SEO plugin v25.4 - https:\/\/yoast.com\/wordpress\/plugins\/seo\/ -->\n<title>RenovA\u00e7\u00e3o: Adeus ao fac\u00e3o - Solidaridad Southamerica<\/title>\n<meta name=\"robots\" content=\"index, follow, max-snippet:-1, max-image-preview:large, max-video-preview:-1\" \/>\n<link rel=\"canonical\" href=\"https:\/\/solidaridadlatam.org\/brasil\/brasil\/renovacao-adeus-ao-facao\/\" \/>\n<meta property=\"og:locale\" content=\"es_ES\" \/>\n<meta property=\"og:type\" content=\"article\" \/>\n<meta property=\"og:title\" content=\"RenovA\u00e7\u00e3o: Adeus ao fac\u00e3o - Solidaridad Southamerica\" \/>\n<meta property=\"og:description\" content=\"Contexto Em 2007, foi assinado um protocolo ambiental assinado em 2007 entre a Uni\u00e3o da Ind\u00fastria de Cana-de-A\u00e7\u00facar (UNICA), a\" \/>\n<meta property=\"og:url\" content=\"https:\/\/solidaridadlatam.org\/brasil\/brasil\/renovacao-adeus-ao-facao\/\" \/>\n<meta property=\"og:site_name\" content=\"Solidaridad Southamerica\" \/>\n<meta property=\"article:published_time\" content=\"2016-04-06T00:00:00+00:00\" \/>\n<meta property=\"article:modified_time\" content=\"2023-08-15T03:51:02+00:00\" \/>\n<meta property=\"og:image\" content=\"https:\/\/solidaridadlatam.org\/brasil\/wp-content\/uploads\/2020\/11\/secuencia_5.jpg\" \/>\n\t<meta property=\"og:image:width\" content=\"150\" \/>\n\t<meta property=\"og:image:height\" content=\"150\" \/>\n\t<meta property=\"og:image:type\" content=\"image\/jpeg\" \/>\n<meta name=\"author\" content=\"rosario.abramo\" \/>\n<meta name=\"twitter:card\" content=\"summary_large_image\" \/>\n<meta name=\"twitter:label1\" content=\"Escrito por\" \/>\n\t<meta name=\"twitter:data1\" content=\"rosario.abramo\" \/>\n\t<meta name=\"twitter:label2\" content=\"Tiempo de lectura\" \/>\n\t<meta name=\"twitter:data2\" content=\"2 minutos\" \/>\n<script type=\"application\/ld+json\" class=\"yoast-schema-graph\">{\"@context\":\"https:\/\/schema.org\",\"@graph\":[{\"@type\":\"WebPage\",\"@id\":\"https:\/\/solidaridadlatam.org\/brasil\/brasil\/renovacao-adeus-ao-facao\/\",\"url\":\"https:\/\/solidaridadlatam.org\/brasil\/brasil\/renovacao-adeus-ao-facao\/\",\"name\":\"RenovA\u00e7\u00e3o: Adeus ao fac\u00e3o - Solidaridad Southamerica\",\"isPartOf\":{\"@id\":\"https:\/\/solidaridadlatam.org\/brasil\/#website\"},\"primaryImageOfPage\":{\"@id\":\"https:\/\/solidaridadlatam.org\/brasil\/brasil\/renovacao-adeus-ao-facao\/#primaryimage\"},\"image\":{\"@id\":\"https:\/\/solidaridadlatam.org\/brasil\/brasil\/renovacao-adeus-ao-facao\/#primaryimage\"},\"thumbnailUrl\":\"https:\/\/solidaridadlatam.org\/brasil\/wp-content\/uploads\/2020\/11\/secuencia_5.jpg\",\"datePublished\":\"2016-04-06T00:00:00+00:00\",\"dateModified\":\"2023-08-15T03:51:02+00:00\",\"author\":{\"@id\":\"https:\/\/solidaridadlatam.org\/brasil\/#\/schema\/person\/98a684dfb618f75deb9977175f7f22a0\"},\"breadcrumb\":{\"@id\":\"https:\/\/solidaridadlatam.org\/brasil\/brasil\/renovacao-adeus-ao-facao\/#breadcrumb\"},\"inLanguage\":\"es\",\"potentialAction\":[{\"@type\":\"ReadAction\",\"target\":[\"https:\/\/solidaridadlatam.org\/brasil\/brasil\/renovacao-adeus-ao-facao\/\"]}]},{\"@type\":\"ImageObject\",\"inLanguage\":\"es\",\"@id\":\"https:\/\/solidaridadlatam.org\/brasil\/brasil\/renovacao-adeus-ao-facao\/#primaryimage\",\"url\":\"https:\/\/solidaridadlatam.org\/brasil\/wp-content\/uploads\/2020\/11\/secuencia_5.jpg\",\"contentUrl\":\"https:\/\/solidaridadlatam.org\/brasil\/wp-content\/uploads\/2020\/11\/secuencia_5.jpg\",\"width\":150,\"height\":150},{\"@type\":\"BreadcrumbList\",\"@id\":\"https:\/\/solidaridadlatam.org\/brasil\/brasil\/renovacao-adeus-ao-facao\/#breadcrumb\",\"itemListElement\":[{\"@type\":\"ListItem\",\"position\":1,\"name\":\"Portada\",\"item\":\"https:\/\/solidaridadlatam.org\/brasil\/\"},{\"@type\":\"ListItem\",\"position\":2,\"name\":\"RenovA\u00e7\u00e3o: Adeus ao fac\u00e3o\"}]},{\"@type\":\"WebSite\",\"@id\":\"https:\/\/solidaridadlatam.org\/brasil\/#website\",\"url\":\"https:\/\/solidaridadlatam.org\/brasil\/\",\"name\":\"Solidaridad Southamerica\",\"description\":\"Organizaci\u00f3n Internacional sin fines de lucro con 50 a\u00f1os de experiencia a nivel global en desarrollo de mercados sostenibles e inclusivos\",\"potentialAction\":[{\"@type\":\"SearchAction\",\"target\":{\"@type\":\"EntryPoint\",\"urlTemplate\":\"https:\/\/solidaridadlatam.org\/brasil\/?s={search_term_string}\"},\"query-input\":{\"@type\":\"PropertyValueSpecification\",\"valueRequired\":true,\"valueName\":\"search_term_string\"}}],\"inLanguage\":\"es\"},{\"@type\":\"Person\",\"@id\":\"https:\/\/solidaridadlatam.org\/brasil\/#\/schema\/person\/98a684dfb618f75deb9977175f7f22a0\",\"name\":\"rosario.abramo\",\"image\":{\"@type\":\"ImageObject\",\"inLanguage\":\"es\",\"@id\":\"https:\/\/solidaridadlatam.org\/brasil\/#\/schema\/person\/image\/\",\"url\":\"https:\/\/secure.gravatar.com\/avatar\/369f4d18708e40372ea3e48556478bde?s=96&d=mm&r=g\",\"contentUrl\":\"https:\/\/secure.gravatar.com\/avatar\/369f4d18708e40372ea3e48556478bde?s=96&d=mm&r=g\",\"caption\":\"rosario.abramo\"},\"url\":\"https:\/\/solidaridadlatam.org\/brasil\/author\/rosario-abramo\/\"}]}<\/script>\n<!-- \/ Yoast SEO plugin. -->","yoast_head_json":{"title":"RenovA\u00e7\u00e3o: Adeus ao fac\u00e3o - Solidaridad Southamerica","robots":{"index":"index","follow":"follow","max-snippet":"max-snippet:-1","max-image-preview":"max-image-preview:large","max-video-preview":"max-video-preview:-1"},"canonical":"https:\/\/solidaridadlatam.org\/brasil\/brasil\/renovacao-adeus-ao-facao\/","og_locale":"es_ES","og_type":"article","og_title":"RenovA\u00e7\u00e3o: Adeus ao fac\u00e3o - Solidaridad Southamerica","og_description":"Contexto Em 2007, foi assinado um protocolo ambiental assinado em 2007 entre a Uni\u00e3o da Ind\u00fastria de Cana-de-A\u00e7\u00facar (UNICA), a","og_url":"https:\/\/solidaridadlatam.org\/brasil\/brasil\/renovacao-adeus-ao-facao\/","og_site_name":"Solidaridad Southamerica","article_published_time":"2016-04-06T00:00:00+00:00","article_modified_time":"2023-08-15T03:51:02+00:00","og_image":[{"width":150,"height":150,"url":"https:\/\/solidaridadlatam.org\/brasil\/wp-content\/uploads\/2020\/11\/secuencia_5.jpg","type":"image\/jpeg"}],"author":"rosario.abramo","twitter_card":"summary_large_image","twitter_misc":{"Escrito por":"rosario.abramo","Tiempo de lectura":"2 minutos"},"schema":{"@context":"https:\/\/schema.org","@graph":[{"@type":"WebPage","@id":"https:\/\/solidaridadlatam.org\/brasil\/brasil\/renovacao-adeus-ao-facao\/","url":"https:\/\/solidaridadlatam.org\/brasil\/brasil\/renovacao-adeus-ao-facao\/","name":"RenovA\u00e7\u00e3o: Adeus ao fac\u00e3o - Solidaridad Southamerica","isPartOf":{"@id":"https:\/\/solidaridadlatam.org\/brasil\/#website"},"primaryImageOfPage":{"@id":"https:\/\/solidaridadlatam.org\/brasil\/brasil\/renovacao-adeus-ao-facao\/#primaryimage"},"image":{"@id":"https:\/\/solidaridadlatam.org\/brasil\/brasil\/renovacao-adeus-ao-facao\/#primaryimage"},"thumbnailUrl":"https:\/\/solidaridadlatam.org\/brasil\/wp-content\/uploads\/2020\/11\/secuencia_5.jpg","datePublished":"2016-04-06T00:00:00+00:00","dateModified":"2023-08-15T03:51:02+00:00","author":{"@id":"https:\/\/solidaridadlatam.org\/brasil\/#\/schema\/person\/98a684dfb618f75deb9977175f7f22a0"},"breadcrumb":{"@id":"https:\/\/solidaridadlatam.org\/brasil\/brasil\/renovacao-adeus-ao-facao\/#breadcrumb"},"inLanguage":"es","potentialAction":[{"@type":"ReadAction","target":["https:\/\/solidaridadlatam.org\/brasil\/brasil\/renovacao-adeus-ao-facao\/"]}]},{"@type":"ImageObject","inLanguage":"es","@id":"https:\/\/solidaridadlatam.org\/brasil\/brasil\/renovacao-adeus-ao-facao\/#primaryimage","url":"https:\/\/solidaridadlatam.org\/brasil\/wp-content\/uploads\/2020\/11\/secuencia_5.jpg","contentUrl":"https:\/\/solidaridadlatam.org\/brasil\/wp-content\/uploads\/2020\/11\/secuencia_5.jpg","width":150,"height":150},{"@type":"BreadcrumbList","@id":"https:\/\/solidaridadlatam.org\/brasil\/brasil\/renovacao-adeus-ao-facao\/#breadcrumb","itemListElement":[{"@type":"ListItem","position":1,"name":"Portada","item":"https:\/\/solidaridadlatam.org\/brasil\/"},{"@type":"ListItem","position":2,"name":"RenovA\u00e7\u00e3o: Adeus ao fac\u00e3o"}]},{"@type":"WebSite","@id":"https:\/\/solidaridadlatam.org\/brasil\/#website","url":"https:\/\/solidaridadlatam.org\/brasil\/","name":"Solidaridad Southamerica","description":"Organizaci\u00f3n Internacional sin fines de lucro con 50 a\u00f1os de experiencia a nivel global en desarrollo de mercados sostenibles e inclusivos","potentialAction":[{"@type":"SearchAction","target":{"@type":"EntryPoint","urlTemplate":"https:\/\/solidaridadlatam.org\/brasil\/?s={search_term_string}"},"query-input":{"@type":"PropertyValueSpecification","valueRequired":true,"valueName":"search_term_string"}}],"inLanguage":"es"},{"@type":"Person","@id":"https:\/\/solidaridadlatam.org\/brasil\/#\/schema\/person\/98a684dfb618f75deb9977175f7f22a0","name":"rosario.abramo","image":{"@type":"ImageObject","inLanguage":"es","@id":"https:\/\/solidaridadlatam.org\/brasil\/#\/schema\/person\/image\/","url":"https:\/\/secure.gravatar.com\/avatar\/369f4d18708e40372ea3e48556478bde?s=96&d=mm&r=g","contentUrl":"https:\/\/secure.gravatar.com\/avatar\/369f4d18708e40372ea3e48556478bde?s=96&d=mm&r=g","caption":"rosario.abramo"},"url":"https:\/\/solidaridadlatam.org\/brasil\/author\/rosario-abramo\/"}]}},"_links":{"self":[{"href":"https:\/\/solidaridadlatam.org\/brasil\/wp-json\/wp\/v2\/posts\/976","targetHints":{"allow":["GET"]}}],"collection":[{"href":"https:\/\/solidaridadlatam.org\/brasil\/wp-json\/wp\/v2\/posts"}],"about":[{"href":"https:\/\/solidaridadlatam.org\/brasil\/wp-json\/wp\/v2\/types\/post"}],"author":[{"embeddable":true,"href":"https:\/\/solidaridadlatam.org\/brasil\/wp-json\/wp\/v2\/users\/4"}],"replies":[{"embeddable":true,"href":"https:\/\/solidaridadlatam.org\/brasil\/wp-json\/wp\/v2\/comments?post=976"}],"version-history":[{"count":0,"href":"https:\/\/solidaridadlatam.org\/brasil\/wp-json\/wp\/v2\/posts\/976\/revisions"}],"wp:featuredmedia":[{"embeddable":true,"href":"https:\/\/solidaridadlatam.org\/brasil\/wp-json\/wp\/v2\/media\/977"}],"wp:attachment":[{"href":"https:\/\/solidaridadlatam.org\/brasil\/wp-json\/wp\/v2\/media?parent=976"}],"wp:term":[{"taxonomy":"category","embeddable":true,"href":"https:\/\/solidaridadlatam.org\/brasil\/wp-json\/wp\/v2\/categories?post=976"},{"taxonomy":"post_tag","embeddable":true,"href":"https:\/\/solidaridadlatam.org\/brasil\/wp-json\/wp\/v2\/tags?post=976"},{"taxonomy":"paises","embeddable":true,"href":"https:\/\/solidaridadlatam.org\/brasil\/wp-json\/wp\/v2\/paises?post=976"},{"taxonomy":"programa","embeddable":true,"href":"https:\/\/solidaridadlatam.org\/brasil\/wp-json\/wp\/v2\/programa?post=976"},{"taxonomy":"tema","embeddable":true,"href":"https:\/\/solidaridadlatam.org\/brasil\/wp-json\/wp\/v2\/tema?post=976"},{"taxonomy":"formato","embeddable":true,"href":"https:\/\/solidaridadlatam.org\/brasil\/wp-json\/wp\/v2\/formato?post=976"}],"curies":[{"name":"wp","href":"https:\/\/api.w.org\/{rel}","templated":true}]}}