{"id":949,"date":"2016-04-04T00:00:00","date_gmt":"2016-04-04T00:00:00","guid":{"rendered":""},"modified":"2021-11-16T12:31:59","modified_gmt":"2021-11-16T12:31:59","slug":"apoyando-la-mejora-continua-en-la-cadena-de-c%c3%adtricos","status":"publish","type":"post","link":"https:\/\/solidaridadlatam.org\/brasil\/frutas\/apoyando-la-mejora-continua-en-la-cadena-de-c%c3%adtricos\/","title":{"rendered":"Apoyando la mejora continua en la cadena de c\u00edtricos"},"content":{"rendered":"<div>\n<div>\n<p>El sector c\u00edtrico tiene una&nbsp;importancia estrat\u00e9gica en el contexto de la agricultura brasilera debido a su peso en el comercio exterior y el uso de trabajo intensivo en las plantaciones.&nbsp;De hecho, el sector frut\u00edcola emplea al 27% del total de la masa trabajadora agr\u00edcola. No obstante, desde 2011, el sector est\u00e1 sufriendo una crisis. Esto se debe, por una parte, al &nbsp;menor&nbsp;consumo global de jugo de naranja que impacta en los precios por caja de fruta&nbsp;y, por otro, a la incidencia&nbsp;del &quot;greening&quot; (HLB), una tipo de c\u00e1ncer que ataca a los c\u00edtricos. Esto ha llevado a la erradicaci\u00f3n de millones de \u00e1rboles y a una migraci\u00f3n forzada hacia otros sectores de la econom\u00eda. El desarrollo del mercado interno podr\u00eda suplir la baja en las exportaciones de naranjas, por lo&nbsp;que se hace necesario combinar soluciones en campo adaptadas a todos los perfiles de productores e involucrar a todos los actores a lo largo de la cadena de valor para alinear efuerzos y fortalecer alianzas a nivel sectorial.&nbsp;<\/p>\n<ul>\t<\/p>\n<li>Inicio del proyecto: 01 de diciembre de 2014<\/li>\n<p>\t<\/p>\n<li>Fin del proyecto: 30&nbsp;de abril&nbsp;de&nbsp;2017<\/li>\n<p>\t<\/p>\n<li>Fondos: EUR92,856<\/li>\n<p>\t<\/p>\n<li>Socios: Citri, Friesland Campina Riedel, Firmenich, Sustainable Agriculture Initiative (SAI) Platform, European Fruit Juice Association (AIJN)<\/li>\n<p><\/ul>\n<p><strong>Grupos Beneficiarios<\/strong>:<\/p>\n<ul>\t<\/p>\n<li>Miembros de la cooperativa Citri&nbsp;&ndash; 57 peque\u00f1os y medianos productores con plantaciones de hasta 150.000 \u00e1rboles.&nbsp;<\/li>\n<p>\t<\/p>\n<li>Miembros de Unicitrus &#8211; 10 empresas agr\u00edcolas de gran escala con plantaciones de m\u00e1s de 150.000 \u00e1rboles.&nbsp;<\/li>\n<p>\t<\/p>\n<li>La Asociaci\u00f3n Brasilera de Exportadores de c\u00edtricos,&nbsp;Citrus BR, y sus miembros (Cutrale, Citrosuco, Louis Dreyfus Commodities).<\/li>\n<p>\t<\/p>\n<li>Actores a lo largo de la cadena de valor ( Asociaciones de productores, proveedores de insumos,&nbsp;Fundecitrus, Consecitrus)<\/li>\n<p><\/ul>\n<p><strong>Objetivos<\/strong><\/p>\n<p>El objetivo general de este proyecto es dise\u00f1ar y pilotear modelos de intervenci\u00f3n para apoyar&nbsp;la mejora cont\u00ednua en el \u00e1mbito de la producci\u00f3n de c\u00edtricos (naranjas) en Brasil usando como gu\u00eda de referencia los lineamientos de SAI Platform. Nuestra estrategia est\u00e1 compuesta por las siguientes l\u00edneas de trabajo:<\/p>\n<ul>\t<\/p>\n<li>Componente 1: Proveer a peque\u00f1os y medianos productores soluciones costo-eficientes para adaptar sus sistemas de producci\u00f3n a los requerimientos de SAI platform (criterios FSA) en alianza con Citri Agroindustrial.&nbsp;<\/li>\n<p>\t<\/p>\n<li>Componente 2: Involucrar a asociaciones de grandes productores para desarrollar y probar una herramienta de diagn\u00f3stico compatible con los criterios de SAI FSA y adaptada al contexto brasilero en alianza con Unicitrus.<\/li>\n<p>\t<\/p>\n<li>Componente 3: Involucrar a Citrus BR a nivel de sus propias planataciones industriales y proveedores tercerizados de distinta escala.&nbsp;<\/li>\n<p>\t<\/p>\n<li>Componente 4: Involucrar y garantizar que los actores clave de la cadena trabajen alineados. &nbsp;<\/li>\n<p><\/ul>\n<p><\/div>\n<\/div>\n<div>\n<div><\/div>\n<\/div>\n","protected":false},"excerpt":{"rendered":"<p>El sector c\u00edtrico tiene una&nbsp;importancia estrat\u00e9gica en el contexto de la agricultura brasilera debido a su peso en el comercio<\/p>\n","protected":false},"author":4,"featured_media":950,"comment_status":"open","ping_status":"closed","sticky":false,"template":"","format":"standard","meta":{"footnotes":""},"categories":[55,32,96],"tags":[],"paises":[],"programa":[],"tema":[],"formato":[],"class_list":["post-949","post","type-post","status-publish","format-standard","has-post-thumbnail","hentry","category-brasil","category-frutas","category-projeto"],"yoast_head":"<!-- This site is optimized with the Yoast SEO plugin v25.4 - https:\/\/yoast.com\/wordpress\/plugins\/seo\/ -->\n<title>Apoyando la mejora continua en la cadena de c\u00edtricos - Solidaridad Southamerica<\/title>\n<meta name=\"robots\" content=\"index, follow, max-snippet:-1, max-image-preview:large, max-video-preview:-1\" \/>\n<link rel=\"canonical\" href=\"https:\/\/solidaridadlatam.org\/brasil\/frutas\/apoyando-la-mejora-continua-en-la-cadena-de-c\u00edtricos\/\" \/>\n<meta property=\"og:locale\" content=\"es_ES\" \/>\n<meta property=\"og:type\" content=\"article\" \/>\n<meta property=\"og:title\" content=\"Apoyando la mejora continua en la cadena de c\u00edtricos - Solidaridad Southamerica\" \/>\n<meta property=\"og:description\" content=\"El sector c\u00edtrico tiene una&nbsp;importancia estrat\u00e9gica en el contexto de la agricultura brasilera debido a su peso en el comercio\" \/>\n<meta property=\"og:url\" content=\"https:\/\/solidaridadlatam.org\/brasil\/frutas\/apoyando-la-mejora-continua-en-la-cadena-de-c\u00edtricos\/\" \/>\n<meta property=\"og:site_name\" content=\"Solidaridad Southamerica\" \/>\n<meta property=\"article:published_time\" content=\"2016-04-04T00:00:00+00:00\" \/>\n<meta property=\"article:modified_time\" content=\"2021-11-16T12:31:59+00:00\" \/>\n<meta property=\"og:image\" content=\"https:\/\/solidaridadlatam.org\/brasil\/wp-content\/uploads\/2020\/11\/proyecto_citri.jpg\" \/>\n\t<meta property=\"og:image:width\" content=\"150\" \/>\n\t<meta property=\"og:image:height\" content=\"150\" \/>\n\t<meta property=\"og:image:type\" content=\"image\/jpeg\" \/>\n<meta name=\"author\" content=\"rosario.abramo\" \/>\n<meta name=\"twitter:card\" content=\"summary_large_image\" \/>\n<meta name=\"twitter:label1\" content=\"Escrito por\" \/>\n\t<meta name=\"twitter:data1\" content=\"rosario.abramo\" \/>\n\t<meta name=\"twitter:label2\" content=\"Tiempo de lectura\" \/>\n\t<meta name=\"twitter:data2\" content=\"2 minutos\" \/>\n<script type=\"application\/ld+json\" class=\"yoast-schema-graph\">{\"@context\":\"https:\/\/schema.org\",\"@graph\":[{\"@type\":\"WebPage\",\"@id\":\"https:\/\/solidaridadlatam.org\/brasil\/frutas\/apoyando-la-mejora-continua-en-la-cadena-de-c%c3%adtricos\/\",\"url\":\"https:\/\/solidaridadlatam.org\/brasil\/frutas\/apoyando-la-mejora-continua-en-la-cadena-de-c%c3%adtricos\/\",\"name\":\"Apoyando la mejora continua en la cadena de c\u00edtricos - Solidaridad Southamerica\",\"isPartOf\":{\"@id\":\"https:\/\/solidaridadlatam.org\/brasil\/#website\"},\"primaryImageOfPage\":{\"@id\":\"https:\/\/solidaridadlatam.org\/brasil\/frutas\/apoyando-la-mejora-continua-en-la-cadena-de-c%c3%adtricos\/#primaryimage\"},\"image\":{\"@id\":\"https:\/\/solidaridadlatam.org\/brasil\/frutas\/apoyando-la-mejora-continua-en-la-cadena-de-c%c3%adtricos\/#primaryimage\"},\"thumbnailUrl\":\"https:\/\/solidaridadlatam.org\/brasil\/wp-content\/uploads\/2020\/11\/proyecto_citri.jpg\",\"datePublished\":\"2016-04-04T00:00:00+00:00\",\"dateModified\":\"2021-11-16T12:31:59+00:00\",\"author\":{\"@id\":\"https:\/\/solidaridadlatam.org\/brasil\/#\/schema\/person\/98a684dfb618f75deb9977175f7f22a0\"},\"breadcrumb\":{\"@id\":\"https:\/\/solidaridadlatam.org\/brasil\/frutas\/apoyando-la-mejora-continua-en-la-cadena-de-c%c3%adtricos\/#breadcrumb\"},\"inLanguage\":\"es\",\"potentialAction\":[{\"@type\":\"ReadAction\",\"target\":[\"https:\/\/solidaridadlatam.org\/brasil\/frutas\/apoyando-la-mejora-continua-en-la-cadena-de-c%c3%adtricos\/\"]}]},{\"@type\":\"ImageObject\",\"inLanguage\":\"es\",\"@id\":\"https:\/\/solidaridadlatam.org\/brasil\/frutas\/apoyando-la-mejora-continua-en-la-cadena-de-c%c3%adtricos\/#primaryimage\",\"url\":\"https:\/\/solidaridadlatam.org\/brasil\/wp-content\/uploads\/2020\/11\/proyecto_citri.jpg\",\"contentUrl\":\"https:\/\/solidaridadlatam.org\/brasil\/wp-content\/uploads\/2020\/11\/proyecto_citri.jpg\",\"width\":150,\"height\":150},{\"@type\":\"BreadcrumbList\",\"@id\":\"https:\/\/solidaridadlatam.org\/brasil\/frutas\/apoyando-la-mejora-continua-en-la-cadena-de-c%c3%adtricos\/#breadcrumb\",\"itemListElement\":[{\"@type\":\"ListItem\",\"position\":1,\"name\":\"Portada\",\"item\":\"https:\/\/solidaridadlatam.org\/brasil\/\"},{\"@type\":\"ListItem\",\"position\":2,\"name\":\"Apoyando la mejora continua en la cadena de c\u00edtricos\"}]},{\"@type\":\"WebSite\",\"@id\":\"https:\/\/solidaridadlatam.org\/brasil\/#website\",\"url\":\"https:\/\/solidaridadlatam.org\/brasil\/\",\"name\":\"Solidaridad Southamerica\",\"description\":\"Organizaci\u00f3n Internacional sin fines de lucro con 50 a\u00f1os de experiencia a nivel global en desarrollo de mercados sostenibles e inclusivos\",\"potentialAction\":[{\"@type\":\"SearchAction\",\"target\":{\"@type\":\"EntryPoint\",\"urlTemplate\":\"https:\/\/solidaridadlatam.org\/brasil\/?s={search_term_string}\"},\"query-input\":{\"@type\":\"PropertyValueSpecification\",\"valueRequired\":true,\"valueName\":\"search_term_string\"}}],\"inLanguage\":\"es\"},{\"@type\":\"Person\",\"@id\":\"https:\/\/solidaridadlatam.org\/brasil\/#\/schema\/person\/98a684dfb618f75deb9977175f7f22a0\",\"name\":\"rosario.abramo\",\"image\":{\"@type\":\"ImageObject\",\"inLanguage\":\"es\",\"@id\":\"https:\/\/solidaridadlatam.org\/brasil\/#\/schema\/person\/image\/\",\"url\":\"https:\/\/secure.gravatar.com\/avatar\/369f4d18708e40372ea3e48556478bde?s=96&d=mm&r=g\",\"contentUrl\":\"https:\/\/secure.gravatar.com\/avatar\/369f4d18708e40372ea3e48556478bde?s=96&d=mm&r=g\",\"caption\":\"rosario.abramo\"},\"url\":\"https:\/\/solidaridadlatam.org\/brasil\/author\/rosario-abramo\/\"}]}<\/script>\n<!-- \/ Yoast SEO plugin. -->","yoast_head_json":{"title":"Apoyando la mejora continua en la cadena de c\u00edtricos - Solidaridad Southamerica","robots":{"index":"index","follow":"follow","max-snippet":"max-snippet:-1","max-image-preview":"max-image-preview:large","max-video-preview":"max-video-preview:-1"},"canonical":"https:\/\/solidaridadlatam.org\/brasil\/frutas\/apoyando-la-mejora-continua-en-la-cadena-de-c\u00edtricos\/","og_locale":"es_ES","og_type":"article","og_title":"Apoyando la mejora continua en la cadena de c\u00edtricos - Solidaridad Southamerica","og_description":"El sector c\u00edtrico tiene una&nbsp;importancia estrat\u00e9gica en el contexto de la agricultura brasilera debido a su peso en el comercio","og_url":"https:\/\/solidaridadlatam.org\/brasil\/frutas\/apoyando-la-mejora-continua-en-la-cadena-de-c\u00edtricos\/","og_site_name":"Solidaridad Southamerica","article_published_time":"2016-04-04T00:00:00+00:00","article_modified_time":"2021-11-16T12:31:59+00:00","og_image":[{"width":150,"height":150,"url":"https:\/\/solidaridadlatam.org\/brasil\/wp-content\/uploads\/2020\/11\/proyecto_citri.jpg","type":"image\/jpeg"}],"author":"rosario.abramo","twitter_card":"summary_large_image","twitter_misc":{"Escrito por":"rosario.abramo","Tiempo de lectura":"2 minutos"},"schema":{"@context":"https:\/\/schema.org","@graph":[{"@type":"WebPage","@id":"https:\/\/solidaridadlatam.org\/brasil\/frutas\/apoyando-la-mejora-continua-en-la-cadena-de-c%c3%adtricos\/","url":"https:\/\/solidaridadlatam.org\/brasil\/frutas\/apoyando-la-mejora-continua-en-la-cadena-de-c%c3%adtricos\/","name":"Apoyando la mejora continua en la cadena de c\u00edtricos - Solidaridad Southamerica","isPartOf":{"@id":"https:\/\/solidaridadlatam.org\/brasil\/#website"},"primaryImageOfPage":{"@id":"https:\/\/solidaridadlatam.org\/brasil\/frutas\/apoyando-la-mejora-continua-en-la-cadena-de-c%c3%adtricos\/#primaryimage"},"image":{"@id":"https:\/\/solidaridadlatam.org\/brasil\/frutas\/apoyando-la-mejora-continua-en-la-cadena-de-c%c3%adtricos\/#primaryimage"},"thumbnailUrl":"https:\/\/solidaridadlatam.org\/brasil\/wp-content\/uploads\/2020\/11\/proyecto_citri.jpg","datePublished":"2016-04-04T00:00:00+00:00","dateModified":"2021-11-16T12:31:59+00:00","author":{"@id":"https:\/\/solidaridadlatam.org\/brasil\/#\/schema\/person\/98a684dfb618f75deb9977175f7f22a0"},"breadcrumb":{"@id":"https:\/\/solidaridadlatam.org\/brasil\/frutas\/apoyando-la-mejora-continua-en-la-cadena-de-c%c3%adtricos\/#breadcrumb"},"inLanguage":"es","potentialAction":[{"@type":"ReadAction","target":["https:\/\/solidaridadlatam.org\/brasil\/frutas\/apoyando-la-mejora-continua-en-la-cadena-de-c%c3%adtricos\/"]}]},{"@type":"ImageObject","inLanguage":"es","@id":"https:\/\/solidaridadlatam.org\/brasil\/frutas\/apoyando-la-mejora-continua-en-la-cadena-de-c%c3%adtricos\/#primaryimage","url":"https:\/\/solidaridadlatam.org\/brasil\/wp-content\/uploads\/2020\/11\/proyecto_citri.jpg","contentUrl":"https:\/\/solidaridadlatam.org\/brasil\/wp-content\/uploads\/2020\/11\/proyecto_citri.jpg","width":150,"height":150},{"@type":"BreadcrumbList","@id":"https:\/\/solidaridadlatam.org\/brasil\/frutas\/apoyando-la-mejora-continua-en-la-cadena-de-c%c3%adtricos\/#breadcrumb","itemListElement":[{"@type":"ListItem","position":1,"name":"Portada","item":"https:\/\/solidaridadlatam.org\/brasil\/"},{"@type":"ListItem","position":2,"name":"Apoyando la mejora continua en la cadena de c\u00edtricos"}]},{"@type":"WebSite","@id":"https:\/\/solidaridadlatam.org\/brasil\/#website","url":"https:\/\/solidaridadlatam.org\/brasil\/","name":"Solidaridad Southamerica","description":"Organizaci\u00f3n Internacional sin fines de lucro con 50 a\u00f1os de experiencia a nivel global en desarrollo de mercados sostenibles e inclusivos","potentialAction":[{"@type":"SearchAction","target":{"@type":"EntryPoint","urlTemplate":"https:\/\/solidaridadlatam.org\/brasil\/?s={search_term_string}"},"query-input":{"@type":"PropertyValueSpecification","valueRequired":true,"valueName":"search_term_string"}}],"inLanguage":"es"},{"@type":"Person","@id":"https:\/\/solidaridadlatam.org\/brasil\/#\/schema\/person\/98a684dfb618f75deb9977175f7f22a0","name":"rosario.abramo","image":{"@type":"ImageObject","inLanguage":"es","@id":"https:\/\/solidaridadlatam.org\/brasil\/#\/schema\/person\/image\/","url":"https:\/\/secure.gravatar.com\/avatar\/369f4d18708e40372ea3e48556478bde?s=96&d=mm&r=g","contentUrl":"https:\/\/secure.gravatar.com\/avatar\/369f4d18708e40372ea3e48556478bde?s=96&d=mm&r=g","caption":"rosario.abramo"},"url":"https:\/\/solidaridadlatam.org\/brasil\/author\/rosario-abramo\/"}]}},"_links":{"self":[{"href":"https:\/\/solidaridadlatam.org\/brasil\/wp-json\/wp\/v2\/posts\/949","targetHints":{"allow":["GET"]}}],"collection":[{"href":"https:\/\/solidaridadlatam.org\/brasil\/wp-json\/wp\/v2\/posts"}],"about":[{"href":"https:\/\/solidaridadlatam.org\/brasil\/wp-json\/wp\/v2\/types\/post"}],"author":[{"embeddable":true,"href":"https:\/\/solidaridadlatam.org\/brasil\/wp-json\/wp\/v2\/users\/4"}],"replies":[{"embeddable":true,"href":"https:\/\/solidaridadlatam.org\/brasil\/wp-json\/wp\/v2\/comments?post=949"}],"version-history":[{"count":0,"href":"https:\/\/solidaridadlatam.org\/brasil\/wp-json\/wp\/v2\/posts\/949\/revisions"}],"wp:featuredmedia":[{"embeddable":true,"href":"https:\/\/solidaridadlatam.org\/brasil\/wp-json\/wp\/v2\/media\/950"}],"wp:attachment":[{"href":"https:\/\/solidaridadlatam.org\/brasil\/wp-json\/wp\/v2\/media?parent=949"}],"wp:term":[{"taxonomy":"category","embeddable":true,"href":"https:\/\/solidaridadlatam.org\/brasil\/wp-json\/wp\/v2\/categories?post=949"},{"taxonomy":"post_tag","embeddable":true,"href":"https:\/\/solidaridadlatam.org\/brasil\/wp-json\/wp\/v2\/tags?post=949"},{"taxonomy":"paises","embeddable":true,"href":"https:\/\/solidaridadlatam.org\/brasil\/wp-json\/wp\/v2\/paises?post=949"},{"taxonomy":"programa","embeddable":true,"href":"https:\/\/solidaridadlatam.org\/brasil\/wp-json\/wp\/v2\/programa?post=949"},{"taxonomy":"tema","embeddable":true,"href":"https:\/\/solidaridadlatam.org\/brasil\/wp-json\/wp\/v2\/tema?post=949"},{"taxonomy":"formato","embeddable":true,"href":"https:\/\/solidaridadlatam.org\/brasil\/wp-json\/wp\/v2\/formato?post=949"}],"curies":[{"name":"wp","href":"https:\/\/api.w.org\/{rel}","templated":true}]}}