{"id":899,"date":"2015-03-27T00:00:00","date_gmt":"2015-03-27T00:00:00","guid":{"rendered":""},"modified":"2021-11-16T12:31:58","modified_gmt":"2021-11-16T12:31:58","slug":"plataforma-de-comercio-sostenible","status":"publish","type":"post","link":"https:\/\/solidaridadlatam.org\/brasil\/palma\/plataforma-de-comercio-sostenible\/","title":{"rendered":"Plataforma de Comercio Sostenible"},"content":{"rendered":"<div>\n<div>\n<p dir=\"ltr\">La Plataforma de Comercio Sostenible (STP) es una iniciativa que promueve asociaciones entre empresas privadas, el gobierno colombiano y organizaciones de la sociedad civil para garantizar que el suministro de productos agr\u00edcolas en Colombia satisfaga la creciente demanda mundial de ingredientes sostenibles. Tambi\u00e9n apunta a posicionar a Colombia como un origen bien establecido para productos sostenibles.<\/p>\n<p dir=\"ltr\"><strong>Inicio del proyecto<\/strong>: 01\/01\/2012<\/p>\n<p dir=\"ltr\"><strong>Fin del proyecto<\/strong>: 31\/12\/2016<\/p>\n<p dir=\"ltr\"><strong>Fondos<\/strong>: 341,367.00 Euros<\/p>\n<p dir=\"ltr\"><strong>Objetivo<\/strong>:<\/p>\n<ul dir=\"ltr\">\n<li>Trabajar en forma coordinada con actores estrat\u00e9gicos de la agroindustria de la palma de aceite para cerrar la brecha entre la oferta y la demanda de aceite de palma sostenible.<\/li>\n<li>Asegurar que el 60% de toda la producci\u00f3n de caf\u00e9 en Colombia sea sostenible para fines de 2015.<\/li>\n<li>Producir de forma sostenible 36 millones de cajas de pl\u00e1tanos.<\/li>\n<li>Aumentar la explosi\u00f3n de flores sostenibles en un 25%<\/li>\n<li>Producir 200 mil toneladas de aceite de palma sostenible a fines de 2016.<\/li>\n<\/ul>\n<p dir=\"ltr\"><strong>Grupo Beneficiario Directo<\/strong>: Sector palmicultor Colombiano y peque\u00f1os productores. Se planea obtener 200.000 toneladas de aceite de palma certificadas RSPO, 15.000 hect\u00e1reas de peque\u00f1os productores aplicar\u00e1n buenas pr\u00e1cticas agr\u00edcolas.<\/p>\n<p dir=\"ltr\"><strong>Resultados alcanzados al 2016:<\/strong><\/p>\n<ul dir=\"ltr\">\n<li>123,212.00 toneladas de aceite de palma certificadas<\/li>\n<li>14.207 hect\u00e1reas de peque\u00f1os productores con mejores pr\u00e1cticas agr\u00edcolas.<\/li>\n<li>Grupo de 164 peque\u00f1os productores certificados RSPO<\/li>\n<li>3.581 trabajadores se benefician de mejores condiciones laborales<\/li>\n<li>1.088 productores aplicando pr\u00e1cticas sostenibles<\/li>\n<li>Solidaridad y la PCS es co-presidente del grupo consultivo para Am\u00e9rica Latina, con el objetivo de incidir en las decisiones que toma el Secretariado de la RSPO, usualmente orientadas a la realidad del Sudeste asi\u00e1tico, para que sean aplicables a Am\u00e9rica Latina.<\/li>\n<\/ul>\n<p dir=\"ltr\"><strong>Socios estrat\u00e9gicos<\/strong>: Aceites S.A., Aceites Manuelita S.A., Agrobiz, Agroince, CI Biocosta S.A., Control Uni\u00f3n, Daabon, Extractora Palmariguan\u00ed S.A., Extrarsa S.A.S., Extractora Frupalma S.A., Grasco, Grupo Empresarial Palmero Tumaco, Grupo \u00c9xito, Hacienda La Caba\u00f1a, IFC-Banco Mundial, Indupalma, Johnson & Johnson, NES Naturaleza S.A.S, Oleoflores, Palmaceite S.A.,Palmeiras Colombia, Palmas del Casanare, Palmas del Cesar, Palmagro, Poligrow, Teamfoods Colombia S.A., Unilever, Bioap S.A.S., Programa de Transformaci\u00f3n Productiva.<\/p>\n<\/div>\n<\/div>\n<div>\n<div><\/div>\n<\/div>\n","protected":false},"excerpt":{"rendered":"<p>La Plataforma de Comercio Sostenible (STP) es una iniciativa que promueve asociaciones entre empresas privadas, el gobierno colombiano y organizaciones<\/p>\n","protected":false},"author":4,"featured_media":7877,"comment_status":"open","ping_status":"closed","sticky":false,"template":"","format":"standard","meta":{"footnotes":""},"categories":[35,96],"tags":[],"paises":[],"programa":[],"tema":[],"formato":[],"class_list":["post-899","post","type-post","status-publish","format-standard","has-post-thumbnail","hentry","category-palma","category-projeto"],"yoast_head":"<!-- This site is optimized with the Yoast SEO plugin v25.4 - https:\/\/yoast.com\/wordpress\/plugins\/seo\/ -->\n<title>Plataforma de Comercio Sostenible - Solidaridad Southamerica<\/title>\n<meta name=\"robots\" content=\"index, follow, max-snippet:-1, max-image-preview:large, max-video-preview:-1\" \/>\n<link rel=\"canonical\" href=\"https:\/\/solidaridadlatam.org\/brasil\/colombia\/plataforma-de-comercio-sostenible\/\" \/>\n<meta property=\"og:locale\" content=\"es_ES\" \/>\n<meta property=\"og:type\" content=\"article\" \/>\n<meta property=\"og:title\" content=\"Plataforma de Comercio Sostenible - Solidaridad Southamerica\" \/>\n<meta property=\"og:description\" content=\"La Plataforma de Comercio Sostenible (STP) es una iniciativa que promueve asociaciones entre empresas privadas, el gobierno colombiano y organizaciones\" \/>\n<meta property=\"og:url\" content=\"https:\/\/solidaridadlatam.org\/brasil\/colombia\/plataforma-de-comercio-sostenible\/\" \/>\n<meta property=\"og:site_name\" content=\"Solidaridad Southamerica\" \/>\n<meta property=\"article:published_time\" content=\"2015-03-27T00:00:00+00:00\" \/>\n<meta property=\"article:modified_time\" content=\"2021-11-16T12:31:58+00:00\" \/>\n<meta name=\"author\" content=\"rosario.abramo\" \/>\n<meta name=\"twitter:card\" content=\"summary_large_image\" \/>\n<meta name=\"twitter:label1\" content=\"Escrito por\" \/>\n\t<meta name=\"twitter:data1\" content=\"rosario.abramo\" \/>\n\t<meta name=\"twitter:label2\" content=\"Tiempo de lectura\" \/>\n\t<meta name=\"twitter:data2\" content=\"2 minutos\" \/>\n<script type=\"application\/ld+json\" class=\"yoast-schema-graph\">{\"@context\":\"https:\/\/schema.org\",\"@graph\":[{\"@type\":\"WebPage\",\"@id\":\"https:\/\/solidaridadlatam.org\/brasil\/colombia\/plataforma-de-comercio-sostenible\/\",\"url\":\"https:\/\/solidaridadlatam.org\/brasil\/colombia\/plataforma-de-comercio-sostenible\/\",\"name\":\"Plataforma de Comercio Sostenible - Solidaridad Southamerica\",\"isPartOf\":{\"@id\":\"https:\/\/solidaridadlatam.org\/brasil\/#website\"},\"primaryImageOfPage\":{\"@id\":\"https:\/\/solidaridadlatam.org\/brasil\/colombia\/plataforma-de-comercio-sostenible\/#primaryimage\"},\"image\":{\"@id\":\"https:\/\/solidaridadlatam.org\/brasil\/colombia\/plataforma-de-comercio-sostenible\/#primaryimage\"},\"thumbnailUrl\":\"https:\/\/solidaridadlatam.org\/brasil\/wp-content\/uploads\/2015\/03\/proyecto-palma-03.jpg\",\"datePublished\":\"2015-03-27T00:00:00+00:00\",\"dateModified\":\"2021-11-16T12:31:58+00:00\",\"author\":{\"@id\":\"https:\/\/solidaridadlatam.org\/brasil\/#\/schema\/person\/98a684dfb618f75deb9977175f7f22a0\"},\"breadcrumb\":{\"@id\":\"https:\/\/solidaridadlatam.org\/brasil\/colombia\/plataforma-de-comercio-sostenible\/#breadcrumb\"},\"inLanguage\":\"es\",\"potentialAction\":[{\"@type\":\"ReadAction\",\"target\":[\"https:\/\/solidaridadlatam.org\/brasil\/colombia\/plataforma-de-comercio-sostenible\/\"]}]},{\"@type\":\"ImageObject\",\"inLanguage\":\"es\",\"@id\":\"https:\/\/solidaridadlatam.org\/brasil\/colombia\/plataforma-de-comercio-sostenible\/#primaryimage\",\"url\":\"https:\/\/solidaridadlatam.org\/brasil\/wp-content\/uploads\/2015\/03\/proyecto-palma-03.jpg\",\"contentUrl\":\"https:\/\/solidaridadlatam.org\/brasil\/wp-content\/uploads\/2015\/03\/proyecto-palma-03.jpg\",\"width\":400,\"height\":267},{\"@type\":\"BreadcrumbList\",\"@id\":\"https:\/\/solidaridadlatam.org\/brasil\/colombia\/plataforma-de-comercio-sostenible\/#breadcrumb\",\"itemListElement\":[{\"@type\":\"ListItem\",\"position\":1,\"name\":\"Portada\",\"item\":\"https:\/\/solidaridadlatam.org\/brasil\/\"},{\"@type\":\"ListItem\",\"position\":2,\"name\":\"Plataforma de Comercio Sostenible\"}]},{\"@type\":\"WebSite\",\"@id\":\"https:\/\/solidaridadlatam.org\/brasil\/#website\",\"url\":\"https:\/\/solidaridadlatam.org\/brasil\/\",\"name\":\"Solidaridad Southamerica\",\"description\":\"Organizaci\u00f3n Internacional sin fines de lucro con 50 a\u00f1os de experiencia a nivel global en desarrollo de mercados sostenibles e inclusivos\",\"potentialAction\":[{\"@type\":\"SearchAction\",\"target\":{\"@type\":\"EntryPoint\",\"urlTemplate\":\"https:\/\/solidaridadlatam.org\/brasil\/?s={search_term_string}\"},\"query-input\":{\"@type\":\"PropertyValueSpecification\",\"valueRequired\":true,\"valueName\":\"search_term_string\"}}],\"inLanguage\":\"es\"},{\"@type\":\"Person\",\"@id\":\"https:\/\/solidaridadlatam.org\/brasil\/#\/schema\/person\/98a684dfb618f75deb9977175f7f22a0\",\"name\":\"rosario.abramo\",\"image\":{\"@type\":\"ImageObject\",\"inLanguage\":\"es\",\"@id\":\"https:\/\/solidaridadlatam.org\/brasil\/#\/schema\/person\/image\/\",\"url\":\"https:\/\/secure.gravatar.com\/avatar\/369f4d18708e40372ea3e48556478bde?s=96&d=mm&r=g\",\"contentUrl\":\"https:\/\/secure.gravatar.com\/avatar\/369f4d18708e40372ea3e48556478bde?s=96&d=mm&r=g\",\"caption\":\"rosario.abramo\"},\"url\":\"https:\/\/solidaridadlatam.org\/brasil\/author\/rosario-abramo\/\"}]}<\/script>\n<!-- \/ Yoast SEO plugin. -->","yoast_head_json":{"title":"Plataforma de Comercio Sostenible - Solidaridad Southamerica","robots":{"index":"index","follow":"follow","max-snippet":"max-snippet:-1","max-image-preview":"max-image-preview:large","max-video-preview":"max-video-preview:-1"},"canonical":"https:\/\/solidaridadlatam.org\/brasil\/colombia\/plataforma-de-comercio-sostenible\/","og_locale":"es_ES","og_type":"article","og_title":"Plataforma de Comercio Sostenible - Solidaridad Southamerica","og_description":"La Plataforma de Comercio Sostenible (STP) es una iniciativa que promueve asociaciones entre empresas privadas, el gobierno colombiano y organizaciones","og_url":"https:\/\/solidaridadlatam.org\/brasil\/colombia\/plataforma-de-comercio-sostenible\/","og_site_name":"Solidaridad Southamerica","article_published_time":"2015-03-27T00:00:00+00:00","article_modified_time":"2021-11-16T12:31:58+00:00","author":"rosario.abramo","twitter_card":"summary_large_image","twitter_misc":{"Escrito por":"rosario.abramo","Tiempo de lectura":"2 minutos"},"schema":{"@context":"https:\/\/schema.org","@graph":[{"@type":"WebPage","@id":"https:\/\/solidaridadlatam.org\/brasil\/colombia\/plataforma-de-comercio-sostenible\/","url":"https:\/\/solidaridadlatam.org\/brasil\/colombia\/plataforma-de-comercio-sostenible\/","name":"Plataforma de Comercio Sostenible - Solidaridad Southamerica","isPartOf":{"@id":"https:\/\/solidaridadlatam.org\/brasil\/#website"},"primaryImageOfPage":{"@id":"https:\/\/solidaridadlatam.org\/brasil\/colombia\/plataforma-de-comercio-sostenible\/#primaryimage"},"image":{"@id":"https:\/\/solidaridadlatam.org\/brasil\/colombia\/plataforma-de-comercio-sostenible\/#primaryimage"},"thumbnailUrl":"https:\/\/solidaridadlatam.org\/brasil\/wp-content\/uploads\/2015\/03\/proyecto-palma-03.jpg","datePublished":"2015-03-27T00:00:00+00:00","dateModified":"2021-11-16T12:31:58+00:00","author":{"@id":"https:\/\/solidaridadlatam.org\/brasil\/#\/schema\/person\/98a684dfb618f75deb9977175f7f22a0"},"breadcrumb":{"@id":"https:\/\/solidaridadlatam.org\/brasil\/colombia\/plataforma-de-comercio-sostenible\/#breadcrumb"},"inLanguage":"es","potentialAction":[{"@type":"ReadAction","target":["https:\/\/solidaridadlatam.org\/brasil\/colombia\/plataforma-de-comercio-sostenible\/"]}]},{"@type":"ImageObject","inLanguage":"es","@id":"https:\/\/solidaridadlatam.org\/brasil\/colombia\/plataforma-de-comercio-sostenible\/#primaryimage","url":"https:\/\/solidaridadlatam.org\/brasil\/wp-content\/uploads\/2015\/03\/proyecto-palma-03.jpg","contentUrl":"https:\/\/solidaridadlatam.org\/brasil\/wp-content\/uploads\/2015\/03\/proyecto-palma-03.jpg","width":400,"height":267},{"@type":"BreadcrumbList","@id":"https:\/\/solidaridadlatam.org\/brasil\/colombia\/plataforma-de-comercio-sostenible\/#breadcrumb","itemListElement":[{"@type":"ListItem","position":1,"name":"Portada","item":"https:\/\/solidaridadlatam.org\/brasil\/"},{"@type":"ListItem","position":2,"name":"Plataforma de Comercio Sostenible"}]},{"@type":"WebSite","@id":"https:\/\/solidaridadlatam.org\/brasil\/#website","url":"https:\/\/solidaridadlatam.org\/brasil\/","name":"Solidaridad Southamerica","description":"Organizaci\u00f3n Internacional sin fines de lucro con 50 a\u00f1os de experiencia a nivel global en desarrollo de mercados sostenibles e inclusivos","potentialAction":[{"@type":"SearchAction","target":{"@type":"EntryPoint","urlTemplate":"https:\/\/solidaridadlatam.org\/brasil\/?s={search_term_string}"},"query-input":{"@type":"PropertyValueSpecification","valueRequired":true,"valueName":"search_term_string"}}],"inLanguage":"es"},{"@type":"Person","@id":"https:\/\/solidaridadlatam.org\/brasil\/#\/schema\/person\/98a684dfb618f75deb9977175f7f22a0","name":"rosario.abramo","image":{"@type":"ImageObject","inLanguage":"es","@id":"https:\/\/solidaridadlatam.org\/brasil\/#\/schema\/person\/image\/","url":"https:\/\/secure.gravatar.com\/avatar\/369f4d18708e40372ea3e48556478bde?s=96&d=mm&r=g","contentUrl":"https:\/\/secure.gravatar.com\/avatar\/369f4d18708e40372ea3e48556478bde?s=96&d=mm&r=g","caption":"rosario.abramo"},"url":"https:\/\/solidaridadlatam.org\/brasil\/author\/rosario-abramo\/"}]}},"_links":{"self":[{"href":"https:\/\/solidaridadlatam.org\/brasil\/wp-json\/wp\/v2\/posts\/899","targetHints":{"allow":["GET"]}}],"collection":[{"href":"https:\/\/solidaridadlatam.org\/brasil\/wp-json\/wp\/v2\/posts"}],"about":[{"href":"https:\/\/solidaridadlatam.org\/brasil\/wp-json\/wp\/v2\/types\/post"}],"author":[{"embeddable":true,"href":"https:\/\/solidaridadlatam.org\/brasil\/wp-json\/wp\/v2\/users\/4"}],"replies":[{"embeddable":true,"href":"https:\/\/solidaridadlatam.org\/brasil\/wp-json\/wp\/v2\/comments?post=899"}],"version-history":[{"count":0,"href":"https:\/\/solidaridadlatam.org\/brasil\/wp-json\/wp\/v2\/posts\/899\/revisions"}],"wp:featuredmedia":[{"embeddable":true,"href":"https:\/\/solidaridadlatam.org\/brasil\/wp-json\/wp\/v2\/media\/7877"}],"wp:attachment":[{"href":"https:\/\/solidaridadlatam.org\/brasil\/wp-json\/wp\/v2\/media?parent=899"}],"wp:term":[{"taxonomy":"category","embeddable":true,"href":"https:\/\/solidaridadlatam.org\/brasil\/wp-json\/wp\/v2\/categories?post=899"},{"taxonomy":"post_tag","embeddable":true,"href":"https:\/\/solidaridadlatam.org\/brasil\/wp-json\/wp\/v2\/tags?post=899"},{"taxonomy":"paises","embeddable":true,"href":"https:\/\/solidaridadlatam.org\/brasil\/wp-json\/wp\/v2\/paises?post=899"},{"taxonomy":"programa","embeddable":true,"href":"https:\/\/solidaridadlatam.org\/brasil\/wp-json\/wp\/v2\/programa?post=899"},{"taxonomy":"tema","embeddable":true,"href":"https:\/\/solidaridadlatam.org\/brasil\/wp-json\/wp\/v2\/tema?post=899"},{"taxonomy":"formato","embeddable":true,"href":"https:\/\/solidaridadlatam.org\/brasil\/wp-json\/wp\/v2\/formato?post=899"}],"curies":[{"name":"wp","href":"https:\/\/api.w.org\/{rel}","templated":true}]}}