{"id":897,"date":"2015-03-27T00:00:00","date_gmt":"2015-03-27T00:00:00","guid":{"rendered":""},"modified":"2021-11-16T12:31:58","modified_gmt":"2021-11-16T12:31:58","slug":"incorporaci%c3%b3n-de-una-producci%c3%b3n-de-aceite-de-palma-sostenible-en-ecuador","status":"publish","type":"post","link":"https:\/\/solidaridadlatam.org\/brasil\/palma\/incorporaci%c3%b3n-de-una-producci%c3%b3n-de-aceite-de-palma-sostenible-en-ecuador\/","title":{"rendered":"Incorporaci\u00f3n de una producci\u00f3n de aceite de palma sostenible en Ecuador"},"content":{"rendered":"<div>\n<div>\n<ul>\n<li><strong>Inicio del proyecto:<\/strong> Abril 2013<\/li>\n<li><strong>Fin del proyecto: <\/strong>Abril 2015&nbsp;<\/li>\n<li><strong>Fondos:<\/strong> EUR 615.305 Contribuci\u00f3n FSP: EUR 196.327&nbsp;<\/li>\n<\/ul>\n<p><strong>Objetivo: <\/strong>Apoyar a los agricultores en el proceso de transici\u00f3n a pr\u00e1cticas de producci\u00f3n sostenibles. El proyecto llevar\u00e1 a cabo evaluaciones de l\u00ednea base, preparaci\u00f3n del material adaptado a las necesidades de los agricultores locales, capacitaciones para la adopci\u00f3n de buenas pr\u00e1cticas agr\u00edcolas e intensificaci\u00f3n de los rendimientos con el fin de mejorar las condiciones de vida de los trabajadores y las comunidades.&nbsp;<\/p>\n<p><strong>Grupo Beneficiario Directo: <\/strong>93 peque\u00f1os agricultores, 556 trabajadores y obtenci\u00f3n de la certificaci\u00f3n RSPO en 3.862 hect\u00e1reas.<\/p>\n<p><strong>Grupo Beneficiario Indirecto:<\/strong> 780 peque\u00f1os agricultores, 4.502 trabajadores y aplicaci\u00f3n de buenas pr\u00e1cticas agr\u00edcolas en 31.200 hect\u00e1reas.&nbsp;<\/p>\n<p><strong>Resultados alcanzados al 2014:<\/strong> 2.757 hect\u00e1reas certificadas RSPO, 93 peque\u00f1os productores aplicando pr\u00e1cticas sostenibles y certificados, 438 trabajadores con mejores condiciones laborales. Sistemas de control de gesti\u00f3n integrada de plagas, uso de agroproductos no qu\u00edmicos, pr\u00e1cticas implementadas para evitar la erosi\u00f3n del suelo, manejo integrado de residuos.&nbsp;<\/p>\n<p><strong>Socios estrat\u00e9gicos<\/strong>: Natural Habitats Group (NHG), Ancupa Beneficios generados (nivel local, regional, nacional, supranacional) Nivel regional, zona de Esmeraldas.&nbsp;<\/p>\n<p>&nbsp;<\/p>\n<p>&nbsp;<\/p>\n<\/div>\n<\/div>\n<div>\n<div><\/div>\n<\/div>\n","protected":false},"excerpt":{"rendered":"<p>Inicio del proyecto: Abril 2013 Fin del proyecto: Abril 2015&nbsp; Fondos: EUR 615.305 Contribuci\u00f3n FSP: EUR 196.327&nbsp; Objetivo: Apoyar a<\/p>\n","protected":false},"author":4,"featured_media":7879,"comment_status":"open","ping_status":"closed","sticky":false,"template":"","format":"standard","meta":{"footnotes":""},"categories":[35,96],"tags":[],"paises":[],"programa":[],"tema":[],"formato":[],"class_list":["post-897","post","type-post","status-publish","format-standard","has-post-thumbnail","hentry","category-palma","category-projeto"],"yoast_head":"<!-- This site is optimized with the Yoast SEO plugin v25.4 - https:\/\/yoast.com\/wordpress\/plugins\/seo\/ -->\n<title>Incorporaci\u00f3n de una producci\u00f3n de aceite de palma sostenible en Ecuador - Solidaridad Southamerica<\/title>\n<meta name=\"robots\" content=\"index, follow, max-snippet:-1, max-image-preview:large, max-video-preview:-1\" \/>\n<link rel=\"canonical\" href=\"https:\/\/solidaridadlatam.org\/brasil\/palma\/incorporaci\u00f3n-de-una-producci\u00f3n-de-aceite-de-palma-sostenible-en-ecuador\/\" \/>\n<meta property=\"og:locale\" content=\"es_ES\" \/>\n<meta property=\"og:type\" content=\"article\" \/>\n<meta property=\"og:title\" content=\"Incorporaci\u00f3n de una producci\u00f3n de aceite de palma sostenible en Ecuador - Solidaridad Southamerica\" \/>\n<meta property=\"og:description\" content=\"Inicio del proyecto: Abril 2013 Fin del proyecto: Abril 2015&nbsp; Fondos: EUR 615.305 Contribuci\u00f3n FSP: EUR 196.327&nbsp; Objetivo: Apoyar a\" \/>\n<meta property=\"og:url\" content=\"https:\/\/solidaridadlatam.org\/brasil\/palma\/incorporaci\u00f3n-de-una-producci\u00f3n-de-aceite-de-palma-sostenible-en-ecuador\/\" \/>\n<meta property=\"og:site_name\" content=\"Solidaridad Southamerica\" \/>\n<meta property=\"article:published_time\" content=\"2015-03-27T00:00:00+00:00\" \/>\n<meta property=\"article:modified_time\" content=\"2021-11-16T12:31:58+00:00\" \/>\n<meta name=\"author\" content=\"rosario.abramo\" \/>\n<meta name=\"twitter:card\" content=\"summary_large_image\" \/>\n<meta name=\"twitter:label1\" content=\"Escrito por\" \/>\n\t<meta name=\"twitter:data1\" content=\"rosario.abramo\" \/>\n\t<meta name=\"twitter:label2\" content=\"Tiempo de lectura\" \/>\n\t<meta name=\"twitter:data2\" content=\"1 minuto\" \/>\n<script type=\"application\/ld+json\" class=\"yoast-schema-graph\">{\"@context\":\"https:\/\/schema.org\",\"@graph\":[{\"@type\":\"WebPage\",\"@id\":\"https:\/\/solidaridadlatam.org\/brasil\/palma\/incorporaci%c3%b3n-de-una-producci%c3%b3n-de-aceite-de-palma-sostenible-en-ecuador\/\",\"url\":\"https:\/\/solidaridadlatam.org\/brasil\/palma\/incorporaci%c3%b3n-de-una-producci%c3%b3n-de-aceite-de-palma-sostenible-en-ecuador\/\",\"name\":\"Incorporaci\u00f3n de una producci\u00f3n de aceite de palma sostenible en Ecuador - Solidaridad Southamerica\",\"isPartOf\":{\"@id\":\"https:\/\/solidaridadlatam.org\/brasil\/#website\"},\"primaryImageOfPage\":{\"@id\":\"https:\/\/solidaridadlatam.org\/brasil\/palma\/incorporaci%c3%b3n-de-una-producci%c3%b3n-de-aceite-de-palma-sostenible-en-ecuador\/#primaryimage\"},\"image\":{\"@id\":\"https:\/\/solidaridadlatam.org\/brasil\/palma\/incorporaci%c3%b3n-de-una-producci%c3%b3n-de-aceite-de-palma-sostenible-en-ecuador\/#primaryimage\"},\"thumbnailUrl\":\"https:\/\/solidaridadlatam.org\/brasil\/wp-content\/uploads\/2015\/03\/proyecto-palma-01.jpg\",\"datePublished\":\"2015-03-27T00:00:00+00:00\",\"dateModified\":\"2021-11-16T12:31:58+00:00\",\"author\":{\"@id\":\"https:\/\/solidaridadlatam.org\/brasil\/#\/schema\/person\/98a684dfb618f75deb9977175f7f22a0\"},\"breadcrumb\":{\"@id\":\"https:\/\/solidaridadlatam.org\/brasil\/palma\/incorporaci%c3%b3n-de-una-producci%c3%b3n-de-aceite-de-palma-sostenible-en-ecuador\/#breadcrumb\"},\"inLanguage\":\"es\",\"potentialAction\":[{\"@type\":\"ReadAction\",\"target\":[\"https:\/\/solidaridadlatam.org\/brasil\/palma\/incorporaci%c3%b3n-de-una-producci%c3%b3n-de-aceite-de-palma-sostenible-en-ecuador\/\"]}]},{\"@type\":\"ImageObject\",\"inLanguage\":\"es\",\"@id\":\"https:\/\/solidaridadlatam.org\/brasil\/palma\/incorporaci%c3%b3n-de-una-producci%c3%b3n-de-aceite-de-palma-sostenible-en-ecuador\/#primaryimage\",\"url\":\"https:\/\/solidaridadlatam.org\/brasil\/wp-content\/uploads\/2015\/03\/proyecto-palma-01.jpg\",\"contentUrl\":\"https:\/\/solidaridadlatam.org\/brasil\/wp-content\/uploads\/2015\/03\/proyecto-palma-01.jpg\",\"width\":400,\"height\":267},{\"@type\":\"BreadcrumbList\",\"@id\":\"https:\/\/solidaridadlatam.org\/brasil\/palma\/incorporaci%c3%b3n-de-una-producci%c3%b3n-de-aceite-de-palma-sostenible-en-ecuador\/#breadcrumb\",\"itemListElement\":[{\"@type\":\"ListItem\",\"position\":1,\"name\":\"Portada\",\"item\":\"https:\/\/solidaridadlatam.org\/brasil\/\"},{\"@type\":\"ListItem\",\"position\":2,\"name\":\"Incorporaci\u00f3n de una producci\u00f3n de aceite de palma sostenible en Ecuador\"}]},{\"@type\":\"WebSite\",\"@id\":\"https:\/\/solidaridadlatam.org\/brasil\/#website\",\"url\":\"https:\/\/solidaridadlatam.org\/brasil\/\",\"name\":\"Solidaridad Southamerica\",\"description\":\"Organizaci\u00f3n Internacional sin fines de lucro con 50 a\u00f1os de experiencia a nivel global en desarrollo de mercados sostenibles e inclusivos\",\"potentialAction\":[{\"@type\":\"SearchAction\",\"target\":{\"@type\":\"EntryPoint\",\"urlTemplate\":\"https:\/\/solidaridadlatam.org\/brasil\/?s={search_term_string}\"},\"query-input\":{\"@type\":\"PropertyValueSpecification\",\"valueRequired\":true,\"valueName\":\"search_term_string\"}}],\"inLanguage\":\"es\"},{\"@type\":\"Person\",\"@id\":\"https:\/\/solidaridadlatam.org\/brasil\/#\/schema\/person\/98a684dfb618f75deb9977175f7f22a0\",\"name\":\"rosario.abramo\",\"image\":{\"@type\":\"ImageObject\",\"inLanguage\":\"es\",\"@id\":\"https:\/\/solidaridadlatam.org\/brasil\/#\/schema\/person\/image\/\",\"url\":\"https:\/\/secure.gravatar.com\/avatar\/369f4d18708e40372ea3e48556478bde?s=96&d=mm&r=g\",\"contentUrl\":\"https:\/\/secure.gravatar.com\/avatar\/369f4d18708e40372ea3e48556478bde?s=96&d=mm&r=g\",\"caption\":\"rosario.abramo\"},\"url\":\"https:\/\/solidaridadlatam.org\/brasil\/author\/rosario-abramo\/\"}]}<\/script>\n<!-- \/ Yoast SEO plugin. -->","yoast_head_json":{"title":"Incorporaci\u00f3n de una producci\u00f3n de aceite de palma sostenible en Ecuador - Solidaridad Southamerica","robots":{"index":"index","follow":"follow","max-snippet":"max-snippet:-1","max-image-preview":"max-image-preview:large","max-video-preview":"max-video-preview:-1"},"canonical":"https:\/\/solidaridadlatam.org\/brasil\/palma\/incorporaci\u00f3n-de-una-producci\u00f3n-de-aceite-de-palma-sostenible-en-ecuador\/","og_locale":"es_ES","og_type":"article","og_title":"Incorporaci\u00f3n de una producci\u00f3n de aceite de palma sostenible en Ecuador - Solidaridad Southamerica","og_description":"Inicio del proyecto: Abril 2013 Fin del proyecto: Abril 2015&nbsp; Fondos: EUR 615.305 Contribuci\u00f3n FSP: EUR 196.327&nbsp; Objetivo: Apoyar a","og_url":"https:\/\/solidaridadlatam.org\/brasil\/palma\/incorporaci\u00f3n-de-una-producci\u00f3n-de-aceite-de-palma-sostenible-en-ecuador\/","og_site_name":"Solidaridad Southamerica","article_published_time":"2015-03-27T00:00:00+00:00","article_modified_time":"2021-11-16T12:31:58+00:00","author":"rosario.abramo","twitter_card":"summary_large_image","twitter_misc":{"Escrito por":"rosario.abramo","Tiempo de lectura":"1 minuto"},"schema":{"@context":"https:\/\/schema.org","@graph":[{"@type":"WebPage","@id":"https:\/\/solidaridadlatam.org\/brasil\/palma\/incorporaci%c3%b3n-de-una-producci%c3%b3n-de-aceite-de-palma-sostenible-en-ecuador\/","url":"https:\/\/solidaridadlatam.org\/brasil\/palma\/incorporaci%c3%b3n-de-una-producci%c3%b3n-de-aceite-de-palma-sostenible-en-ecuador\/","name":"Incorporaci\u00f3n de una producci\u00f3n de aceite de palma sostenible en Ecuador - Solidaridad Southamerica","isPartOf":{"@id":"https:\/\/solidaridadlatam.org\/brasil\/#website"},"primaryImageOfPage":{"@id":"https:\/\/solidaridadlatam.org\/brasil\/palma\/incorporaci%c3%b3n-de-una-producci%c3%b3n-de-aceite-de-palma-sostenible-en-ecuador\/#primaryimage"},"image":{"@id":"https:\/\/solidaridadlatam.org\/brasil\/palma\/incorporaci%c3%b3n-de-una-producci%c3%b3n-de-aceite-de-palma-sostenible-en-ecuador\/#primaryimage"},"thumbnailUrl":"https:\/\/solidaridadlatam.org\/brasil\/wp-content\/uploads\/2015\/03\/proyecto-palma-01.jpg","datePublished":"2015-03-27T00:00:00+00:00","dateModified":"2021-11-16T12:31:58+00:00","author":{"@id":"https:\/\/solidaridadlatam.org\/brasil\/#\/schema\/person\/98a684dfb618f75deb9977175f7f22a0"},"breadcrumb":{"@id":"https:\/\/solidaridadlatam.org\/brasil\/palma\/incorporaci%c3%b3n-de-una-producci%c3%b3n-de-aceite-de-palma-sostenible-en-ecuador\/#breadcrumb"},"inLanguage":"es","potentialAction":[{"@type":"ReadAction","target":["https:\/\/solidaridadlatam.org\/brasil\/palma\/incorporaci%c3%b3n-de-una-producci%c3%b3n-de-aceite-de-palma-sostenible-en-ecuador\/"]}]},{"@type":"ImageObject","inLanguage":"es","@id":"https:\/\/solidaridadlatam.org\/brasil\/palma\/incorporaci%c3%b3n-de-una-producci%c3%b3n-de-aceite-de-palma-sostenible-en-ecuador\/#primaryimage","url":"https:\/\/solidaridadlatam.org\/brasil\/wp-content\/uploads\/2015\/03\/proyecto-palma-01.jpg","contentUrl":"https:\/\/solidaridadlatam.org\/brasil\/wp-content\/uploads\/2015\/03\/proyecto-palma-01.jpg","width":400,"height":267},{"@type":"BreadcrumbList","@id":"https:\/\/solidaridadlatam.org\/brasil\/palma\/incorporaci%c3%b3n-de-una-producci%c3%b3n-de-aceite-de-palma-sostenible-en-ecuador\/#breadcrumb","itemListElement":[{"@type":"ListItem","position":1,"name":"Portada","item":"https:\/\/solidaridadlatam.org\/brasil\/"},{"@type":"ListItem","position":2,"name":"Incorporaci\u00f3n de una producci\u00f3n de aceite de palma sostenible en Ecuador"}]},{"@type":"WebSite","@id":"https:\/\/solidaridadlatam.org\/brasil\/#website","url":"https:\/\/solidaridadlatam.org\/brasil\/","name":"Solidaridad Southamerica","description":"Organizaci\u00f3n Internacional sin fines de lucro con 50 a\u00f1os de experiencia a nivel global en desarrollo de mercados sostenibles e inclusivos","potentialAction":[{"@type":"SearchAction","target":{"@type":"EntryPoint","urlTemplate":"https:\/\/solidaridadlatam.org\/brasil\/?s={search_term_string}"},"query-input":{"@type":"PropertyValueSpecification","valueRequired":true,"valueName":"search_term_string"}}],"inLanguage":"es"},{"@type":"Person","@id":"https:\/\/solidaridadlatam.org\/brasil\/#\/schema\/person\/98a684dfb618f75deb9977175f7f22a0","name":"rosario.abramo","image":{"@type":"ImageObject","inLanguage":"es","@id":"https:\/\/solidaridadlatam.org\/brasil\/#\/schema\/person\/image\/","url":"https:\/\/secure.gravatar.com\/avatar\/369f4d18708e40372ea3e48556478bde?s=96&d=mm&r=g","contentUrl":"https:\/\/secure.gravatar.com\/avatar\/369f4d18708e40372ea3e48556478bde?s=96&d=mm&r=g","caption":"rosario.abramo"},"url":"https:\/\/solidaridadlatam.org\/brasil\/author\/rosario-abramo\/"}]}},"_links":{"self":[{"href":"https:\/\/solidaridadlatam.org\/brasil\/wp-json\/wp\/v2\/posts\/897","targetHints":{"allow":["GET"]}}],"collection":[{"href":"https:\/\/solidaridadlatam.org\/brasil\/wp-json\/wp\/v2\/posts"}],"about":[{"href":"https:\/\/solidaridadlatam.org\/brasil\/wp-json\/wp\/v2\/types\/post"}],"author":[{"embeddable":true,"href":"https:\/\/solidaridadlatam.org\/brasil\/wp-json\/wp\/v2\/users\/4"}],"replies":[{"embeddable":true,"href":"https:\/\/solidaridadlatam.org\/brasil\/wp-json\/wp\/v2\/comments?post=897"}],"version-history":[{"count":0,"href":"https:\/\/solidaridadlatam.org\/brasil\/wp-json\/wp\/v2\/posts\/897\/revisions"}],"wp:featuredmedia":[{"embeddable":true,"href":"https:\/\/solidaridadlatam.org\/brasil\/wp-json\/wp\/v2\/media\/7879"}],"wp:attachment":[{"href":"https:\/\/solidaridadlatam.org\/brasil\/wp-json\/wp\/v2\/media?parent=897"}],"wp:term":[{"taxonomy":"category","embeddable":true,"href":"https:\/\/solidaridadlatam.org\/brasil\/wp-json\/wp\/v2\/categories?post=897"},{"taxonomy":"post_tag","embeddable":true,"href":"https:\/\/solidaridadlatam.org\/brasil\/wp-json\/wp\/v2\/tags?post=897"},{"taxonomy":"paises","embeddable":true,"href":"https:\/\/solidaridadlatam.org\/brasil\/wp-json\/wp\/v2\/paises?post=897"},{"taxonomy":"programa","embeddable":true,"href":"https:\/\/solidaridadlatam.org\/brasil\/wp-json\/wp\/v2\/programa?post=897"},{"taxonomy":"tema","embeddable":true,"href":"https:\/\/solidaridadlatam.org\/brasil\/wp-json\/wp\/v2\/tema?post=897"},{"taxonomy":"formato","embeddable":true,"href":"https:\/\/solidaridadlatam.org\/brasil\/wp-json\/wp\/v2\/formato?post=897"}],"curies":[{"name":"wp","href":"https:\/\/api.w.org\/{rel}","templated":true}]}}