{"id":893,"date":"2015-03-27T00:00:00","date_gmt":"2015-03-27T00:00:00","guid":{"rendered":""},"modified":"2021-11-16T12:31:58","modified_gmt":"2021-11-16T12:31:58","slug":"asociaci%c3%b3n-para-mejorar-los-medios-de-vida-en-la-cadena-de-suministro","status":"publish","type":"post","link":"https:\/\/solidaridadlatam.org\/brasil\/ouro\/asociaci%c3%b3n-para-mejorar-los-medios-de-vida-en-la-cadena-de-suministro\/","title":{"rendered":"Asociaci\u00f3n para mejorar los medios de vida en la cadena de suministro"},"content":{"rendered":"<div>\n<div>\n<p><strong>Objetivos:&nbsp;<\/strong><\/p>\n<ul>\t<\/p>\n<li>Desarrollar e implementar un proceso de evaluaci\u00f3n con el fin de identificar los servicios adecuados&nbsp;para la exportaci\u00f3n de oro RJC.<\/li>\n<p>\t<\/p>\n<li>Apoyar y orientar a Minera Yanaquihua (MYSAC) en actividades para mejorar las relaciones con&nbsp;los mineros informales y tambi\u00e9n para obtener la certificaci\u00f3n RJC.<\/li>\n<p>\t<\/p>\n<li>Orientar y apoyar a 600 mineros ASM en el desarrollo de planes para la formalizaci\u00f3n.<\/li>\n<p><\/ul>\n<p><strong>Resultados:&nbsp;<\/strong><\/p>\n<p>Los principales resultados en el periodo de diciembre 2013 &#8211; 30 de noviembre del 2014 fueron:&nbsp;<\/p>\n<ul>\t<\/p>\n<li>En marzo de 2014, MYSAC, se certific\u00f3 en el C\u00f3digo Internacional de Gesti\u00f3n en Cianuro (ICMC).&nbsp;MYSAC es s\u00f3lo la cuarta operaci\u00f3n minera peruana en obtener esta rigurosa&nbsp;certificaci\u00f3n, siendo&nbsp;las otras tres empresas mucho m\u00e1s grandes. La certificaci\u00f3n ICMC es&nbsp;obligatoria para obtener la certificaci\u00f3n RJC.<\/li>\n<p>\t<\/p>\n<li>Minera Yanaquihua (MYSAC), fue auditado para la certificaci\u00f3n RJC y est\u00e1 por&nbsp;recibir una certificaci\u00f3n de 3 a\u00f1os, ya que no se encontraron incumplimientos graves. Una vez que se hayan&nbsp;hecho los cambios finales para la ICMC, MYSAC recibir\u00e1 la certificaci\u00f3n RJC.<\/li>\n<p>\t<\/p>\n<li>425 mineros artesanales que trabajan en concesiones MYSAC, han culminado&nbsp;los cinco primeros pasos del nuevo proceso de formalizaci\u00f3n ASM peruana. Estos pasos incluyen completar la solicitud formal al gobierno, y los estudios de apoyo, como el mapeo del sitio y las evaluaciones ambientales. Este fue un hito significativo que incluy\u00f3 m\u00e1s de 50 tareas \/ pasos individuales. Las aplicaciones y los estudios est\u00e1n en proceso de revisi\u00f3n con los organismos gubernamentales pertinentes. Una vez que el gobierno revise&nbsp;las solicitudes, emitir\u00e1 la aprobaci\u00f3n oficial para las operaciones de ASM para operar (a pesar de que se les permite trabajar por el momento).<\/li>\n<p>\t<\/p>\n<li>425 mineros artesanales han recibido asistencia t\u00e9cnica sobre los riesgos de seguridad y medioambientales,&nbsp;centr\u00e1ndose en el uso de mercurio y cianuro.<\/li>\n<p><\/ul>\n<p><\/div>\n<\/div>\n<div>\n<div><\/div>\n<\/div>\n","protected":false},"excerpt":{"rendered":"<p>Objetivos:&nbsp; Desarrollar e implementar un proceso de evaluaci\u00f3n con el fin de identificar los servicios adecuados&nbsp;para la exportaci\u00f3n de oro<\/p>\n","protected":false},"author":4,"featured_media":894,"comment_status":"open","ping_status":"closed","sticky":false,"template":"","format":"standard","meta":{"footnotes":""},"categories":[34,96],"tags":[],"paises":[],"programa":[],"tema":[],"formato":[],"class_list":["post-893","post","type-post","status-publish","format-standard","has-post-thumbnail","hentry","category-ouro","category-projeto"],"yoast_head":"<!-- This site is optimized with the Yoast SEO plugin v25.4 - https:\/\/yoast.com\/wordpress\/plugins\/seo\/ -->\n<title>Asociaci\u00f3n para mejorar los medios de vida en la cadena de suministro - Solidaridad Southamerica<\/title>\n<meta name=\"robots\" content=\"index, follow, max-snippet:-1, max-image-preview:large, max-video-preview:-1\" \/>\n<link rel=\"canonical\" href=\"https:\/\/solidaridadlatam.org\/brasil\/ouro\/asociaci\u00f3n-para-mejorar-los-medios-de-vida-en-la-cadena-de-suministro\/\" \/>\n<meta property=\"og:locale\" content=\"es_ES\" \/>\n<meta property=\"og:type\" content=\"article\" \/>\n<meta property=\"og:title\" content=\"Asociaci\u00f3n para mejorar los medios de vida en la cadena de suministro - Solidaridad Southamerica\" \/>\n<meta property=\"og:description\" content=\"Objetivos:&nbsp; Desarrollar e implementar un proceso de evaluaci\u00f3n con el fin de identificar los servicios adecuados&nbsp;para la exportaci\u00f3n de oro\" \/>\n<meta property=\"og:url\" content=\"https:\/\/solidaridadlatam.org\/brasil\/ouro\/asociaci\u00f3n-para-mejorar-los-medios-de-vida-en-la-cadena-de-suministro\/\" \/>\n<meta property=\"og:site_name\" content=\"Solidaridad Southamerica\" \/>\n<meta property=\"article:published_time\" content=\"2015-03-27T00:00:00+00:00\" \/>\n<meta property=\"article:modified_time\" content=\"2021-11-16T12:31:58+00:00\" \/>\n<meta property=\"og:image\" content=\"https:\/\/solidaridadlatam.org\/brasil\/wp-content\/uploads\/2020\/11\/oro_proyecto_asociacion.jpg\" \/>\n\t<meta property=\"og:image:width\" content=\"150\" \/>\n\t<meta property=\"og:image:height\" content=\"150\" \/>\n\t<meta property=\"og:image:type\" content=\"image\/jpeg\" \/>\n<meta name=\"author\" content=\"rosario.abramo\" \/>\n<meta name=\"twitter:card\" content=\"summary_large_image\" \/>\n<meta name=\"twitter:label1\" content=\"Escrito por\" \/>\n\t<meta name=\"twitter:data1\" content=\"rosario.abramo\" \/>\n\t<meta name=\"twitter:label2\" content=\"Tiempo de lectura\" \/>\n\t<meta name=\"twitter:data2\" content=\"2 minutos\" \/>\n<script type=\"application\/ld+json\" class=\"yoast-schema-graph\">{\"@context\":\"https:\/\/schema.org\",\"@graph\":[{\"@type\":\"WebPage\",\"@id\":\"https:\/\/solidaridadlatam.org\/brasil\/ouro\/asociaci%c3%b3n-para-mejorar-los-medios-de-vida-en-la-cadena-de-suministro\/\",\"url\":\"https:\/\/solidaridadlatam.org\/brasil\/ouro\/asociaci%c3%b3n-para-mejorar-los-medios-de-vida-en-la-cadena-de-suministro\/\",\"name\":\"Asociaci\u00f3n para mejorar los medios de vida en la cadena de suministro - Solidaridad Southamerica\",\"isPartOf\":{\"@id\":\"https:\/\/solidaridadlatam.org\/brasil\/#website\"},\"primaryImageOfPage\":{\"@id\":\"https:\/\/solidaridadlatam.org\/brasil\/ouro\/asociaci%c3%b3n-para-mejorar-los-medios-de-vida-en-la-cadena-de-suministro\/#primaryimage\"},\"image\":{\"@id\":\"https:\/\/solidaridadlatam.org\/brasil\/ouro\/asociaci%c3%b3n-para-mejorar-los-medios-de-vida-en-la-cadena-de-suministro\/#primaryimage\"},\"thumbnailUrl\":\"https:\/\/solidaridadlatam.org\/brasil\/wp-content\/uploads\/2020\/11\/oro_proyecto_asociacion.jpg\",\"datePublished\":\"2015-03-27T00:00:00+00:00\",\"dateModified\":\"2021-11-16T12:31:58+00:00\",\"author\":{\"@id\":\"https:\/\/solidaridadlatam.org\/brasil\/#\/schema\/person\/98a684dfb618f75deb9977175f7f22a0\"},\"breadcrumb\":{\"@id\":\"https:\/\/solidaridadlatam.org\/brasil\/ouro\/asociaci%c3%b3n-para-mejorar-los-medios-de-vida-en-la-cadena-de-suministro\/#breadcrumb\"},\"inLanguage\":\"es\",\"potentialAction\":[{\"@type\":\"ReadAction\",\"target\":[\"https:\/\/solidaridadlatam.org\/brasil\/ouro\/asociaci%c3%b3n-para-mejorar-los-medios-de-vida-en-la-cadena-de-suministro\/\"]}]},{\"@type\":\"ImageObject\",\"inLanguage\":\"es\",\"@id\":\"https:\/\/solidaridadlatam.org\/brasil\/ouro\/asociaci%c3%b3n-para-mejorar-los-medios-de-vida-en-la-cadena-de-suministro\/#primaryimage\",\"url\":\"https:\/\/solidaridadlatam.org\/brasil\/wp-content\/uploads\/2020\/11\/oro_proyecto_asociacion.jpg\",\"contentUrl\":\"https:\/\/solidaridadlatam.org\/brasil\/wp-content\/uploads\/2020\/11\/oro_proyecto_asociacion.jpg\",\"width\":150,\"height\":150},{\"@type\":\"BreadcrumbList\",\"@id\":\"https:\/\/solidaridadlatam.org\/brasil\/ouro\/asociaci%c3%b3n-para-mejorar-los-medios-de-vida-en-la-cadena-de-suministro\/#breadcrumb\",\"itemListElement\":[{\"@type\":\"ListItem\",\"position\":1,\"name\":\"Portada\",\"item\":\"https:\/\/solidaridadlatam.org\/brasil\/\"},{\"@type\":\"ListItem\",\"position\":2,\"name\":\"Asociaci\u00f3n para mejorar los medios de vida en la cadena de suministro\"}]},{\"@type\":\"WebSite\",\"@id\":\"https:\/\/solidaridadlatam.org\/brasil\/#website\",\"url\":\"https:\/\/solidaridadlatam.org\/brasil\/\",\"name\":\"Solidaridad Southamerica\",\"description\":\"Organizaci\u00f3n Internacional sin fines de lucro con 50 a\u00f1os de experiencia a nivel global en desarrollo de mercados sostenibles e inclusivos\",\"potentialAction\":[{\"@type\":\"SearchAction\",\"target\":{\"@type\":\"EntryPoint\",\"urlTemplate\":\"https:\/\/solidaridadlatam.org\/brasil\/?s={search_term_string}\"},\"query-input\":{\"@type\":\"PropertyValueSpecification\",\"valueRequired\":true,\"valueName\":\"search_term_string\"}}],\"inLanguage\":\"es\"},{\"@type\":\"Person\",\"@id\":\"https:\/\/solidaridadlatam.org\/brasil\/#\/schema\/person\/98a684dfb618f75deb9977175f7f22a0\",\"name\":\"rosario.abramo\",\"image\":{\"@type\":\"ImageObject\",\"inLanguage\":\"es\",\"@id\":\"https:\/\/solidaridadlatam.org\/brasil\/#\/schema\/person\/image\/\",\"url\":\"https:\/\/secure.gravatar.com\/avatar\/369f4d18708e40372ea3e48556478bde?s=96&d=mm&r=g\",\"contentUrl\":\"https:\/\/secure.gravatar.com\/avatar\/369f4d18708e40372ea3e48556478bde?s=96&d=mm&r=g\",\"caption\":\"rosario.abramo\"},\"url\":\"https:\/\/solidaridadlatam.org\/brasil\/author\/rosario-abramo\/\"}]}<\/script>\n<!-- \/ Yoast SEO plugin. -->","yoast_head_json":{"title":"Asociaci\u00f3n para mejorar los medios de vida en la cadena de suministro - Solidaridad Southamerica","robots":{"index":"index","follow":"follow","max-snippet":"max-snippet:-1","max-image-preview":"max-image-preview:large","max-video-preview":"max-video-preview:-1"},"canonical":"https:\/\/solidaridadlatam.org\/brasil\/ouro\/asociaci\u00f3n-para-mejorar-los-medios-de-vida-en-la-cadena-de-suministro\/","og_locale":"es_ES","og_type":"article","og_title":"Asociaci\u00f3n para mejorar los medios de vida en la cadena de suministro - Solidaridad Southamerica","og_description":"Objetivos:&nbsp; Desarrollar e implementar un proceso de evaluaci\u00f3n con el fin de identificar los servicios adecuados&nbsp;para la exportaci\u00f3n de oro","og_url":"https:\/\/solidaridadlatam.org\/brasil\/ouro\/asociaci\u00f3n-para-mejorar-los-medios-de-vida-en-la-cadena-de-suministro\/","og_site_name":"Solidaridad Southamerica","article_published_time":"2015-03-27T00:00:00+00:00","article_modified_time":"2021-11-16T12:31:58+00:00","og_image":[{"width":150,"height":150,"url":"https:\/\/solidaridadlatam.org\/brasil\/wp-content\/uploads\/2020\/11\/oro_proyecto_asociacion.jpg","type":"image\/jpeg"}],"author":"rosario.abramo","twitter_card":"summary_large_image","twitter_misc":{"Escrito por":"rosario.abramo","Tiempo de lectura":"2 minutos"},"schema":{"@context":"https:\/\/schema.org","@graph":[{"@type":"WebPage","@id":"https:\/\/solidaridadlatam.org\/brasil\/ouro\/asociaci%c3%b3n-para-mejorar-los-medios-de-vida-en-la-cadena-de-suministro\/","url":"https:\/\/solidaridadlatam.org\/brasil\/ouro\/asociaci%c3%b3n-para-mejorar-los-medios-de-vida-en-la-cadena-de-suministro\/","name":"Asociaci\u00f3n para mejorar los medios de vida en la cadena de suministro - Solidaridad Southamerica","isPartOf":{"@id":"https:\/\/solidaridadlatam.org\/brasil\/#website"},"primaryImageOfPage":{"@id":"https:\/\/solidaridadlatam.org\/brasil\/ouro\/asociaci%c3%b3n-para-mejorar-los-medios-de-vida-en-la-cadena-de-suministro\/#primaryimage"},"image":{"@id":"https:\/\/solidaridadlatam.org\/brasil\/ouro\/asociaci%c3%b3n-para-mejorar-los-medios-de-vida-en-la-cadena-de-suministro\/#primaryimage"},"thumbnailUrl":"https:\/\/solidaridadlatam.org\/brasil\/wp-content\/uploads\/2020\/11\/oro_proyecto_asociacion.jpg","datePublished":"2015-03-27T00:00:00+00:00","dateModified":"2021-11-16T12:31:58+00:00","author":{"@id":"https:\/\/solidaridadlatam.org\/brasil\/#\/schema\/person\/98a684dfb618f75deb9977175f7f22a0"},"breadcrumb":{"@id":"https:\/\/solidaridadlatam.org\/brasil\/ouro\/asociaci%c3%b3n-para-mejorar-los-medios-de-vida-en-la-cadena-de-suministro\/#breadcrumb"},"inLanguage":"es","potentialAction":[{"@type":"ReadAction","target":["https:\/\/solidaridadlatam.org\/brasil\/ouro\/asociaci%c3%b3n-para-mejorar-los-medios-de-vida-en-la-cadena-de-suministro\/"]}]},{"@type":"ImageObject","inLanguage":"es","@id":"https:\/\/solidaridadlatam.org\/brasil\/ouro\/asociaci%c3%b3n-para-mejorar-los-medios-de-vida-en-la-cadena-de-suministro\/#primaryimage","url":"https:\/\/solidaridadlatam.org\/brasil\/wp-content\/uploads\/2020\/11\/oro_proyecto_asociacion.jpg","contentUrl":"https:\/\/solidaridadlatam.org\/brasil\/wp-content\/uploads\/2020\/11\/oro_proyecto_asociacion.jpg","width":150,"height":150},{"@type":"BreadcrumbList","@id":"https:\/\/solidaridadlatam.org\/brasil\/ouro\/asociaci%c3%b3n-para-mejorar-los-medios-de-vida-en-la-cadena-de-suministro\/#breadcrumb","itemListElement":[{"@type":"ListItem","position":1,"name":"Portada","item":"https:\/\/solidaridadlatam.org\/brasil\/"},{"@type":"ListItem","position":2,"name":"Asociaci\u00f3n para mejorar los medios de vida en la cadena de suministro"}]},{"@type":"WebSite","@id":"https:\/\/solidaridadlatam.org\/brasil\/#website","url":"https:\/\/solidaridadlatam.org\/brasil\/","name":"Solidaridad Southamerica","description":"Organizaci\u00f3n Internacional sin fines de lucro con 50 a\u00f1os de experiencia a nivel global en desarrollo de mercados sostenibles e inclusivos","potentialAction":[{"@type":"SearchAction","target":{"@type":"EntryPoint","urlTemplate":"https:\/\/solidaridadlatam.org\/brasil\/?s={search_term_string}"},"query-input":{"@type":"PropertyValueSpecification","valueRequired":true,"valueName":"search_term_string"}}],"inLanguage":"es"},{"@type":"Person","@id":"https:\/\/solidaridadlatam.org\/brasil\/#\/schema\/person\/98a684dfb618f75deb9977175f7f22a0","name":"rosario.abramo","image":{"@type":"ImageObject","inLanguage":"es","@id":"https:\/\/solidaridadlatam.org\/brasil\/#\/schema\/person\/image\/","url":"https:\/\/secure.gravatar.com\/avatar\/369f4d18708e40372ea3e48556478bde?s=96&d=mm&r=g","contentUrl":"https:\/\/secure.gravatar.com\/avatar\/369f4d18708e40372ea3e48556478bde?s=96&d=mm&r=g","caption":"rosario.abramo"},"url":"https:\/\/solidaridadlatam.org\/brasil\/author\/rosario-abramo\/"}]}},"_links":{"self":[{"href":"https:\/\/solidaridadlatam.org\/brasil\/wp-json\/wp\/v2\/posts\/893","targetHints":{"allow":["GET"]}}],"collection":[{"href":"https:\/\/solidaridadlatam.org\/brasil\/wp-json\/wp\/v2\/posts"}],"about":[{"href":"https:\/\/solidaridadlatam.org\/brasil\/wp-json\/wp\/v2\/types\/post"}],"author":[{"embeddable":true,"href":"https:\/\/solidaridadlatam.org\/brasil\/wp-json\/wp\/v2\/users\/4"}],"replies":[{"embeddable":true,"href":"https:\/\/solidaridadlatam.org\/brasil\/wp-json\/wp\/v2\/comments?post=893"}],"version-history":[{"count":0,"href":"https:\/\/solidaridadlatam.org\/brasil\/wp-json\/wp\/v2\/posts\/893\/revisions"}],"wp:featuredmedia":[{"embeddable":true,"href":"https:\/\/solidaridadlatam.org\/brasil\/wp-json\/wp\/v2\/media\/894"}],"wp:attachment":[{"href":"https:\/\/solidaridadlatam.org\/brasil\/wp-json\/wp\/v2\/media?parent=893"}],"wp:term":[{"taxonomy":"category","embeddable":true,"href":"https:\/\/solidaridadlatam.org\/brasil\/wp-json\/wp\/v2\/categories?post=893"},{"taxonomy":"post_tag","embeddable":true,"href":"https:\/\/solidaridadlatam.org\/brasil\/wp-json\/wp\/v2\/tags?post=893"},{"taxonomy":"paises","embeddable":true,"href":"https:\/\/solidaridadlatam.org\/brasil\/wp-json\/wp\/v2\/paises?post=893"},{"taxonomy":"programa","embeddable":true,"href":"https:\/\/solidaridadlatam.org\/brasil\/wp-json\/wp\/v2\/programa?post=893"},{"taxonomy":"tema","embeddable":true,"href":"https:\/\/solidaridadlatam.org\/brasil\/wp-json\/wp\/v2\/tema?post=893"},{"taxonomy":"formato","embeddable":true,"href":"https:\/\/solidaridadlatam.org\/brasil\/wp-json\/wp\/v2\/formato?post=893"}],"curies":[{"name":"wp","href":"https:\/\/api.w.org\/{rel}","templated":true}]}}