{"id":887,"date":"2015-03-08T00:00:00","date_gmt":"2015-03-08T00:00:00","guid":{"rendered":""},"modified":"2021-11-16T12:31:58","modified_gmt":"2021-11-16T12:31:58","slug":"incremento-de-lo-ingresos-familiares-por-la-actividad-del-banano-org%c3%a1nico","status":"publish","type":"post","link":"https:\/\/solidaridadlatam.org\/brasil\/frutas\/incremento-de-lo-ingresos-familiares-por-la-actividad-del-banano-org%c3%a1nico\/","title":{"rendered":"Incremento de lo ingresos familiares por la actividad del banano org\u00e1nico"},"content":{"rendered":"<div>\n<div>\n<p>El proyecto se implementar\u00e1 en la Regi\u00f3n Piura, zona nor-occidental del pa\u00eds, espec\u00edficamente en las provincias de Piura, Paita y Sullana.<\/p>\n<ul>\t<\/p>\n<li>Inicio del proyecto: 01 de febrero de 2015<\/li>\n<p>\t<\/p>\n<li>Fin del proyecto: 31 de enero de&nbsp;2018<\/li>\n<p>\t<\/p>\n<li>Fondos: S\/. 2,108,510.18<\/li>\n<p><\/ul>\n<p><strong>Grupo Beneficiario Directo<\/strong>:<\/p>\n<p>360 productores de banano, miembros de las bases afiliadas a CENBANOR (8 bases de primer nivel).<\/p>\n<p>Para la ejecuci\u00f3n del presente proyecto, Solidaridad, la Central de Bananeros del Norte (CENBANOR) y Grupo Hualtaco formar\u00e1n un <strong>Comit\u00e9 de Gesti\u00f3n<\/strong> que, v\u00eda un reglamento interno, guiar\u00e1 la apropiada ejecuci\u00f3n del proyecto.<\/p>\n<p>A este efecto, el proyecto est\u00e1 planteado para ser ejecutado en 36 meses, lapso en el cual es pertinente demostrar resultados en la productividad promedio de las fincas, elemento central e impulsor de los objetivos esperados del proyecto.<\/p>\n<p>A trav\u00e9s de un apropiado servicio de <strong>Asistencia T\u00e9cnica<\/strong>, gestionado por un equipo de t\u00e9cnicos y de profesionales, se impartir\u00e1n conocimientos te\u00f3ricos y pr\u00e1cticos respecto de t\u00e9cnicas apropiadas e innovaciones agron\u00f3micas para la producci\u00f3n org\u00e1nica de banano, enfoc\u00e1ndose en:<\/p>\n<ul>\t<\/p>\n<li>El abonamiento org\u00e1nico, de forma de lograr una din\u00e1mica productiva que permita pasar, de 20 cajas\/ha\/semana, a 35 cajas\/ha\/semana. (promedio)<\/li>\n<p>\t<\/p>\n<li>Las labores culturales (\u00e9nfasis en deshije), con la finalidad de asegurar un &ldquo;retorno&rdquo; ideal, para una productividad alta (de manera cont\u00ednua) en las matas de banano.<\/li>\n<p>\t<\/p>\n<li>Implementaci\u00f3n de un Plan de Manejo Integrado de plagas y enfermedades , de manera de llegar a umbrales de plaga que no afecten la productividad y calidad de la fruta.<\/li>\n<p>\t<\/p>\n<li>La aplicaci\u00f3n de un conjunto de t\u00e9cnicas de la calidad preventiva en racimo, que permitan obtener fruta limpia, y con la mayor cantidad de dedos aptos para empaque.<\/li>\n<p><\/ul>\n<p>Lo novedoso de esta propuesta es que se formar\u00e1 a los extensionistas (t\u00e9cnicos de campo) de las asociaciones participantes mediante un moderno sistema de capacitaci\u00f3n a distancia (mediante internet),&nbsp;complementado con asesor\u00edas presenciales en campo. Es clave elevar la capacidad de los extensionistas que brindan la asistencia t\u00e9cnica a los productores para alcanzar los fines del proyecto.<\/p>\n<p>Complementariamente, se prev\u00e9 la donaci\u00f3n de maquinaria y herramientas b\u00e1sicas para la realizaci\u00f3n de estas pr\u00e1cticas, para mejorar la eficiencia de estas labores en la finca.<\/p>\n<p><\/div>\n<\/div>\n<div>\n<div><\/div>\n<\/div>\n","protected":false},"excerpt":{"rendered":"<p>El proyecto se implementar\u00e1 en la Regi\u00f3n Piura, zona nor-occidental del pa\u00eds, espec\u00edficamente en las provincias de Piura, Paita y<\/p>\n","protected":false},"author":4,"featured_media":888,"comment_status":"open","ping_status":"closed","sticky":false,"template":"","format":"standard","meta":{"footnotes":""},"categories":[32,96],"tags":[],"paises":[],"programa":[],"tema":[],"formato":[],"class_list":["post-887","post","type-post","status-publish","format-standard","has-post-thumbnail","hentry","category-frutas","category-projeto"],"yoast_head":"<!-- This site is optimized with the Yoast SEO plugin v25.4 - https:\/\/yoast.com\/wordpress\/plugins\/seo\/ -->\n<title>Incremento de lo ingresos familiares por la actividad del banano org\u00e1nico - Solidaridad Southamerica<\/title>\n<meta name=\"robots\" content=\"index, follow, max-snippet:-1, max-image-preview:large, max-video-preview:-1\" \/>\n<link rel=\"canonical\" href=\"https:\/\/solidaridadlatam.org\/brasil\/frutas\/incremento-de-lo-ingresos-familiares-por-la-actividad-del-banano-org\u00e1nico\/\" \/>\n<meta property=\"og:locale\" content=\"es_ES\" \/>\n<meta property=\"og:type\" content=\"article\" \/>\n<meta property=\"og:title\" content=\"Incremento de lo ingresos familiares por la actividad del banano org\u00e1nico - Solidaridad Southamerica\" \/>\n<meta property=\"og:description\" content=\"El proyecto se implementar\u00e1 en la Regi\u00f3n Piura, zona nor-occidental del pa\u00eds, espec\u00edficamente en las provincias de Piura, Paita y\" \/>\n<meta property=\"og:url\" content=\"https:\/\/solidaridadlatam.org\/brasil\/frutas\/incremento-de-lo-ingresos-familiares-por-la-actividad-del-banano-org\u00e1nico\/\" \/>\n<meta property=\"og:site_name\" content=\"Solidaridad Southamerica\" \/>\n<meta property=\"article:published_time\" content=\"2015-03-08T00:00:00+00:00\" \/>\n<meta property=\"article:modified_time\" content=\"2021-11-16T12:31:58+00:00\" \/>\n<meta property=\"og:image\" content=\"https:\/\/solidaridadlatam.org\/brasil\/wp-content\/uploads\/2020\/11\/secuencia-banano-pcs-7.jpg\" \/>\n\t<meta property=\"og:image:width\" content=\"150\" \/>\n\t<meta property=\"og:image:height\" content=\"150\" \/>\n\t<meta property=\"og:image:type\" content=\"image\/jpeg\" \/>\n<meta name=\"author\" content=\"rosario.abramo\" \/>\n<meta name=\"twitter:card\" content=\"summary_large_image\" \/>\n<meta name=\"twitter:label1\" content=\"Escrito por\" \/>\n\t<meta name=\"twitter:data1\" content=\"rosario.abramo\" \/>\n\t<meta name=\"twitter:label2\" content=\"Tiempo de lectura\" \/>\n\t<meta name=\"twitter:data2\" content=\"2 minutos\" \/>\n<script type=\"application\/ld+json\" class=\"yoast-schema-graph\">{\"@context\":\"https:\/\/schema.org\",\"@graph\":[{\"@type\":\"WebPage\",\"@id\":\"https:\/\/solidaridadlatam.org\/brasil\/frutas\/incremento-de-lo-ingresos-familiares-por-la-actividad-del-banano-org%c3%a1nico\/\",\"url\":\"https:\/\/solidaridadlatam.org\/brasil\/frutas\/incremento-de-lo-ingresos-familiares-por-la-actividad-del-banano-org%c3%a1nico\/\",\"name\":\"Incremento de lo ingresos familiares por la actividad del banano org\u00e1nico - Solidaridad Southamerica\",\"isPartOf\":{\"@id\":\"https:\/\/solidaridadlatam.org\/brasil\/#website\"},\"primaryImageOfPage\":{\"@id\":\"https:\/\/solidaridadlatam.org\/brasil\/frutas\/incremento-de-lo-ingresos-familiares-por-la-actividad-del-banano-org%c3%a1nico\/#primaryimage\"},\"image\":{\"@id\":\"https:\/\/solidaridadlatam.org\/brasil\/frutas\/incremento-de-lo-ingresos-familiares-por-la-actividad-del-banano-org%c3%a1nico\/#primaryimage\"},\"thumbnailUrl\":\"https:\/\/solidaridadlatam.org\/brasil\/wp-content\/uploads\/2020\/11\/secuencia-banano-pcs-7.jpg\",\"datePublished\":\"2015-03-08T00:00:00+00:00\",\"dateModified\":\"2021-11-16T12:31:58+00:00\",\"author\":{\"@id\":\"https:\/\/solidaridadlatam.org\/brasil\/#\/schema\/person\/98a684dfb618f75deb9977175f7f22a0\"},\"breadcrumb\":{\"@id\":\"https:\/\/solidaridadlatam.org\/brasil\/frutas\/incremento-de-lo-ingresos-familiares-por-la-actividad-del-banano-org%c3%a1nico\/#breadcrumb\"},\"inLanguage\":\"es\",\"potentialAction\":[{\"@type\":\"ReadAction\",\"target\":[\"https:\/\/solidaridadlatam.org\/brasil\/frutas\/incremento-de-lo-ingresos-familiares-por-la-actividad-del-banano-org%c3%a1nico\/\"]}]},{\"@type\":\"ImageObject\",\"inLanguage\":\"es\",\"@id\":\"https:\/\/solidaridadlatam.org\/brasil\/frutas\/incremento-de-lo-ingresos-familiares-por-la-actividad-del-banano-org%c3%a1nico\/#primaryimage\",\"url\":\"https:\/\/solidaridadlatam.org\/brasil\/wp-content\/uploads\/2020\/11\/secuencia-banano-pcs-7.jpg\",\"contentUrl\":\"https:\/\/solidaridadlatam.org\/brasil\/wp-content\/uploads\/2020\/11\/secuencia-banano-pcs-7.jpg\",\"width\":150,\"height\":150},{\"@type\":\"BreadcrumbList\",\"@id\":\"https:\/\/solidaridadlatam.org\/brasil\/frutas\/incremento-de-lo-ingresos-familiares-por-la-actividad-del-banano-org%c3%a1nico\/#breadcrumb\",\"itemListElement\":[{\"@type\":\"ListItem\",\"position\":1,\"name\":\"Portada\",\"item\":\"https:\/\/solidaridadlatam.org\/brasil\/\"},{\"@type\":\"ListItem\",\"position\":2,\"name\":\"Incremento de lo ingresos familiares por la actividad del banano org\u00e1nico\"}]},{\"@type\":\"WebSite\",\"@id\":\"https:\/\/solidaridadlatam.org\/brasil\/#website\",\"url\":\"https:\/\/solidaridadlatam.org\/brasil\/\",\"name\":\"Solidaridad Southamerica\",\"description\":\"Organizaci\u00f3n Internacional sin fines de lucro con 50 a\u00f1os de experiencia a nivel global en desarrollo de mercados sostenibles e inclusivos\",\"potentialAction\":[{\"@type\":\"SearchAction\",\"target\":{\"@type\":\"EntryPoint\",\"urlTemplate\":\"https:\/\/solidaridadlatam.org\/brasil\/?s={search_term_string}\"},\"query-input\":{\"@type\":\"PropertyValueSpecification\",\"valueRequired\":true,\"valueName\":\"search_term_string\"}}],\"inLanguage\":\"es\"},{\"@type\":\"Person\",\"@id\":\"https:\/\/solidaridadlatam.org\/brasil\/#\/schema\/person\/98a684dfb618f75deb9977175f7f22a0\",\"name\":\"rosario.abramo\",\"image\":{\"@type\":\"ImageObject\",\"inLanguage\":\"es\",\"@id\":\"https:\/\/solidaridadlatam.org\/brasil\/#\/schema\/person\/image\/\",\"url\":\"https:\/\/secure.gravatar.com\/avatar\/369f4d18708e40372ea3e48556478bde?s=96&d=mm&r=g\",\"contentUrl\":\"https:\/\/secure.gravatar.com\/avatar\/369f4d18708e40372ea3e48556478bde?s=96&d=mm&r=g\",\"caption\":\"rosario.abramo\"},\"url\":\"https:\/\/solidaridadlatam.org\/brasil\/author\/rosario-abramo\/\"}]}<\/script>\n<!-- \/ Yoast SEO plugin. -->","yoast_head_json":{"title":"Incremento de lo ingresos familiares por la actividad del banano org\u00e1nico - Solidaridad Southamerica","robots":{"index":"index","follow":"follow","max-snippet":"max-snippet:-1","max-image-preview":"max-image-preview:large","max-video-preview":"max-video-preview:-1"},"canonical":"https:\/\/solidaridadlatam.org\/brasil\/frutas\/incremento-de-lo-ingresos-familiares-por-la-actividad-del-banano-org\u00e1nico\/","og_locale":"es_ES","og_type":"article","og_title":"Incremento de lo ingresos familiares por la actividad del banano org\u00e1nico - Solidaridad Southamerica","og_description":"El proyecto se implementar\u00e1 en la Regi\u00f3n Piura, zona nor-occidental del pa\u00eds, espec\u00edficamente en las provincias de Piura, Paita y","og_url":"https:\/\/solidaridadlatam.org\/brasil\/frutas\/incremento-de-lo-ingresos-familiares-por-la-actividad-del-banano-org\u00e1nico\/","og_site_name":"Solidaridad Southamerica","article_published_time":"2015-03-08T00:00:00+00:00","article_modified_time":"2021-11-16T12:31:58+00:00","og_image":[{"width":150,"height":150,"url":"https:\/\/solidaridadlatam.org\/brasil\/wp-content\/uploads\/2020\/11\/secuencia-banano-pcs-7.jpg","type":"image\/jpeg"}],"author":"rosario.abramo","twitter_card":"summary_large_image","twitter_misc":{"Escrito por":"rosario.abramo","Tiempo de lectura":"2 minutos"},"schema":{"@context":"https:\/\/schema.org","@graph":[{"@type":"WebPage","@id":"https:\/\/solidaridadlatam.org\/brasil\/frutas\/incremento-de-lo-ingresos-familiares-por-la-actividad-del-banano-org%c3%a1nico\/","url":"https:\/\/solidaridadlatam.org\/brasil\/frutas\/incremento-de-lo-ingresos-familiares-por-la-actividad-del-banano-org%c3%a1nico\/","name":"Incremento de lo ingresos familiares por la actividad del banano org\u00e1nico - Solidaridad Southamerica","isPartOf":{"@id":"https:\/\/solidaridadlatam.org\/brasil\/#website"},"primaryImageOfPage":{"@id":"https:\/\/solidaridadlatam.org\/brasil\/frutas\/incremento-de-lo-ingresos-familiares-por-la-actividad-del-banano-org%c3%a1nico\/#primaryimage"},"image":{"@id":"https:\/\/solidaridadlatam.org\/brasil\/frutas\/incremento-de-lo-ingresos-familiares-por-la-actividad-del-banano-org%c3%a1nico\/#primaryimage"},"thumbnailUrl":"https:\/\/solidaridadlatam.org\/brasil\/wp-content\/uploads\/2020\/11\/secuencia-banano-pcs-7.jpg","datePublished":"2015-03-08T00:00:00+00:00","dateModified":"2021-11-16T12:31:58+00:00","author":{"@id":"https:\/\/solidaridadlatam.org\/brasil\/#\/schema\/person\/98a684dfb618f75deb9977175f7f22a0"},"breadcrumb":{"@id":"https:\/\/solidaridadlatam.org\/brasil\/frutas\/incremento-de-lo-ingresos-familiares-por-la-actividad-del-banano-org%c3%a1nico\/#breadcrumb"},"inLanguage":"es","potentialAction":[{"@type":"ReadAction","target":["https:\/\/solidaridadlatam.org\/brasil\/frutas\/incremento-de-lo-ingresos-familiares-por-la-actividad-del-banano-org%c3%a1nico\/"]}]},{"@type":"ImageObject","inLanguage":"es","@id":"https:\/\/solidaridadlatam.org\/brasil\/frutas\/incremento-de-lo-ingresos-familiares-por-la-actividad-del-banano-org%c3%a1nico\/#primaryimage","url":"https:\/\/solidaridadlatam.org\/brasil\/wp-content\/uploads\/2020\/11\/secuencia-banano-pcs-7.jpg","contentUrl":"https:\/\/solidaridadlatam.org\/brasil\/wp-content\/uploads\/2020\/11\/secuencia-banano-pcs-7.jpg","width":150,"height":150},{"@type":"BreadcrumbList","@id":"https:\/\/solidaridadlatam.org\/brasil\/frutas\/incremento-de-lo-ingresos-familiares-por-la-actividad-del-banano-org%c3%a1nico\/#breadcrumb","itemListElement":[{"@type":"ListItem","position":1,"name":"Portada","item":"https:\/\/solidaridadlatam.org\/brasil\/"},{"@type":"ListItem","position":2,"name":"Incremento de lo ingresos familiares por la actividad del banano org\u00e1nico"}]},{"@type":"WebSite","@id":"https:\/\/solidaridadlatam.org\/brasil\/#website","url":"https:\/\/solidaridadlatam.org\/brasil\/","name":"Solidaridad Southamerica","description":"Organizaci\u00f3n Internacional sin fines de lucro con 50 a\u00f1os de experiencia a nivel global en desarrollo de mercados sostenibles e inclusivos","potentialAction":[{"@type":"SearchAction","target":{"@type":"EntryPoint","urlTemplate":"https:\/\/solidaridadlatam.org\/brasil\/?s={search_term_string}"},"query-input":{"@type":"PropertyValueSpecification","valueRequired":true,"valueName":"search_term_string"}}],"inLanguage":"es"},{"@type":"Person","@id":"https:\/\/solidaridadlatam.org\/brasil\/#\/schema\/person\/98a684dfb618f75deb9977175f7f22a0","name":"rosario.abramo","image":{"@type":"ImageObject","inLanguage":"es","@id":"https:\/\/solidaridadlatam.org\/brasil\/#\/schema\/person\/image\/","url":"https:\/\/secure.gravatar.com\/avatar\/369f4d18708e40372ea3e48556478bde?s=96&d=mm&r=g","contentUrl":"https:\/\/secure.gravatar.com\/avatar\/369f4d18708e40372ea3e48556478bde?s=96&d=mm&r=g","caption":"rosario.abramo"},"url":"https:\/\/solidaridadlatam.org\/brasil\/author\/rosario-abramo\/"}]}},"_links":{"self":[{"href":"https:\/\/solidaridadlatam.org\/brasil\/wp-json\/wp\/v2\/posts\/887","targetHints":{"allow":["GET"]}}],"collection":[{"href":"https:\/\/solidaridadlatam.org\/brasil\/wp-json\/wp\/v2\/posts"}],"about":[{"href":"https:\/\/solidaridadlatam.org\/brasil\/wp-json\/wp\/v2\/types\/post"}],"author":[{"embeddable":true,"href":"https:\/\/solidaridadlatam.org\/brasil\/wp-json\/wp\/v2\/users\/4"}],"replies":[{"embeddable":true,"href":"https:\/\/solidaridadlatam.org\/brasil\/wp-json\/wp\/v2\/comments?post=887"}],"version-history":[{"count":0,"href":"https:\/\/solidaridadlatam.org\/brasil\/wp-json\/wp\/v2\/posts\/887\/revisions"}],"wp:featuredmedia":[{"embeddable":true,"href":"https:\/\/solidaridadlatam.org\/brasil\/wp-json\/wp\/v2\/media\/888"}],"wp:attachment":[{"href":"https:\/\/solidaridadlatam.org\/brasil\/wp-json\/wp\/v2\/media?parent=887"}],"wp:term":[{"taxonomy":"category","embeddable":true,"href":"https:\/\/solidaridadlatam.org\/brasil\/wp-json\/wp\/v2\/categories?post=887"},{"taxonomy":"post_tag","embeddable":true,"href":"https:\/\/solidaridadlatam.org\/brasil\/wp-json\/wp\/v2\/tags?post=887"},{"taxonomy":"paises","embeddable":true,"href":"https:\/\/solidaridadlatam.org\/brasil\/wp-json\/wp\/v2\/paises?post=887"},{"taxonomy":"programa","embeddable":true,"href":"https:\/\/solidaridadlatam.org\/brasil\/wp-json\/wp\/v2\/programa?post=887"},{"taxonomy":"tema","embeddable":true,"href":"https:\/\/solidaridadlatam.org\/brasil\/wp-json\/wp\/v2\/tema?post=887"},{"taxonomy":"formato","embeddable":true,"href":"https:\/\/solidaridadlatam.org\/brasil\/wp-json\/wp\/v2\/formato?post=887"}],"curies":[{"name":"wp","href":"https:\/\/api.w.org\/{rel}","templated":true}]}}