{"id":872,"date":"2015-01-23T00:00:00","date_gmt":"2015-01-23T03:00:00","guid":{"rendered":""},"modified":"2022-01-09T21:57:32","modified_gmt":"2022-01-10T00:57:32","slug":"plataforma-de-comercio-sostenible-caf%c3%a9-colombia","status":"publish","type":"post","link":"https:\/\/solidaridadlatam.org\/brasil\/projeto\/plataforma-de-comercio-sostenible-caf%c3%a9-colombia\/","title":{"rendered":"PLATAFORMA DE COMERCIO SOSTENIBLE \u2013 CAF\u00c9 COLOMBIA"},"content":{"rendered":"<div>\n<div>\n<p>La Plataforma de Comercio Sostenible trabaja con la Asociaci\u00f3n de Exportadores de caf\u00e9 de Colombia (Asoexport), la Federaci\u00f3n Nacional de Cafeteros y con los principales actores de la cadena de caf\u00e9 del pa\u00eds para fomentar pr\u00e1cticas de producci\u00f3n sostenibles en las fincas cafeteras y garantizar su acceso a los mercados internacionales. Por esta raz\u00f3n, nos propusimos lograr que, al a\u00f1o 2016, el 60% de todo el caf\u00e9 producido en Colombia fuera sostenible y que las ventas anuales fueran de dos millones de sacos de 60 kilos.<\/p>\n<ul>\n<li>Inicio del proyecto: &nbsp;&nbsp;&nbsp;&nbsp;&nbsp;&nbsp;&nbsp;&nbsp;&nbsp;&nbsp; septiembre del 2013<\/li>\n<li>Fin del proyecto: &nbsp;&nbsp;&nbsp;&nbsp;&nbsp;&nbsp;&nbsp;&nbsp;&nbsp;&nbsp;&nbsp;&nbsp;&nbsp;&nbsp;diciembre del 2016<br \/>&nbsp;<\/li>\n<\/ul>\n<p style=\"margin-left:14.2pt\">Fondos 800.000 Euros<br \/>&nbsp;<\/p>\n<p style=\"margin-left:14.2pt\"><strong>Objetivos <\/strong><\/p>\n<ul dir=\"ltr\">\n<li>Promover el desarrollo tecnol\u00f3gico a trav\u00e9s de la adopci\u00f3n de los resultados de las investigaciones, de la implementaci\u00f3n de buenas pr\u00e1cticas agr\u00edcolas (ambientales, econ\u00f3micas y sociales) y de la disminuci\u00f3n de la huella ecol\u00f3gica del caf\u00e9.<\/li>\n<li>Fomentar el desarrollo organizacional por medio de la inclusi\u00f3n de los j\u00f3venes y de esta manera promover el relevo generacional.<\/li>\n<li>Desarrollar modelos de financiamiento para mejorar el acceso a la tierra y al capital de trabajo, la producci\u00f3n y los ingresos de los productores, con \u00e9nfasis en estrategias de financiaci\u00f3n de j\u00f3venes cafeteros.<\/li>\n<li>Crear e implementar estrategias de informaci\u00f3n y comunicaci\u00f3n dirigidas a compradores y tostadores, para promover la demanda de caf\u00e9s certificados y verificados a precios justos, que remuneren este factor de diferenciaci\u00f3n.<\/li>\n<li>Definir un mecanismo que haga m\u00e1s eficiente y \u00e1gil el proceso de oferta y comercializaci\u00f3n de caf\u00e9s certificados, con el fin de reducir la brecha entre vol\u00famenes certificados y vol\u00famenes efectivamente exportados.<\/li>\n<li>Construir y aplicar un modelo de administraci\u00f3n de la certificaci\u00f3n y\/o de los sistemas de verificaci\u00f3n al interior de las fincas y de los grupos de productores, que sea efectivo y eficiente, y est\u00e9 basado en las necesidades de los productores.<\/li>\n<li>Mejorar los procesos de auditor\u00eda para que sean m\u00e1s eficientes y de bajo costo, lo que permitir\u00e1 una mayor retroalimentaci\u00f3n.<\/li>\n<\/ul>\n<p><strong>Grupo Beneficiario Directo:<\/strong> principales actores de la cadena de caf\u00e9 de Colombia. FNC, exportadores de esquemas voluntarios de sostenibilidad.<\/p>\n<p><strong>Grupo Beneficiario Indirecto:<\/strong> 560,000 cafeteros del pa\u00eds.<br \/>&nbsp;<\/p>\n<p><strong>Resultados alcanzados al 2016<\/strong><\/p>\n<ul dir=\"ltr\">\n<li>230 t\u00e9cnicos capacitados de 8 Exportadoras de caf\u00e9 y 20 Cooperativas de caficultores.<\/li>\n<li>51,848 caficultores beneficiados de las actividades proyectadas por la PCS<\/li>\n<li>90,000 hect\u00e1reas beneficiadas de los programas..<\/li>\n<\/ul>\n<p><strong>Socios estrat\u00e9gicos:<\/strong><\/p>\n<p dir=\"ltr\">FNC, Asoexport, UTZ, Plataforma Global de Caf\u00e9, Unisarc, Racaf\u00e9, Carcaf\u00e9, Compa\u00f1\u00eda Colombiana Agroindustrial (Miembro del grupo ECOM), Mild Coffee Company Huila, Louis Dreyfus Commodities Colombia, Olam Agro Colombia, Fairtrade Labeling, Caravella, SKN, Caribe Caf\u00e9, Control Union Certifications, Cecodes: Desarrollo Sostenible, Naturacert, Fundaci\u00f3n Natura, Supracaf\u00e9, Fundaci\u00f3n Neumann, Expocaf\u00e9, Crece, CCCJ.<\/p>\n<div>Visite nuestro sitio de [button:http:\/\/www.agrolearning.com\/]Agrolearning[\/button]<\/div>\n<p>&nbsp;<\/p>\n<p>&nbsp;<\/p>\n<\/div>\n<\/div>\n<div>\n<div><\/div>\n<\/div>\n","protected":false},"excerpt":{"rendered":"<p>La Plataforma de Comercio Sostenible trabaja con la Asociaci\u00f3n de Exportadores de caf\u00e9 de Colombia (Asoexport), la Federaci\u00f3n Nacional de<\/p>\n","protected":false},"author":4,"featured_media":873,"comment_status":"open","ping_status":"closed","sticky":false,"template":"","format":"standard","meta":{"footnotes":""},"categories":[96],"tags":[],"paises":[],"programa":[],"tema":[],"formato":[],"class_list":["post-872","post","type-post","status-publish","format-standard","has-post-thumbnail","hentry","category-projeto"],"yoast_head":"<!-- This site is optimized with the Yoast SEO plugin v25.4 - https:\/\/yoast.com\/wordpress\/plugins\/seo\/ -->\n<title>PLATAFORMA DE COMERCIO SOSTENIBLE \u2013 CAF\u00c9 COLOMBIA - Solidaridad Southamerica<\/title>\n<meta name=\"robots\" content=\"index, follow, max-snippet:-1, max-image-preview:large, max-video-preview:-1\" \/>\n<link rel=\"canonical\" href=\"https:\/\/solidaridadlatam.org\/brasil\/projeto\/plataforma-de-comercio-sostenible-caf\u00e9-colombia\/\" \/>\n<meta property=\"og:locale\" content=\"es_ES\" \/>\n<meta property=\"og:type\" content=\"article\" \/>\n<meta property=\"og:title\" content=\"PLATAFORMA DE COMERCIO SOSTENIBLE \u2013 CAF\u00c9 COLOMBIA - Solidaridad Southamerica\" \/>\n<meta property=\"og:description\" content=\"La Plataforma de Comercio Sostenible trabaja con la Asociaci\u00f3n de Exportadores de caf\u00e9 de Colombia (Asoexport), la Federaci\u00f3n Nacional de\" \/>\n<meta property=\"og:url\" content=\"https:\/\/solidaridadlatam.org\/brasil\/projeto\/plataforma-de-comercio-sostenible-caf\u00e9-colombia\/\" \/>\n<meta property=\"og:site_name\" content=\"Solidaridad Southamerica\" \/>\n<meta property=\"article:published_time\" content=\"2015-01-23T03:00:00+00:00\" \/>\n<meta property=\"article:modified_time\" content=\"2022-01-10T00:57:32+00:00\" \/>\n<meta property=\"og:image\" content=\"https:\/\/solidaridadlatam.org\/brasil\/wp-content\/uploads\/2020\/11\/01151_proyectoplatafcomersost.jpg\" \/>\n\t<meta property=\"og:image:width\" content=\"150\" \/>\n\t<meta property=\"og:image:height\" content=\"150\" \/>\n\t<meta property=\"og:image:type\" content=\"image\/jpeg\" \/>\n<meta name=\"author\" content=\"rosario.abramo\" \/>\n<meta name=\"twitter:card\" content=\"summary_large_image\" \/>\n<meta name=\"twitter:label1\" content=\"Escrito por\" \/>\n\t<meta name=\"twitter:data1\" content=\"rosario.abramo\" \/>\n\t<meta name=\"twitter:label2\" content=\"Tiempo de lectura\" \/>\n\t<meta name=\"twitter:data2\" content=\"2 minutos\" \/>\n<script type=\"application\/ld+json\" class=\"yoast-schema-graph\">{\"@context\":\"https:\/\/schema.org\",\"@graph\":[{\"@type\":\"WebPage\",\"@id\":\"https:\/\/solidaridadlatam.org\/brasil\/projeto\/plataforma-de-comercio-sostenible-caf%c3%a9-colombia\/\",\"url\":\"https:\/\/solidaridadlatam.org\/brasil\/projeto\/plataforma-de-comercio-sostenible-caf%c3%a9-colombia\/\",\"name\":\"PLATAFORMA DE COMERCIO SOSTENIBLE \u2013 CAF\u00c9 COLOMBIA - Solidaridad Southamerica\",\"isPartOf\":{\"@id\":\"https:\/\/solidaridadlatam.org\/brasil\/#website\"},\"primaryImageOfPage\":{\"@id\":\"https:\/\/solidaridadlatam.org\/brasil\/projeto\/plataforma-de-comercio-sostenible-caf%c3%a9-colombia\/#primaryimage\"},\"image\":{\"@id\":\"https:\/\/solidaridadlatam.org\/brasil\/projeto\/plataforma-de-comercio-sostenible-caf%c3%a9-colombia\/#primaryimage\"},\"thumbnailUrl\":\"https:\/\/solidaridadlatam.org\/brasil\/wp-content\/uploads\/2020\/11\/01151_proyectoplatafcomersost.jpg\",\"datePublished\":\"2015-01-23T03:00:00+00:00\",\"dateModified\":\"2022-01-10T00:57:32+00:00\",\"author\":{\"@id\":\"https:\/\/solidaridadlatam.org\/brasil\/#\/schema\/person\/98a684dfb618f75deb9977175f7f22a0\"},\"breadcrumb\":{\"@id\":\"https:\/\/solidaridadlatam.org\/brasil\/projeto\/plataforma-de-comercio-sostenible-caf%c3%a9-colombia\/#breadcrumb\"},\"inLanguage\":\"es\",\"potentialAction\":[{\"@type\":\"ReadAction\",\"target\":[\"https:\/\/solidaridadlatam.org\/brasil\/projeto\/plataforma-de-comercio-sostenible-caf%c3%a9-colombia\/\"]}]},{\"@type\":\"ImageObject\",\"inLanguage\":\"es\",\"@id\":\"https:\/\/solidaridadlatam.org\/brasil\/projeto\/plataforma-de-comercio-sostenible-caf%c3%a9-colombia\/#primaryimage\",\"url\":\"https:\/\/solidaridadlatam.org\/brasil\/wp-content\/uploads\/2020\/11\/01151_proyectoplatafcomersost.jpg\",\"contentUrl\":\"https:\/\/solidaridadlatam.org\/brasil\/wp-content\/uploads\/2020\/11\/01151_proyectoplatafcomersost.jpg\",\"width\":150,\"height\":150},{\"@type\":\"BreadcrumbList\",\"@id\":\"https:\/\/solidaridadlatam.org\/brasil\/projeto\/plataforma-de-comercio-sostenible-caf%c3%a9-colombia\/#breadcrumb\",\"itemListElement\":[{\"@type\":\"ListItem\",\"position\":1,\"name\":\"Portada\",\"item\":\"https:\/\/solidaridadlatam.org\/brasil\/\"},{\"@type\":\"ListItem\",\"position\":2,\"name\":\"PLATAFORMA DE COMERCIO SOSTENIBLE \u2013 CAF\u00c9 COLOMBIA\"}]},{\"@type\":\"WebSite\",\"@id\":\"https:\/\/solidaridadlatam.org\/brasil\/#website\",\"url\":\"https:\/\/solidaridadlatam.org\/brasil\/\",\"name\":\"Solidaridad Southamerica\",\"description\":\"Organizaci\u00f3n Internacional sin fines de lucro con 50 a\u00f1os de experiencia a nivel global en desarrollo de mercados sostenibles e inclusivos\",\"potentialAction\":[{\"@type\":\"SearchAction\",\"target\":{\"@type\":\"EntryPoint\",\"urlTemplate\":\"https:\/\/solidaridadlatam.org\/brasil\/?s={search_term_string}\"},\"query-input\":{\"@type\":\"PropertyValueSpecification\",\"valueRequired\":true,\"valueName\":\"search_term_string\"}}],\"inLanguage\":\"es\"},{\"@type\":\"Person\",\"@id\":\"https:\/\/solidaridadlatam.org\/brasil\/#\/schema\/person\/98a684dfb618f75deb9977175f7f22a0\",\"name\":\"rosario.abramo\",\"image\":{\"@type\":\"ImageObject\",\"inLanguage\":\"es\",\"@id\":\"https:\/\/solidaridadlatam.org\/brasil\/#\/schema\/person\/image\/\",\"url\":\"https:\/\/secure.gravatar.com\/avatar\/369f4d18708e40372ea3e48556478bde?s=96&d=mm&r=g\",\"contentUrl\":\"https:\/\/secure.gravatar.com\/avatar\/369f4d18708e40372ea3e48556478bde?s=96&d=mm&r=g\",\"caption\":\"rosario.abramo\"},\"url\":\"https:\/\/solidaridadlatam.org\/brasil\/author\/rosario-abramo\/\"}]}<\/script>\n<!-- \/ Yoast SEO plugin. -->","yoast_head_json":{"title":"PLATAFORMA DE COMERCIO SOSTENIBLE \u2013 CAF\u00c9 COLOMBIA - Solidaridad Southamerica","robots":{"index":"index","follow":"follow","max-snippet":"max-snippet:-1","max-image-preview":"max-image-preview:large","max-video-preview":"max-video-preview:-1"},"canonical":"https:\/\/solidaridadlatam.org\/brasil\/projeto\/plataforma-de-comercio-sostenible-caf\u00e9-colombia\/","og_locale":"es_ES","og_type":"article","og_title":"PLATAFORMA DE COMERCIO SOSTENIBLE \u2013 CAF\u00c9 COLOMBIA - Solidaridad Southamerica","og_description":"La Plataforma de Comercio Sostenible trabaja con la Asociaci\u00f3n de Exportadores de caf\u00e9 de Colombia (Asoexport), la Federaci\u00f3n Nacional de","og_url":"https:\/\/solidaridadlatam.org\/brasil\/projeto\/plataforma-de-comercio-sostenible-caf\u00e9-colombia\/","og_site_name":"Solidaridad Southamerica","article_published_time":"2015-01-23T03:00:00+00:00","article_modified_time":"2022-01-10T00:57:32+00:00","og_image":[{"width":150,"height":150,"url":"https:\/\/solidaridadlatam.org\/brasil\/wp-content\/uploads\/2020\/11\/01151_proyectoplatafcomersost.jpg","type":"image\/jpeg"}],"author":"rosario.abramo","twitter_card":"summary_large_image","twitter_misc":{"Escrito por":"rosario.abramo","Tiempo de lectura":"2 minutos"},"schema":{"@context":"https:\/\/schema.org","@graph":[{"@type":"WebPage","@id":"https:\/\/solidaridadlatam.org\/brasil\/projeto\/plataforma-de-comercio-sostenible-caf%c3%a9-colombia\/","url":"https:\/\/solidaridadlatam.org\/brasil\/projeto\/plataforma-de-comercio-sostenible-caf%c3%a9-colombia\/","name":"PLATAFORMA DE COMERCIO SOSTENIBLE \u2013 CAF\u00c9 COLOMBIA - Solidaridad Southamerica","isPartOf":{"@id":"https:\/\/solidaridadlatam.org\/brasil\/#website"},"primaryImageOfPage":{"@id":"https:\/\/solidaridadlatam.org\/brasil\/projeto\/plataforma-de-comercio-sostenible-caf%c3%a9-colombia\/#primaryimage"},"image":{"@id":"https:\/\/solidaridadlatam.org\/brasil\/projeto\/plataforma-de-comercio-sostenible-caf%c3%a9-colombia\/#primaryimage"},"thumbnailUrl":"https:\/\/solidaridadlatam.org\/brasil\/wp-content\/uploads\/2020\/11\/01151_proyectoplatafcomersost.jpg","datePublished":"2015-01-23T03:00:00+00:00","dateModified":"2022-01-10T00:57:32+00:00","author":{"@id":"https:\/\/solidaridadlatam.org\/brasil\/#\/schema\/person\/98a684dfb618f75deb9977175f7f22a0"},"breadcrumb":{"@id":"https:\/\/solidaridadlatam.org\/brasil\/projeto\/plataforma-de-comercio-sostenible-caf%c3%a9-colombia\/#breadcrumb"},"inLanguage":"es","potentialAction":[{"@type":"ReadAction","target":["https:\/\/solidaridadlatam.org\/brasil\/projeto\/plataforma-de-comercio-sostenible-caf%c3%a9-colombia\/"]}]},{"@type":"ImageObject","inLanguage":"es","@id":"https:\/\/solidaridadlatam.org\/brasil\/projeto\/plataforma-de-comercio-sostenible-caf%c3%a9-colombia\/#primaryimage","url":"https:\/\/solidaridadlatam.org\/brasil\/wp-content\/uploads\/2020\/11\/01151_proyectoplatafcomersost.jpg","contentUrl":"https:\/\/solidaridadlatam.org\/brasil\/wp-content\/uploads\/2020\/11\/01151_proyectoplatafcomersost.jpg","width":150,"height":150},{"@type":"BreadcrumbList","@id":"https:\/\/solidaridadlatam.org\/brasil\/projeto\/plataforma-de-comercio-sostenible-caf%c3%a9-colombia\/#breadcrumb","itemListElement":[{"@type":"ListItem","position":1,"name":"Portada","item":"https:\/\/solidaridadlatam.org\/brasil\/"},{"@type":"ListItem","position":2,"name":"PLATAFORMA DE COMERCIO SOSTENIBLE \u2013 CAF\u00c9 COLOMBIA"}]},{"@type":"WebSite","@id":"https:\/\/solidaridadlatam.org\/brasil\/#website","url":"https:\/\/solidaridadlatam.org\/brasil\/","name":"Solidaridad Southamerica","description":"Organizaci\u00f3n Internacional sin fines de lucro con 50 a\u00f1os de experiencia a nivel global en desarrollo de mercados sostenibles e inclusivos","potentialAction":[{"@type":"SearchAction","target":{"@type":"EntryPoint","urlTemplate":"https:\/\/solidaridadlatam.org\/brasil\/?s={search_term_string}"},"query-input":{"@type":"PropertyValueSpecification","valueRequired":true,"valueName":"search_term_string"}}],"inLanguage":"es"},{"@type":"Person","@id":"https:\/\/solidaridadlatam.org\/brasil\/#\/schema\/person\/98a684dfb618f75deb9977175f7f22a0","name":"rosario.abramo","image":{"@type":"ImageObject","inLanguage":"es","@id":"https:\/\/solidaridadlatam.org\/brasil\/#\/schema\/person\/image\/","url":"https:\/\/secure.gravatar.com\/avatar\/369f4d18708e40372ea3e48556478bde?s=96&d=mm&r=g","contentUrl":"https:\/\/secure.gravatar.com\/avatar\/369f4d18708e40372ea3e48556478bde?s=96&d=mm&r=g","caption":"rosario.abramo"},"url":"https:\/\/solidaridadlatam.org\/brasil\/author\/rosario-abramo\/"}]}},"_links":{"self":[{"href":"https:\/\/solidaridadlatam.org\/brasil\/wp-json\/wp\/v2\/posts\/872","targetHints":{"allow":["GET"]}}],"collection":[{"href":"https:\/\/solidaridadlatam.org\/brasil\/wp-json\/wp\/v2\/posts"}],"about":[{"href":"https:\/\/solidaridadlatam.org\/brasil\/wp-json\/wp\/v2\/types\/post"}],"author":[{"embeddable":true,"href":"https:\/\/solidaridadlatam.org\/brasil\/wp-json\/wp\/v2\/users\/4"}],"replies":[{"embeddable":true,"href":"https:\/\/solidaridadlatam.org\/brasil\/wp-json\/wp\/v2\/comments?post=872"}],"version-history":[{"count":0,"href":"https:\/\/solidaridadlatam.org\/brasil\/wp-json\/wp\/v2\/posts\/872\/revisions"}],"wp:featuredmedia":[{"embeddable":true,"href":"https:\/\/solidaridadlatam.org\/brasil\/wp-json\/wp\/v2\/media\/873"}],"wp:attachment":[{"href":"https:\/\/solidaridadlatam.org\/brasil\/wp-json\/wp\/v2\/media?parent=872"}],"wp:term":[{"taxonomy":"category","embeddable":true,"href":"https:\/\/solidaridadlatam.org\/brasil\/wp-json\/wp\/v2\/categories?post=872"},{"taxonomy":"post_tag","embeddable":true,"href":"https:\/\/solidaridadlatam.org\/brasil\/wp-json\/wp\/v2\/tags?post=872"},{"taxonomy":"paises","embeddable":true,"href":"https:\/\/solidaridadlatam.org\/brasil\/wp-json\/wp\/v2\/paises?post=872"},{"taxonomy":"programa","embeddable":true,"href":"https:\/\/solidaridadlatam.org\/brasil\/wp-json\/wp\/v2\/programa?post=872"},{"taxonomy":"tema","embeddable":true,"href":"https:\/\/solidaridadlatam.org\/brasil\/wp-json\/wp\/v2\/tema?post=872"},{"taxonomy":"formato","embeddable":true,"href":"https:\/\/solidaridadlatam.org\/brasil\/wp-json\/wp\/v2\/formato?post=872"}],"curies":[{"name":"wp","href":"https:\/\/api.w.org\/{rel}","templated":true}]}}