{"id":870,"date":"2015-01-23T00:00:00","date_gmt":"2015-01-23T00:00:00","guid":{"rendered":""},"modified":"2021-11-16T12:31:57","modified_gmt":"2021-11-16T12:31:57","slug":"caf%c3%a9-conocimiento-y-carbono-para-redd%2b-en-el-per%c3%ba-ccc","status":"publish","type":"post","link":"https:\/\/solidaridadlatam.org\/brasil\/cafe\/caf%c3%a9-conocimiento-y-carbono-para-redd%2b-en-el-per%c3%ba-ccc\/","title":{"rendered":"CAF\u00c9, CONOCIMIENTO Y CARBONO PARA REDD+ EN EL PER\u00da (CCC)"},"content":{"rendered":"<div>\n<div>\n<p><strong>Objetivo:&nbsp;<\/strong><\/p>\n<p>Establecer una agricultura sostenible y resiliente al cambio clim\u00e1tico que adem\u00e1s pase de ser un problema a una soluci\u00f3n hacia la deforestaci\u00f3n a trav\u00e9s de un uso inteligente de la tierra, dejando de lado la agricultura cafetalera convencional.<\/p>\n<ul>\n<li>Inicio del proyecto: &nbsp;&nbsp;&nbsp;&nbsp;&nbsp;&nbsp;&nbsp;&nbsp;&nbsp;&nbsp; Abril del 2013<\/li>\n<li>Fin del proyecto: &nbsp;&nbsp;&nbsp;&nbsp;&nbsp;&nbsp;&nbsp;&nbsp;&nbsp;&nbsp;&nbsp;&nbsp;&nbsp;&nbsp;Marzo del 2016.<br \/>&nbsp;<\/li>\n<\/ul>\n<p>Fondo: NORAD 1&acute;089,500 euros<br \/>&nbsp;<\/p>\n<p><strong>Grupo Beneficiario Directo<\/strong>: 1,200 familias de peque\u00f1os productores de caf\u00e9.<\/p>\n<p><strong>Grupo Beneficiario Indirecto<\/strong>: Sector cafetalero Per\u00fa.<br \/>&nbsp;<\/p>\n<p><strong>Resultados esperados del proyecto: <\/strong><\/p>\n<ul>\n<li>Captura y almacenamiento de Carbono<\/li>\n<\/ul>\n<p>85,101 &nbsp;&nbsp;&nbsp;&nbsp;&nbsp;&nbsp;&nbsp;&nbsp;&nbsp;&nbsp;&nbsp;&nbsp;&nbsp;&nbsp;&nbsp;&nbsp;&nbsp;TM de CO2 no emitidas al a\u00f1o.<\/p>\n<p>135,356 &nbsp;&nbsp;&nbsp;&nbsp;&nbsp;&nbsp;&nbsp;&nbsp;&nbsp;&nbsp;&nbsp;&nbsp;&nbsp;&nbsp; TM de CO2 secuestradas \/ a\u00f1o.<\/p>\n<p>180 &nbsp; &nbsp; &nbsp; &nbsp; &nbsp; &nbsp; &nbsp; &nbsp; &nbsp; &nbsp; &nbsp;&nbsp;Hect\u00e1reas no deforestadas \/ a\u00f1o.<\/p>\n<p>&nbsp;<\/p>\n<ul>\n<li>Desarrollo de Capacidades<\/li>\n<\/ul>\n<p>1,200 Productores implementan pr\u00e1cticas agr\u00edcolas&nbsp;clim\u00e1ticamente sostenibles.<\/p>\n<p>2,650&nbsp;Hect\u00e1reas implementan CSA.<\/p>\n<p>60&nbsp;T\u00e9cnicos agr\u00edcolas son capacitados en CSA.<br \/>&nbsp;<\/p>\n<ul>\n<li>Trasmisi\u00f3n del Conocimiento<\/li>\n<\/ul>\n<p>Informar los resultados del desarrollo de las herramientas de CSA, est\u00e1ndares de cr\u00e9ditos de carbono (VCS, Gold Standard, CCBA), esquemas de certificaci\u00f3n agr\u00edcola (Fairtrade, UTZ Certified, Rainforest Alliance y Org\u00e1nico), REDD+ nacional y el desarrollo de estrategias que permitan generar la aplicaci\u00f3n de t\u00e9cnicas de CSA a gran escala.<br \/>&nbsp;<\/p>\n<p><strong>Socios estrat\u00e9gicos:<\/strong> APROECO, APROCASS, CAPEMA, CAPOMIR, CEDROS CAF\u00c9, FRUTO DE SELVA, FRUTOS DE LA SELVA, APAEZASS, CAS EL DORADO, CUENCAS DEL HUALLAGA, CAF\u00c9 DONCEL, PRODELSUR SA, ED Y MAN, VOLCAFE GROUP&nbsp;.<\/p>\n<\/div>\n<\/div>\n<div>\n<div><\/div>\n<\/div>\n","protected":false},"excerpt":{"rendered":"<p>Objetivo:&nbsp; Establecer una agricultura sostenible y resiliente al cambio clim\u00e1tico que adem\u00e1s pase de ser un problema a una soluci\u00f3n<\/p>\n","protected":false},"author":4,"featured_media":871,"comment_status":"open","ping_status":"closed","sticky":false,"template":"","format":"standard","meta":{"footnotes":""},"categories":[50,96],"tags":[],"paises":[],"programa":[],"tema":[],"formato":[],"class_list":["post-870","post","type-post","status-publish","format-standard","has-post-thumbnail","hentry","category-cafe","category-projeto"],"yoast_head":"<!-- This site is optimized with the Yoast SEO plugin v25.4 - https:\/\/yoast.com\/wordpress\/plugins\/seo\/ -->\n<title>CAF\u00c9, CONOCIMIENTO Y CARBONO PARA REDD+ EN EL PER\u00da (CCC) - Solidaridad Southamerica<\/title>\n<meta name=\"robots\" content=\"index, follow, max-snippet:-1, max-image-preview:large, max-video-preview:-1\" \/>\n<link rel=\"canonical\" href=\"https:\/\/solidaridadlatam.org\/brasil\/cafe\/caf\u00e9-conocimiento-y-carbono-para-redd+-en-el-per\u00fa-ccc\/\" \/>\n<meta property=\"og:locale\" content=\"es_ES\" \/>\n<meta property=\"og:type\" content=\"article\" \/>\n<meta property=\"og:title\" content=\"CAF\u00c9, CONOCIMIENTO Y CARBONO PARA REDD+ EN EL PER\u00da (CCC) - Solidaridad Southamerica\" \/>\n<meta property=\"og:description\" content=\"Objetivo:&nbsp; Establecer una agricultura sostenible y resiliente al cambio clim\u00e1tico que adem\u00e1s pase de ser un problema a una soluci\u00f3n\" \/>\n<meta property=\"og:url\" content=\"https:\/\/solidaridadlatam.org\/brasil\/cafe\/caf\u00e9-conocimiento-y-carbono-para-redd+-en-el-per\u00fa-ccc\/\" \/>\n<meta property=\"og:site_name\" content=\"Solidaridad Southamerica\" \/>\n<meta property=\"article:published_time\" content=\"2015-01-23T00:00:00+00:00\" \/>\n<meta property=\"article:modified_time\" content=\"2021-11-16T12:31:57+00:00\" \/>\n<meta property=\"og:image\" content=\"https:\/\/solidaridadlatam.org\/brasil\/wp-content\/uploads\/2020\/11\/01151_proyectocafeconocycarb.jpg\" \/>\n\t<meta property=\"og:image:width\" content=\"150\" \/>\n\t<meta property=\"og:image:height\" content=\"150\" \/>\n\t<meta property=\"og:image:type\" content=\"image\/jpeg\" \/>\n<meta name=\"author\" content=\"rosario.abramo\" \/>\n<meta name=\"twitter:card\" content=\"summary_large_image\" \/>\n<meta name=\"twitter:label1\" content=\"Escrito por\" \/>\n\t<meta name=\"twitter:data1\" content=\"rosario.abramo\" \/>\n\t<meta name=\"twitter:label2\" content=\"Tiempo de lectura\" \/>\n\t<meta name=\"twitter:data2\" content=\"1 minuto\" \/>\n<script type=\"application\/ld+json\" class=\"yoast-schema-graph\">{\"@context\":\"https:\/\/schema.org\",\"@graph\":[{\"@type\":\"WebPage\",\"@id\":\"https:\/\/solidaridadlatam.org\/brasil\/cafe\/caf%c3%a9-conocimiento-y-carbono-para-redd%2b-en-el-per%c3%ba-ccc\/\",\"url\":\"https:\/\/solidaridadlatam.org\/brasil\/cafe\/caf%c3%a9-conocimiento-y-carbono-para-redd%2b-en-el-per%c3%ba-ccc\/\",\"name\":\"CAF\u00c9, CONOCIMIENTO Y CARBONO PARA REDD+ EN EL PER\u00da (CCC) - Solidaridad Southamerica\",\"isPartOf\":{\"@id\":\"https:\/\/solidaridadlatam.org\/brasil\/#website\"},\"primaryImageOfPage\":{\"@id\":\"https:\/\/solidaridadlatam.org\/brasil\/cafe\/caf%c3%a9-conocimiento-y-carbono-para-redd%2b-en-el-per%c3%ba-ccc\/#primaryimage\"},\"image\":{\"@id\":\"https:\/\/solidaridadlatam.org\/brasil\/cafe\/caf%c3%a9-conocimiento-y-carbono-para-redd%2b-en-el-per%c3%ba-ccc\/#primaryimage\"},\"thumbnailUrl\":\"https:\/\/solidaridadlatam.org\/brasil\/wp-content\/uploads\/2020\/11\/01151_proyectocafeconocycarb.jpg\",\"datePublished\":\"2015-01-23T00:00:00+00:00\",\"dateModified\":\"2021-11-16T12:31:57+00:00\",\"author\":{\"@id\":\"https:\/\/solidaridadlatam.org\/brasil\/#\/schema\/person\/98a684dfb618f75deb9977175f7f22a0\"},\"breadcrumb\":{\"@id\":\"https:\/\/solidaridadlatam.org\/brasil\/cafe\/caf%c3%a9-conocimiento-y-carbono-para-redd%2b-en-el-per%c3%ba-ccc\/#breadcrumb\"},\"inLanguage\":\"es\",\"potentialAction\":[{\"@type\":\"ReadAction\",\"target\":[\"https:\/\/solidaridadlatam.org\/brasil\/cafe\/caf%c3%a9-conocimiento-y-carbono-para-redd%2b-en-el-per%c3%ba-ccc\/\"]}]},{\"@type\":\"ImageObject\",\"inLanguage\":\"es\",\"@id\":\"https:\/\/solidaridadlatam.org\/brasil\/cafe\/caf%c3%a9-conocimiento-y-carbono-para-redd%2b-en-el-per%c3%ba-ccc\/#primaryimage\",\"url\":\"https:\/\/solidaridadlatam.org\/brasil\/wp-content\/uploads\/2020\/11\/01151_proyectocafeconocycarb.jpg\",\"contentUrl\":\"https:\/\/solidaridadlatam.org\/brasil\/wp-content\/uploads\/2020\/11\/01151_proyectocafeconocycarb.jpg\",\"width\":150,\"height\":150},{\"@type\":\"BreadcrumbList\",\"@id\":\"https:\/\/solidaridadlatam.org\/brasil\/cafe\/caf%c3%a9-conocimiento-y-carbono-para-redd%2b-en-el-per%c3%ba-ccc\/#breadcrumb\",\"itemListElement\":[{\"@type\":\"ListItem\",\"position\":1,\"name\":\"Portada\",\"item\":\"https:\/\/solidaridadlatam.org\/brasil\/\"},{\"@type\":\"ListItem\",\"position\":2,\"name\":\"CAF\u00c9, CONOCIMIENTO Y CARBONO PARA REDD+ EN EL PER\u00da (CCC)\"}]},{\"@type\":\"WebSite\",\"@id\":\"https:\/\/solidaridadlatam.org\/brasil\/#website\",\"url\":\"https:\/\/solidaridadlatam.org\/brasil\/\",\"name\":\"Solidaridad Southamerica\",\"description\":\"Organizaci\u00f3n Internacional sin fines de lucro con 50 a\u00f1os de experiencia a nivel global en desarrollo de mercados sostenibles e inclusivos\",\"potentialAction\":[{\"@type\":\"SearchAction\",\"target\":{\"@type\":\"EntryPoint\",\"urlTemplate\":\"https:\/\/solidaridadlatam.org\/brasil\/?s={search_term_string}\"},\"query-input\":{\"@type\":\"PropertyValueSpecification\",\"valueRequired\":true,\"valueName\":\"search_term_string\"}}],\"inLanguage\":\"es\"},{\"@type\":\"Person\",\"@id\":\"https:\/\/solidaridadlatam.org\/brasil\/#\/schema\/person\/98a684dfb618f75deb9977175f7f22a0\",\"name\":\"rosario.abramo\",\"image\":{\"@type\":\"ImageObject\",\"inLanguage\":\"es\",\"@id\":\"https:\/\/solidaridadlatam.org\/brasil\/#\/schema\/person\/image\/\",\"url\":\"https:\/\/secure.gravatar.com\/avatar\/369f4d18708e40372ea3e48556478bde?s=96&d=mm&r=g\",\"contentUrl\":\"https:\/\/secure.gravatar.com\/avatar\/369f4d18708e40372ea3e48556478bde?s=96&d=mm&r=g\",\"caption\":\"rosario.abramo\"},\"url\":\"https:\/\/solidaridadlatam.org\/brasil\/author\/rosario-abramo\/\"}]}<\/script>\n<!-- \/ Yoast SEO plugin. -->","yoast_head_json":{"title":"CAF\u00c9, CONOCIMIENTO Y CARBONO PARA REDD+ EN EL PER\u00da (CCC) - Solidaridad Southamerica","robots":{"index":"index","follow":"follow","max-snippet":"max-snippet:-1","max-image-preview":"max-image-preview:large","max-video-preview":"max-video-preview:-1"},"canonical":"https:\/\/solidaridadlatam.org\/brasil\/cafe\/caf\u00e9-conocimiento-y-carbono-para-redd+-en-el-per\u00fa-ccc\/","og_locale":"es_ES","og_type":"article","og_title":"CAF\u00c9, CONOCIMIENTO Y CARBONO PARA REDD+ EN EL PER\u00da (CCC) - Solidaridad Southamerica","og_description":"Objetivo:&nbsp; Establecer una agricultura sostenible y resiliente al cambio clim\u00e1tico que adem\u00e1s pase de ser un problema a una soluci\u00f3n","og_url":"https:\/\/solidaridadlatam.org\/brasil\/cafe\/caf\u00e9-conocimiento-y-carbono-para-redd+-en-el-per\u00fa-ccc\/","og_site_name":"Solidaridad Southamerica","article_published_time":"2015-01-23T00:00:00+00:00","article_modified_time":"2021-11-16T12:31:57+00:00","og_image":[{"width":150,"height":150,"url":"https:\/\/solidaridadlatam.org\/brasil\/wp-content\/uploads\/2020\/11\/01151_proyectocafeconocycarb.jpg","type":"image\/jpeg"}],"author":"rosario.abramo","twitter_card":"summary_large_image","twitter_misc":{"Escrito por":"rosario.abramo","Tiempo de lectura":"1 minuto"},"schema":{"@context":"https:\/\/schema.org","@graph":[{"@type":"WebPage","@id":"https:\/\/solidaridadlatam.org\/brasil\/cafe\/caf%c3%a9-conocimiento-y-carbono-para-redd%2b-en-el-per%c3%ba-ccc\/","url":"https:\/\/solidaridadlatam.org\/brasil\/cafe\/caf%c3%a9-conocimiento-y-carbono-para-redd%2b-en-el-per%c3%ba-ccc\/","name":"CAF\u00c9, CONOCIMIENTO Y CARBONO PARA REDD+ EN EL PER\u00da (CCC) - Solidaridad Southamerica","isPartOf":{"@id":"https:\/\/solidaridadlatam.org\/brasil\/#website"},"primaryImageOfPage":{"@id":"https:\/\/solidaridadlatam.org\/brasil\/cafe\/caf%c3%a9-conocimiento-y-carbono-para-redd%2b-en-el-per%c3%ba-ccc\/#primaryimage"},"image":{"@id":"https:\/\/solidaridadlatam.org\/brasil\/cafe\/caf%c3%a9-conocimiento-y-carbono-para-redd%2b-en-el-per%c3%ba-ccc\/#primaryimage"},"thumbnailUrl":"https:\/\/solidaridadlatam.org\/brasil\/wp-content\/uploads\/2020\/11\/01151_proyectocafeconocycarb.jpg","datePublished":"2015-01-23T00:00:00+00:00","dateModified":"2021-11-16T12:31:57+00:00","author":{"@id":"https:\/\/solidaridadlatam.org\/brasil\/#\/schema\/person\/98a684dfb618f75deb9977175f7f22a0"},"breadcrumb":{"@id":"https:\/\/solidaridadlatam.org\/brasil\/cafe\/caf%c3%a9-conocimiento-y-carbono-para-redd%2b-en-el-per%c3%ba-ccc\/#breadcrumb"},"inLanguage":"es","potentialAction":[{"@type":"ReadAction","target":["https:\/\/solidaridadlatam.org\/brasil\/cafe\/caf%c3%a9-conocimiento-y-carbono-para-redd%2b-en-el-per%c3%ba-ccc\/"]}]},{"@type":"ImageObject","inLanguage":"es","@id":"https:\/\/solidaridadlatam.org\/brasil\/cafe\/caf%c3%a9-conocimiento-y-carbono-para-redd%2b-en-el-per%c3%ba-ccc\/#primaryimage","url":"https:\/\/solidaridadlatam.org\/brasil\/wp-content\/uploads\/2020\/11\/01151_proyectocafeconocycarb.jpg","contentUrl":"https:\/\/solidaridadlatam.org\/brasil\/wp-content\/uploads\/2020\/11\/01151_proyectocafeconocycarb.jpg","width":150,"height":150},{"@type":"BreadcrumbList","@id":"https:\/\/solidaridadlatam.org\/brasil\/cafe\/caf%c3%a9-conocimiento-y-carbono-para-redd%2b-en-el-per%c3%ba-ccc\/#breadcrumb","itemListElement":[{"@type":"ListItem","position":1,"name":"Portada","item":"https:\/\/solidaridadlatam.org\/brasil\/"},{"@type":"ListItem","position":2,"name":"CAF\u00c9, CONOCIMIENTO Y CARBONO PARA REDD+ EN EL PER\u00da (CCC)"}]},{"@type":"WebSite","@id":"https:\/\/solidaridadlatam.org\/brasil\/#website","url":"https:\/\/solidaridadlatam.org\/brasil\/","name":"Solidaridad Southamerica","description":"Organizaci\u00f3n Internacional sin fines de lucro con 50 a\u00f1os de experiencia a nivel global en desarrollo de mercados sostenibles e inclusivos","potentialAction":[{"@type":"SearchAction","target":{"@type":"EntryPoint","urlTemplate":"https:\/\/solidaridadlatam.org\/brasil\/?s={search_term_string}"},"query-input":{"@type":"PropertyValueSpecification","valueRequired":true,"valueName":"search_term_string"}}],"inLanguage":"es"},{"@type":"Person","@id":"https:\/\/solidaridadlatam.org\/brasil\/#\/schema\/person\/98a684dfb618f75deb9977175f7f22a0","name":"rosario.abramo","image":{"@type":"ImageObject","inLanguage":"es","@id":"https:\/\/solidaridadlatam.org\/brasil\/#\/schema\/person\/image\/","url":"https:\/\/secure.gravatar.com\/avatar\/369f4d18708e40372ea3e48556478bde?s=96&d=mm&r=g","contentUrl":"https:\/\/secure.gravatar.com\/avatar\/369f4d18708e40372ea3e48556478bde?s=96&d=mm&r=g","caption":"rosario.abramo"},"url":"https:\/\/solidaridadlatam.org\/brasil\/author\/rosario-abramo\/"}]}},"_links":{"self":[{"href":"https:\/\/solidaridadlatam.org\/brasil\/wp-json\/wp\/v2\/posts\/870","targetHints":{"allow":["GET"]}}],"collection":[{"href":"https:\/\/solidaridadlatam.org\/brasil\/wp-json\/wp\/v2\/posts"}],"about":[{"href":"https:\/\/solidaridadlatam.org\/brasil\/wp-json\/wp\/v2\/types\/post"}],"author":[{"embeddable":true,"href":"https:\/\/solidaridadlatam.org\/brasil\/wp-json\/wp\/v2\/users\/4"}],"replies":[{"embeddable":true,"href":"https:\/\/solidaridadlatam.org\/brasil\/wp-json\/wp\/v2\/comments?post=870"}],"version-history":[{"count":0,"href":"https:\/\/solidaridadlatam.org\/brasil\/wp-json\/wp\/v2\/posts\/870\/revisions"}],"wp:featuredmedia":[{"embeddable":true,"href":"https:\/\/solidaridadlatam.org\/brasil\/wp-json\/wp\/v2\/media\/871"}],"wp:attachment":[{"href":"https:\/\/solidaridadlatam.org\/brasil\/wp-json\/wp\/v2\/media?parent=870"}],"wp:term":[{"taxonomy":"category","embeddable":true,"href":"https:\/\/solidaridadlatam.org\/brasil\/wp-json\/wp\/v2\/categories?post=870"},{"taxonomy":"post_tag","embeddable":true,"href":"https:\/\/solidaridadlatam.org\/brasil\/wp-json\/wp\/v2\/tags?post=870"},{"taxonomy":"paises","embeddable":true,"href":"https:\/\/solidaridadlatam.org\/brasil\/wp-json\/wp\/v2\/paises?post=870"},{"taxonomy":"programa","embeddable":true,"href":"https:\/\/solidaridadlatam.org\/brasil\/wp-json\/wp\/v2\/programa?post=870"},{"taxonomy":"tema","embeddable":true,"href":"https:\/\/solidaridadlatam.org\/brasil\/wp-json\/wp\/v2\/tema?post=870"},{"taxonomy":"formato","embeddable":true,"href":"https:\/\/solidaridadlatam.org\/brasil\/wp-json\/wp\/v2\/formato?post=870"}],"curies":[{"name":"wp","href":"https:\/\/api.w.org\/{rel}","templated":true}]}}