{"id":4806,"date":"2014-12-03T20:29:46","date_gmt":"2014-12-03T20:29:46","guid":{"rendered":""},"modified":"2021-11-16T12:34:51","modified_gmt":"2021-11-16T12:34:51","slug":"gesti%c3%b3n-eficiente-de-carbono-en-caf%c3%a9-2","status":"publish","type":"post","link":"https:\/\/solidaridadlatam.org\/brasil\/cafe\/gesti%c3%b3n-eficiente-de-carbono-en-caf%c3%a9-2\/","title":{"rendered":"Gesti\u00f3n eficiente de carbono en caf\u00e9"},"content":{"rendered":"<div>\n<div>Los peque\u00f1os productores de caf\u00e9 adoptan sistemas de producci\u00f3n que favorezcan la conservaci\u00f3n y manejen de manera  sostenible especies arb\u00f3reas. Esto en las condiciones agroecol\u00f3gicas donde el caf\u00e9 a la sombra o semi sombra sea recomendado agron\u00f3micamente.<\/div>\n<\/div>\n<div>\n<div>\n<p style=\"margin-left:14.2pt\">Inicio del proyecto: &nbsp;&nbsp;&nbsp;&nbsp;&nbsp;&nbsp; Abril de 2013<\/p>\n<p style=\"margin-left:14.2pt\">Fin del proyecto: &nbsp;&nbsp;&nbsp;&nbsp;&nbsp;&nbsp; Junio del 2015<\/p>\n<p style=\"margin-left:14.2pt\">Fondos: &nbsp;NORAD 1.154.000 Euros<\/p>\n<h3 style=\"margin-left:14.2pt\">Objetivos<\/h3>\n<ul>\t<\/p>\n<li>Los peque\u00f1os productores de caf\u00e9 adoptan sistemas de producci\u00f3n que favorezcan la conservaci\u00f3n y manejen de manera&nbsp; sostenible especies arb\u00f3reas. Esto en las condiciones agroecol\u00f3gicas donde el caf\u00e9 a la sombra o semi sombra sea recomendado agron\u00f3micamente.<\/li>\n<p>\t<\/p>\n<li>Se debe generar un trabajo en red con otras organizaciones que trabajan en el sector cafetero. Esta labor se facilita gracias al proyecto que actualmente ejecuta Solidaridad con la embajada de los pa\u00edses bajos. Se trata de una plataforma de sostenibilidad donde tienen asiento los principales actores de la cadena de caf\u00e9 en Colombia.<\/li>\n<p>\t<\/p>\n<li>Dinamizar con el gobierno Nacional la puesta en marcha de una agenda&nbsp; REDD+.&nbsp; La coordinaci\u00f3n entre ministerios es un prerrequisito para la implementaci\u00f3n exitosa de REDD+. Al respecto se debe trabajar de la mano con el Ministerio de Ambiente y con el&nbsp; Ministerio de Agricultura.<\/li>\n<p><\/ul>\n<p><strong>Grupo Beneficiario Directo:<\/strong>&nbsp; 4500 caficultores del departamento de Risaralda y el Valle.<\/p>\n<p><strong>Grupo Beneficiario Indirecto:<\/strong> Caficultores y familias de los departamentos de Risaralda y el Valle.<\/p>\n<h3>Resultados alcanzados al 2014<\/h3>\n<ul>\t<\/p>\n<li>Atenci\u00f3n de 1200 caficultores en actividades de capacitaci\u00f3n.<\/li>\n<p>\t<\/p>\n<li>Elaboraci\u00f3n de l\u00ednea de base a 85 fincas cafeteras.<\/li>\n<p>\t<\/p>\n<li>142 visitas a fincas realizadas por los t\u00e9cnicos<\/li>\n<p><\/ul>\n<p><strong>Socios estrat\u00e9gicos:<\/strong> Federaci\u00f3n de cafeteros, Fundacion Newman, Asotatama, Agrosolidaria<\/p>\n<p>Beneficios generados (nivel local, regional, nacional, supranacional)<\/p>\n<p>Incrementar los ingresos de los productores hasta en un 8 % por efecto del manejo sostenible del cultivo y la venta de caf\u00e9 certificado.<\/p>\n<p>Bajar los costos de producci\u00f3n de caf\u00e9 en un 5 % por concepto de menor fertilizaci\u00f3n por \u00e1rboles, disminuir el uso de insumos externos.<\/p>\n<p>150 hect\u00e1reas de corredores de conservaci\u00f3n establecidos.<\/p>\n<p>1456 hect\u00e1reas certificadas de caf\u00e9 con sombra.<\/p>\n<p>Reducci\u00f3n de emisiones en un 20%. Manejo adecuado de sistemas de caf\u00e9 asociado con especies arb\u00f3reas.<\/p>\n<p><\/div>\n<\/div>\n<div>\n<div><\/div>\n<\/div>\n","protected":false},"excerpt":{"rendered":"<p>Los peque\u00f1os productores de caf\u00e9 adoptan sistemas de producci\u00f3n que favorezcan la conservaci\u00f3n y manejen de manera sostenible especies arb\u00f3reas.<\/p>\n","protected":false},"author":0,"featured_media":4807,"comment_status":"open","ping_status":"closed","sticky":false,"template":"","format":"standard","meta":{"footnotes":""},"categories":[50,96],"tags":[],"paises":[],"programa":[],"tema":[],"formato":[],"class_list":["post-4806","post","type-post","status-publish","format-standard","has-post-thumbnail","hentry","category-cafe","category-projeto"],"yoast_head":"<!-- This site is optimized with the Yoast SEO plugin v25.4 - https:\/\/yoast.com\/wordpress\/plugins\/seo\/ -->\n<title>Gesti\u00f3n eficiente de carbono en caf\u00e9 - Solidaridad Southamerica<\/title>\n<meta name=\"robots\" content=\"index, follow, max-snippet:-1, max-image-preview:large, max-video-preview:-1\" \/>\n<link rel=\"canonical\" href=\"https:\/\/solidaridadlatam.org\/brasil\/cafe\/gesti\u00f3n-eficiente-de-carbono-en-caf\u00e9-2\/\" \/>\n<meta property=\"og:locale\" content=\"es_ES\" \/>\n<meta property=\"og:type\" content=\"article\" \/>\n<meta property=\"og:title\" content=\"Gesti\u00f3n eficiente de carbono en caf\u00e9 - Solidaridad Southamerica\" \/>\n<meta property=\"og:description\" content=\"Los peque\u00f1os productores de caf\u00e9 adoptan sistemas de producci\u00f3n que favorezcan la conservaci\u00f3n y manejen de manera sostenible especies arb\u00f3reas.\" \/>\n<meta property=\"og:url\" content=\"https:\/\/solidaridadlatam.org\/brasil\/cafe\/gesti\u00f3n-eficiente-de-carbono-en-caf\u00e9-2\/\" \/>\n<meta property=\"og:site_name\" content=\"Solidaridad Southamerica\" \/>\n<meta property=\"article:published_time\" content=\"2014-12-03T20:29:46+00:00\" \/>\n<meta property=\"article:modified_time\" content=\"2021-11-16T12:34:51+00:00\" \/>\n<meta property=\"og:image\" content=\"https:\/\/solidaridadlatam.org\/brasil\/wp-content\/uploads\/2021\/10\/cafe_-_proyecto_gestion_eficiente.jpg\" \/>\n\t<meta property=\"og:image:width\" content=\"150\" \/>\n\t<meta property=\"og:image:height\" content=\"150\" \/>\n\t<meta property=\"og:image:type\" content=\"image\/jpeg\" \/>\n<meta name=\"twitter:card\" content=\"summary_large_image\" \/>\n<meta name=\"twitter:label1\" content=\"Tiempo de lectura\" \/>\n\t<meta name=\"twitter:data1\" content=\"2 minutos\" \/>\n<script type=\"application\/ld+json\" class=\"yoast-schema-graph\">{\"@context\":\"https:\/\/schema.org\",\"@graph\":[{\"@type\":\"WebPage\",\"@id\":\"https:\/\/solidaridadlatam.org\/brasil\/cafe\/gesti%c3%b3n-eficiente-de-carbono-en-caf%c3%a9-2\/\",\"url\":\"https:\/\/solidaridadlatam.org\/brasil\/cafe\/gesti%c3%b3n-eficiente-de-carbono-en-caf%c3%a9-2\/\",\"name\":\"Gesti\u00f3n eficiente de carbono en caf\u00e9 - Solidaridad Southamerica\",\"isPartOf\":{\"@id\":\"https:\/\/solidaridadlatam.org\/brasil\/#website\"},\"primaryImageOfPage\":{\"@id\":\"https:\/\/solidaridadlatam.org\/brasil\/cafe\/gesti%c3%b3n-eficiente-de-carbono-en-caf%c3%a9-2\/#primaryimage\"},\"image\":{\"@id\":\"https:\/\/solidaridadlatam.org\/brasil\/cafe\/gesti%c3%b3n-eficiente-de-carbono-en-caf%c3%a9-2\/#primaryimage\"},\"thumbnailUrl\":\"https:\/\/solidaridadlatam.org\/brasil\/wp-content\/uploads\/2021\/10\/cafe_-_proyecto_gestion_eficiente.jpg\",\"datePublished\":\"2014-12-03T20:29:46+00:00\",\"dateModified\":\"2021-11-16T12:34:51+00:00\",\"author\":{\"@id\":\"\"},\"breadcrumb\":{\"@id\":\"https:\/\/solidaridadlatam.org\/brasil\/cafe\/gesti%c3%b3n-eficiente-de-carbono-en-caf%c3%a9-2\/#breadcrumb\"},\"inLanguage\":\"es\",\"potentialAction\":[{\"@type\":\"ReadAction\",\"target\":[\"https:\/\/solidaridadlatam.org\/brasil\/cafe\/gesti%c3%b3n-eficiente-de-carbono-en-caf%c3%a9-2\/\"]}]},{\"@type\":\"ImageObject\",\"inLanguage\":\"es\",\"@id\":\"https:\/\/solidaridadlatam.org\/brasil\/cafe\/gesti%c3%b3n-eficiente-de-carbono-en-caf%c3%a9-2\/#primaryimage\",\"url\":\"https:\/\/solidaridadlatam.org\/brasil\/wp-content\/uploads\/2021\/10\/cafe_-_proyecto_gestion_eficiente.jpg\",\"contentUrl\":\"https:\/\/solidaridadlatam.org\/brasil\/wp-content\/uploads\/2021\/10\/cafe_-_proyecto_gestion_eficiente.jpg\",\"width\":150,\"height\":150},{\"@type\":\"BreadcrumbList\",\"@id\":\"https:\/\/solidaridadlatam.org\/brasil\/cafe\/gesti%c3%b3n-eficiente-de-carbono-en-caf%c3%a9-2\/#breadcrumb\",\"itemListElement\":[{\"@type\":\"ListItem\",\"position\":1,\"name\":\"Portada\",\"item\":\"https:\/\/solidaridadlatam.org\/brasil\/\"},{\"@type\":\"ListItem\",\"position\":2,\"name\":\"Gesti\u00f3n eficiente de carbono en caf\u00e9\"}]},{\"@type\":\"WebSite\",\"@id\":\"https:\/\/solidaridadlatam.org\/brasil\/#website\",\"url\":\"https:\/\/solidaridadlatam.org\/brasil\/\",\"name\":\"Solidaridad Southamerica\",\"description\":\"Organizaci\u00f3n Internacional sin fines de lucro con 50 a\u00f1os de experiencia a nivel global en desarrollo de mercados sostenibles e inclusivos\",\"potentialAction\":[{\"@type\":\"SearchAction\",\"target\":{\"@type\":\"EntryPoint\",\"urlTemplate\":\"https:\/\/solidaridadlatam.org\/brasil\/?s={search_term_string}\"},\"query-input\":{\"@type\":\"PropertyValueSpecification\",\"valueRequired\":true,\"valueName\":\"search_term_string\"}}],\"inLanguage\":\"es\"}]}<\/script>\n<!-- \/ Yoast SEO plugin. -->","yoast_head_json":{"title":"Gesti\u00f3n eficiente de carbono en caf\u00e9 - Solidaridad Southamerica","robots":{"index":"index","follow":"follow","max-snippet":"max-snippet:-1","max-image-preview":"max-image-preview:large","max-video-preview":"max-video-preview:-1"},"canonical":"https:\/\/solidaridadlatam.org\/brasil\/cafe\/gesti\u00f3n-eficiente-de-carbono-en-caf\u00e9-2\/","og_locale":"es_ES","og_type":"article","og_title":"Gesti\u00f3n eficiente de carbono en caf\u00e9 - Solidaridad Southamerica","og_description":"Los peque\u00f1os productores de caf\u00e9 adoptan sistemas de producci\u00f3n que favorezcan la conservaci\u00f3n y manejen de manera sostenible especies arb\u00f3reas.","og_url":"https:\/\/solidaridadlatam.org\/brasil\/cafe\/gesti\u00f3n-eficiente-de-carbono-en-caf\u00e9-2\/","og_site_name":"Solidaridad Southamerica","article_published_time":"2014-12-03T20:29:46+00:00","article_modified_time":"2021-11-16T12:34:51+00:00","og_image":[{"width":150,"height":150,"url":"https:\/\/solidaridadlatam.org\/brasil\/wp-content\/uploads\/2021\/10\/cafe_-_proyecto_gestion_eficiente.jpg","type":"image\/jpeg"}],"twitter_card":"summary_large_image","twitter_misc":{"Tiempo de lectura":"2 minutos"},"schema":{"@context":"https:\/\/schema.org","@graph":[{"@type":"WebPage","@id":"https:\/\/solidaridadlatam.org\/brasil\/cafe\/gesti%c3%b3n-eficiente-de-carbono-en-caf%c3%a9-2\/","url":"https:\/\/solidaridadlatam.org\/brasil\/cafe\/gesti%c3%b3n-eficiente-de-carbono-en-caf%c3%a9-2\/","name":"Gesti\u00f3n eficiente de carbono en caf\u00e9 - Solidaridad Southamerica","isPartOf":{"@id":"https:\/\/solidaridadlatam.org\/brasil\/#website"},"primaryImageOfPage":{"@id":"https:\/\/solidaridadlatam.org\/brasil\/cafe\/gesti%c3%b3n-eficiente-de-carbono-en-caf%c3%a9-2\/#primaryimage"},"image":{"@id":"https:\/\/solidaridadlatam.org\/brasil\/cafe\/gesti%c3%b3n-eficiente-de-carbono-en-caf%c3%a9-2\/#primaryimage"},"thumbnailUrl":"https:\/\/solidaridadlatam.org\/brasil\/wp-content\/uploads\/2021\/10\/cafe_-_proyecto_gestion_eficiente.jpg","datePublished":"2014-12-03T20:29:46+00:00","dateModified":"2021-11-16T12:34:51+00:00","author":{"@id":""},"breadcrumb":{"@id":"https:\/\/solidaridadlatam.org\/brasil\/cafe\/gesti%c3%b3n-eficiente-de-carbono-en-caf%c3%a9-2\/#breadcrumb"},"inLanguage":"es","potentialAction":[{"@type":"ReadAction","target":["https:\/\/solidaridadlatam.org\/brasil\/cafe\/gesti%c3%b3n-eficiente-de-carbono-en-caf%c3%a9-2\/"]}]},{"@type":"ImageObject","inLanguage":"es","@id":"https:\/\/solidaridadlatam.org\/brasil\/cafe\/gesti%c3%b3n-eficiente-de-carbono-en-caf%c3%a9-2\/#primaryimage","url":"https:\/\/solidaridadlatam.org\/brasil\/wp-content\/uploads\/2021\/10\/cafe_-_proyecto_gestion_eficiente.jpg","contentUrl":"https:\/\/solidaridadlatam.org\/brasil\/wp-content\/uploads\/2021\/10\/cafe_-_proyecto_gestion_eficiente.jpg","width":150,"height":150},{"@type":"BreadcrumbList","@id":"https:\/\/solidaridadlatam.org\/brasil\/cafe\/gesti%c3%b3n-eficiente-de-carbono-en-caf%c3%a9-2\/#breadcrumb","itemListElement":[{"@type":"ListItem","position":1,"name":"Portada","item":"https:\/\/solidaridadlatam.org\/brasil\/"},{"@type":"ListItem","position":2,"name":"Gesti\u00f3n eficiente de carbono en caf\u00e9"}]},{"@type":"WebSite","@id":"https:\/\/solidaridadlatam.org\/brasil\/#website","url":"https:\/\/solidaridadlatam.org\/brasil\/","name":"Solidaridad Southamerica","description":"Organizaci\u00f3n Internacional sin fines de lucro con 50 a\u00f1os de experiencia a nivel global en desarrollo de mercados sostenibles e inclusivos","potentialAction":[{"@type":"SearchAction","target":{"@type":"EntryPoint","urlTemplate":"https:\/\/solidaridadlatam.org\/brasil\/?s={search_term_string}"},"query-input":{"@type":"PropertyValueSpecification","valueRequired":true,"valueName":"search_term_string"}}],"inLanguage":"es"}]}},"_links":{"self":[{"href":"https:\/\/solidaridadlatam.org\/brasil\/wp-json\/wp\/v2\/posts\/4806","targetHints":{"allow":["GET"]}}],"collection":[{"href":"https:\/\/solidaridadlatam.org\/brasil\/wp-json\/wp\/v2\/posts"}],"about":[{"href":"https:\/\/solidaridadlatam.org\/brasil\/wp-json\/wp\/v2\/types\/post"}],"replies":[{"embeddable":true,"href":"https:\/\/solidaridadlatam.org\/brasil\/wp-json\/wp\/v2\/comments?post=4806"}],"version-history":[{"count":0,"href":"https:\/\/solidaridadlatam.org\/brasil\/wp-json\/wp\/v2\/posts\/4806\/revisions"}],"wp:featuredmedia":[{"embeddable":true,"href":"https:\/\/solidaridadlatam.org\/brasil\/wp-json\/wp\/v2\/media\/4807"}],"wp:attachment":[{"href":"https:\/\/solidaridadlatam.org\/brasil\/wp-json\/wp\/v2\/media?parent=4806"}],"wp:term":[{"taxonomy":"category","embeddable":true,"href":"https:\/\/solidaridadlatam.org\/brasil\/wp-json\/wp\/v2\/categories?post=4806"},{"taxonomy":"post_tag","embeddable":true,"href":"https:\/\/solidaridadlatam.org\/brasil\/wp-json\/wp\/v2\/tags?post=4806"},{"taxonomy":"paises","embeddable":true,"href":"https:\/\/solidaridadlatam.org\/brasil\/wp-json\/wp\/v2\/paises?post=4806"},{"taxonomy":"programa","embeddable":true,"href":"https:\/\/solidaridadlatam.org\/brasil\/wp-json\/wp\/v2\/programa?post=4806"},{"taxonomy":"tema","embeddable":true,"href":"https:\/\/solidaridadlatam.org\/brasil\/wp-json\/wp\/v2\/tema?post=4806"},{"taxonomy":"formato","embeddable":true,"href":"https:\/\/solidaridadlatam.org\/brasil\/wp-json\/wp\/v2\/formato?post=4806"}],"curies":[{"name":"wp","href":"https:\/\/api.w.org\/{rel}","templated":true}]}}