{"id":2211,"date":"2020-02-14T00:00:00","date_gmt":"2020-02-14T00:00:00","guid":{"rendered":""},"modified":"2021-11-16T12:33:56","modified_gmt":"2021-11-16T12:33:56","slug":"per%c3%ba-%22con-orgullo-seremos-empresarios-mineros%21%22","status":"publish","type":"post","link":"https:\/\/solidaridadlatam.org\/brasil\/ouro\/per%c3%ba-%22con-orgullo-seremos-empresarios-mineros%21%22\/","title":{"rendered":"PER\u00da | \u00ab\u00a1CON ORGULLO SEREMOS EMPRESARIOS MINEROS!\u00bb"},"content":{"rendered":"<div>\n<div>Solidaridad capacit\u00f3 a cerca de 100 mineros artesanales de peque\u00f1a escala, brind\u00e1ndoles asistencia legal para su formalizaci\u00f3n minera. Tambi\u00e9n se record\u00f3 el vencimiento para presentar el IGAFOM.<\/div>\n<\/div>\n<div>\n<div>\n<p dir=\"ltr\">Apur\u00edmac. M\u00e1s de 90 mineros artesanales miembros de la Asociaci\u00f3n Pepas de Oro de Pampamarca (AMAPOP), ubicada en el distrito de Cotaruse de la provincia de Aymaraes, recibieron orientaci\u00f3n legal respecto a los distintos tipos de personer\u00eda jur\u00eddica existentes y sus respectivas responsabilidades a cumplir. El taller se realiz\u00f3 como una de las \u00faltimas etapas previas a la formalizaci\u00f3n minera de la asociaci\u00f3n y cont\u00f3 con el apoyo del Programa Miner\u00eda de Solidaridad, cuyo objetivo es mejorar las condiciones de vida de los mineros artesanales de dicha localidad. El encuentro cont\u00f3 con la participaci\u00f3n de autoridades locales, como el Presidente de la asociaci\u00f3n de mineros.<\/p>\n<p dir=\"ltr\">La formalizaci\u00f3n minera de la AMAPOP:<\/p>\n<ul dir=\"ltr\">\n<li role=\"presentation\">Impulsa la formaci\u00f3n en gesti\u00f3n de recursos mineros<\/li>\n<li role=\"presentation\">Crea sujetos de cr\u00e9dito con capacidad de inversi\u00f3n en tecnolog\u00edas limpias<\/li>\n<li role=\"presentation\">Abre la oportunidad de comercializar su producci\u00f3n a mercados internacionales<\/li>\n<li role=\"presentation\">Facilita el desarrollo econ\u00f3mico de la comunidad minera<\/li>\n<li>En ese sentido, los especialistas en Miner\u00eda Artesanal y de Peque\u00f1a Escala de Solidaridad, Jhonatan Jaramillo y Ram\u00f3n Escobar, enfatizaron sobre la necesidad de tomar las decisiones m\u00e1s viables y econ\u00f3micas, en un marco extraordinario como el proceso integral de formalizaci\u00f3n minera que est\u00e1 liderado por el Ministerio de Energ\u00eda y Minas (MINEM), desde sus diversas Direcciones Regionales de Energ\u00eda y Minas (DREMs).<\/li>\n<\/ul>\n<p>(Descarga | <a href=\"https:\/\/www.plataformaintegraldemineria.org\/sites\/default\/files\/2019-04\/Formalizaci%C3%B3n%20Minera%20de%20Peque%C3%B1a%20Escala%20en%20Latinoam%C3%A9rica%20Colombia%20Ecuador%20Per%C3%BA%20Bolivia_0.pdf\">Formalizaci\u00f3n minera de peque\u00f1a escala en Latinoam\u00e9rica. An\u00e1lisis comparativo entre Colombia, Ecuador, Per\u00fa y Bolivia<\/a>)<\/p>\n<p dir=\"ltr\">Por su parte, el Presidente de la AMAPOP, Froil\u00e1n Ccormoray, indic\u00f3 que los mineros artesanales quieren trabajar formalmente para tener mejores ingresos y contribuir tanto con la econom\u00eda familiar como con el desarrollo de la comunidad.<\/p>\n<blockquote>\n<p dir=\"ltr\">&quot;Tenemos la gran oportunidad de madurar como comunidad en la toma de decisiones, por lo que esperamos continuar con el apoyo de organizaciones aliadas para cumplir ese objetivo&quot;, resalt\u00f3 Ccormoray.<\/p>\n<\/blockquote>\n<h3 dir=\"ltr\">TEMAS DE INTER\u00c9S DE LOS MINEROS ARTESANALES<\/h3>\n<p dir=\"ltr\"><img decoding=\"async\" src=\"https:\/\/solidaridadlatam.org\/brasil\/wp-content\/uploads\/2020\/11\/190725_03.jpg\" style=\"width: 100%; height: 25%;\" \/><\/p>\n<p dir=\"ltr\">Finalmente, se realiz\u00f3 una encuesta para conocer los h\u00e1bitos informativos de la comunidad minera y sus principales temas de inter\u00e9s, con el fin de brindar contenidos con mayor precisi\u00f3n y claridad a trav\u00e9s de la <a href=\"https:\/\/plataformaintegraldemineria.org\/\">Plataforma Integral de Miner\u00eda a Peque\u00f1a Escala (PIM)<\/a>. En el proceso se resalt\u00f3 la disposici\u00f3n y participaci\u00f3n constante de los peque\u00f1os productores mineros en la b\u00fasqueda de informaci\u00f3n relevante para participar responsablemente de dicha actividad econ\u00f3mica.<\/p>\n<p dir=\"ltr\">Los votos fueron contundentes respecto a la necesidad de recibir informaci\u00f3n sobre (1) Formalizaci\u00f3n Minera y (2) Seguridad Minera. Otro temas identificados fueron (3) Compra y Venta de minerales, (4) Administraci\u00f3n minera, (5) Incremento de producci\u00f3n, (6) Tecnolog\u00edas limpias y contaminaci\u00f3n ambiental, (7) Precio del Oro, y (8) Mujeres en miner\u00eda artesanal.<\/p>\n<h3 dir=\"ltr\">SOBRE EL PIM<\/h3>\n<p dir=\"ltr\">La Plataforma Integral de Miner\u00eda a Peque\u00f1a Escala (PIM) tiene el objetivo de integrar la informaci\u00f3n que se encuentra dispersa para motivar un intercambio de buenas pr\u00e1cticas. Asimismo, ofrece un espacio para que l\u00edderes de opini\u00f3n alrededor de la miner\u00eda de peque\u00f1a escala puedan tener columnas de opini\u00f3n y a las organizaciones para que puedan presentar sus iniciativas. Las principales tem\u00e1ticas son formalizaci\u00f3n minera, seguridad minera, est\u00e1ndares de certificaci\u00f3n, modelos de negocio, pol\u00edticas p\u00fablicas, tecnolog\u00edas limpias y mercurio, g\u00e9nero y trabajo infantil, entre otros.<\/p>\n<p dir=\"ltr\">PIM busca la suma de esfuerzos de forma permanente. Si usted participa en la cadena de valor de la Miner\u00eda Artesanal y de Peque\u00f1a Escala como productor, proveedor o comprador final, puede comunicarse a pim@solidaridadnetwork.org para obtener m\u00e1s informaci\u00f3n.<\/p>\n<\/div>\n<\/div>\n<div>\n<div><\/div>\n<\/div>\n","protected":false},"excerpt":{"rendered":"<p>Solidaridad capacit\u00f3 a cerca de 100 mineros artesanales de peque\u00f1a escala, brind\u00e1ndoles asistencia legal para su formalizaci\u00f3n minera. Tambi\u00e9n se<\/p>\n","protected":false},"author":4,"featured_media":2212,"comment_status":"open","ping_status":"closed","sticky":false,"template":"","format":"standard","meta":{"footnotes":""},"categories":[94,34],"tags":[101,102],"paises":[],"programa":[],"tema":[],"formato":[],"class_list":["post-2211","post","type-post","status-publish","format-standard","has-post-thumbnail","hentry","category-news","category-ouro","tag-oro","tag-peru-pais"],"yoast_head":"<!-- This site is optimized with the Yoast SEO plugin v25.4 - https:\/\/yoast.com\/wordpress\/plugins\/seo\/ -->\n<title>PER\u00da | &quot;\u00a1CON ORGULLO SEREMOS EMPRESARIOS MINEROS!&quot; - Solidaridad Southamerica<\/title>\n<meta name=\"robots\" content=\"index, follow, max-snippet:-1, max-image-preview:large, max-video-preview:-1\" \/>\n<link rel=\"canonical\" href=\"https:\/\/solidaridadlatam.org\/brasil\/ouro\/per\u00fa-con-orgullo-seremos-empresarios-mineros!\/\" \/>\n<meta property=\"og:locale\" content=\"es_ES\" \/>\n<meta property=\"og:type\" content=\"article\" \/>\n<meta property=\"og:title\" content=\"PER\u00da | &quot;\u00a1CON ORGULLO SEREMOS EMPRESARIOS MINEROS!&quot; - Solidaridad Southamerica\" \/>\n<meta property=\"og:description\" content=\"Solidaridad capacit\u00f3 a cerca de 100 mineros artesanales de peque\u00f1a escala, brind\u00e1ndoles asistencia legal para su formalizaci\u00f3n minera. Tambi\u00e9n se\" \/>\n<meta property=\"og:url\" content=\"https:\/\/solidaridadlatam.org\/brasil\/ouro\/per\u00fa-&quot;con-orgullo-seremos-empresarios-mineros!&quot;\/\" \/>\n<meta property=\"og:site_name\" content=\"Solidaridad Southamerica\" \/>\n<meta property=\"article:published_time\" content=\"2020-02-14T00:00:00+00:00\" \/>\n<meta property=\"article:modified_time\" content=\"2021-11-16T12:33:56+00:00\" \/>\n<meta property=\"og:image\" content=\"https:\/\/solidaridadlatam.org\/brasil\/wp-content\/uploads\/2020\/11\/190725_thumb.jpeg\" \/>\n\t<meta property=\"og:image:width\" content=\"150\" \/>\n\t<meta property=\"og:image:height\" content=\"150\" \/>\n\t<meta property=\"og:image:type\" content=\"image\/jpeg\" \/>\n<meta name=\"author\" content=\"rosario.abramo\" \/>\n<meta name=\"twitter:card\" content=\"summary_large_image\" \/>\n<meta name=\"twitter:label1\" content=\"Escrito por\" \/>\n\t<meta name=\"twitter:data1\" content=\"rosario.abramo\" \/>\n\t<meta name=\"twitter:label2\" content=\"Tiempo de lectura\" \/>\n\t<meta name=\"twitter:data2\" content=\"3 minutos\" \/>\n<script type=\"application\/ld+json\" class=\"yoast-schema-graph\">{\"@context\":\"https:\/\/schema.org\",\"@graph\":[{\"@type\":\"WebPage\",\"@id\":\"https:\/\/solidaridadlatam.org\/brasil\/ouro\/per%c3%ba-%22con-orgullo-seremos-empresarios-mineros%21%22\/\",\"url\":\"https:\/\/solidaridadlatam.org\/brasil\/ouro\/per%c3%ba-%22con-orgullo-seremos-empresarios-mineros%21%22\/\",\"name\":\"PER\u00da | \\\"\u00a1CON ORGULLO SEREMOS EMPRESARIOS MINEROS!\\\" - Solidaridad Southamerica\",\"isPartOf\":{\"@id\":\"https:\/\/solidaridadlatam.org\/brasil\/#website\"},\"primaryImageOfPage\":{\"@id\":\"https:\/\/solidaridadlatam.org\/brasil\/ouro\/per%c3%ba-%22con-orgullo-seremos-empresarios-mineros%21%22\/#primaryimage\"},\"image\":{\"@id\":\"https:\/\/solidaridadlatam.org\/brasil\/ouro\/per%c3%ba-%22con-orgullo-seremos-empresarios-mineros%21%22\/#primaryimage\"},\"thumbnailUrl\":\"https:\/\/solidaridadlatam.org\/brasil\/wp-content\/uploads\/2020\/11\/190725_thumb.jpeg\",\"datePublished\":\"2020-02-14T00:00:00+00:00\",\"dateModified\":\"2021-11-16T12:33:56+00:00\",\"author\":{\"@id\":\"https:\/\/solidaridadlatam.org\/brasil\/#\/schema\/person\/98a684dfb618f75deb9977175f7f22a0\"},\"breadcrumb\":{\"@id\":\"https:\/\/solidaridadlatam.org\/brasil\/ouro\/per%c3%ba-%22con-orgullo-seremos-empresarios-mineros%21%22\/#breadcrumb\"},\"inLanguage\":\"es\",\"potentialAction\":[{\"@type\":\"ReadAction\",\"target\":[\"https:\/\/solidaridadlatam.org\/brasil\/ouro\/per%c3%ba-%22con-orgullo-seremos-empresarios-mineros%21%22\/\"]}]},{\"@type\":\"ImageObject\",\"inLanguage\":\"es\",\"@id\":\"https:\/\/solidaridadlatam.org\/brasil\/ouro\/per%c3%ba-%22con-orgullo-seremos-empresarios-mineros%21%22\/#primaryimage\",\"url\":\"https:\/\/solidaridadlatam.org\/brasil\/wp-content\/uploads\/2020\/11\/190725_thumb.jpeg\",\"contentUrl\":\"https:\/\/solidaridadlatam.org\/brasil\/wp-content\/uploads\/2020\/11\/190725_thumb.jpeg\",\"width\":150,\"height\":150},{\"@type\":\"BreadcrumbList\",\"@id\":\"https:\/\/solidaridadlatam.org\/brasil\/ouro\/per%c3%ba-%22con-orgullo-seremos-empresarios-mineros%21%22\/#breadcrumb\",\"itemListElement\":[{\"@type\":\"ListItem\",\"position\":1,\"name\":\"Portada\",\"item\":\"https:\/\/solidaridadlatam.org\/brasil\/\"},{\"@type\":\"ListItem\",\"position\":2,\"name\":\"PER\u00da | \u00ab\u00a1CON ORGULLO SEREMOS EMPRESARIOS MINEROS!\u00bb\"}]},{\"@type\":\"WebSite\",\"@id\":\"https:\/\/solidaridadlatam.org\/brasil\/#website\",\"url\":\"https:\/\/solidaridadlatam.org\/brasil\/\",\"name\":\"Solidaridad Southamerica\",\"description\":\"Organizaci\u00f3n Internacional sin fines de lucro con 50 a\u00f1os de experiencia a nivel global en desarrollo de mercados sostenibles e inclusivos\",\"potentialAction\":[{\"@type\":\"SearchAction\",\"target\":{\"@type\":\"EntryPoint\",\"urlTemplate\":\"https:\/\/solidaridadlatam.org\/brasil\/?s={search_term_string}\"},\"query-input\":{\"@type\":\"PropertyValueSpecification\",\"valueRequired\":true,\"valueName\":\"search_term_string\"}}],\"inLanguage\":\"es\"},{\"@type\":\"Person\",\"@id\":\"https:\/\/solidaridadlatam.org\/brasil\/#\/schema\/person\/98a684dfb618f75deb9977175f7f22a0\",\"name\":\"rosario.abramo\",\"image\":{\"@type\":\"ImageObject\",\"inLanguage\":\"es\",\"@id\":\"https:\/\/solidaridadlatam.org\/brasil\/#\/schema\/person\/image\/\",\"url\":\"https:\/\/secure.gravatar.com\/avatar\/369f4d18708e40372ea3e48556478bde?s=96&d=mm&r=g\",\"contentUrl\":\"https:\/\/secure.gravatar.com\/avatar\/369f4d18708e40372ea3e48556478bde?s=96&d=mm&r=g\",\"caption\":\"rosario.abramo\"},\"url\":\"https:\/\/solidaridadlatam.org\/brasil\/author\/rosario-abramo\/\"}]}<\/script>\n<!-- \/ Yoast SEO plugin. -->","yoast_head_json":{"title":"PER\u00da | \"\u00a1CON ORGULLO SEREMOS EMPRESARIOS MINEROS!\" - Solidaridad Southamerica","robots":{"index":"index","follow":"follow","max-snippet":"max-snippet:-1","max-image-preview":"max-image-preview:large","max-video-preview":"max-video-preview:-1"},"canonical":"https:\/\/solidaridadlatam.org\/brasil\/ouro\/per\u00fa-\"con-orgullo-seremos-empresarios-mineros!\"\/","og_locale":"es_ES","og_type":"article","og_title":"PER\u00da | \"\u00a1CON ORGULLO SEREMOS EMPRESARIOS MINEROS!\" - Solidaridad Southamerica","og_description":"Solidaridad capacit\u00f3 a cerca de 100 mineros artesanales de peque\u00f1a escala, brind\u00e1ndoles asistencia legal para su formalizaci\u00f3n minera. Tambi\u00e9n se","og_url":"https:\/\/solidaridadlatam.org\/brasil\/ouro\/per\u00fa-\"con-orgullo-seremos-empresarios-mineros!\"\/","og_site_name":"Solidaridad Southamerica","article_published_time":"2020-02-14T00:00:00+00:00","article_modified_time":"2021-11-16T12:33:56+00:00","og_image":[{"width":150,"height":150,"url":"https:\/\/solidaridadlatam.org\/brasil\/wp-content\/uploads\/2020\/11\/190725_thumb.jpeg","type":"image\/jpeg"}],"author":"rosario.abramo","twitter_card":"summary_large_image","twitter_misc":{"Escrito por":"rosario.abramo","Tiempo de lectura":"3 minutos"},"schema":{"@context":"https:\/\/schema.org","@graph":[{"@type":"WebPage","@id":"https:\/\/solidaridadlatam.org\/brasil\/ouro\/per%c3%ba-%22con-orgullo-seremos-empresarios-mineros%21%22\/","url":"https:\/\/solidaridadlatam.org\/brasil\/ouro\/per%c3%ba-%22con-orgullo-seremos-empresarios-mineros%21%22\/","name":"PER\u00da | \"\u00a1CON ORGULLO SEREMOS EMPRESARIOS MINEROS!\" - Solidaridad Southamerica","isPartOf":{"@id":"https:\/\/solidaridadlatam.org\/brasil\/#website"},"primaryImageOfPage":{"@id":"https:\/\/solidaridadlatam.org\/brasil\/ouro\/per%c3%ba-%22con-orgullo-seremos-empresarios-mineros%21%22\/#primaryimage"},"image":{"@id":"https:\/\/solidaridadlatam.org\/brasil\/ouro\/per%c3%ba-%22con-orgullo-seremos-empresarios-mineros%21%22\/#primaryimage"},"thumbnailUrl":"https:\/\/solidaridadlatam.org\/brasil\/wp-content\/uploads\/2020\/11\/190725_thumb.jpeg","datePublished":"2020-02-14T00:00:00+00:00","dateModified":"2021-11-16T12:33:56+00:00","author":{"@id":"https:\/\/solidaridadlatam.org\/brasil\/#\/schema\/person\/98a684dfb618f75deb9977175f7f22a0"},"breadcrumb":{"@id":"https:\/\/solidaridadlatam.org\/brasil\/ouro\/per%c3%ba-%22con-orgullo-seremos-empresarios-mineros%21%22\/#breadcrumb"},"inLanguage":"es","potentialAction":[{"@type":"ReadAction","target":["https:\/\/solidaridadlatam.org\/brasil\/ouro\/per%c3%ba-%22con-orgullo-seremos-empresarios-mineros%21%22\/"]}]},{"@type":"ImageObject","inLanguage":"es","@id":"https:\/\/solidaridadlatam.org\/brasil\/ouro\/per%c3%ba-%22con-orgullo-seremos-empresarios-mineros%21%22\/#primaryimage","url":"https:\/\/solidaridadlatam.org\/brasil\/wp-content\/uploads\/2020\/11\/190725_thumb.jpeg","contentUrl":"https:\/\/solidaridadlatam.org\/brasil\/wp-content\/uploads\/2020\/11\/190725_thumb.jpeg","width":150,"height":150},{"@type":"BreadcrumbList","@id":"https:\/\/solidaridadlatam.org\/brasil\/ouro\/per%c3%ba-%22con-orgullo-seremos-empresarios-mineros%21%22\/#breadcrumb","itemListElement":[{"@type":"ListItem","position":1,"name":"Portada","item":"https:\/\/solidaridadlatam.org\/brasil\/"},{"@type":"ListItem","position":2,"name":"PER\u00da | \u00ab\u00a1CON ORGULLO SEREMOS EMPRESARIOS MINEROS!\u00bb"}]},{"@type":"WebSite","@id":"https:\/\/solidaridadlatam.org\/brasil\/#website","url":"https:\/\/solidaridadlatam.org\/brasil\/","name":"Solidaridad Southamerica","description":"Organizaci\u00f3n Internacional sin fines de lucro con 50 a\u00f1os de experiencia a nivel global en desarrollo de mercados sostenibles e inclusivos","potentialAction":[{"@type":"SearchAction","target":{"@type":"EntryPoint","urlTemplate":"https:\/\/solidaridadlatam.org\/brasil\/?s={search_term_string}"},"query-input":{"@type":"PropertyValueSpecification","valueRequired":true,"valueName":"search_term_string"}}],"inLanguage":"es"},{"@type":"Person","@id":"https:\/\/solidaridadlatam.org\/brasil\/#\/schema\/person\/98a684dfb618f75deb9977175f7f22a0","name":"rosario.abramo","image":{"@type":"ImageObject","inLanguage":"es","@id":"https:\/\/solidaridadlatam.org\/brasil\/#\/schema\/person\/image\/","url":"https:\/\/secure.gravatar.com\/avatar\/369f4d18708e40372ea3e48556478bde?s=96&d=mm&r=g","contentUrl":"https:\/\/secure.gravatar.com\/avatar\/369f4d18708e40372ea3e48556478bde?s=96&d=mm&r=g","caption":"rosario.abramo"},"url":"https:\/\/solidaridadlatam.org\/brasil\/author\/rosario-abramo\/"}]}},"_links":{"self":[{"href":"https:\/\/solidaridadlatam.org\/brasil\/wp-json\/wp\/v2\/posts\/2211","targetHints":{"allow":["GET"]}}],"collection":[{"href":"https:\/\/solidaridadlatam.org\/brasil\/wp-json\/wp\/v2\/posts"}],"about":[{"href":"https:\/\/solidaridadlatam.org\/brasil\/wp-json\/wp\/v2\/types\/post"}],"author":[{"embeddable":true,"href":"https:\/\/solidaridadlatam.org\/brasil\/wp-json\/wp\/v2\/users\/4"}],"replies":[{"embeddable":true,"href":"https:\/\/solidaridadlatam.org\/brasil\/wp-json\/wp\/v2\/comments?post=2211"}],"version-history":[{"count":0,"href":"https:\/\/solidaridadlatam.org\/brasil\/wp-json\/wp\/v2\/posts\/2211\/revisions"}],"wp:featuredmedia":[{"embeddable":true,"href":"https:\/\/solidaridadlatam.org\/brasil\/wp-json\/wp\/v2\/media\/2212"}],"wp:attachment":[{"href":"https:\/\/solidaridadlatam.org\/brasil\/wp-json\/wp\/v2\/media?parent=2211"}],"wp:term":[{"taxonomy":"category","embeddable":true,"href":"https:\/\/solidaridadlatam.org\/brasil\/wp-json\/wp\/v2\/categories?post=2211"},{"taxonomy":"post_tag","embeddable":true,"href":"https:\/\/solidaridadlatam.org\/brasil\/wp-json\/wp\/v2\/tags?post=2211"},{"taxonomy":"paises","embeddable":true,"href":"https:\/\/solidaridadlatam.org\/brasil\/wp-json\/wp\/v2\/paises?post=2211"},{"taxonomy":"programa","embeddable":true,"href":"https:\/\/solidaridadlatam.org\/brasil\/wp-json\/wp\/v2\/programa?post=2211"},{"taxonomy":"tema","embeddable":true,"href":"https:\/\/solidaridadlatam.org\/brasil\/wp-json\/wp\/v2\/tema?post=2211"},{"taxonomy":"formato","embeddable":true,"href":"https:\/\/solidaridadlatam.org\/brasil\/wp-json\/wp\/v2\/formato?post=2211"}],"curies":[{"name":"wp","href":"https:\/\/api.w.org\/{rel}","templated":true}]}}