{"id":1851,"date":"2019-10-14T00:00:00","date_gmt":"2019-10-14T00:00:00","guid":{"rendered":""},"modified":"2021-11-16T12:33:33","modified_gmt":"2021-11-16T12:33:33","slug":"per%c3%ba-una-estrategia-disruptiva-el-%22caf%c3%a9-circular%22","status":"publish","type":"post","link":"https:\/\/solidaridadlatam.org\/brasil\/cafe\/per%c3%ba-una-estrategia-disruptiva-el-%22caf%c3%a9-circular%22\/","title":{"rendered":"Per\u00fa | Una estrategia disruptiva: el \u00abCaf\u00e9 Circular\u00bb"},"content":{"rendered":"<div>\n<div>Iniciativa. Una fundaci\u00f3n, dos corporaciones y el Estado buscan mejorar los ingresos de caficultores en un escenario de bajos precios.<\/div>\n<\/div>\n<div>\n<div>\n<p><span style=\"font-size: 10px;\">Replicado de nota original en el diario <a href=\"https:\/\/drive.google.com\/file\/d\/1RtseazVBAPRYo-O8sfaSCApbAkJYtbS0\/view?usp=sharing\">D\u00eda 1<\/a>&nbsp;el14\/10\/2019 <\/span><\/p>\n<p>Solidaridad, la corporaci\u00f3n tostadora Jacobs Douwe Egberts (JDE) el &lsquo;trader&rsquo; de &lsquo;comodities&rsquo; agr\u00edcolas Olam International y la Autoridad Nacional Forestal y de Fauna Silvestre (Serfor), junto a la Cooperativa Cuencas del Huallaga est\u00e1n implementando desde hace cuatro meses la iniciativa &ldquo;Caf\u00e9 circular&rdquo; en la regi\u00f3n San Mart\u00edn. El proyecto, que se extender\u00e1 hasta julio del 2023, busca articular de punta apunta a los actores de la cadena de caf\u00e9 entre el Per\u00fa y Holanda y, as\u00ed, mejorar los ingresos de los productores en al menos 10%, adem\u00e1s de mitigar las emisiones de di\u00f3xido de carbono por deforestaci\u00f3n, informa Ada Lis Rosell, gerente de pa\u00eds de Solidaridad, presente en el Per\u00fa desde el 2004. &ldquo;El consorcio [&#8230;] apoyar\u00e1 la implementaci\u00f3n de 65 parcelas demostrativas y la capacitaci\u00f3n de 1.600 productores cafetaleros, adem\u00e1s de asegurar que los residuos de caf\u00e9, generados luego de su consumo en Holanda, sean convertidos en nuevos productos&rdquo;, explica la ejecutiva.<\/p>\n<p>Pero la apuesta va m\u00e1s all\u00e1, seg\u00fan Rosell, pues con la venta de residuos de caf\u00e9 &ndash;que JDE se encargar\u00e1 de acopiar y comercializar en Holanda&ndash; los &lsquo;socios&rsquo; crear\u00e1n un fondo &lsquo;revolvente&rsquo; para apalancar la inversi\u00f3n de los agricultores en manejo y conservaci\u00f3n de suelos, fabricaci\u00f3n de biofertilizantes y el reciclaje de aguas residuales (generadas durante el procesamiento del grano).<\/p>\n<h4><span style=\"color:#ffcc00; font-size:18px;\"><strong>M\u00e1s datos<\/strong><\/span><br \/><strong><span style=\"color:#00000; font-size: 18px;\">Del modelo<br \/>de negocio<\/span><\/strong><\/h4>\n<ul>\n<li>El costo de implementaci\u00f3n de la iniciativa &ldquo;Caf\u00e9 circular&rdquo; asciende a casi &euro;3 millones y es financiada en partes iguales por el gobierno de Holanda y fondos propios del consorcio.<\/li>\n<li>En Holanda, JDE vender\u00e1 los residuos a la firma Ecor, que fabricar\u00e1 bloques de residuos de caf\u00e9 para el armado de muebles.<\/li>\n<li>El potencial de las especies forestales que promover\u00e1 la iniciativa fueron evaluadas en la regi\u00f3n San Mart\u00edn hace cinco a\u00f1os por&nbsp;Solidaridad.<\/li>\n<li>El Serfor informar\u00e1 al consorcio sobre los contratos encesi\u00f3n en uso de terrenos para<\/li>\n<\/ul>\n<p>Al respecto, Rosell adhiere que junto al fondo &ndash;que estiman ascender\u00e1 a &euro;150 mil, gracias a la venta del residuo de caf\u00e9&ndash; prev\u00e9n crear un producto financiero espec\u00edfico para dichas actividades.&nbsp;A largo plazo el fondo tambi\u00e9n servir\u00e1 para financiar el &ldquo;manejo de sombras&rdquo; de los cafetales con un abanico de especies forestales de alto valor comercial. Estos reemplazar\u00edan a los \u00e1rboles que suelen&nbsp;plantar los caficultores para crear sombra en los cafetos, que carecen de valor y al morir (se mantienen en pie hasta ocho a\u00f1os) son quemados, incrementando la emisi\u00f3n de di\u00f3xido de carbono (CO2), puntualiza Rosell. Seg\u00fan ha estimado el consorcio, este componente del proyecto permitir\u00eda al&nbsp;caficultor obtener ingresos de hasta S\/60 mil por hect\u00e1rea entre 16 y 17 a\u00f1os. Dicho ingreso amortiguar\u00e1 a su vez la renovaci\u00f3n de cafetos, cuyo costo es de entre S\/12 mil y S\/14 mil por&nbsp;hect\u00e1rea.&nbsp;<\/p>\n<p>Aunque hasta ahora se&nbsp;trata de una iniciativa en plena implementaci\u00f3n, Rosell conf\u00eda en que los resultados animar\u00e1n su replicabilidad y, sobre todo, har\u00e1n&nbsp;la diferencia en un mercado de precios deprimidos, a ra\u00edz de la existencia de una&nbsp;sobreoferta mundial. El Per\u00fa &ndash;proveedor de caf\u00e9s ar\u00e1bicos especiales&ndash; no es ajeno a esta realidad: seg\u00fan la&nbsp;Junta Nacional del Caf\u00e9, las&nbsp;exportaciones cayeron 10%&nbsp;en valor en el per\u00edodo enero -agosto pasado versus el&nbsp;a\u00f1o anterior (cuando totalizaron US$284 millones).<\/p>\n<p>La iniciativa, una promesa para la caficultura, se alinea a los Objetivos de Desarrollo Sostenible (ODS) de&nbsp;las Naciones Unidas 8 (trabajo decente y crecimiento econ\u00f3mico), 12 (producci\u00f3n y consumo responsables), 13 (acci\u00f3n por el clima) y, no menos importante, el 17 (alianzas para lograr los objetivos).<\/p>\n<p><a href=\"https:\/\/drive.google.com\/file\/d\/1RtseazVBAPRYo-O8sfaSCApbAkJYtbS0\/view?usp=sharing\"><img decoding=\"async\" alt=\"\" src=\"https:\/\/solidaridadlatam.org\/brasil\/wp-content\/uploads\/2020\/11\/dia_1_1410_0.png\" style=\"width: 543px; height: 506px;\" \/><\/a><\/p>\n<p><img decoding=\"async\" alt=\"\" src=\"https:\/\/drive.google.com\/file\/d\/1RtseazVBAPRYo-O8sfaSCApbAkJYtbS0\/view?usp=sharing\" style=\"width: 543px; height: 506px;\" \/><\/p>\n<\/div>\n<\/div>\n<div>\n<div><\/div>\n<\/div>\n","protected":false},"excerpt":{"rendered":"<p>Iniciativa. Una fundaci\u00f3n, dos corporaciones y el Estado buscan mejorar los ingresos de caficultores en un escenario de bajos precios.<\/p>\n","protected":false},"author":4,"featured_media":1852,"comment_status":"open","ping_status":"closed","sticky":false,"template":"","format":"standard","meta":{"footnotes":""},"categories":[50,94],"tags":[102],"paises":[],"programa":[],"tema":[],"formato":[],"class_list":["post-1851","post","type-post","status-publish","format-standard","has-post-thumbnail","hentry","category-cafe","category-news","tag-peru-pais"],"yoast_head":"<!-- This site is optimized with the Yoast SEO plugin v25.4 - https:\/\/yoast.com\/wordpress\/plugins\/seo\/ -->\n<title>Per\u00fa | Una estrategia disruptiva: el &quot;Caf\u00e9 Circular&quot; - Solidaridad Southamerica<\/title>\n<meta name=\"robots\" content=\"index, follow, max-snippet:-1, max-image-preview:large, max-video-preview:-1\" \/>\n<link rel=\"canonical\" href=\"https:\/\/solidaridadlatam.org\/brasil\/cafe\/per\u00fa-una-estrategia-disruptiva-el-caf\u00e9-circular\/\" \/>\n<meta property=\"og:locale\" content=\"es_ES\" \/>\n<meta property=\"og:type\" content=\"article\" \/>\n<meta property=\"og:title\" content=\"Per\u00fa | Una estrategia disruptiva: el &quot;Caf\u00e9 Circular&quot; - Solidaridad Southamerica\" \/>\n<meta property=\"og:description\" content=\"Iniciativa. Una fundaci\u00f3n, dos corporaciones y el Estado buscan mejorar los ingresos de caficultores en un escenario de bajos precios.\" \/>\n<meta property=\"og:url\" content=\"https:\/\/solidaridadlatam.org\/brasil\/cafe\/per\u00fa-una-estrategia-disruptiva-el-&quot;caf\u00e9-circular&quot;\/\" \/>\n<meta property=\"og:site_name\" content=\"Solidaridad Southamerica\" \/>\n<meta property=\"article:published_time\" content=\"2019-10-14T00:00:00+00:00\" \/>\n<meta property=\"article:modified_time\" content=\"2021-11-16T12:33:33+00:00\" \/>\n<meta property=\"og:image\" content=\"https:\/\/solidaridadlatam.org\/brasil\/wp-content\/uploads\/2020\/11\/cafe-circular-una-estrategia-disruptiva-dia-1-el-comercio-solidaridad.jpg\" \/>\n\t<meta property=\"og:image:width\" content=\"150\" \/>\n\t<meta property=\"og:image:height\" content=\"150\" \/>\n\t<meta property=\"og:image:type\" content=\"image\/jpeg\" \/>\n<meta name=\"author\" content=\"rosario.abramo\" \/>\n<meta name=\"twitter:card\" content=\"summary_large_image\" \/>\n<meta name=\"twitter:label1\" content=\"Escrito por\" \/>\n\t<meta name=\"twitter:data1\" content=\"rosario.abramo\" \/>\n\t<meta name=\"twitter:label2\" content=\"Tiempo de lectura\" \/>\n\t<meta name=\"twitter:data2\" content=\"3 minutos\" \/>\n<script type=\"application\/ld+json\" class=\"yoast-schema-graph\">{\"@context\":\"https:\/\/schema.org\",\"@graph\":[{\"@type\":\"WebPage\",\"@id\":\"https:\/\/solidaridadlatam.org\/brasil\/cafe\/per%c3%ba-una-estrategia-disruptiva-el-%22caf%c3%a9-circular%22\/\",\"url\":\"https:\/\/solidaridadlatam.org\/brasil\/cafe\/per%c3%ba-una-estrategia-disruptiva-el-%22caf%c3%a9-circular%22\/\",\"name\":\"Per\u00fa | Una estrategia disruptiva: el \\\"Caf\u00e9 Circular\\\" - Solidaridad Southamerica\",\"isPartOf\":{\"@id\":\"https:\/\/solidaridadlatam.org\/brasil\/#website\"},\"primaryImageOfPage\":{\"@id\":\"https:\/\/solidaridadlatam.org\/brasil\/cafe\/per%c3%ba-una-estrategia-disruptiva-el-%22caf%c3%a9-circular%22\/#primaryimage\"},\"image\":{\"@id\":\"https:\/\/solidaridadlatam.org\/brasil\/cafe\/per%c3%ba-una-estrategia-disruptiva-el-%22caf%c3%a9-circular%22\/#primaryimage\"},\"thumbnailUrl\":\"https:\/\/solidaridadlatam.org\/brasil\/wp-content\/uploads\/2020\/11\/cafe-circular-una-estrategia-disruptiva-dia-1-el-comercio-solidaridad.jpg\",\"datePublished\":\"2019-10-14T00:00:00+00:00\",\"dateModified\":\"2021-11-16T12:33:33+00:00\",\"author\":{\"@id\":\"https:\/\/solidaridadlatam.org\/brasil\/#\/schema\/person\/98a684dfb618f75deb9977175f7f22a0\"},\"breadcrumb\":{\"@id\":\"https:\/\/solidaridadlatam.org\/brasil\/cafe\/per%c3%ba-una-estrategia-disruptiva-el-%22caf%c3%a9-circular%22\/#breadcrumb\"},\"inLanguage\":\"es\",\"potentialAction\":[{\"@type\":\"ReadAction\",\"target\":[\"https:\/\/solidaridadlatam.org\/brasil\/cafe\/per%c3%ba-una-estrategia-disruptiva-el-%22caf%c3%a9-circular%22\/\"]}]},{\"@type\":\"ImageObject\",\"inLanguage\":\"es\",\"@id\":\"https:\/\/solidaridadlatam.org\/brasil\/cafe\/per%c3%ba-una-estrategia-disruptiva-el-%22caf%c3%a9-circular%22\/#primaryimage\",\"url\":\"https:\/\/solidaridadlatam.org\/brasil\/wp-content\/uploads\/2020\/11\/cafe-circular-una-estrategia-disruptiva-dia-1-el-comercio-solidaridad.jpg\",\"contentUrl\":\"https:\/\/solidaridadlatam.org\/brasil\/wp-content\/uploads\/2020\/11\/cafe-circular-una-estrategia-disruptiva-dia-1-el-comercio-solidaridad.jpg\",\"width\":150,\"height\":150},{\"@type\":\"BreadcrumbList\",\"@id\":\"https:\/\/solidaridadlatam.org\/brasil\/cafe\/per%c3%ba-una-estrategia-disruptiva-el-%22caf%c3%a9-circular%22\/#breadcrumb\",\"itemListElement\":[{\"@type\":\"ListItem\",\"position\":1,\"name\":\"Portada\",\"item\":\"https:\/\/solidaridadlatam.org\/brasil\/\"},{\"@type\":\"ListItem\",\"position\":2,\"name\":\"Per\u00fa | Una estrategia disruptiva: el \u00abCaf\u00e9 Circular\u00bb\"}]},{\"@type\":\"WebSite\",\"@id\":\"https:\/\/solidaridadlatam.org\/brasil\/#website\",\"url\":\"https:\/\/solidaridadlatam.org\/brasil\/\",\"name\":\"Solidaridad Southamerica\",\"description\":\"Organizaci\u00f3n Internacional sin fines de lucro con 50 a\u00f1os de experiencia a nivel global en desarrollo de mercados sostenibles e inclusivos\",\"potentialAction\":[{\"@type\":\"SearchAction\",\"target\":{\"@type\":\"EntryPoint\",\"urlTemplate\":\"https:\/\/solidaridadlatam.org\/brasil\/?s={search_term_string}\"},\"query-input\":{\"@type\":\"PropertyValueSpecification\",\"valueRequired\":true,\"valueName\":\"search_term_string\"}}],\"inLanguage\":\"es\"},{\"@type\":\"Person\",\"@id\":\"https:\/\/solidaridadlatam.org\/brasil\/#\/schema\/person\/98a684dfb618f75deb9977175f7f22a0\",\"name\":\"rosario.abramo\",\"image\":{\"@type\":\"ImageObject\",\"inLanguage\":\"es\",\"@id\":\"https:\/\/solidaridadlatam.org\/brasil\/#\/schema\/person\/image\/\",\"url\":\"https:\/\/secure.gravatar.com\/avatar\/369f4d18708e40372ea3e48556478bde?s=96&d=mm&r=g\",\"contentUrl\":\"https:\/\/secure.gravatar.com\/avatar\/369f4d18708e40372ea3e48556478bde?s=96&d=mm&r=g\",\"caption\":\"rosario.abramo\"},\"url\":\"https:\/\/solidaridadlatam.org\/brasil\/author\/rosario-abramo\/\"}]}<\/script>\n<!-- \/ Yoast SEO plugin. -->","yoast_head_json":{"title":"Per\u00fa | Una estrategia disruptiva: el \"Caf\u00e9 Circular\" - Solidaridad Southamerica","robots":{"index":"index","follow":"follow","max-snippet":"max-snippet:-1","max-image-preview":"max-image-preview:large","max-video-preview":"max-video-preview:-1"},"canonical":"https:\/\/solidaridadlatam.org\/brasil\/cafe\/per\u00fa-una-estrategia-disruptiva-el-\"caf\u00e9-circular\"\/","og_locale":"es_ES","og_type":"article","og_title":"Per\u00fa | Una estrategia disruptiva: el \"Caf\u00e9 Circular\" - Solidaridad Southamerica","og_description":"Iniciativa. Una fundaci\u00f3n, dos corporaciones y el Estado buscan mejorar los ingresos de caficultores en un escenario de bajos precios.","og_url":"https:\/\/solidaridadlatam.org\/brasil\/cafe\/per\u00fa-una-estrategia-disruptiva-el-\"caf\u00e9-circular\"\/","og_site_name":"Solidaridad Southamerica","article_published_time":"2019-10-14T00:00:00+00:00","article_modified_time":"2021-11-16T12:33:33+00:00","og_image":[{"width":150,"height":150,"url":"https:\/\/solidaridadlatam.org\/brasil\/wp-content\/uploads\/2020\/11\/cafe-circular-una-estrategia-disruptiva-dia-1-el-comercio-solidaridad.jpg","type":"image\/jpeg"}],"author":"rosario.abramo","twitter_card":"summary_large_image","twitter_misc":{"Escrito por":"rosario.abramo","Tiempo de lectura":"3 minutos"},"schema":{"@context":"https:\/\/schema.org","@graph":[{"@type":"WebPage","@id":"https:\/\/solidaridadlatam.org\/brasil\/cafe\/per%c3%ba-una-estrategia-disruptiva-el-%22caf%c3%a9-circular%22\/","url":"https:\/\/solidaridadlatam.org\/brasil\/cafe\/per%c3%ba-una-estrategia-disruptiva-el-%22caf%c3%a9-circular%22\/","name":"Per\u00fa | Una estrategia disruptiva: el \"Caf\u00e9 Circular\" - Solidaridad Southamerica","isPartOf":{"@id":"https:\/\/solidaridadlatam.org\/brasil\/#website"},"primaryImageOfPage":{"@id":"https:\/\/solidaridadlatam.org\/brasil\/cafe\/per%c3%ba-una-estrategia-disruptiva-el-%22caf%c3%a9-circular%22\/#primaryimage"},"image":{"@id":"https:\/\/solidaridadlatam.org\/brasil\/cafe\/per%c3%ba-una-estrategia-disruptiva-el-%22caf%c3%a9-circular%22\/#primaryimage"},"thumbnailUrl":"https:\/\/solidaridadlatam.org\/brasil\/wp-content\/uploads\/2020\/11\/cafe-circular-una-estrategia-disruptiva-dia-1-el-comercio-solidaridad.jpg","datePublished":"2019-10-14T00:00:00+00:00","dateModified":"2021-11-16T12:33:33+00:00","author":{"@id":"https:\/\/solidaridadlatam.org\/brasil\/#\/schema\/person\/98a684dfb618f75deb9977175f7f22a0"},"breadcrumb":{"@id":"https:\/\/solidaridadlatam.org\/brasil\/cafe\/per%c3%ba-una-estrategia-disruptiva-el-%22caf%c3%a9-circular%22\/#breadcrumb"},"inLanguage":"es","potentialAction":[{"@type":"ReadAction","target":["https:\/\/solidaridadlatam.org\/brasil\/cafe\/per%c3%ba-una-estrategia-disruptiva-el-%22caf%c3%a9-circular%22\/"]}]},{"@type":"ImageObject","inLanguage":"es","@id":"https:\/\/solidaridadlatam.org\/brasil\/cafe\/per%c3%ba-una-estrategia-disruptiva-el-%22caf%c3%a9-circular%22\/#primaryimage","url":"https:\/\/solidaridadlatam.org\/brasil\/wp-content\/uploads\/2020\/11\/cafe-circular-una-estrategia-disruptiva-dia-1-el-comercio-solidaridad.jpg","contentUrl":"https:\/\/solidaridadlatam.org\/brasil\/wp-content\/uploads\/2020\/11\/cafe-circular-una-estrategia-disruptiva-dia-1-el-comercio-solidaridad.jpg","width":150,"height":150},{"@type":"BreadcrumbList","@id":"https:\/\/solidaridadlatam.org\/brasil\/cafe\/per%c3%ba-una-estrategia-disruptiva-el-%22caf%c3%a9-circular%22\/#breadcrumb","itemListElement":[{"@type":"ListItem","position":1,"name":"Portada","item":"https:\/\/solidaridadlatam.org\/brasil\/"},{"@type":"ListItem","position":2,"name":"Per\u00fa | Una estrategia disruptiva: el \u00abCaf\u00e9 Circular\u00bb"}]},{"@type":"WebSite","@id":"https:\/\/solidaridadlatam.org\/brasil\/#website","url":"https:\/\/solidaridadlatam.org\/brasil\/","name":"Solidaridad Southamerica","description":"Organizaci\u00f3n Internacional sin fines de lucro con 50 a\u00f1os de experiencia a nivel global en desarrollo de mercados sostenibles e inclusivos","potentialAction":[{"@type":"SearchAction","target":{"@type":"EntryPoint","urlTemplate":"https:\/\/solidaridadlatam.org\/brasil\/?s={search_term_string}"},"query-input":{"@type":"PropertyValueSpecification","valueRequired":true,"valueName":"search_term_string"}}],"inLanguage":"es"},{"@type":"Person","@id":"https:\/\/solidaridadlatam.org\/brasil\/#\/schema\/person\/98a684dfb618f75deb9977175f7f22a0","name":"rosario.abramo","image":{"@type":"ImageObject","inLanguage":"es","@id":"https:\/\/solidaridadlatam.org\/brasil\/#\/schema\/person\/image\/","url":"https:\/\/secure.gravatar.com\/avatar\/369f4d18708e40372ea3e48556478bde?s=96&d=mm&r=g","contentUrl":"https:\/\/secure.gravatar.com\/avatar\/369f4d18708e40372ea3e48556478bde?s=96&d=mm&r=g","caption":"rosario.abramo"},"url":"https:\/\/solidaridadlatam.org\/brasil\/author\/rosario-abramo\/"}]}},"_links":{"self":[{"href":"https:\/\/solidaridadlatam.org\/brasil\/wp-json\/wp\/v2\/posts\/1851","targetHints":{"allow":["GET"]}}],"collection":[{"href":"https:\/\/solidaridadlatam.org\/brasil\/wp-json\/wp\/v2\/posts"}],"about":[{"href":"https:\/\/solidaridadlatam.org\/brasil\/wp-json\/wp\/v2\/types\/post"}],"author":[{"embeddable":true,"href":"https:\/\/solidaridadlatam.org\/brasil\/wp-json\/wp\/v2\/users\/4"}],"replies":[{"embeddable":true,"href":"https:\/\/solidaridadlatam.org\/brasil\/wp-json\/wp\/v2\/comments?post=1851"}],"version-history":[{"count":0,"href":"https:\/\/solidaridadlatam.org\/brasil\/wp-json\/wp\/v2\/posts\/1851\/revisions"}],"wp:featuredmedia":[{"embeddable":true,"href":"https:\/\/solidaridadlatam.org\/brasil\/wp-json\/wp\/v2\/media\/1852"}],"wp:attachment":[{"href":"https:\/\/solidaridadlatam.org\/brasil\/wp-json\/wp\/v2\/media?parent=1851"}],"wp:term":[{"taxonomy":"category","embeddable":true,"href":"https:\/\/solidaridadlatam.org\/brasil\/wp-json\/wp\/v2\/categories?post=1851"},{"taxonomy":"post_tag","embeddable":true,"href":"https:\/\/solidaridadlatam.org\/brasil\/wp-json\/wp\/v2\/tags?post=1851"},{"taxonomy":"paises","embeddable":true,"href":"https:\/\/solidaridadlatam.org\/brasil\/wp-json\/wp\/v2\/paises?post=1851"},{"taxonomy":"programa","embeddable":true,"href":"https:\/\/solidaridadlatam.org\/brasil\/wp-json\/wp\/v2\/programa?post=1851"},{"taxonomy":"tema","embeddable":true,"href":"https:\/\/solidaridadlatam.org\/brasil\/wp-json\/wp\/v2\/tema?post=1851"},{"taxonomy":"formato","embeddable":true,"href":"https:\/\/solidaridadlatam.org\/brasil\/wp-json\/wp\/v2\/formato?post=1851"}],"curies":[{"name":"wp","href":"https:\/\/api.w.org\/{rel}","templated":true}]}}