{"id":14653,"date":"2026-09-02T13:42:16","date_gmt":"2026-09-02T16:42:16","guid":{"rendered":"https:\/\/solidaridadlatam.org\/brasil\/?p=14653"},"modified":"2026-09-02T17:16:32","modified_gmt":"2026-09-02T20:16:32","slug":"estudo-revela-caminhos-e-desafios-para-engajar-familias-produtoras-na-pecuaria-sustentavel-do-para","status":"publish","type":"post","link":"https:\/\/solidaridadlatam.org\/brasil\/news\/estudo-revela-caminhos-e-desafios-para-engajar-familias-produtoras-na-pecuaria-sustentavel-do-para\/","title":{"rendered":"Estudo revela caminhos e desafios para engajar fam\u00edlias produtoras na pecu\u00e1ria sustent\u00e1vel do Par\u00e1"},"content":{"rendered":"<div class=\"wpb-content-wrapper\"><p>[vc_row mobile_bg_img_hidden=\u00bbno\u00bb tablet_bg_img_hidden=\u00bbno\u00bb woodmart_parallax=\u00bb0&#8243; woodmart_gradient_switch=\u00bbno\u00bb row_reverse_mobile=\u00bb0&#8243; row_reverse_tablet=\u00bb0&#8243; woodmart_disable_overflow=\u00bb0&#8243;][vc_column][vc_column_text css=\u00bb\u00bb text_larger=\u00bbno\u00bb el_class=\u00bbintrotext\u00bb woodmart_inline=\u00bbno\u00bb]<\/p>\n<header><i><span style=\"font-weight: 400;\">Com apoio do Imaflora e parceria do Bezos Earth Fund, publica\u00e7\u00e3o da Funda\u00e7\u00e3o Solidaridad identificou os motivos que estimulam e os que travam a ades\u00e3o \u00e0 requalifica\u00e7\u00e3o comercial no estado<\/span><\/i><\/header>\n<p>[\/vc_column_text][vc_single_image image=\u00bb14656&#8243; img_size=\u00bbfull\u00bb add_caption=\u00bbyes\u00bb alignment=\u00bbcenter\u00bb css=\u00bb\u00bb parallax_scroll=\u00bbno\u00bb woodmart_inline=\u00bbno\u00bb][vc_column_text css=\u00bb\u00bb text_larger=\u00bbno\u00bb woodmart_inline=\u00bbno\u00bb]<span style=\"font-weight: 400;\">Estudo in\u00e9dito publicado pela <\/span><b>Funda\u00e7\u00e3o Solidaridad<\/b><span style=\"font-weight: 400;\">, com apoio do <\/span><em><span style=\"font-weight: 400;\">Imaflora<\/span><\/em><span style=\"font-weight: 400;\"> e parceria do <\/span><em><span style=\"font-weight: 400;\">Bezos Earth Fund<\/span><\/em><span style=\"font-weight: 400;\"><em>,<\/em> mapeou os fatores que estimulam e os que travam a ades\u00e3o de fam\u00edlias produtoras de gado ao programa de requalifica\u00e7\u00e3o comercial no Par\u00e1. Realizado no assentamento Tuer\u00ea, em Novo Repartimento (PA), o levantamento <\/span><em><span style=\"font-weight: 400;\">Pecu\u00e1ria Sustent\u00e1vel do Par\u00e1 &#8211; Engajamento de fam\u00edlias<\/span><span style=\"font-weight: 400;\"> produtoras<\/span><\/em><span style=\"font-weight: 400;\"> mostrou um cen\u00e1rio desafiador: ap\u00f3s visita a 96 propriedades, 73 produtores recusaram a proposta (76%) e 17 ficaram indecisos (17,7%), gerando apenas 6 ades\u00f5es (4,2%).<\/span>[\/vc_column_text][vc_column_text css=\u00bb\u00bb text_larger=\u00bbno\u00bb woodmart_inline=\u00bbno\u00bb]<span style=\"font-weight: 400;\">No entanto, a introdu\u00e7\u00e3o de apoio financeiro e suporte institucional dobrou o engajamento, atraindo mais sete fam\u00edlias e elevando as ades\u00f5es para 13 (9,1%). Os dados revelam que, embora a transi\u00e7\u00e3o ambiental enfrente barreiras econ\u00f4micas relevantes, estrat\u00e9gias de incentivo e assist\u00eancia t\u00e9cnica cont\u00ednua s\u00e3o capazes de gerar respostas positivas no campo.\u00a0<\/span>[\/vc_column_text][vc_column_text css=\u00bb\u00bb text_larger=\u00bbno\u00bb woodmart_inline=\u00bbno\u00bb]<span style=\"font-weight: 400;\">Criado em 2024, o programa <\/span><em><span style=\"font-weight: 400;\">Pecu\u00e1ria Sustent\u00e1vel do Par\u00e1<\/span><\/em><span style=\"font-weight: 400;\"> tem como alvos a requalifica\u00e7\u00e3o comercial e a rastreabilidade individual do rebanho. Por um lado, a resist\u00eancia refletiu o peso dos passivos ambientais e a depend\u00eancia da \u00e1rea produtiva: os produtores que recusaram possuem um passivo m\u00e9dio de 29,2 hectares \u2014 cerca de 44% da \u00e1rea total de seus lotes \u2014, o que torna a exig\u00eancia de recomposi\u00e7\u00e3o ambiental uma amea\u00e7a ao sustento da fam\u00edlia.<\/span>[\/vc_column_text][vc_column_text css=\u00bb\u00bb text_larger=\u00bbno\u00bb woodmart_inline=\u00bbno\u00bb]<span style=\"font-weight: 400;\">Entre os principais motivos de recusa declarados est\u00e3o o tamanho expressivo do passivo (31%), a presen\u00e7a de pastagens de melhor qualidade na \u00e1rea degradada (23%) e a exist\u00eancia de plantios de cacau em \u00e1reas de passivo (11%), al\u00e9m de desinforma\u00e7\u00e3o sobre a rastreabilidade.<\/span>[\/vc_column_text][vc_column_text css=\u00bb\u00bb text_larger=\u00bbno\u00bb woodmart_inline=\u00bbno\u00bb]<\/p>\n<blockquote><p><span style=\"font-weight: 400;\"> \u201cQuando quase metade da propriedade est\u00e1 em \u00e1rea de passivo, o modelo tradicional de requalifica\u00e7\u00e3o encontra o seu limite. A resist\u00eancia que mapeamos mostra que, para trazer esses pecuaristas para a legalidade, precisamos adequar as exig\u00eancias \u00e0 realidade da Amaz\u00f4nia, oferecendo caminhos produtivos de transi\u00e7\u00e3o\u201d, avalia Paulo Lima, Gerente de Programas da<\/span><b> Funda\u00e7\u00e3o Solidaridad<\/b><span style=\"font-weight: 400;\">.<\/span><\/p><\/blockquote>\n<p>[\/vc_column_text][vc_single_image image=\u00bb14655&#8243; img_size=\u00bbfull\u00bb add_caption=\u00bbyes\u00bb alignment=\u00bbcenter\u00bb css=\u00bb\u00bb parallax_scroll=\u00bbno\u00bb woodmart_inline=\u00bbno\u00bb][vc_column_text css=\u00bb\u00bb text_larger=\u00bbno\u00bb woodmart_inline=\u00bbno\u00bb]<span style=\"font-weight: 400;\">Por outro lado, o estudo demonstrou que a percep\u00e7\u00e3o de risco econ\u00f4mico pode ser superada quando o produtor recebe garantias reais de viabilidade. A virada na ades\u00e3o ocorreu a partir da oferta do <\/span><em><span style=\"font-weight: 400;\">B\u00f4nus Desbloqueia J\u00e1<\/span><\/em><span style=\"font-weight: 400;\"> \u2014 incentivo financeiro para os custos iniciais com readequa\u00e7\u00f5es na propriedade \u2014 combinado com a atua\u00e7\u00e3o presencial do N\u00facleo de Atendimento ao Produtor (NAP).\u00a0<\/span>[\/vc_column_text][vc_column_text css=\u00bb\u00bb text_larger=\u00bbno\u00bb woodmart_inline=\u00bbno\u00bb]<\/p>\n<h3><b>RENDA DIVERSIFICADA<\/b><\/h3>\n<p>[\/vc_column_text][vc_column_text css=\u00bb\u00bb text_larger=\u00bbno\u00bb woodmart_inline=\u00bbno\u00bb]<span style=\"font-weight: 400;\">Al\u00e9m disso, a pesquisa tra\u00e7ou o perfil dos produtores que aceitaram a requalifica\u00e7\u00e3o: eles apresentam maior grau de intensifica\u00e7\u00e3o do pasto e diversifica\u00e7\u00e3o de renda, com destaque para o cultivo do cacau em sistemas agroflorestais, que chega a responder por 71% da receita familiar. Al\u00e9m disso, a rela\u00e7\u00e3o de confian\u00e7a com a equipe t\u00e9cnica da <\/span><b>Solidaridad<\/b><span style=\"font-weight: 400;\">, que vem promovendo Assist\u00eancia T\u00e9cnica e Extens\u00e3o Rural (ATER) ao longo de anos na regi\u00e3o, foi decisiva para superar desconfian\u00e7as sobre a iniciativa.<\/span>[\/vc_column_text][vc_column_text css=\u00bb\u00bb text_larger=\u00bbno\u00bb woodmart_inline=\u00bbno\u00bb]<\/p>\n<blockquote><p><span style=\"font-weight: 400;\">\u201cA recomposi\u00e7\u00e3o ambiental \u00e9 vista pelas fam\u00edlias como uma perda imediata de \u00e1rea produtiva e, consequentemente, de renda. E a virada aconteceu quando combinamos o apoio do NAP e o b\u00f4nus com uma assist\u00eancia t\u00e9cnica que compensasse a perda de renda, por meio da intensifica\u00e7\u00e3o sustent\u00e1vel da pecu\u00e1ria e da implanta\u00e7\u00e3o de sistemas agroflorestais (SAFs) com cacau. Assim, reduzimos a percep\u00e7\u00e3o de risco e constru\u00edmos uma ponte real para a regulariza\u00e7\u00e3o e a inclus\u00e3o produtiva\u201d, acrescenta Lima.<\/span><\/p><\/blockquote>\n<p>[\/vc_column_text][vc_single_image image=\u00bb14654&#8243; img_size=\u00bbfull\u00bb add_caption=\u00bbyes\u00bb alignment=\u00bbcenter\u00bb css=\u00bb\u00bb parallax_scroll=\u00bbno\u00bb woodmart_inline=\u00bbno\u00bb][vc_column_text css=\u00bb\u00bb text_larger=\u00bbno\u00bb woodmart_inline=\u00bbno\u00bb]<\/p>\n<h3><b>TRABALHO EM REDE<\/b><\/h3>\n<p>[\/vc_column_text][vc_column_text css=\u00bb\u00bb text_larger=\u00bbno\u00bb woodmart_inline=\u00bbno\u00bb]<span style=\"font-weight: 400;\">O estudo refor\u00e7a que a consolida\u00e7\u00e3o da pecu\u00e1ria familiar sustent\u00e1vel n\u00e3o depende de a\u00e7\u00f5es isoladas, mas da articula\u00e7\u00e3o de uma rede robusta de parceiros. A integra\u00e7\u00e3o entre \u00f3rg\u00e3os p\u00fablicos, frigor\u00edficos, institui\u00e7\u00f5es de ATER e organiza\u00e7\u00f5es da sociedade civil \u00e9 apontada como essencial para criar uma rede de apoio no territ\u00f3rio, unindo suporte t\u00e9cnico, regulariza\u00e7\u00e3o ambiental, cr\u00e9dito rural e garantia de mercado para a agricultura familiar.<\/span>[\/vc_column_text][vc_column_text css=\u00bb\u00bb text_larger=\u00bbno\u00bb woodmart_inline=\u00bbno\u00bb]<span style=\"font-weight: 400;\">Para direcionar os pr\u00f3ximos passos da pol\u00edtica p\u00fablica, a publica\u00e7\u00e3o ainda traz um estudo de escala que aponta onde a pol\u00edtica p\u00fablica deve focar. Foram utilizados multicrit\u00e9rios, cruzando dados da cadeia pecu\u00e1ria, presen\u00e7a da agricultura familiar, dimens\u00e3o dos passivos ambientais e presen\u00e7a de arranjo institucional. Os munic\u00edpios de S\u00e3o F\u00e9lix do Xingu, Marab\u00e1 e Novo Repartimento foram classificados como os locais priorit\u00e1rios.<\/span>[\/vc_column_text][vc_column_text css=\u00bb\u00bb text_larger=\u00bbno\u00bb woodmart_inline=\u00bbno\u00bb]<\/p>\n<h3><b>POLICY REPORT<\/b><\/h3>\n<p>[\/vc_column_text][vc_column_text css=\u00bb\u00bb text_larger=\u00bbno\u00bb woodmart_inline=\u00bbno\u00bb]<span style=\"font-weight: 400;\">O estudo da <\/span><b>Funda\u00e7\u00e3o Solidaridad<\/b><span style=\"font-weight: 400;\"> est\u00e1 contemplado no policy report <\/span><em><span style=\"font-weight: 400;\">Estrat\u00e9gias integradas para a cadeia pecu\u00e1ria brasileira: Li\u00e7\u00f5es pr\u00e1ticas e aprendizados sobre rastreabilidade individual e requalifica\u00e7\u00e3o comercial<\/span><\/em><span style=\"font-weight: 400;\">, desenvolvido pelo Imaflora. A publica\u00e7\u00e3o re\u00fane aprendizados de dois projetos-piloto realizados no Par\u00e1: um sobre estrat\u00e9gias de escalabilidade de rastreabilidade individual, em parceria com a Amigos da Terra, e o de requalifica\u00e7\u00e3o comercial com a <\/span><b>Solidaridad<\/b><span style=\"font-weight: 400;\">.\u00a0<\/span>[\/vc_column_text][vc_column_text css=\u00bb\u00bb text_larger=\u00bbno\u00bb woodmart_inline=\u00bbno\u00bb]<span style=\"font-weight: 400;\">Os resultados do estudo sobre a escalabilidade da identifica\u00e7\u00e3o individual apontam que \u00e9 preciso integrar a rastreabilidade com a\u00e7\u00f5es de reinser\u00e7\u00e3o comercial, para apoiar produtores com inconformidades na regulariza\u00e7\u00e3o ambiental de suas propriedades e na reinser\u00e7\u00e3o no mercado formal.\u00a0<\/span>[\/vc_column_text][vc_empty_space woodmart_hide_large=\u00bb0&#8243; woodmart_hide_medium=\u00bb0&#8243; woodmart_hide_small=\u00bb0&#8243;]<div id=\"wd-6a9853a543ebd\" class=\" wd-rs-6a9853a543ebd  wd-button-wrapper text-left\"><a href=\"https:\/\/solidaridadlatam.org\/brasil\/publications\/pecuaria-sustentavel-do-para-engajamento-de-familias-produtoras\/\" title=\"\" target=\"_blank\" class=\"btn btn-color-primary btn-style-link btn-style-rectangle btn-size-extra-large\">Acesse o estudo<\/a><\/div>[vc_empty_space woodmart_hide_large=\u00bb0&#8243; woodmart_hide_medium=\u00bb0&#8243; woodmart_hide_small=\u00bb0&#8243;][\/vc_column][\/vc_row][vc_row][vc_column][vc_separator][\/vc_column][\/vc_row][vc_section][vc_row][vc_column][vc_column_text css=\u00bb\u00bb woodmart_inline=\u00bbno\u00bb text_larger=\u00bbno\u00bb]<\/p>\n<h3>INFORMA\u00c7\u00d5ES DE CONTATO<\/h3>\n<p>[\/vc_column_text]\t\t\t<link rel=\"stylesheet\" id=\"wd-info-box-css\" href=\"https:\/\/solidaridadlatam.org\/brasil\/wp-content\/themes\/woodmart\/css\/parts\/el-info-box.min.css?ver=7.4.3\" type=\"text\/css\" media=\"all\" \/> \t\t\t\t\t\t<div class=\"info-box-wrapper\">\n\t\t\t\t<div id=\"wd-6a9851267bfe6\" class=\" wd-rs-6a9851267bfe6 wd-info-box wd-wpb text-left box-icon-align-top box-style- color-scheme- wd-bg-none \">\n\t\t\t\t\t\t\t\t\t\t\t<div class=\"box-icon-wrapper  box-with-icon box-icon-simple\">\n\t\t\t\t\t\t\t<div class=\"info-box-icon\">\n\n\t\t\t\t\t\t\t\n\t\t\t\t\t\t\t\t\t\t\t\t\t\t\t\t\t<img loading=\"lazy\" decoding=\"async\" width=\"190\" height=\"190\" src=\"https:\/\/solidaridadlatam.org\/brasil\/wp-content\/uploads\/2026\/03\/Paulo-Lima.jpg\" class=\"attachment-full size-full\" alt=\"\" \/>\t\t\t\t\t\t\t\t\t\t\t\t\t\t\t\n\t\t\t\t\t\t\t<\/div>\n\t\t\t\t\t\t<\/div>\n\t\t\t\t\t\t\t\t\t\t<div class=\"info-box-content\">\n\t\t\t\t\t\t\t\t\t\t\t\t<div class=\"info-box-inner set-cont-mb-s reset-last-child\"><p><span style=\"font-weight: 400;\"><b>Paulo Lima<\/b><\/span><\/p>\n<p>Gerente de Programas<\/p>\n<p><a href=\"mailto:paulo@solidaridadnetwork.org\" target=\"_blank\" rel=\"noopener\"><span style=\"font-weight: 400;\">email<\/span><\/a><\/p>\n<\/div>\n\n\t\t\t\t\t\t\t\t\t\t\t<\/div>\n\n\t\t\t\t\t\n\t\t\t\t\t\t\t\t\t<\/div>\n\t\t\t<\/div>\n\t\t[vc_separator][\/vc_column][\/vc_row][\/vc_section][vc_row][vc_column][vc_empty_space woodmart_hide_large=\u00bb0&#8243; woodmart_hide_medium=\u00bb0&#8243; woodmart_hide_small=\u00bb0&#8243;]\n\t\t\t\t<p class=\"rs-p-wp-fix\"><\/p>\n\t\t\t\t<sr7-module data-alias=\"pecuaria\" data-id=\"60\" id=\"SR7_60_1\" class=\"rs-ov-hidden\" data-version=\"6.7.54\">\n\t\t\t\t\t<sr7-adjuster><\/sr7-adjuster>\n\t\t\t\t\t<sr7-content>\n\t\t\t\t\t\t<sr7-carousel>\n\t\t\t\t\t\t<sr7-slide id=\"SR7_60_1-172STR1\" data-key=\"172STR1\">\n\t\t\t\t\t\t\t<sr7-txt id=\"SR7_60_1-172STR1-4\" class=\"sr7-layer\">{{catlist}}<\/sr7-txt>\n\t\t\t\t\t\t\t<a id=\"SR7_60_1-172STR1-11\" class=\"sr7-layer\" href=\"https:\/\/solidaridadlatam.org\/brasil\/news\/estudo-revela-caminhos-e-desafios-para-engajar-familias-produtoras-na-pecuaria-sustentavel-do-para\/\" target=\"_self\" rel=\"nofollow\"><span style=\"font-weight: bolder;\">Estudo revela caminhos e desafios para engajar fam\u00edlias produtoras na pecu\u00e1ria sustent\u00e1vel do Par\u00e1<\/span><br><span style=\"font-size: 14px;\">septiembre 2, 2026<\/a>\n\t\t\t\t\t\t<\/sr7-slide>\n\t\t\t\t\t\t<sr7-slide id=\"SR7_60_1-172STR2\" data-key=\"172STR2\">\n\t\t\t\t\t\t\t<sr7-txt id=\"SR7_60_1-172STR2-4\" class=\"sr7-layer\">{{catlist}}<\/sr7-txt>\n\t\t\t\t\t\t\t<a id=\"SR7_60_1-172STR2-11\" class=\"sr7-layer\" href=\"https:\/\/solidaridadlatam.org\/brasil\/publications\/pecuaria-sustentavel-do-para-engajamento-de-familias-produtoras\/\" target=\"_self\" rel=\"nofollow\"><span style=\"font-weight: bolder;\">Pecu\u00e1ria Sustent\u00e1vel do Par\u00e1 - Engajamento de fam\u00edlias produtoras<\/span><br><span style=\"font-size: 14px;\">agosto 27, 2026<\/a>\n\t\t\t\t\t\t<\/sr7-slide>\n\t\t\t\t\t\t<sr7-slide id=\"SR7_60_1-172STR3\" data-key=\"172STR3\">\n\t\t\t\t\t\t\t<sr7-txt id=\"SR7_60_1-172STR3-4\" class=\"sr7-layer\">{{catlist}}<\/sr7-txt>\n\t\t\t\t\t\t\t<a id=\"SR7_60_1-172STR3-11\" class=\"sr7-layer\" href=\"https:\/\/solidaridadlatam.org\/brasil\/news\/informe-brasil-e-relatorio-latam-2025-resultados-que-impulsionam-uma-agropecuaria-mais-sustentavel-e-inclusiva\/\" target=\"_self\" rel=\"nofollow\"><span style=\"font-weight: bolder;\">Informe Brasil e Relat\u00f3rio LATAM 2025: Resultados que impulsionam uma agropecu\u00e1ria mais sustent\u00e1vel e inclusiva<\/span><br><span style=\"font-size: 14px;\">agosto 14, 2026<\/a>\n\t\t\t\t\t\t<\/sr7-slide>\n\t\t\t\t\t\t<sr7-slide id=\"SR7_60_1-172STR4\" data-key=\"172STR4\">\n\t\t\t\t\t\t\t<sr7-txt id=\"SR7_60_1-172STR4-4\" class=\"sr7-layer\">{{catlist}}<\/sr7-txt>\n\t\t\t\t\t\t\t<a id=\"SR7_60_1-172STR4-11\" class=\"sr7-layer\" href=\"https:\/\/solidaridadlatam.org\/brasil\/publications\/informe-brasil-2025\/\" target=\"_self\" rel=\"nofollow\"><span style=\"font-weight: bolder;\">Informe Brasil 2025<\/span><br><span style=\"font-size: 14px;\">agosto 13, 2026<\/a>\n\t\t\t\t\t\t<\/sr7-slide>\n\t\t\t\t\t\t<sr7-slide id=\"SR7_60_1-172STR5\" data-key=\"172STR5\">\n\t\t\t\t\t\t\t<sr7-txt id=\"SR7_60_1-172STR5-4\" class=\"sr7-layer\">{{catlist}}<\/sr7-txt>\n\t\t\t\t\t\t\t<a id=\"SR7_60_1-172STR5-11\" class=\"sr7-layer\" href=\"https:\/\/solidaridadlatam.org\/brasil\/relatorio-anual\/relatorio-anual-2025\/\" target=\"_self\" rel=\"nofollow\"><span style=\"font-weight: bolder;\">Relat\u00f3rio Anual 2025 Solidaridad Am\u00e9rica Latina<\/span><br><span style=\"font-size: 14px;\">julio 21, 2026<\/a>\n\t\t\t\t\t\t<\/sr7-slide>\n\t\t\t\t\t\t<sr7-slide id=\"SR7_60_1-172STR6\" data-key=\"172STR6\">\n\t\t\t\t\t\t\t<sr7-txt id=\"SR7_60_1-172STR6-4\" class=\"sr7-layer\">{{catlist}}<\/sr7-txt>\n\t\t\t\t\t\t\t<a id=\"SR7_60_1-172STR6-11\" class=\"sr7-layer\" href=\"https:\/\/solidaridadlatam.org\/brasil\/news\/projeto-trade4eu-visa-cadeias-agropecuarias-livres-de-desmatamento-na-america-latina\/\" target=\"_self\" rel=\"nofollow\"><span style=\"font-weight: bolder;\">Projeto Trade4EU visa cadeias agropecu\u00e1rias livres de desmatamento na Am\u00e9rica Latina<\/span><br><span style=\"font-size: 14px;\">junio 16, 2026<\/a>\n\t\t\t\t\t\t<\/sr7-slide>\n\t\t\t\t\t\t<sr7-slide id=\"SR7_60_1-233\" data-key=\"233\">\n\t\t\t\t\t\t<\/sr7-slide>\n\t\t\t\t\t\t<\/sr7-carousel>\n\t\t\t\t\t<\/sr7-content>\n\t\t\t\t\t<image_lists style=\"display:none\">\n\t\t\t\t\t\t<img data-src=\"\/\/solidaridadlatam.org\/brasil\/wp-content\/uploads\/2020\/09\/separador1200D.svg\" data-libid=\"139\" data-lib=\"medialibrary\" title=\"separador1200D\" width=\"0\" height=\"0\" data-dbsrc=\"Ly9zb2xpZGFyaWRhZGxhdGFtLm9yZy9icmFzaWwvd3AtY29udGVudC91cGxvYWRzLzIwMjAvMDkvc2VwYXJhZG9yMTIwMEQuc3Zn\"\/>\n\t\t\t\t\t\t<img data-src=\"\/\/solidaridadlatam.org\/brasil\/wp-content\/uploads\/2020\/09\/separador800.svg\" data-libid=\"108\" data-lib=\"medialibrary\" title=\"separador800\" width=\"0\" height=\"0\" data-dbsrc=\"Ly9zb2xpZGFyaWRhZGxhdGFtLm9yZy9icmFzaWwvd3AtY29udGVudC91cGxvYWRzLzIwMjAvMDkvc2VwYXJhZG9yODAwLnN2Zw==\"\/>\n\t\t\t\t\t\t<img data-src=\"\/\/solidaridadlatam.org\/brasil\/wp-content\/uploads\/2026\/09\/DJI_0046-1.jpg\" width=\"0\" height=\"0\" data-dbsrc=\"Ly9zb2xpZGFyaWRhZGxhdGFtLm9yZy9icmFzaWwvd3AtY29udGVudC91cGxvYWRzLzIwMjYvMDkvREpJXzAwNDYtMS5qcGc=\"\/>\n\t\t\t\t\t\t<img data-src=\"\/\/solidaridadlatam.org\/brasil\/wp-content\/uploads\/2026\/08\/Captura-de-tela-2026-08-27-165800.png\" width=\"0\" height=\"0\" data-dbsrc=\"Ly9zb2xpZGFyaWRhZGxhdGFtLm9yZy9icmFzaWwvd3AtY29udGVudC91cGxvYWRzLzIwMjYvMDgvQ2FwdHVyYS1kZS10ZWxhLTIwMjYtMDgtMjctMTY1ODAwLnBuZw==\"\/>\n\t\t\t\t\t\t<img data-src=\"\/\/solidaridadlatam.org\/brasil\/wp-content\/uploads\/2026\/08\/InformeBR2025-materia-site.jpg\" width=\"0\" height=\"0\" data-dbsrc=\"Ly9zb2xpZGFyaWRhZGxhdGFtLm9yZy9icmFzaWwvd3AtY29udGVudC91cGxvYWRzLzIwMjYvMDgvSW5mb3JtZUJSMjAyNS1tYXRlcmlhLXNpdGUuanBn\"\/>\n\t\t\t\t\t\t<img data-src=\"\/\/solidaridadlatam.org\/brasil\/wp-content\/uploads\/2026\/08\/thumb-informebr-2025.png\" width=\"0\" height=\"0\" data-dbsrc=\"Ly9zb2xpZGFyaWRhZGxhdGFtLm9yZy9icmFzaWwvd3AtY29udGVudC91cGxvYWRzLzIwMjYvMDgvdGh1bWItaW5mb3JtZWJyLTIwMjUucG5n\"\/>\n\t\t\t\t\t\t<img data-src=\"\/\/solidaridadlatam.org\/brasil\/wp-content\/uploads\/2026\/07\/Placa-Relatorio-Anual-2025.jpg\" width=\"0\" height=\"0\" data-dbsrc=\"Ly9zb2xpZGFyaWRhZGxhdGFtLm9yZy9icmFzaWwvd3AtY29udGVudC91cGxvYWRzLzIwMjYvMDcvUGxhY2EtUmVsYXRvcmlvLUFudWFsLTIwMjUuanBn\"\/>\n\t\t\t\t\t\t<img data-src=\"\/\/solidaridadlatam.org\/brasil\/wp-content\/uploads\/2026\/06\/Lanzamiento-Trade-4EU-Brasil-01.jpg\" width=\"0\" height=\"0\" data-dbsrc=\"Ly9zb2xpZGFyaWRhZGxhdGFtLm9yZy9icmFzaWwvd3AtY29udGVudC91cGxvYWRzLzIwMjYvMDYvTGFuemFtaWVudG8tVHJhZGUtNEVVLUJyYXNpbC0wMS5qcGc=\"\/>\n\t\t\t\t\t<\/image_lists>\n\t\t\t\t<\/sr7-module>\n\t\t\t\t<script>\n\t\t\t\t\twindow.SR7 ??={};SR7.PMH ??={}; SR7.PMH[\"SR7_60_1\"] = {cn:100,state:false,fn: function() { if (window._tpt!==undefined && window._tpt.prepareModuleHeight !== undefined) {  _tpt.prepareModuleHeight({id:\"SR7_60_1\",el:[450,450,450,450,450],type:'carousel',shdw:'8',gh:[450,450,450,450,450],gw:[400,400,400,400,375],vpt:['-200px&#039;,&#039;-200px&#039;,&#039;-200px&#039;,&#039;-200px&#039;,&#039;-200px'],size:{fullWidth:true, fullHeight:false},mh:'0',onh:0,onw:0,bg:{color:'{\"orig\":\"transparent\",\"type\":\"solid\",\"string\":\"transparent\"}'},carousel:{pt:'0',pb:'0'},plType:'10',plColor:'#ffcc00'});   SR7.PMH[\"SR7_60_1\"].state=true;} else if(SR7.PMH[\"SR7_60_1\"].cn-->0)\tsetTimeout( SR7.PMH[\"SR7_60_1\"].fn,19);}};SR7.PMH[\"SR7_60_1\" ].fn();\n\t\t\t\t<\/script>\n[vc_empty_space woodmart_hide_large=\u00bb0&#8243; woodmart_hide_medium=\u00bb0&#8243; woodmart_hide_small=\u00bb0&#8243;][\/vc_column][\/vc_row]<\/p>\n<\/div>","protected":false},"excerpt":{"rendered":"<p>[vc_row mobile_bg_img_hidden=\u00bbno\u00bb tablet_bg_img_hidden=\u00bbno\u00bb woodmart_parallax=\u00bb0&#8243; woodmart_gradient_switch=\u00bbno\u00bb row_reverse_mobile=\u00bb0&#8243; row_reverse_tablet=\u00bb0&#8243; woodmart_disable_overflow=\u00bb0&#8243;][vc_column][vc_column_text css=\u00bb\u00bb text_larger=\u00bbno\u00bb el_class=\u00bbintrotext\u00bb woodmart_inline=\u00bbno\u00bb] Com apoio do Imaflora e parceria do Bezos<\/p>\n","protected":false},"author":12,"featured_media":14656,"comment_status":"closed","ping_status":"closed","sticky":false,"template":"","format":"standard","meta":{"footnotes":""},"categories":[138,55,94,29],"tags":[172,242,142,235,268,269,140,155,201],"paises":[80],"programa":[],"tema":[],"formato":[],"class_list":["post-14653","post","type-post","status-publish","format-standard","has-post-thumbnail","hentry","category-amazonia","category-brasil","category-news","category-pecuaria","tag-agricultura","tag-agricultura-familiar","tag-amazonia","tag-boas-praticas","tag-carne","tag-livre-de-desmatamento","tag-pecuaria","tag-pequenos-agricultores","tag-sustentabilidade","paises-brasil"],"yoast_head":"<!-- This site is optimized with the Yoast SEO plugin v27.7 - https:\/\/yoast.com\/product\/yoast-seo-wordpress\/ -->\n<title>Estudo revela caminhos e desafios para engajar fam\u00edlias produtoras na pecu\u00e1ria sustent\u00e1vel do Par\u00e1 - Solidaridad Southamerica<\/title>\n<meta name=\"description\" content=\"Estudo da Funda\u00e7\u00e3o Solidaridad identifica desafios e caminhos para ampliar a ades\u00e3o de fam\u00edlias produtoras \u00e0 pecu\u00e1ria sustent\u00e1vel no Par\u00e1\" \/>\n<meta name=\"robots\" content=\"index, follow, max-snippet:-1, max-image-preview:large, max-video-preview:-1\" \/>\n<link rel=\"canonical\" href=\"https:\/\/solidaridadlatam.org\/brasil\/news\/estudo-revela-caminhos-e-desafios-para-engajar-familias-produtoras-na-pecuaria-sustentavel-do-para\/\" \/>\n<meta property=\"og:locale\" content=\"es_ES\" \/>\n<meta property=\"og:type\" content=\"article\" \/>\n<meta property=\"og:title\" content=\"Estudo revela caminhos e desafios para engajar fam\u00edlias produtoras na pecu\u00e1ria sustent\u00e1vel do Par\u00e1 - Solidaridad Southamerica\" \/>\n<meta property=\"og:description\" content=\"Estudo da Funda\u00e7\u00e3o Solidaridad identifica desafios e caminhos para ampliar a ades\u00e3o de fam\u00edlias produtoras \u00e0 pecu\u00e1ria sustent\u00e1vel no Par\u00e1\" \/>\n<meta property=\"og:url\" content=\"https:\/\/solidaridadlatam.org\/brasil\/news\/estudo-revela-caminhos-e-desafios-para-engajar-familias-produtoras-na-pecuaria-sustentavel-do-para\/\" \/>\n<meta property=\"og:site_name\" content=\"Solidaridad Southamerica\" \/>\n<meta property=\"article:published_time\" content=\"2026-09-02T16:42:16+00:00\" \/>\n<meta property=\"article:modified_time\" content=\"2026-09-02T20:16:32+00:00\" \/>\n<meta name=\"author\" content=\"Mariana Leite\" \/>\n<meta name=\"twitter:card\" content=\"summary_large_image\" \/>\n<meta name=\"twitter:label1\" content=\"Escrito por\" \/>\n\t<meta name=\"twitter:data1\" content=\"Mariana Leite\" \/>\n\t<meta name=\"twitter:label2\" content=\"Tiempo de lectura\" \/>\n\t<meta name=\"twitter:data2\" content=\"5 minutos\" \/>\n<script type=\"application\/ld+json\" class=\"yoast-schema-graph\">{\"@context\":\"https:\\\/\\\/schema.org\",\"@graph\":[{\"@type\":\"Article\",\"@id\":\"https:\\\/\\\/solidaridadlatam.org\\\/brasil\\\/news\\\/estudo-revela-caminhos-e-desafios-para-engajar-familias-produtoras-na-pecuaria-sustentavel-do-para\\\/#article\",\"isPartOf\":{\"@id\":\"https:\\\/\\\/solidaridadlatam.org\\\/brasil\\\/news\\\/estudo-revela-caminhos-e-desafios-para-engajar-familias-produtoras-na-pecuaria-sustentavel-do-para\\\/\"},\"author\":{\"name\":\"Mariana Leite\",\"@id\":\"https:\\\/\\\/solidaridadlatam.org\\\/brasil\\\/#\\\/schema\\\/person\\\/4a9b485ead22a4cc4ac3d7b1f48e6116\"},\"headline\":\"Estudo revela caminhos e desafios para engajar fam\u00edlias produtoras na pecu\u00e1ria sustent\u00e1vel do Par\u00e1\",\"datePublished\":\"2026-09-02T16:42:16+00:00\",\"dateModified\":\"2026-09-02T20:16:32+00:00\",\"mainEntityOfPage\":{\"@id\":\"https:\\\/\\\/solidaridadlatam.org\\\/brasil\\\/news\\\/estudo-revela-caminhos-e-desafios-para-engajar-familias-produtoras-na-pecuaria-sustentavel-do-para\\\/\"},\"wordCount\":1482,\"image\":{\"@id\":\"https:\\\/\\\/solidaridadlatam.org\\\/brasil\\\/news\\\/estudo-revela-caminhos-e-desafios-para-engajar-familias-produtoras-na-pecuaria-sustentavel-do-para\\\/#primaryimage\"},\"thumbnailUrl\":\"https:\\\/\\\/solidaridadlatam.org\\\/brasil\\\/wp-content\\\/uploads\\\/2026\\\/09\\\/DJI_0046-1.jpg\",\"keywords\":[\"agricultura\",\"agricultura familiar\",\"Amaz\u00f4nia\",\"boas pr\u00e1ticas\",\"carne\",\"livre de desmatamento\",\"Pecu\u00e1ria\",\"Pequenos agricultores\",\"Sustentabilidade\"],\"articleSection\":[\"Amaz\u00f4nia\",\"Brasil\",\"Not\u00edcia\",\"Pecu\u00e1ria\"],\"inLanguage\":\"es\"},{\"@type\":\"WebPage\",\"@id\":\"https:\\\/\\\/solidaridadlatam.org\\\/brasil\\\/news\\\/estudo-revela-caminhos-e-desafios-para-engajar-familias-produtoras-na-pecuaria-sustentavel-do-para\\\/\",\"url\":\"https:\\\/\\\/solidaridadlatam.org\\\/brasil\\\/news\\\/estudo-revela-caminhos-e-desafios-para-engajar-familias-produtoras-na-pecuaria-sustentavel-do-para\\\/\",\"name\":\"Estudo revela caminhos e desafios para engajar fam\u00edlias produtoras na pecu\u00e1ria sustent\u00e1vel do Par\u00e1 - Solidaridad Southamerica\",\"isPartOf\":{\"@id\":\"https:\\\/\\\/solidaridadlatam.org\\\/brasil\\\/#website\"},\"primaryImageOfPage\":{\"@id\":\"https:\\\/\\\/solidaridadlatam.org\\\/brasil\\\/news\\\/estudo-revela-caminhos-e-desafios-para-engajar-familias-produtoras-na-pecuaria-sustentavel-do-para\\\/#primaryimage\"},\"image\":{\"@id\":\"https:\\\/\\\/solidaridadlatam.org\\\/brasil\\\/news\\\/estudo-revela-caminhos-e-desafios-para-engajar-familias-produtoras-na-pecuaria-sustentavel-do-para\\\/#primaryimage\"},\"thumbnailUrl\":\"https:\\\/\\\/solidaridadlatam.org\\\/brasil\\\/wp-content\\\/uploads\\\/2026\\\/09\\\/DJI_0046-1.jpg\",\"datePublished\":\"2026-09-02T16:42:16+00:00\",\"dateModified\":\"2026-09-02T20:16:32+00:00\",\"author\":{\"@id\":\"https:\\\/\\\/solidaridadlatam.org\\\/brasil\\\/#\\\/schema\\\/person\\\/4a9b485ead22a4cc4ac3d7b1f48e6116\"},\"description\":\"Estudo da Funda\u00e7\u00e3o Solidaridad identifica desafios e caminhos para ampliar a ades\u00e3o de fam\u00edlias produtoras \u00e0 pecu\u00e1ria sustent\u00e1vel no Par\u00e1\",\"breadcrumb\":{\"@id\":\"https:\\\/\\\/solidaridadlatam.org\\\/brasil\\\/news\\\/estudo-revela-caminhos-e-desafios-para-engajar-familias-produtoras-na-pecuaria-sustentavel-do-para\\\/#breadcrumb\"},\"inLanguage\":\"es\",\"potentialAction\":[{\"@type\":\"ReadAction\",\"target\":[\"https:\\\/\\\/solidaridadlatam.org\\\/brasil\\\/news\\\/estudo-revela-caminhos-e-desafios-para-engajar-familias-produtoras-na-pecuaria-sustentavel-do-para\\\/\"]}]},{\"@type\":\"ImageObject\",\"inLanguage\":\"es\",\"@id\":\"https:\\\/\\\/solidaridadlatam.org\\\/brasil\\\/news\\\/estudo-revela-caminhos-e-desafios-para-engajar-familias-produtoras-na-pecuaria-sustentavel-do-para\\\/#primaryimage\",\"url\":\"https:\\\/\\\/solidaridadlatam.org\\\/brasil\\\/wp-content\\\/uploads\\\/2026\\\/09\\\/DJI_0046-1.jpg\",\"contentUrl\":\"https:\\\/\\\/solidaridadlatam.org\\\/brasil\\\/wp-content\\\/uploads\\\/2026\\\/09\\\/DJI_0046-1.jpg\",\"width\":1500,\"height\":843,\"caption\":\"O levantamento mostrou que sensibilizar os pecuaristas para uma produ\u00e7\u00e3o em conformidade com a lei requer adapta\u00e7\u00f5es \u00e0 realidade em que vivem. Cr\u00e9dito: Divulga\u00e7\u00e3o\\\/Funda\u00e7\u00e3o Solidaridad\"},{\"@type\":\"BreadcrumbList\",\"@id\":\"https:\\\/\\\/solidaridadlatam.org\\\/brasil\\\/news\\\/estudo-revela-caminhos-e-desafios-para-engajar-familias-produtoras-na-pecuaria-sustentavel-do-para\\\/#breadcrumb\",\"itemListElement\":[{\"@type\":\"ListItem\",\"position\":1,\"name\":\"Portada\",\"item\":\"https:\\\/\\\/solidaridadlatam.org\\\/brasil\\\/\"},{\"@type\":\"ListItem\",\"position\":2,\"name\":\"Estudo revela caminhos e desafios para engajar fam\u00edlias produtoras na pecu\u00e1ria sustent\u00e1vel do Par\u00e1\"}]},{\"@type\":\"WebSite\",\"@id\":\"https:\\\/\\\/solidaridadlatam.org\\\/brasil\\\/#website\",\"url\":\"https:\\\/\\\/solidaridadlatam.org\\\/brasil\\\/\",\"name\":\"Solidaridad Southamerica\",\"description\":\"Organizaci\u00f3n Internacional sin fines de lucro con 50 a\u00f1os de experiencia a nivel global en desarrollo de mercados sostenibles e inclusivos\",\"potentialAction\":[{\"@type\":\"SearchAction\",\"target\":{\"@type\":\"EntryPoint\",\"urlTemplate\":\"https:\\\/\\\/solidaridadlatam.org\\\/brasil\\\/?s={search_term_string}\"},\"query-input\":{\"@type\":\"PropertyValueSpecification\",\"valueRequired\":true,\"valueName\":\"search_term_string\"}}],\"inLanguage\":\"es\"},{\"@type\":\"Person\",\"@id\":\"https:\\\/\\\/solidaridadlatam.org\\\/brasil\\\/#\\\/schema\\\/person\\\/4a9b485ead22a4cc4ac3d7b1f48e6116\",\"name\":\"Mariana Leite\",\"image\":{\"@type\":\"ImageObject\",\"inLanguage\":\"es\",\"@id\":\"https:\\\/\\\/secure.gravatar.com\\\/avatar\\\/3d1450df1ce40ce391e237a58c81789b7a91561e91663fe77e8586b2efc60ca6?s=96&d=mm&r=g\",\"url\":\"https:\\\/\\\/secure.gravatar.com\\\/avatar\\\/3d1450df1ce40ce391e237a58c81789b7a91561e91663fe77e8586b2efc60ca6?s=96&d=mm&r=g\",\"contentUrl\":\"https:\\\/\\\/secure.gravatar.com\\\/avatar\\\/3d1450df1ce40ce391e237a58c81789b7a91561e91663fe77e8586b2efc60ca6?s=96&d=mm&r=g\",\"caption\":\"Mariana Leite\"},\"url\":\"https:\\\/\\\/solidaridadlatam.org\\\/brasil\\\/author\\\/marianaleite\\\/\"}]}<\/script>\n<!-- \/ Yoast SEO plugin. -->","yoast_head_json":{"title":"Estudo revela caminhos e desafios para engajar fam\u00edlias produtoras na pecu\u00e1ria sustent\u00e1vel do Par\u00e1 - Solidaridad Southamerica","description":"Estudo da Funda\u00e7\u00e3o Solidaridad identifica desafios e caminhos para ampliar a ades\u00e3o de fam\u00edlias produtoras \u00e0 pecu\u00e1ria sustent\u00e1vel no Par\u00e1","robots":{"index":"index","follow":"follow","max-snippet":"max-snippet:-1","max-image-preview":"max-image-preview:large","max-video-preview":"max-video-preview:-1"},"canonical":"https:\/\/solidaridadlatam.org\/brasil\/news\/estudo-revela-caminhos-e-desafios-para-engajar-familias-produtoras-na-pecuaria-sustentavel-do-para\/","og_locale":"es_ES","og_type":"article","og_title":"Estudo revela caminhos e desafios para engajar fam\u00edlias produtoras na pecu\u00e1ria sustent\u00e1vel do Par\u00e1 - Solidaridad Southamerica","og_description":"Estudo da Funda\u00e7\u00e3o Solidaridad identifica desafios e caminhos para ampliar a ades\u00e3o de fam\u00edlias produtoras \u00e0 pecu\u00e1ria sustent\u00e1vel no Par\u00e1","og_url":"https:\/\/solidaridadlatam.org\/brasil\/news\/estudo-revela-caminhos-e-desafios-para-engajar-familias-produtoras-na-pecuaria-sustentavel-do-para\/","og_site_name":"Solidaridad Southamerica","article_published_time":"2026-09-02T16:42:16+00:00","article_modified_time":"2026-09-02T20:16:32+00:00","author":"Mariana Leite","twitter_card":"summary_large_image","twitter_misc":{"Escrito por":"Mariana Leite","Tiempo de lectura":"5 minutos"},"schema":{"@context":"https:\/\/schema.org","@graph":[{"@type":"Article","@id":"https:\/\/solidaridadlatam.org\/brasil\/news\/estudo-revela-caminhos-e-desafios-para-engajar-familias-produtoras-na-pecuaria-sustentavel-do-para\/#article","isPartOf":{"@id":"https:\/\/solidaridadlatam.org\/brasil\/news\/estudo-revela-caminhos-e-desafios-para-engajar-familias-produtoras-na-pecuaria-sustentavel-do-para\/"},"author":{"name":"Mariana Leite","@id":"https:\/\/solidaridadlatam.org\/brasil\/#\/schema\/person\/4a9b485ead22a4cc4ac3d7b1f48e6116"},"headline":"Estudo revela caminhos e desafios para engajar fam\u00edlias produtoras na pecu\u00e1ria sustent\u00e1vel do Par\u00e1","datePublished":"2026-09-02T16:42:16+00:00","dateModified":"2026-09-02T20:16:32+00:00","mainEntityOfPage":{"@id":"https:\/\/solidaridadlatam.org\/brasil\/news\/estudo-revela-caminhos-e-desafios-para-engajar-familias-produtoras-na-pecuaria-sustentavel-do-para\/"},"wordCount":1482,"image":{"@id":"https:\/\/solidaridadlatam.org\/brasil\/news\/estudo-revela-caminhos-e-desafios-para-engajar-familias-produtoras-na-pecuaria-sustentavel-do-para\/#primaryimage"},"thumbnailUrl":"https:\/\/solidaridadlatam.org\/brasil\/wp-content\/uploads\/2026\/09\/DJI_0046-1.jpg","keywords":["agricultura","agricultura familiar","Amaz\u00f4nia","boas pr\u00e1ticas","carne","livre de desmatamento","Pecu\u00e1ria","Pequenos agricultores","Sustentabilidade"],"articleSection":["Amaz\u00f4nia","Brasil","Not\u00edcia","Pecu\u00e1ria"],"inLanguage":"es"},{"@type":"WebPage","@id":"https:\/\/solidaridadlatam.org\/brasil\/news\/estudo-revela-caminhos-e-desafios-para-engajar-familias-produtoras-na-pecuaria-sustentavel-do-para\/","url":"https:\/\/solidaridadlatam.org\/brasil\/news\/estudo-revela-caminhos-e-desafios-para-engajar-familias-produtoras-na-pecuaria-sustentavel-do-para\/","name":"Estudo revela caminhos e desafios para engajar fam\u00edlias produtoras na pecu\u00e1ria sustent\u00e1vel do Par\u00e1 - Solidaridad Southamerica","isPartOf":{"@id":"https:\/\/solidaridadlatam.org\/brasil\/#website"},"primaryImageOfPage":{"@id":"https:\/\/solidaridadlatam.org\/brasil\/news\/estudo-revela-caminhos-e-desafios-para-engajar-familias-produtoras-na-pecuaria-sustentavel-do-para\/#primaryimage"},"image":{"@id":"https:\/\/solidaridadlatam.org\/brasil\/news\/estudo-revela-caminhos-e-desafios-para-engajar-familias-produtoras-na-pecuaria-sustentavel-do-para\/#primaryimage"},"thumbnailUrl":"https:\/\/solidaridadlatam.org\/brasil\/wp-content\/uploads\/2026\/09\/DJI_0046-1.jpg","datePublished":"2026-09-02T16:42:16+00:00","dateModified":"2026-09-02T20:16:32+00:00","author":{"@id":"https:\/\/solidaridadlatam.org\/brasil\/#\/schema\/person\/4a9b485ead22a4cc4ac3d7b1f48e6116"},"description":"Estudo da Funda\u00e7\u00e3o Solidaridad identifica desafios e caminhos para ampliar a ades\u00e3o de fam\u00edlias produtoras \u00e0 pecu\u00e1ria sustent\u00e1vel no Par\u00e1","breadcrumb":{"@id":"https:\/\/solidaridadlatam.org\/brasil\/news\/estudo-revela-caminhos-e-desafios-para-engajar-familias-produtoras-na-pecuaria-sustentavel-do-para\/#breadcrumb"},"inLanguage":"es","potentialAction":[{"@type":"ReadAction","target":["https:\/\/solidaridadlatam.org\/brasil\/news\/estudo-revela-caminhos-e-desafios-para-engajar-familias-produtoras-na-pecuaria-sustentavel-do-para\/"]}]},{"@type":"ImageObject","inLanguage":"es","@id":"https:\/\/solidaridadlatam.org\/brasil\/news\/estudo-revela-caminhos-e-desafios-para-engajar-familias-produtoras-na-pecuaria-sustentavel-do-para\/#primaryimage","url":"https:\/\/solidaridadlatam.org\/brasil\/wp-content\/uploads\/2026\/09\/DJI_0046-1.jpg","contentUrl":"https:\/\/solidaridadlatam.org\/brasil\/wp-content\/uploads\/2026\/09\/DJI_0046-1.jpg","width":1500,"height":843,"caption":"O levantamento mostrou que sensibilizar os pecuaristas para uma produ\u00e7\u00e3o em conformidade com a lei requer adapta\u00e7\u00f5es \u00e0 realidade em que vivem. Cr\u00e9dito: Divulga\u00e7\u00e3o\/Funda\u00e7\u00e3o Solidaridad"},{"@type":"BreadcrumbList","@id":"https:\/\/solidaridadlatam.org\/brasil\/news\/estudo-revela-caminhos-e-desafios-para-engajar-familias-produtoras-na-pecuaria-sustentavel-do-para\/#breadcrumb","itemListElement":[{"@type":"ListItem","position":1,"name":"Portada","item":"https:\/\/solidaridadlatam.org\/brasil\/"},{"@type":"ListItem","position":2,"name":"Estudo revela caminhos e desafios para engajar fam\u00edlias produtoras na pecu\u00e1ria sustent\u00e1vel do Par\u00e1"}]},{"@type":"WebSite","@id":"https:\/\/solidaridadlatam.org\/brasil\/#website","url":"https:\/\/solidaridadlatam.org\/brasil\/","name":"Solidaridad Southamerica","description":"Organizaci\u00f3n Internacional sin fines de lucro con 50 a\u00f1os de experiencia a nivel global en desarrollo de mercados sostenibles e inclusivos","potentialAction":[{"@type":"SearchAction","target":{"@type":"EntryPoint","urlTemplate":"https:\/\/solidaridadlatam.org\/brasil\/?s={search_term_string}"},"query-input":{"@type":"PropertyValueSpecification","valueRequired":true,"valueName":"search_term_string"}}],"inLanguage":"es"},{"@type":"Person","@id":"https:\/\/solidaridadlatam.org\/brasil\/#\/schema\/person\/4a9b485ead22a4cc4ac3d7b1f48e6116","name":"Mariana Leite","image":{"@type":"ImageObject","inLanguage":"es","@id":"https:\/\/secure.gravatar.com\/avatar\/3d1450df1ce40ce391e237a58c81789b7a91561e91663fe77e8586b2efc60ca6?s=96&d=mm&r=g","url":"https:\/\/secure.gravatar.com\/avatar\/3d1450df1ce40ce391e237a58c81789b7a91561e91663fe77e8586b2efc60ca6?s=96&d=mm&r=g","contentUrl":"https:\/\/secure.gravatar.com\/avatar\/3d1450df1ce40ce391e237a58c81789b7a91561e91663fe77e8586b2efc60ca6?s=96&d=mm&r=g","caption":"Mariana Leite"},"url":"https:\/\/solidaridadlatam.org\/brasil\/author\/marianaleite\/"}]}},"_links":{"self":[{"href":"https:\/\/solidaridadlatam.org\/brasil\/wp-json\/wp\/v2\/posts\/14653","targetHints":{"allow":["GET"]}}],"collection":[{"href":"https:\/\/solidaridadlatam.org\/brasil\/wp-json\/wp\/v2\/posts"}],"about":[{"href":"https:\/\/solidaridadlatam.org\/brasil\/wp-json\/wp\/v2\/types\/post"}],"author":[{"embeddable":true,"href":"https:\/\/solidaridadlatam.org\/brasil\/wp-json\/wp\/v2\/users\/12"}],"replies":[{"embeddable":true,"href":"https:\/\/solidaridadlatam.org\/brasil\/wp-json\/wp\/v2\/comments?post=14653"}],"version-history":[{"count":6,"href":"https:\/\/solidaridadlatam.org\/brasil\/wp-json\/wp\/v2\/posts\/14653\/revisions"}],"predecessor-version":[{"id":14663,"href":"https:\/\/solidaridadlatam.org\/brasil\/wp-json\/wp\/v2\/posts\/14653\/revisions\/14663"}],"wp:featuredmedia":[{"embeddable":true,"href":"https:\/\/solidaridadlatam.org\/brasil\/wp-json\/wp\/v2\/media\/14656"}],"wp:attachment":[{"href":"https:\/\/solidaridadlatam.org\/brasil\/wp-json\/wp\/v2\/media?parent=14653"}],"wp:term":[{"taxonomy":"category","embeddable":true,"href":"https:\/\/solidaridadlatam.org\/brasil\/wp-json\/wp\/v2\/categories?post=14653"},{"taxonomy":"post_tag","embeddable":true,"href":"https:\/\/solidaridadlatam.org\/brasil\/wp-json\/wp\/v2\/tags?post=14653"},{"taxonomy":"paises","embeddable":true,"href":"https:\/\/solidaridadlatam.org\/brasil\/wp-json\/wp\/v2\/paises?post=14653"},{"taxonomy":"programa","embeddable":true,"href":"https:\/\/solidaridadlatam.org\/brasil\/wp-json\/wp\/v2\/programa?post=14653"},{"taxonomy":"tema","embeddable":true,"href":"https:\/\/solidaridadlatam.org\/brasil\/wp-json\/wp\/v2\/tema?post=14653"},{"taxonomy":"formato","embeddable":true,"href":"https:\/\/solidaridadlatam.org\/brasil\/wp-json\/wp\/v2\/formato?post=14653"}],"curies":[{"name":"wp","href":"https:\/\/api.w.org\/{rel}","templated":true}]}}