{"id":14514,"date":"2026-07-21T21:43:06","date_gmt":"2026-07-21T21:43:06","guid":{"rendered":"https:\/\/solidaridadlatam.org\/brasil\/relatorio-anual\/relatorio-anual-2025\/"},"modified":"2026-08-13T17:06:32","modified_gmt":"2026-08-13T20:06:32","slug":"relatorio-anual-2025","status":"publish","type":"post","link":"https:\/\/solidaridadlatam.org\/brasil\/relatorio-anual\/relatorio-anual-2025\/","title":{"rendered":"Relat\u00f3rio Anual 2025 Solidaridad Am\u00e9rica Latina"},"content":{"rendered":"<div class=\"wpb-content-wrapper\"><p>[vc_row woodmart_css_id=\u00bb6a2b12c3320e7&#8243; responsive_spacing=\u00bbeyJwYXJhbV90eXBlIjoid29vZG1hcnRfcmVzcG9uc2l2ZV9zcGFjaW5nIiwic2VsZWN0b3JfaWQiOiI2YTJiMTJjMzMyMGU3Iiwic2hvcnRjb2RlIjoidmNfcm93IiwiZGF0YSI6eyJ0YWJsZXQiOnt9LCJtb2JpbGUiOnt9fX0=\u00bb mobile_bg_img_hidden=\u00bbno\u00bb tablet_bg_img_hidden=\u00bbno\u00bb woodmart_parallax=\u00bb0&#8243; woodmart_gradient_switch=\u00bbno\u00bb woodmart_box_shadow=\u00bbno\u00bb wd_z_index=\u00bbno\u00bb woodmart_disable_overflow=\u00bb0&#8243; row_reverse_mobile=\u00bb0&#8243; row_reverse_tablet=\u00bb0&#8243;][vc_column width=\u00bb1\/6&#8243;][\/vc_column][vc_column width=\u00bb2\/3&#8243;][vc_column_text css=\u00bb\u00bb woodmart_inline=\u00bbno\u00bb text_larger=\u00bbno\u00bb]A <strong>Solidaridad<\/strong> apresenta este relat\u00f3rio para destacar suas opera\u00e7\u00f5es na Am\u00e9rica Latina em 2025. Ao concluirmos o quinto e \u00faltimo ano de nossa estrat\u00e9gia plurianual 2021\u20132025, nosso trabalho manteve-se focado na consolida\u00e7\u00e3o de solu\u00e7\u00f5es sustent\u00e1veis \u200b\u200bque fazem sentido para as partes interessadas da cadeia produtivas em termos de cria\u00e7\u00e3o de valor, resili\u00eancia clim\u00e1tica e inclus\u00e3o social.<\/p>\n<p><strong>Em 2025, superamos nossas metas de assist\u00eancia t\u00e9cnica e inclus\u00e3o financeira, alcan\u00e7ando 93.787 produtores e mineiros com servi\u00e7os aprimorados e viabilizando linhas de cr\u00e9dito para 3.098 deles.<\/strong> Estamos expandindo modelos de produ\u00e7\u00e3o que demonstram como a viabilidade econ\u00f4mica caminha lado a lado com a integridade ambiental. <strong>Esse trabalho resultou em um total de 871.317 hectares sob manejo sustent\u00e1vel, sendo que 311.884 hectares foram manejados com pr\u00e1ticas agr\u00edcolas climaticamente inteligentes.<\/strong> Al\u00e9m disso, desenvolvemos diversas ferramentas para facilitar a conformidade com a Regula\u00e7\u00e3o da Uni\u00e3o Europeia para Produtos Livres de Desmatamento (EUDR), transformando desafios complexos em solu\u00e7\u00f5es de mercado lucrativas e escal\u00e1veis.<\/p>\n<p>Voc\u00ea pode ler este relat\u00f3rio na \u00edntegra ou utilizar os bot\u00f5es abaixo para acessar se\u00e7\u00f5es espec\u00edficas.<\/p>\n<p>Esperamos que aprecie o relat\u00f3rio e nos colocamos \u00e0 disposi\u00e7\u00e3o para fornecer quaisquer informa\u00e7\u00f5es adicionais.[\/vc_column_text][\/vc_column][vc_column width=\u00bb1\/6&#8243;][\/vc_column][\/vc_row][vc_row gap=\u00bb15&#8243; equal_height=\u00bbyes\u00bb mobile_bg_img_hidden=\u00bbno\u00bb tablet_bg_img_hidden=\u00bbno\u00bb woodmart_parallax=\u00bb0&#8243; woodmart_gradient_switch=\u00bbno\u00bb row_reverse_mobile=\u00bb0&#8243; row_reverse_tablet=\u00bb0&#8243; woodmart_disable_overflow=\u00bb0&#8243; css=\u00bb.vc_custom_1780589744987{background-color: #FFFFFF !important;}\u00bb woodmart_css_id=\u00bb6a21a4a08509e\u00bb responsive_spacing=\u00bbeyJwYXJhbV90eXBlIjoid29vZG1hcnRfcmVzcG9uc2l2ZV9zcGFjaW5nIiwic2VsZWN0b3JfaWQiOiI2YTIxYTRhMDg1MDllIiwic2hvcnRjb2RlIjoidmNfcm93IiwiZGF0YSI6eyJ0YWJsZXQiOnt9LCJtb2JpbGUiOnt9fX0=\u00bb woodmart_box_shadow=\u00bbno\u00bb wd_z_index=\u00bbno\u00bb][vc_column width=\u00bb1\/6&#8243; mobile_bg_img_hidden=\u00bbno\u00bb tablet_bg_img_hidden=\u00bbno\u00bb woodmart_parallax=\u00bb0&#8243; woodmart_sticky_column=\u00bbfalse\u00bb parallax_scroll=\u00bbno\u00bb mobile_reset_margin=\u00bbno\u00bb tablet_reset_margin=\u00bbno\u00bb]<div id=\"wd-6a7b9acbde864\" class=\" wd-rs-6a7b9acbde864  wd-button-wrapper text-center\"><a href=\"#Agricultura\" title=\"\" class=\"btn btn-color-default btn-style-default btn-style-rectangle btn-size-default\">Agricultura climaticamente inteligente<\/a><\/div>[\/vc_column][vc_column width=\u00bb1\/6&#8243;]<div id=\"wd-6a7b9ad00e803\" class=\" wd-rs-6a7b9ad00e803  wd-button-wrapper text-center\"><a href=\"#Asistencia\" title=\"\" class=\"btn btn-color-default btn-style-default btn-style-rectangle btn-size-default\">Assist\u00eancia T\u00e9cnica<\/a><\/div>[\/vc_column][vc_column width=\u00bb1\/6&#8243;]<div id=\"wd-6a7b9ad39ad10\" class=\" wd-rs-6a7b9ad39ad10  wd-button-wrapper text-center\"><a href=\"#Financiacion\" title=\"\" class=\"btn btn-color-default btn-style-default btn-style-rectangle btn-size-default\">Acesso a financiamento<\/a><\/div>[\/vc_column][vc_column width=\u00bb1\/6&#8243;]<div id=\"wd-6a7b8eaa37576\" class=\" wd-rs-6a7b8eaa37576  wd-button-wrapper text-center\"><a href=\"#Colaboracion\" title=\"\" class=\"btn btn-color-default btn-style-default btn-style-rectangle btn-size-default\">Colabora\u00e7\u00e3o Setorial<\/a><\/div>[\/vc_column][vc_column width=\u00bb1\/6&#8243;]<div id=\"wd-6a7b8eb6389f0\" class=\" wd-rs-6a7b8eb6389f0  wd-button-wrapper text-center\"><a href=\"#Abastecimiento\" title=\"\" class=\"btn btn-color-default btn-style-default btn-style-rectangle btn-size-default\">Abastecimento Sustent\u00e1vel<\/a><\/div>[\/vc_column][vc_column width=\u00bb1\/6&#8243;]<div id=\"wd-6a7b8ec79035f\" class=\" wd-rs-6a7b8ec79035f  wd-button-wrapper text-center\"><a href=\"#Innovacion\" title=\"\" class=\"btn btn-color-default btn-style-default btn-style-rectangle btn-size-default\">Inova\u00e7\u00e3o<\/a><\/div>[\/vc_column][\/vc_row][vc_row gap=\u00bb15&#8243; equal_height=\u00bbyes\u00bb mobile_bg_img_hidden=\u00bbno\u00bb tablet_bg_img_hidden=\u00bbno\u00bb woodmart_parallax=\u00bb0&#8243; woodmart_gradient_switch=\u00bbno\u00bb row_reverse_mobile=\u00bb0&#8243; row_reverse_tablet=\u00bb0&#8243; woodmart_disable_overflow=\u00bb0&#8243; css=\u00bb.vc_custom_1781119735706{background-color: #FFFFFF !important;}\u00bb woodmart_css_id=\u00bb6a29baefde191&#8243; responsive_spacing=\u00bbeyJwYXJhbV90eXBlIjoid29vZG1hcnRfcmVzcG9uc2l2ZV9zcGFjaW5nIiwic2VsZWN0b3JfaWQiOiI2YTI5YmFlZmRlMTkxIiwic2hvcnRjb2RlIjoidmNfcm93IiwiZGF0YSI6eyJ0YWJsZXQiOnt9LCJtb2JpbGUiOnt9fX0=\u00bb woodmart_box_shadow=\u00bbno\u00bb wd_z_index=\u00bbno\u00bb row_title=\u00bbAgricultura\u00bb][vc_column mobile_bg_img_hidden=\u00bbno\u00bb tablet_bg_img_hidden=\u00bbno\u00bb woodmart_parallax=\u00bb0&#8243; woodmart_sticky_column=\u00bbfalse\u00bb parallax_scroll=\u00bbno\u00bb mobile_reset_margin=\u00bbno\u00bb tablet_reset_margin=\u00bbno\u00bb]<div id=\"wd-6a7cd50ecdb32\" class=\" wd-rs-6a7cd50ecdb32  wd-button-wrapper text-center\"><a href=\"https:\/\/www.google.com\/maps\/d\/u\/0\/viewer?mid=1Ivjk4KhQiGxkWbi23KUNTU4aTPKj56U&ll=-4.160629119056828%2C-78.25065580449814&z=2\" title=\"\" target=\"_blank\" class=\"btn btn-color-primary btn-style-bordered btn-style-rectangle btn-size-default\">Conhe\u00e7a todos os nossos projetos<\/a><\/div>[vc_empty_space height=\u00bb100px\u00bb woodmart_hide_large=\u00bb0&#8243; woodmart_hide_medium=\u00bb0&#8243; woodmart_hide_small=\u00bb0&#8243;][vc_text_separator title=\u00bbAgricultura Climaticamente Inteligente\u00bb color=\u00bbcustom\u00bb css=\u00bb\u00bb accent_color=\u00bb#ffc800&#8243; el_id=\u00bbAgricultura\u00bb][vc_empty_space woodmart_hide_large=\u00bb0&#8243; woodmart_hide_medium=\u00bb0&#8243; woodmart_hide_small=\u00bb0&#8243;][\/vc_column][\/vc_row][vc_row gap=\u00bb15&#8243; equal_height=\u00bbyes\u00bb mobile_bg_img_hidden=\u00bbno\u00bb tablet_bg_img_hidden=\u00bbno\u00bb woodmart_parallax=\u00bb0&#8243; woodmart_gradient_switch=\u00bbno\u00bb row_reverse_mobile=\u00bb0&#8243; row_reverse_tablet=\u00bb0&#8243; woodmart_disable_overflow=\u00bb0&#8243; css=\u00bb.vc_custom_1780599225581{background-color: #FFFFFF !important;}\u00bb woodmart_css_id=\u00bb6a21c9ad60674&#8243; responsive_spacing=\u00bbeyJwYXJhbV90eXBlIjoid29vZG1hcnRfcmVzcG9uc2l2ZV9zcGFjaW5nIiwic2VsZWN0b3JfaWQiOiI2YTIxYzlhZDYwNjc0Iiwic2hvcnRjb2RlIjoidmNfcm93IiwiZGF0YSI6eyJ0YWJsZXQiOnt9LCJtb2JpbGUiOnt9fX0=\u00bb woodmart_box_shadow=\u00bbno\u00bb wd_z_index=\u00bbno\u00bb][vc_column width=\u00bb1\/12&#8243; mobile_bg_img_hidden=\u00bbno\u00bb tablet_bg_img_hidden=\u00bbno\u00bb woodmart_parallax=\u00bb0&#8243; woodmart_sticky_column=\u00bbfalse\u00bb parallax_scroll=\u00bbno\u00bb mobile_reset_margin=\u00bbno\u00bb tablet_reset_margin=\u00bbno\u00bb][\/vc_column][vc_column width=\u00bb2\/12&#8243; css=\u00bb.vc_custom_1780599254386{background-color: #F3F3F3 !important;}\u00bb woodmart_css_id=\u00bb6a21c9c5e2efd\u00bb parallax_scroll=\u00bbno\u00bb woodmart_sticky_column=\u00bbfalse\u00bb wd_collapsible_content_switcher=\u00bbno\u00bb wd_column_role_offcanvas_desktop=\u00bbno\u00bb wd_column_role_offcanvas_tablet=\u00bbno\u00bb wd_column_role_offcanvas_mobile=\u00bbno\u00bb wd_column_role_content_desktop=\u00bbno\u00bb wd_column_role_content_tablet=\u00bbno\u00bb wd_column_role_content_mobile=\u00bbno\u00bb mobile_bg_img_hidden=\u00bbno\u00bb tablet_bg_img_hidden=\u00bbno\u00bb woodmart_parallax=\u00bb0&#8243; woodmart_box_shadow=\u00bbno\u00bb responsive_spacing=\u00bbeyJwYXJhbV90eXBlIjoid29vZG1hcnRfcmVzcG9uc2l2ZV9zcGFjaW5nIiwic2VsZWN0b3JfaWQiOiI2YTIxYzljNWUyZWZkIiwic2hvcnRjb2RlIjoidmNfY29sdW1uIiwiZGF0YSI6eyJ0YWJsZXQiOnt9LCJtb2JpbGUiOnt9fX0=\u00bb mobile_reset_margin=\u00bbno\u00bb tablet_reset_margin=\u00bbno\u00bb wd_z_index=\u00bbno\u00bb][vc_single_image image=\u00bb14493&#8243; alignment=\u00bbcenter\u00bb parallax_scroll=\u00bbno\u00bb][\/vc_column][vc_column width=\u00bb8\/12&#8243; css=\u00bb.vc_custom_1780599280398{background-color: #F3F3F3 !important;}\u00bb woodmart_css_id=\u00bb6a21c9e0d5ab7&#8243; parallax_scroll=\u00bbno\u00bb woodmart_sticky_column=\u00bbfalse\u00bb wd_collapsible_content_switcher=\u00bbno\u00bb wd_column_role_offcanvas_desktop=\u00bbno\u00bb wd_column_role_offcanvas_tablet=\u00bbno\u00bb wd_column_role_offcanvas_mobile=\u00bbno\u00bb wd_column_role_content_desktop=\u00bbno\u00bb wd_column_role_content_tablet=\u00bbno\u00bb wd_column_role_content_mobile=\u00bbno\u00bb mobile_bg_img_hidden=\u00bbno\u00bb tablet_bg_img_hidden=\u00bbno\u00bb woodmart_parallax=\u00bb0&#8243; woodmart_box_shadow=\u00bbno\u00bb responsive_spacing=\u00bbeyJwYXJhbV90eXBlIjoid29vZG1hcnRfcmVzcG9uc2l2ZV9zcGFjaW5nIiwic2VsZWN0b3JfaWQiOiI2YTIxYzllMGQ1YWI3Iiwic2hvcnRjb2RlIjoidmNfY29sdW1uIiwiZGF0YSI6eyJ0YWJsZXQiOnt9LCJtb2JpbGUiOnt9fX0=\u00bb mobile_reset_margin=\u00bbno\u00bb tablet_reset_margin=\u00bbno\u00bb wd_z_index=\u00bbno\u00bb]\t\t\t<link rel=\"stylesheet\" id=\"wd-responsive-text-css\" href=\"https:\/\/solidaridadlatam.org\/brasil\/wp-content\/themes\/woodmart\/css\/parts\/el-responsive-text.min.css?ver=7.4.3\" type=\"text\/css\" media=\"all\" \/> \t\t\t\t\t\t<div id=\"wd-6a7cdb42662ee\" class=\"wd-text-block-wrapper wd-wpb wd-rs-6a7cdb42662ee color-scheme- text-center \">\n\t\t\t\t<div class=\"woodmart-title-container woodmart-text-block reset-last-child font-text wd-font-weight- wd-fontsize-l\">\n\t\t\t\t\tA agricultura climaticamente inteligente \u00e9 o nosso principal programa na \u00e1rea de transforma\u00e7\u00e3o sustent\u00e1vel. Implementamos modelos de produ\u00e7\u00e3o rent\u00e1veis que aumentam a resili\u00eancia dos produtores \u00e0s mudan\u00e7as clim\u00e1ticas, capturam carbono e conservam as florestas.\t\t\t\t<\/div>\n\n\t\t\t\t\t\t\t<\/div>\n\t\t[\/vc_column][vc_column width=\u00bb1\/12&#8243;][\/vc_column][\/vc_row][vc_row gap=\u00bb15&#8243; equal_height=\u00bbyes\u00bb mobile_bg_img_hidden=\u00bbno\u00bb tablet_bg_img_hidden=\u00bbno\u00bb woodmart_parallax=\u00bb0&#8243; woodmart_gradient_switch=\u00bbno\u00bb row_reverse_mobile=\u00bb0&#8243; row_reverse_tablet=\u00bb0&#8243; woodmart_disable_overflow=\u00bb0&#8243; css=\u00bb.vc_custom_1781184534871{background-color: #FFFFFF !important;}\u00bb woodmart_css_id=\u00bb6a2ab809504b8&#8243; responsive_spacing=\u00bbeyJwYXJhbV90eXBlIjoid29vZG1hcnRfcmVzcG9uc2l2ZV9zcGFjaW5nIiwic2VsZWN0b3JfaWQiOiI2YTJhYjgwOTUwNGI4Iiwic2hvcnRjb2RlIjoidmNfcm93IiwiZGF0YSI6eyJ0YWJsZXQiOnt9LCJtb2JpbGUiOnt9fX0=\u00bb woodmart_box_shadow=\u00bbno\u00bb wd_z_index=\u00bbno\u00bb][vc_column width=\u00bb1\/12&#8243; mobile_bg_img_hidden=\u00bbno\u00bb tablet_bg_img_hidden=\u00bbno\u00bb woodmart_parallax=\u00bb0&#8243; woodmart_sticky_column=\u00bbfalse\u00bb parallax_scroll=\u00bbno\u00bb mobile_reset_margin=\u00bbno\u00bb tablet_reset_margin=\u00bbno\u00bb][\/vc_column][vc_column width=\u00bb10\/12&#8243;][vc_row_inner css=\u00bb.vc_custom_1780601139820{border-radius: 1px !important;border-color: #FFCC00 !important;}\u00bb woodmart_css_id=\u00bb6a21d0f116e9d\u00bb responsive_spacing=\u00bbeyJwYXJhbV90eXBlIjoid29vZG1hcnRfcmVzcG9uc2l2ZV9zcGFjaW5nIiwic2VsZWN0b3JfaWQiOiI2YTIxZDBmMTE2ZTlkIiwic2hvcnRjb2RlIjoidmNfcm93X2lubmVyIiwiZGF0YSI6eyJ0YWJsZXQiOnt9LCJtb2JpbGUiOnt9fX0=\u00bb mobile_bg_img_hidden=\u00bbno\u00bb tablet_bg_img_hidden=\u00bbno\u00bb woodmart_parallax=\u00bb0&#8243; woodmart_gradient_switch=\u00bbno\u00bb woodmart_box_shadow=\u00bbno\u00bb wd_z_index=\u00bbno\u00bb woodmart_disable_overflow=\u00bb0&#8243; row_reverse_mobile=\u00bb0&#8243; row_reverse_tablet=\u00bb0&#8243;][vc_column_inner width=\u00bb1\/3&#8243;]\t\t\t<link rel=\"stylesheet\" id=\"wd-photoswipe-css\" href=\"https:\/\/solidaridadlatam.org\/brasil\/wp-content\/themes\/woodmart\/css\/parts\/lib-photoswipe.min.css?ver=7.4.3\" type=\"text\/css\" media=\"all\" \/> \t\t\t\t\t\t<link rel=\"stylesheet\" id=\"wd-image-gallery-css\" href=\"https:\/\/solidaridadlatam.org\/brasil\/wp-content\/themes\/woodmart\/css\/parts\/el-gallery.min.css?ver=7.4.3\" type=\"text\/css\" media=\"all\" \/> \t\t\t\t\t<div id=\"gallery_282\" class=\"wd-images-gallery wd-wpb wd-rs-683e2c6e88a74 photoswipe-images\" style=\"--wd-justify-content:center;--wd-align-items:center;\">\n\t\t\t\n\t\t\t<div class=\" wd-grid-g\" style=\"--wd-col-lg:1;--wd-col-md:1;--wd-col-sm:1;--wd-gap-lg:0px;\">\n\t\t\t\t\n\t\t\t\t\t\t\t\t\t\t\t\t\t\t\t<div class=\"wd-gallery-item wd-col\">\n\t\t\t\t\t\t\t\t\t\t\t\t\t\t<a href=\"https:\/\/solidaridadlatam.org\/brasil\/wp-content\/uploads\/2025\/05\/icono-hectareas-climaticamente-inteligentes.jpg\" data-elementor-open-lightbox=\"no\" data-index=\"1\" data-width=\"300\" data-height=\"300\" \n\t\t\t\t\t\t\t\t\t\t\t\t >\n\t\t\t\t\t\t\t\t\n\t\t\t\t\t\t\t\t<img loading=\"lazy\" decoding=\"async\" width=\"300\" height=\"300\" src=\"https:\/\/solidaridadlatam.org\/brasil\/wp-content\/uploads\/2025\/05\/icono-hectareas-climaticamente-inteligentes.jpg\" class=\"wd-gallery-image image-1\" alt=\"\" \/>\n\t\t\t\t\t\t\t\t\t\t\t\t\t\t\t<\/a>\n\t\t\t\t\t\t\t\t\t\t\t\t<\/div>\n\t\t\t\t\t\t\t\t\t\n\t\t\t\t\t\t\t<\/div>\n\n\t\t\t\t\t<\/div>\n\t\t[vc_column_text css=\u00bb\u00bb text_larger=\u00bbno\u00bb woodmart_inline=\u00bbno\u00bb]<\/p>\n<h2 style=\"text-align: center;\"><span style=\"font-weight: 400;\">\u00a0<\/span><b>311.884 <\/b><\/h2>\n<p>[\/vc_column_text]\t\t\t<div id=\"wd-6a7b8f2412aaa\" class=\"wd-text-block-wrapper wd-wpb wd-rs-6a7b8f2412aaa color-scheme- text-center \">\n\t\t\t\t<div class=\"woodmart-title-container woodmart-text-block reset-last-child font-text wd-font-weight- \">\n\t\t\t\t\t<\/p>\n<p style=\"text-align: center;\">Hectares sob agricultura<br \/>\nclimaticamente inteligente<\/p>\n<p>\t\t\t\t<\/div>\n\n\t\t\t\t\t\t\t<\/div>\n\t\t[\/vc_column_inner][vc_column_inner width=\u00bb1\/3&#8243;]\t\t<div id=\"gallery_689\" class=\"wd-images-gallery wd-wpb photoswipe-images\" style=\"--wd-justify-content:center;--wd-align-items:center;\">\n\t\t\t\n\t\t\t<div class=\" wd-grid-g\" style=\"--wd-col-lg:1;--wd-col-md:1;--wd-col-sm:1;--wd-gap-lg:0px;\">\n\t\t\t\t\n\t\t\t\t\t\t\t\t\t\t\t\t\t\t\t<div class=\"wd-gallery-item wd-col\">\n\t\t\t\t\t\t\t\t\t\t\t\t\t\t<a href=\"https:\/\/solidaridadlatam.org\/brasil\/wp-content\/uploads\/2023\/05\/vegetacion-protegida.jpg\" data-elementor-open-lightbox=\"no\" data-index=\"1\" data-width=\"300\" data-height=\"300\" \n\t\t\t\t\t\t\t\t\t\t\t\t >\n\t\t\t\t\t\t\t\t\n\t\t\t\t\t\t\t\t<img loading=\"lazy\" decoding=\"async\" width=\"300\" height=\"300\" src=\"https:\/\/solidaridadlatam.org\/brasil\/wp-content\/uploads\/2023\/05\/vegetacion-protegida.jpg\" class=\"wd-gallery-image image-1\" alt=\"\" \/>\n\t\t\t\t\t\t\t\t\t\t\t\t\t\t\t<\/a>\n\t\t\t\t\t\t\t\t\t\t\t\t<\/div>\n\t\t\t\t\t\t\t\t\t\n\t\t\t\t\t\t\t<\/div>\n\n\t\t\t\t\t<\/div>\n\t\t[vc_column_text css=\u00bb\u00bb text_larger=\u00bbno\u00bb woodmart_inline=\u00bbno\u00bb]<\/p>\n<h2 style=\"text-align: center;\"><b>52.918 <\/b><\/h2>\n<p>[\/vc_column_text]\t\t\t<div id=\"wd-6a7b8f71516fa\" class=\"wd-text-block-wrapper wd-wpb wd-rs-6a7b8f71516fa color-scheme- text-center \">\n\t\t\t\t<div class=\"woodmart-title-container woodmart-text-block reset-last-child font-text wd-font-weight- \">\n\t\t\t\t\t<\/p>\n<p style=\"text-align: center;\">Hectares de vegeta\u00e7\u00e3o nativa conservada<\/p>\n<p>\t\t\t\t<\/div>\n\n\t\t\t\t\t\t\t<\/div>\n\t\t[\/vc_column_inner][vc_column_inner width=\u00bb1\/3&#8243;]\t\t<div id=\"gallery_617\" class=\"wd-images-gallery wd-wpb wd-rs-6a33ed15290c7 photoswipe-images\" style=\"--wd-justify-content:center;--wd-align-items:center;\">\n\t\t\t\n\t\t\t<div class=\" wd-grid-g\" style=\"--wd-col-lg:1;--wd-col-md:1;--wd-col-sm:1;--wd-gap-lg:0px;\">\n\t\t\t\t\n\t\t\t\t\t\t\t\t\t\t\t\t\t\t\t<div class=\"wd-gallery-item wd-col\">\n\t\t\t\t\t\t\t\t\t\t\t\t\t\t<a href=\"https:\/\/solidaridadlatam.org\/brasil\/wp-content\/uploads\/2026\/06\/carbon-reduction.png\" data-elementor-open-lightbox=\"no\" data-index=\"1\" data-width=\"300\" data-height=\"300\" \n\t\t\t\t\t\t\t\t\t\t\t\t >\n\t\t\t\t\t\t\t\t\n\t\t\t\t\t\t\t\t<img loading=\"lazy\" decoding=\"async\" width=\"300\" height=\"300\" src=\"https:\/\/solidaridadlatam.org\/brasil\/wp-content\/uploads\/2026\/06\/carbon-reduction.png\" class=\"wd-gallery-image image-1\" alt=\"\" \/>\n\t\t\t\t\t\t\t\t\t\t\t\t\t\t\t<\/a>\n\t\t\t\t\t\t\t\t\t\t\t\t<\/div>\n\t\t\t\t\t\t\t\t\t\n\t\t\t\t\t\t\t<\/div>\n\n\t\t\t\t\t<\/div>\n\t\t[vc_column_text css=\u00bb\u00bb text_larger=\u00bbno\u00bb woodmart_inline=\u00bbno\u00bb]<\/p>\n<h2 style=\"text-align: center;\"><strong>\u00a0590 <\/strong><b>tCO2e<\/b><\/h2>\n<p>[\/vc_column_text]\t\t\t<div id=\"wd-6a7b8f998ace1\" class=\"wd-text-block-wrapper wd-wpb wd-rs-6a7b8f998ace1 color-scheme- text-center \">\n\t\t\t\t<div class=\"woodmart-title-container woodmart-text-block reset-last-child font-text wd-font-weight- \">\n\t\t\t\t\t<\/p>\n<p style=\"text-align: center;\">Toneladas de CO2 equivalente mitigadas<\/p>\n<p>\t\t\t\t<\/div>\n\n\t\t\t\t\t\t\t<\/div>\n\t\t[\/vc_column_inner][\/vc_row_inner][vc_empty_space woodmart_hide_large=\u00bb0&#8243; woodmart_hide_medium=\u00bb0&#8243; woodmart_hide_small=\u00bb0&#8243;][\/vc_column][vc_column width=\u00bb1\/12&#8243;][\/vc_column][\/vc_row][vc_row][vc_column width=\u00bb1\/12&#8243;][\/vc_column][vc_column width=\u00bb10\/12&#8243;][vc_tta_tabs color=\u00bbwhite\u00bb alignment=\u00bbcenter\u00bb active_section=\u00bb1&#8243;][vc_tta_section title=\u00bbA pecu\u00e1ria regenerativa transforma a paisagem no Gran Chaco\u00bb tab_id=\u00bb1781029635937-c877b16a-71ee\u00bb][vc_row_inner][vc_column_inner width=\u00bb2\/3&#8243;][vc_column_text css=\u00bb.vc_custom_1786482827963{margin-top: 0px !important;margin-right: 0px !important;margin-bottom: 0px !important;margin-left: 0px !important;padding-top: 20px !important;padding-right: 10px !important;padding-bottom: 20px !important;padding-left: 10px !important;}\u00bb text_larger=\u00bbno\u00bb el_class=\u00bbbodytext\u00bb woodmart_inline=\u00bbno\u00bb]Uma conquista fundamental neste ano foi demonstrar a viabilidade do manejo pecu\u00e1rio regenerativo no bioma do Chaco. Nossos modelos geraram retornos ambientais e econ\u00f4micos em uma paisagem marcada pela eros\u00e3o do solo, por n\u00edveis criticamente baixos de carbono org\u00e2nico e por uma grave escassez sazonal de \u00e1gua. Esse resultado mostra que, mesmo em ambientes degradados, as pr\u00e1ticas regenerativas podem restaurar a sa\u00fade do solo sem comprometer a rentabilidade comercial.<\/p>\n<p>Em 2025, <strong>289 produtores receberam apoio por meio desse modelo, alcan\u00e7ando mais de 137.000 hectares em diferentes n\u00edveis de regenera\u00e7\u00e3o.<\/strong> <strong>As amostras coletadas indicam um aumento de 100% na mat\u00e9ria seca do solo, o que pode proporcionar 300 kg adicionais de forragem por hectare e capturar um total de 2,6 tCO2e por hectare ao ano.<\/strong> Essas mudan\u00e7as, somadas \u00e0 redu\u00e7\u00e3o do uso de agroqu\u00edmicos, tamb\u00e9m beneficiaram a biodiversidade. Por exemplo, os besouros rola-bosta (atatanca) voltaram \u00e0 \u00e1rea de interven\u00e7\u00e3o, acelerando a decomposi\u00e7\u00e3o do esterco e reduzindo a incid\u00eancia de doen\u00e7as no rebanho. Al\u00e9m disso, foram avistadas 11 esp\u00e9cies de mam\u00edferos nativos e 79 esp\u00e9cies de aves nas \u00e1reas-piloto, entre elas o amea\u00e7ado tamandu\u00e1-bandeira e o pecari-do-chaco.<\/p>\n<p>A otimiza\u00e7\u00e3o das \u00e1reas de pastagem e a garantia de acesso \u00e0 \u00e1gua durante todo o ano tamb\u00e9m reduziram significativamente a energia gasta pelo rebanho na busca por locais para beber. Essa melhoria no bem-estar animal levou a um aumento de 18% na taxa de prenhez e de 30% na taxa de desmame. Trata-se de um bom indicador de efici\u00eancia, pois as vacas ficam novamente dispon\u00edveis para reprodu\u00e7\u00e3o.<strong> Al\u00e9m disso, embora 64% de produtores e produtoras locais tenham acesso apenas a mercados informais, nosso projeto-piloto permitiu que um primeiro grupo de produtores se formalizasse e vendesse seus animais no mercado formal, alcan\u00e7ando pre\u00e7os tr\u00eas vezes maiores.<\/strong> A formaliza\u00e7\u00e3o tamb\u00e9m possibilita o acesso a coberturas essenciais de sa\u00fade e a elegibilidade para apoio financeiro.[\/vc_column_text][\/vc_column_inner][vc_column_inner width=\u00bb1\/3&#8243;][vc_video link=\u00bbhttps:\/\/youtube.com\/shorts\/gTBBb8TyLNU?feature=share\u00bb el_aspect=\u00bb916&#8243; align=\u00bbcenter\u00bb css=\u00bb\u00bb woodmart_css_id=\u00bb6a1f35c6b4da4&#8243; image_poster_switch=\u00bbno\u00bb][vc_column_text css=\u00bb\u00bb woodmart_inline=\u00bbno\u00bb text_larger=\u00bbno\u00bb]<span style=\"font-weight: 400;\"><strong>Voc\u00ea sabia?<\/strong> Tamb\u00e9m desenvolvemos iniciativas de pecu\u00e1ria regenerativa com abordagem de paisagem no Chaco paraguaio, em parceria com a <em>Funda\u00e7\u00e3o Walmart<\/em>, e na Amaz\u00f4nia brasileira, em sistemas integrados com cacau, junto ao <em>Fundo JBS pela Amaz\u00f4nia<\/em> e \u00e0 <em>Elanco Foundation<\/em>.<\/span>[\/vc_column_text][\/vc_column_inner][\/vc_row_inner][\/vc_tta_section][vc_tta_section title=\u00bbCaf\u00e9 regenerativo e de baixas emiss\u00f5es\u00bb tab_id=\u00bb1781029636334-f3b5de5a-5c06&#8243;][vc_row_inner][vc_column_inner][vc_column_text css=\u00bb\u00bb woodmart_inline=\u00bbno\u00bb text_larger=\u00bbno\u00bb]O programa de caf\u00e9 climaticamente inteligente remonta a 2014, quando foram realizados os primeiros projetos-piloto com o apoio da <em>Iniciativa Internacional da Noruega para o Clima e as Florestas (NICFI)<\/em>. Trata-se de um modelo integrado baseado no desenvolvimento de sistemas agroflorestais para reduzir o estresse t\u00e9rmico nas plantas de caf\u00e9, proteger os solos contra a eros\u00e3o e aumentar a resili\u00eancia \u00e0 prolifera\u00e7\u00e3o de pragas. Hoje, o programa est\u00e1 consolidado na <strong>Col\u00f4mbia<\/strong>, na <strong>Am\u00e9rica<\/strong> <strong>Central<\/strong>, no <strong>M\u00e9xico<\/strong> e no <strong>Peru<\/strong>, em parceria com <em>Nestl\u00e9, Louis Dreyfus Company (LDC), Matthew Algie, Becamo, Volcaf\u00e9, Starbucks, ECOM, RGC<\/em> e diversas cooperativas locais.<\/p>\n<p>No M\u00e9xico, em 2025, o Projeto-Piloto de Caf\u00e9 Resiliente e Regenerativo com a Nestl\u00e9 concluiu seu terceiro ano, levando assist\u00eancia t\u00e9cnica a <strong>2.359 produtores e produtoras<\/strong>. Segundo a ferramenta de avalia\u00e7\u00e3o de propriedades da empresa, <strong>70% dos cafeicultores alcan\u00e7aram pelo menos o n\u00edvel \u201cavan\u00e7ado\u201d em agricultura regenerativa<\/strong>. Al\u00e9m disso, essas pr\u00e1ticas produziram impactos altamente positivos: em Oaxaca, <strong>a produtividade aumentou imediatamente 34% em apenas um ano<\/strong>, enquanto os agricultores que participam do programa h\u00e1 tr\u00eas anos em Guerrero apresentam <strong>produtividade 55% superior<\/strong> \u00e0 dos que n\u00e3o fazem parte da iniciativa.<\/p>\n<p>No M\u00e9xico, em 2025, o Projeto-Piloto de Caf\u00e9 Resiliente e Regenerativo com a Nestl\u00e9 concluiu seu terceiro ano, levando assist\u00eancia t\u00e9cnica a <strong>2.359 produtores e produtoras<\/strong>. Segundo a ferramenta de avalia\u00e7\u00e3o de propriedades da empresa, <strong>70% dos cafeicultores alcan\u00e7aram pelo menos o n\u00edvel \u201cavan\u00e7ado\u201d em agricultura regenerativa<\/strong>. Al\u00e9m disso, essas pr\u00e1ticas produziram impactos altamente positivos: em Oaxaca, <strong>a produtividade aumentou imediatamente 34% em apenas um ano<\/strong>, enquanto os agricultores que participam do programa h\u00e1 tr\u00eas anos em Guerrero apresentam <strong>produtividade 55% superior<\/strong> \u00e0 dos que n\u00e3o fazem parte da iniciativa.[\/vc_column_text][vc_video link=\u00bbhttps:\/\/www.youtube.com\/watch?v=Plhc1FkfdRE\u00bb align=\u00bbcenter\u00bb woodmart_css_id=\u00bb6a2ad1ac7d5cd\u00bb image_poster_switch=\u00bbno\u00bb][\/vc_column_inner][\/vc_row_inner][\/vc_tta_section][\/vc_tta_tabs][\/vc_column][vc_column width=\u00bb1\/12&#8243;][\/vc_column][\/vc_row][vc_row equal_height=\u00bbyes\u00bb mobile_bg_img_hidden=\u00bbno\u00bb tablet_bg_img_hidden=\u00bbno\u00bb woodmart_parallax=\u00bb0&#8243; woodmart_gradient_switch=\u00bbno\u00bb row_reverse_mobile=\u00bb0&#8243; row_reverse_tablet=\u00bb0&#8243; woodmart_disable_overflow=\u00bb0&#8243; row_title=\u00bbAsistencia\u00bb woodmart_css_id=\u00bb6a29bb7c4631e\u00bb responsive_spacing=\u00bbeyJwYXJhbV90eXBlIjoid29vZG1hcnRfcmVzcG9uc2l2ZV9zcGFjaW5nIiwic2VsZWN0b3JfaWQiOiI2YTI5YmI3YzQ2MzFlIiwic2hvcnRjb2RlIjoidmNfcm93IiwiZGF0YSI6eyJ0YWJsZXQiOnt9LCJtb2JpbGUiOnt9fX0=\u00bb woodmart_box_shadow=\u00bbno\u00bb wd_z_index=\u00bbno\u00bb][vc_column][vc_empty_space height=\u00bb100px\u00bb woodmart_hide_large=\u00bb0&#8243; woodmart_hide_medium=\u00bb0&#8243; woodmart_hide_small=\u00bb0&#8243; el_id=\u00bbAsistencia\u00bb][vc_text_separator title=\u00bbAssist\u00eancia T\u00e9cnica\u00bb color=\u00bbcustom\u00bb css=\u00bb\u00bb accent_color=\u00bb#ffc800&#8243;][vc_empty_space woodmart_hide_large=\u00bb0&#8243; woodmart_hide_medium=\u00bb0&#8243; woodmart_hide_small=\u00bb0&#8243;][vc_row_inner equal_height=\u00bbyes\u00bb woodmart_css_id=\u00bb6a2852ba97db1&#8243; responsive_spacing=\u00bbeyJwYXJhbV90eXBlIjoid29vZG1hcnRfcmVzcG9uc2l2ZV9zcGFjaW5nIiwic2VsZWN0b3JfaWQiOiI2YTI4NTJiYTk3ZGIxIiwic2hvcnRjb2RlIjoidmNfcm93X2lubmVyIiwiZGF0YSI6eyJ0YWJsZXQiOnt9LCJtb2JpbGUiOnt9fX0=\u00bb mobile_bg_img_hidden=\u00bbno\u00bb tablet_bg_img_hidden=\u00bbno\u00bb woodmart_parallax=\u00bb0&#8243; woodmart_gradient_switch=\u00bbno\u00bb woodmart_box_shadow=\u00bbno\u00bb wd_z_index=\u00bbno\u00bb woodmart_disable_overflow=\u00bb0&#8243; row_reverse_mobile=\u00bb0&#8243; row_reverse_tablet=\u00bb0&#8243;][vc_column_inner width=\u00bb1\/12&#8243;][\/vc_column_inner][vc_column_inner width=\u00bb2\/12&#8243; css=\u00bb.vc_custom_1781017210153{background-color: #F3F3F3 !important;}\u00bb woodmart_css_id=\u00bb6a282a6cf320f\u00bb parallax_scroll=\u00bbno\u00bb woodmart_sticky_column=\u00bbfalse\u00bb wd_collapsible_content_switcher=\u00bbno\u00bb wd_column_role_offcanvas_desktop=\u00bbno\u00bb wd_column_role_offcanvas_tablet=\u00bbno\u00bb wd_column_role_offcanvas_mobile=\u00bbno\u00bb wd_column_role_content_desktop=\u00bbno\u00bb wd_column_role_content_tablet=\u00bbno\u00bb wd_column_role_content_mobile=\u00bbno\u00bb mobile_bg_img_hidden=\u00bbno\u00bb tablet_bg_img_hidden=\u00bbno\u00bb woodmart_parallax=\u00bb0&#8243; woodmart_box_shadow=\u00bbno\u00bb responsive_spacing=\u00bbeyJwYXJhbV90eXBlIjoid29vZG1hcnRfcmVzcG9uc2l2ZV9zcGFjaW5nIiwic2VsZWN0b3JfaWQiOiI2YTI4MmE2Y2YzMjBmIiwic2hvcnRjb2RlIjoidmNfY29sdW1uX2lubmVyIiwiZGF0YSI6eyJ0YWJsZXQiOnt9LCJtb2JpbGUiOnt9fX0=\u00bb wd_z_index=\u00bbno\u00bb][vc_single_image image=\u00bb14494&#8243; img_size=\u00bbmedium\u00bb alignment=\u00bbcenter\u00bb parallax_scroll=\u00bbno\u00bb][\/vc_column_inner][vc_column_inner width=\u00bb8\/12&#8243; css=\u00bb.vc_custom_1781017734085{background-color: #F3F3F3 !important;}\u00bb woodmart_css_id=\u00bb6a282c735d152&#8243; parallax_scroll=\u00bbno\u00bb woodmart_sticky_column=\u00bbfalse\u00bb wd_collapsible_content_switcher=\u00bbno\u00bb wd_column_role_offcanvas_desktop=\u00bbno\u00bb wd_column_role_offcanvas_tablet=\u00bbno\u00bb wd_column_role_offcanvas_mobile=\u00bbno\u00bb wd_column_role_content_desktop=\u00bbno\u00bb wd_column_role_content_tablet=\u00bbno\u00bb wd_column_role_content_mobile=\u00bbno\u00bb mobile_bg_img_hidden=\u00bbno\u00bb tablet_bg_img_hidden=\u00bbno\u00bb woodmart_parallax=\u00bb0&#8243; woodmart_box_shadow=\u00bbno\u00bb responsive_spacing=\u00bbeyJwYXJhbV90eXBlIjoid29vZG1hcnRfcmVzcG9uc2l2ZV9zcGFjaW5nIiwic2VsZWN0b3JfaWQiOiI2YTI4MmM3MzVkMTUyIiwic2hvcnRjb2RlIjoidmNfY29sdW1uX2lubmVyIiwiZGF0YSI6eyJ0YWJsZXQiOnt9LCJtb2JpbGUiOnt9fX0=\u00bb wd_z_index=\u00bbno\u00bb]\t\t\t<div id=\"wd-6a7b924baacfd\" class=\"wd-text-block-wrapper wd-wpb wd-rs-6a7b924baacfd color-scheme- text-center \">\n\t\t\t\t<div class=\"woodmart-title-container woodmart-text-block reset-last-child font-text wd-font-weight- wd-fontsize-l\">\n\t\t\t\t\tA <strong>Solidaridad<\/strong> oferece assist\u00eancia t\u00e9cnica com o apoio de ferramentas de aprendizagem remota e monitoramento digital adaptadas \u00e0s necessidades e aos recursos de cada territ\u00f3rio. Nossa prioridade \u00e9 fortalecer a governan\u00e7a e a capacidade das equipes t\u00e9cnicas locais, p\u00fablicas ou privadas, para garantir a continuidade dos servi\u00e7os de apoio \u00e0 sustentabilidade ap\u00f3s o encerramento dos ciclos dos projetos. Em contextos com escassez de prestadores de servi\u00e7os, os colaboradores da <strong>Solidaridad<\/strong> prestam assist\u00eancia t\u00e9cnica diretamente aos produtores, formando equipes de extens\u00e3o e agentes locais.\t\t\t\t<\/div>\n\n\t\t\t\t\t\t\t<\/div>\n\t\t[\/vc_column_inner][vc_column_inner width=\u00bb1\/12&#8243;][\/vc_column_inner][\/vc_row_inner][vc_empty_space woodmart_hide_large=\u00bb0&#8243; woodmart_hide_medium=\u00bb0&#8243; woodmart_hide_small=\u00bb0&#8243;][\/vc_column][\/vc_row][vc_row][vc_column width=\u00bb1\/12&#8243;][\/vc_column][vc_column width=\u00bb10\/12&#8243;][vc_row_inner][vc_column_inner width=\u00bb1\/2&#8243;]\t\t<div id=\"gallery_953\" class=\"wd-images-gallery wd-wpb wd-rs-683e38957e90a photoswipe-images\" style=\"--wd-justify-content:center;--wd-align-items:center;\">\n\t\t\t\n\t\t\t<div class=\" wd-grid-g\" style=\"--wd-col-lg:1;--wd-col-md:1;--wd-col-sm:1;--wd-gap-lg:0px;\">\n\t\t\t\t\n\t\t\t\t\t\t\t\t\t\t\t\t\t\t\t<div class=\"wd-gallery-item wd-col\">\n\t\t\t\t\t\t\t\t\t\t\t\t\t\t<a href=\"https:\/\/solidaridadlatam.org\/brasil\/wp-content\/uploads\/2025\/05\/icono-productores-con-mejores-servicios.jpg\" data-elementor-open-lightbox=\"no\" data-index=\"1\" data-width=\"300\" data-height=\"300\" \n\t\t\t\t\t\t\t\t\t\t\t\t >\n\t\t\t\t\t\t\t\t\n\t\t\t\t\t\t\t\t<img loading=\"lazy\" decoding=\"async\" width=\"300\" height=\"300\" src=\"https:\/\/solidaridadlatam.org\/brasil\/wp-content\/uploads\/2025\/05\/icono-productores-con-mejores-servicios.jpg\" class=\"wd-gallery-image image-1\" alt=\"\" \/>\n\t\t\t\t\t\t\t\t\t\t\t\t\t\t\t<\/a>\n\t\t\t\t\t\t\t\t\t\t\t\t<\/div>\n\t\t\t\t\t\t\t\t\t\n\t\t\t\t\t\t\t<\/div>\n\n\t\t\t\t\t<\/div>\n\t\t[vc_empty_space woodmart_hide_large=\u00bb0&#8243; woodmart_hide_medium=\u00bb0&#8243; woodmart_hide_small=\u00bb0&#8243;][vc_column_text css=\u00bb\u00bb text_larger=\u00bbno\u00bb woodmart_inline=\u00bbno\u00bb]<\/p>\n<h2 style=\"text-align: center;\"><b>93.787<\/b><\/h2>\n<p>[\/vc_column_text]\t\t\t<div id=\"wd-6a7b927341bf9\" class=\"wd-text-block-wrapper wd-wpb wd-rs-6a7b927341bf9 color-scheme- text-center \">\n\t\t\t\t<div class=\"woodmart-title-container woodmart-text-block reset-last-child font-text wd-font-weight- \">\n\t\t\t\t\t<\/p>\n<p style=\"text-align: center;\">Produtores com acceso a servi\u00e7os novos ou aprimorados<\/p>\n<p>\t\t\t\t<\/div>\n\n\t\t\t\t\t\t\t<\/div>\n\t\t[\/vc_column_inner][vc_column_inner width=\u00bb1\/2&#8243;]\t\t<div id=\"gallery_617\" class=\"wd-images-gallery wd-wpb photoswipe-images\" style=\"--wd-justify-content:center;--wd-align-items:center;\">\n\t\t\t\n\t\t\t<div class=\" wd-grid-g\" style=\"--wd-col-lg:1;--wd-col-md:1;--wd-col-sm:1;--wd-gap-lg:0px;\">\n\t\t\t\t\n\t\t\t\t\t\t\t\t\t\t\t\t\t\t\t<div class=\"wd-gallery-item wd-col\">\n\t\t\t\t\t\t\t\t\t\t\t\t\t\t<a href=\"https:\/\/solidaridadlatam.org\/brasil\/wp-content\/uploads\/2022\/05\/resultados-capacitaciones.jpg\" data-elementor-open-lightbox=\"no\" data-index=\"1\" data-width=\"300\" data-height=\"300\" \n\t\t\t\t\t\t\t\t\t\t\t\t >\n\t\t\t\t\t\t\t\t\n\t\t\t\t\t\t\t\t<img loading=\"lazy\" decoding=\"async\" width=\"300\" height=\"300\" src=\"https:\/\/solidaridadlatam.org\/brasil\/wp-content\/uploads\/2022\/05\/resultados-capacitaciones.jpg\" class=\"wd-gallery-image image-1\" alt=\"\" \/>\n\t\t\t\t\t\t\t\t\t\t\t\t\t\t\t<\/a>\n\t\t\t\t\t\t\t\t\t\t\t\t<\/div>\n\t\t\t\t\t\t\t\t\t\n\t\t\t\t\t\t\t<\/div>\n\n\t\t\t\t\t<\/div>\n\t\t[vc_empty_space woodmart_hide_large=\u00bb0&#8243; woodmart_hide_medium=\u00bb0&#8243; woodmart_hide_small=\u00bb0&#8243;][vc_column_text css=\u00bb\u00bb text_larger=\u00bbno\u00bb woodmart_inline=\u00bbno\u00bb]<\/p>\n<h2 style=\"text-align: center;\"><b>4.757<\/b><\/h2>\n<p>[\/vc_column_text]\t\t\t<div id=\"wd-6a7b948178fb8\" class=\"wd-text-block-wrapper wd-wpb wd-rs-6a7b948178fb8 color-scheme- text-center \">\n\t\t\t\t<div class=\"woodmart-title-container woodmart-text-block reset-last-child font-text wd-font-weight- \">\n\t\t\t\t\t<\/p>\n<p style=\"text-align: center;\">Trabalhadores com melhores condi\u00e7\u00f5es de trabalho<\/p>\n<p>\t\t\t\t<\/div>\n\n\t\t\t\t\t\t\t<\/div>\n\t\t[\/vc_column_inner][\/vc_row_inner][vc_empty_space woodmart_hide_large=\u00bb0&#8243; woodmart_hide_medium=\u00bb0&#8243; woodmart_hide_small=\u00bb0&#8243;][\/vc_column][vc_column width=\u00bb1\/12&#8243;][\/vc_column][\/vc_row][vc_row][vc_column width=\u00bb1\/12&#8243;][\/vc_column][vc_column width=\u00bb10\/12&#8243;][vc_tta_tabs color=\u00bbwhite\u00bb alignment=\u00bbcenter\u00bb active_section=\u00bb1&#8243;][vc_tta_section title=\u00bbServi\u00e7os vi\u00e1veis para o trabalho decente\u00bb tab_id=\u00bb1781028901810-8b9884e2-6f2b\u00bb][vc_row_inner][vc_column_inner][vc_column_text css=\u00bb\u00bb woodmart_inline=\u00bbno\u00bb text_larger=\u00bbno\u00bb]Uma iniciativa no setor aur\u00edfero peruano est\u00e1 demonstrando que a integra\u00e7\u00e3o da Minera\u00e7\u00e3o Artesanal e de Pequena Escala (MAPE) \u00e0s cadeias formais de abastecimento \u00e9 estruturalmente transformadora e comercialmente vi\u00e1vel. Embora a MAPE represente quase 45% da produ\u00e7\u00e3o total de ouro do Peru, a grande maioria de sua for\u00e7a de trabalho atua em um limbo jur\u00eddico. Para solucionar os frequentes conflitos entre mineradores formais e informais que operam na mesma jazida, a <em>Minera Orex<\/em> e a <strong>Solidaridad<\/strong> desenvolveram um modelo eficiente de coexist\u00eancia, baseado na colabora\u00e7\u00e3o e em benef\u00edcios m\u00fatuos. Como empresa \u00e2ncora, a Minera Orex facilita a formaliza\u00e7\u00e3o dos mineradores da MAPE que atuam em suas concess\u00f5es, enquanto esses mineradores vendem sua mat\u00e9ria-prima \u00e0 empresa, que hoje responde por 20% do min\u00e9rio processado.<\/p>\n<p>Em 2025, as duas institui\u00e7\u00f5es lan\u00e7aram um seguro sob medida para os mineradores, desenvolvido em parceria com a corretora <em>MN & Asociados<\/em>. Diante da complexidade das opera\u00e7\u00f5es de resgate e do impacto financeiro dos acidentes, o seguro oferece uma rede de prote\u00e7\u00e3o essencial. Para viabiliz\u00e1-lo, a Minera Orex aprimorou seus protocolos de seguran\u00e7a e realizou uma campanha de preven\u00e7\u00e3o, reduzindo o risco para as seguradoras e mantendo o <strong>pr\u00eamio acess\u00edvel<\/strong>, <strong>em US$ 15 por m\u00eas<\/strong>. Al\u00e9m disso, a empresa \u00e2ncora desconta o valor do pr\u00eamio diretamente dos pagamentos pelo min\u00e9rio. <strong>O produto alcan\u00e7ou cobertura de 100% em toda a concess\u00e3o, protegendo mais de 400 trabalhadores em 45 minas artesanais<\/strong>.[\/vc_column_text][vc_video link=\u00bbhttps:\/\/youtu.be\/PxOUfrpc85A?si=MkHcBZFdtn_TZCAS\u00bb css=\u00bb\u00bb woodmart_css_id=\u00bb6a21b9346335d\u00bb image_poster_switch=\u00bbno\u00bb][\/vc_column_inner][\/vc_row_inner][\/vc_tta_section][vc_tta_section title=\u00bbDue diligence trabalhista\u00bb tab_id=\u00bb1746665631492-bfd3fb22-8d90&#8243;][vc_row_inner][vc_column_inner width=\u00bb2\/3&#8243;][vc_column_text css=\u00bb\u00bb woodmart_inline=\u00bbno\u00bb text_larger=\u00bbno\u00bb]Parte da <em>due diligence<\/em> empresarial consiste em verificar se fornecedores e prestadores de servi\u00e7os garantem condi\u00e7\u00f5es dignas de trabalho. Nesse sentido, em 2025, o setor de palma de \u00f3leo recebeu apoio para fortalecer a <strong>regulariza\u00e7\u00e3o de contratos e a implementa\u00e7\u00e3o de sistemas de seguran\u00e7a e sa\u00fade ocupacional<\/strong> nos n\u00facleos de produtores que abastecem grandes compradores. Na <strong>Col\u00f4mbia<\/strong>, em parceria com <em>BASF, Puratos <\/em>e<em> Cargill<\/em>, mais de <strong>800 trabalhadores foram formalizados<\/strong> ao fim de tr\u00eas anos, e foram implementados sistemas de gest\u00e3o de seguran\u00e7a e sa\u00fade no trabalho. Isso permite que as fam\u00edlias tenham acesso \u00e0 seguridade social, a oportunidades de capacita\u00e7\u00e3o e a uma renda mais est\u00e1vel. No <strong>M\u00e9xico<\/strong>, em parceria com a <em>AAK<\/em>, 264 pequenos produtores e 23 t\u00e9cnicos de usinas extratoras receberam capacita\u00e7\u00e3o em sa\u00fade e seguran\u00e7a ocupacional, complementada pela entrega de equipamentos de prote\u00e7\u00e3o individual e kits de primeiros socorros. Em <strong>Honduras<\/strong>, os esfor\u00e7os se concentraram na avalia\u00e7\u00e3o dos padr\u00f5es de trabalho decente junto a 125 colaboradores do <em>Grupo Jaremar<\/em>.<\/p>\n<p>No <strong>Brasil<\/strong>, no \u00e2mbito da <em>Iniciativa de Trabalho Decente<\/em> do setor <strong>sucroenerg\u00e9tico<\/strong>, apoiamos a due diligence em direitos humanos por meio da avalia\u00e7\u00e3o e do monitoramento do fechamento de lacunas de formaliza\u00e7\u00e3o entre 30 intermedi\u00e1rios que fornecem m\u00e3o de obra rural a produtores e produtoras de cana-de-a\u00e7\u00facar. Como resultado, <strong>951 trabalhadores foram beneficiados<\/strong>, dos quais <strong>664 tiveram seus direitos trabalhistas assegurados<\/strong> por meio de auditorias, e os produtores passaram a ter acesso a fornecedores respons\u00e1veis. Na cadeia da <strong>laranja<\/strong>, o programa \u201cFruto Resiliente\u201d <strong>melhorou as condi\u00e7\u00f5es de 3.519 trabalhadores tempor\u00e1rios e de propriedades rurais<\/strong> ao regularizar os processos de contrata\u00e7\u00e3o e incorporar pr\u00e1ticas de sa\u00fade e seguran\u00e7a. Por fim, na produ\u00e7\u00e3o de <strong>erva-mate<\/strong>, o projeto <em>Aliados pelo Campo<\/em>, realizado com a <em>Coca-Cola Brasil<\/em> e a <em>Le\u00e3o Alimentos e Bebidas<\/em>, fez com que <strong>91% das propriedades participantes adotassem medidas de mitiga\u00e7\u00e3o de riscos ocupacionais<\/strong>, garantindo boas pr\u00e1ticas de contrata\u00e7\u00e3o e rela\u00e7\u00f5es de trabalho justas, de acordo com os princ\u00edpios do trabalho decente.[\/vc_column_text][\/vc_column_inner][vc_column_inner width=\u00bb1\/3&#8243;][vc_video link=\u00bbhttps:\/\/youtube.com\/shorts\/_JreRLPRaps?si=Vb7Luii6UZQ79FoU\u00bb el_aspect=\u00bb916&#8243; css=\u00bb\u00bb woodmart_css_id=\u00bb6a21ba67072ef\u00bb image_poster_switch=\u00bbno\u00bb][\/vc_column_inner][\/vc_row_inner][\/vc_tta_section][vc_tta_section title=\u00bbAlian\u00e7a global com a Cargill\u00bb tab_id=\u00bb1746500800631-30ffb1c5-4e66&#8243;][vc_row_inner][vc_column_inner width=\u00bb1\/3&#8243;][vc_video link=\u00bbhttps:\/\/www.youtube.com\/shorts\/SOGBCECjuM4&#8243; el_aspect=\u00bb916&#8243; align=\u00bbcenter\u00bb css=\u00bb\u00bb woodmart_css_id=\u00bb6a21be2ba0a74&#8243; image_poster_switch=\u00bbno\u00bb][\/vc_column_inner][vc_column_inner width=\u00bb2\/3&#8243;][vc_column_text css=\u00bb\u00bb woodmart_inline=\u00bbno\u00bb text_larger=\u00bbno\u00bb]Em 2025, a alian\u00e7a global com a <em>Cargill<\/em> impulsionou a ado\u00e7\u00e3o de pr\u00e1ticas sustent\u00e1veis por meio da combina\u00e7\u00e3o de assist\u00eancia em campo e plataformas digitais. Na <strong>Col\u00f4mbia<\/strong>, o acompanhamento t\u00e9cnico ajudou <strong>363 produtores<\/strong> de palma a elevar seu <strong>\u00cdndice de Sustentabilidade (IDS) de 51% para 58%<\/strong>. O avan\u00e7o foi complementado pela <strong>capacita\u00e7\u00e3o de 1.493 pessoas<\/strong> por meio do <em>AgroLearning<\/em>. No <strong>Paraguai<\/strong>, 58 produtores e produtoras de soja receberam apoio para atender ao <em>Programa 3S &#8211; Produ\u00e7\u00e3o Respons\u00e1vel Verificada<\/em> por meio de um modelo t\u00e9cnico estruturado, permitindo a gest\u00e3o de quase <strong>60.000 hectares segundo crit\u00e9rios de sustentabilidade<\/strong>. Al\u00e9m disso, modelos h\u00edbridos viabilizaram a capacita\u00e7\u00e3o de mais de 254 participantes em temas agr\u00edcolas, financeiros e trabalhistas. Na <strong>Bol\u00edvia<\/strong>, a estrat\u00e9gia concentrou-se na forma\u00e7\u00e3o de 16 t\u00e9cnicos de associa\u00e7\u00f5es locais e na capacita\u00e7\u00e3o de 318 produtores, al\u00e9m de 112 agricultores certificados remotamente pelos cursos do AgroLearning.[\/vc_column_text][\/vc_column_inner][\/vc_row_inner][\/vc_tta_section][\/vc_tta_tabs][\/vc_column][vc_column width=\u00bb1\/12&#8243;][\/vc_column][\/vc_row][vc_row row_title=\u00bbFinanciaci\u00f3n\u00bb woodmart_css_id=\u00bb6a29b92a84342&#8243; responsive_spacing=\u00bbeyJwYXJhbV90eXBlIjoid29vZG1hcnRfcmVzcG9uc2l2ZV9zcGFjaW5nIiwic2VsZWN0b3JfaWQiOiI2YTI5YjkyYTg0MzQyIiwic2hvcnRjb2RlIjoidmNfcm93IiwiZGF0YSI6eyJ0YWJsZXQiOnt9LCJtb2JpbGUiOnt9fX0=\u00bb mobile_bg_img_hidden=\u00bbno\u00bb tablet_bg_img_hidden=\u00bbno\u00bb woodmart_parallax=\u00bb0&#8243; woodmart_gradient_switch=\u00bbno\u00bb woodmart_box_shadow=\u00bbno\u00bb wd_z_index=\u00bbno\u00bb woodmart_disable_overflow=\u00bb0&#8243; row_reverse_mobile=\u00bb0&#8243; row_reverse_tablet=\u00bb0&#8243;][vc_column]<div id=\"wd-6a7cd606987ea\" class=\" wd-rs-6a7cd606987ea  wd-button-wrapper text-center\"><a href=\"https:\/\/www.google.com\/maps\/d\/u\/0\/viewer?mid=1moqMo2XfeysiVjLRAZf9oamqlynrsgk&ll=-24.838843599999997%2C-65.43538530000001&z=8\" title=\"\" target=\"_blank\" class=\"btn btn-color-primary btn-style-bordered btn-style-rectangle btn-size-default\">Conhe\u00e7a nossos projetos com foco em assist\u00eancia t\u00e9cnica<\/a><\/div>[vc_empty_space height=\u00bb100px\u00bb woodmart_hide_large=\u00bb0&#8243; woodmart_hide_medium=\u00bb0&#8243; woodmart_hide_small=\u00bb0&#8243; woodmart_hide_extra_small=\u00bb0&#8243; el_id=\u00bbFinanciacion\u00bb][vc_text_separator title=\u00bbAcesso a financiamento\u00bb color=\u00bbcustom\u00bb css=\u00bb\u00bb accent_color=\u00bb#ffc800&#8243;][vc_empty_space woodmart_hide_large=\u00bb0&#8243; woodmart_hide_medium=\u00bb0&#8243; woodmart_hide_small=\u00bb0&#8243; woodmart_hide_extra_small=\u00bb0&#8243;][vc_row_inner equal_height=\u00bbyes\u00bb woodmart_css_id=\u00bb6a28678e0386a\u00bb responsive_spacing=\u00bbeyJwYXJhbV90eXBlIjoid29vZG1hcnRfcmVzcG9uc2l2ZV9zcGFjaW5nIiwic2VsZWN0b3JfaWQiOiI2YTI4Njc4ZTAzODZhIiwic2hvcnRjb2RlIjoidmNfcm93X2lubmVyIiwiZGF0YSI6eyJ0YWJsZXQiOnt9LCJtb2JpbGUiOnt9fX0=\u00bb mobile_bg_img_hidden=\u00bbno\u00bb tablet_bg_img_hidden=\u00bbno\u00bb woodmart_parallax=\u00bb0&#8243; woodmart_gradient_switch=\u00bbno\u00bb woodmart_box_shadow=\u00bbno\u00bb wd_z_index=\u00bbno\u00bb woodmart_disable_overflow=\u00bb0&#8243; row_reverse_mobile=\u00bb0&#8243; row_reverse_tablet=\u00bb0&#8243;][vc_column_inner width=\u00bb1\/12&#8243;][\/vc_column_inner][vc_column_inner width=\u00bb2\/12&#8243; css=\u00bb.vc_custom_1781032868812{background-color: #F3F3F3 !important;}\u00bb woodmart_css_id=\u00bb6a286794c5232&#8243; parallax_scroll=\u00bbno\u00bb woodmart_sticky_column=\u00bbfalse\u00bb wd_collapsible_content_switcher=\u00bbno\u00bb wd_column_role_offcanvas_desktop=\u00bbno\u00bb wd_column_role_offcanvas_tablet=\u00bbno\u00bb wd_column_role_offcanvas_mobile=\u00bbno\u00bb wd_column_role_content_desktop=\u00bbno\u00bb wd_column_role_content_tablet=\u00bbno\u00bb wd_column_role_content_mobile=\u00bbno\u00bb mobile_bg_img_hidden=\u00bbno\u00bb tablet_bg_img_hidden=\u00bbno\u00bb woodmart_parallax=\u00bb0&#8243; woodmart_box_shadow=\u00bbno\u00bb responsive_spacing=\u00bbeyJwYXJhbV90eXBlIjoid29vZG1hcnRfcmVzcG9uc2l2ZV9zcGFjaW5nIiwic2VsZWN0b3JfaWQiOiI2YTI4Njc5NGM1MjMyIiwic2hvcnRjb2RlIjoidmNfY29sdW1uX2lubmVyIiwiZGF0YSI6eyJ0YWJsZXQiOnt9LCJtb2JpbGUiOnt9fX0=\u00bb wd_z_index=\u00bbno\u00bb][vc_single_image image=\u00bb14512&#8243; alignment=\u00bbcenter\u00bb css=\u00bb\u00bb parallax_scroll=\u00bbno\u00bb woodmart_inline=\u00bbno\u00bb][\/vc_column_inner][vc_column_inner width=\u00bb8\/12&#8243; css=\u00bb.vc_custom_1781032887488{background-color: #F3F3F3 !important;}\u00bb woodmart_css_id=\u00bb6a2867a758d87&#8243; parallax_scroll=\u00bbno\u00bb woodmart_sticky_column=\u00bbfalse\u00bb wd_collapsible_content_switcher=\u00bbno\u00bb wd_column_role_offcanvas_desktop=\u00bbno\u00bb wd_column_role_offcanvas_tablet=\u00bbno\u00bb wd_column_role_offcanvas_mobile=\u00bbno\u00bb wd_column_role_content_desktop=\u00bbno\u00bb wd_column_role_content_tablet=\u00bbno\u00bb wd_column_role_content_mobile=\u00bbno\u00bb mobile_bg_img_hidden=\u00bbno\u00bb tablet_bg_img_hidden=\u00bbno\u00bb woodmart_parallax=\u00bb0&#8243; woodmart_box_shadow=\u00bbno\u00bb responsive_spacing=\u00bbeyJwYXJhbV90eXBlIjoid29vZG1hcnRfcmVzcG9uc2l2ZV9zcGFjaW5nIiwic2VsZWN0b3JfaWQiOiI2YTI4NjdhNzU4ZDg3Iiwic2hvcnRjb2RlIjoidmNfY29sdW1uX2lubmVyIiwiZGF0YSI6eyJ0YWJsZXQiOnt9LCJtb2JpbGUiOnt9fX0=\u00bb wd_z_index=\u00bbno\u00bb]\t\t\t<div id=\"wd-6a7e2037efdce\" class=\"wd-text-block-wrapper wd-wpb wd-rs-6a7e2037efdce color-scheme- text-center \">\n\t\t\t\t<div class=\"woodmart-title-container woodmart-text-block reset-last-child font-text wd-font-weight- wd-fontsize-l\">\n\t\t\t\t\tDesenvolvemos modelos de neg\u00f3cios para que os produtores tenham acesso a insumos e tecnologias e possam financiar sua assist\u00eancia t\u00e9cnica a longo prazo.\t\t\t\t<\/div>\n\n\t\t\t\t\t\t\t<\/div>\n\t\t[\/vc_column_inner][vc_column_inner width=\u00bb1\/12&#8243;][\/vc_column_inner][\/vc_row_inner][vc_empty_space woodmart_hide_large=\u00bb0&#8243; woodmart_hide_medium=\u00bb0&#8243; woodmart_hide_small=\u00bb0&#8243; woodmart_hide_extra_small=\u00bb0&#8243;][vc_row_inner][vc_column_inner width=\u00bb1\/12&#8243;][\/vc_column_inner][vc_column_inner width=\u00bb5\/12&#8243;]\t\t<div id=\"gallery_574\" class=\"wd-images-gallery wd-wpb wd-rs-683e3adf379c9 photoswipe-images\" style=\"--wd-justify-content:center;--wd-align-items:center;\">\n\t\t\t\n\t\t\t<div class=\" wd-grid-g\" style=\"--wd-col-lg:1;--wd-col-md:1;--wd-col-sm:1;--wd-gap-lg:0px;\">\n\t\t\t\t\n\t\t\t\t\t\t\t\t\t\t\t\t\t\t\t<div class=\"wd-gallery-item wd-col\">\n\t\t\t\t\t\t\t\t\t\t\t\t\t\t<a href=\"https:\/\/solidaridadlatam.org\/brasil\/wp-content\/uploads\/2025\/05\/icono-alianzas-con-instituciones-financieras.jpg\" data-elementor-open-lightbox=\"no\" data-index=\"1\" data-width=\"300\" data-height=\"300\" \n\t\t\t\t\t\t\t\t\t\t\t\t >\n\t\t\t\t\t\t\t\t\n\t\t\t\t\t\t\t\t<img loading=\"lazy\" decoding=\"async\" width=\"300\" height=\"300\" src=\"https:\/\/solidaridadlatam.org\/brasil\/wp-content\/uploads\/2025\/05\/icono-alianzas-con-instituciones-financieras.jpg\" class=\"wd-gallery-image image-1\" alt=\"\" \/>\n\t\t\t\t\t\t\t\t\t\t\t\t\t\t\t<\/a>\n\t\t\t\t\t\t\t\t\t\t\t\t<\/div>\n\t\t\t\t\t\t\t\t\t\n\t\t\t\t\t\t\t<\/div>\n\n\t\t\t\t\t<\/div>\n\t\t[vc_column_text css=\u00bb\u00bb text_larger=\u00bbno\u00bb woodmart_inline=\u00bbno\u00bb]<\/p>\n<h2 style=\"text-align: center;\">5<\/h2>\n<p>[\/vc_column_text]\t\t\t<div id=\"wd-6a7b9bc72cec7\" class=\"wd-text-block-wrapper wd-wpb wd-rs-6a7b9bc72cec7 color-scheme- text-center \">\n\t\t\t\t<div class=\"woodmart-title-container woodmart-text-block reset-last-child font-text wd-font-weight- \">\n\t\t\t\t\t<\/p>\n<p style=\"text-align: center;\">Parcerias com institui\u00e7\u00f5es financeiras<\/p>\n<p>\t\t\t\t<\/div>\n\n\t\t\t\t\t\t\t<\/div>\n\t\t[\/vc_column_inner][vc_column_inner width=\u00bb5\/12&#8243;]\t\t<div id=\"gallery_691\" class=\"wd-images-gallery wd-wpb wd-rs-683e3e9fe2e78 photoswipe-images\" style=\"--wd-justify-content:center;--wd-align-items:center;\">\n\t\t\t\n\t\t\t<div class=\" wd-grid-g\" style=\"--wd-col-lg:1;--wd-col-md:1;--wd-col-sm:1;--wd-gap-lg:0px;\">\n\t\t\t\t\n\t\t\t\t\t\t\t\t\t\t\t\t\t\t\t<div class=\"wd-gallery-item wd-col\">\n\t\t\t\t\t\t\t\t\t\t\t\t\t\t<a href=\"https:\/\/solidaridadlatam.org\/brasil\/wp-content\/uploads\/2023\/05\/acceso-a-financiacion.jpg\" data-elementor-open-lightbox=\"no\" data-index=\"1\" data-width=\"300\" data-height=\"300\" \n\t\t\t\t\t\t\t\t\t\t\t\t >\n\t\t\t\t\t\t\t\t\n\t\t\t\t\t\t\t\t<img loading=\"lazy\" decoding=\"async\" width=\"300\" height=\"300\" src=\"https:\/\/solidaridadlatam.org\/brasil\/wp-content\/uploads\/2023\/05\/acceso-a-financiacion.jpg\" class=\"wd-gallery-image image-1\" alt=\"\" \/>\n\t\t\t\t\t\t\t\t\t\t\t\t\t\t\t<\/a>\n\t\t\t\t\t\t\t\t\t\t\t\t<\/div>\n\t\t\t\t\t\t\t\t\t\n\t\t\t\t\t\t\t<\/div>\n\n\t\t\t\t\t<\/div>\n\t\t[vc_column_text css=\u00bb\u00bb text_larger=\u00bbno\u00bb woodmart_inline=\u00bbno\u00bb]<\/p>\n<h2 style=\"text-align: center;\"><b>3.098<\/b><\/h2>\n<p>[\/vc_column_text]\t\t\t<div id=\"wd-6a7b9be0a16b2\" class=\"wd-text-block-wrapper wd-wpb wd-rs-6a7b9be0a16b2 color-scheme- text-center \">\n\t\t\t\t<div class=\"woodmart-title-container woodmart-text-block reset-last-child font-text wd-font-weight- \">\n\t\t\t\t\t<\/p>\n<p style=\"text-align: center;\">Produtores e mineradores com acesso a financiamento<\/p>\n<p>\t\t\t\t<\/div>\n\n\t\t\t\t\t\t\t<\/div>\n\t\t[\/vc_column_inner][vc_column_inner width=\u00bb1\/12&#8243;][\/vc_column_inner][\/vc_row_inner][\/vc_column][\/vc_row][vc_row css=\u00bb.vc_custom_1781035478339{background-color: #FFFFFF !important;}\u00bb woodmart_css_id=\u00bb6a2871c88cfed\u00bb responsive_spacing=\u00bbeyJwYXJhbV90eXBlIjoid29vZG1hcnRfcmVzcG9uc2l2ZV9zcGFjaW5nIiwic2VsZWN0b3JfaWQiOiI2YTI4NzFjODhjZmVkIiwic2hvcnRjb2RlIjoidmNfcm93IiwiZGF0YSI6eyJ0YWJsZXQiOnt9LCJtb2JpbGUiOnt9fX0=\u00bb mobile_bg_img_hidden=\u00bbno\u00bb tablet_bg_img_hidden=\u00bbno\u00bb woodmart_parallax=\u00bb0&#8243; woodmart_gradient_switch=\u00bbno\u00bb woodmart_box_shadow=\u00bbno\u00bb wd_z_index=\u00bbno\u00bb woodmart_disable_overflow=\u00bb0&#8243; row_reverse_mobile=\u00bb0&#8243; row_reverse_tablet=\u00bb0&#8243;][vc_column width=\u00bb1\/12&#8243;][\/vc_column][vc_column width=\u00bb10\/12&#8243;][vc_tta_tabs color=\u00bbwhite\u00bb alignment=\u00bbcenter\u00bb active_section=\u00bb1&#8243;][vc_tta_section title=\u00bbFinanciamento vinculado a cr\u00e9ditos de carbono\u00bb tab_id=\u00bb1781030702204-2873ca8f-e428&#8243;][vc_row_inner][vc_column_inner][vc_column_text css=\u00bb.vc_custom_1786547604775{margin-top: 0px !important;margin-right: 0px !important;margin-bottom: 0px !important;margin-left: 0px !important;padding-top: 20px !important;padding-right: 10px !important;padding-bottom: 20px !important;padding-left: 10px !important;}\u00bb text_larger=\u00bbno\u00bb el_class=\u00bbbodytext\u00bb woodmart_inline=\u00bbno\u00bb]Em parceria com a <em>Funda\u00e7\u00e3o Rabobank<\/em>, foi implementado na <strong>Am\u00e9rica Central<\/strong> um modelo financeiro inovador para superar os custos iniciais da transi\u00e7\u00e3o para a agrofloresta sem exigir desembolso em dinheiro pelos produtores. Por meio de um contrato de financiamento, em que <strong>os custos s\u00e3o reembolsados com a futura venda de Unidades de Remo\u00e7\u00e3o de Carbono (CRUs)<\/strong>, <strong>1.882 cafeicultores<\/strong> receberam \u201cpacotes tecnol\u00f3gicos\u201d \u2014 incluindo 412.669 mudas e fertilizantes \u2014 que abrangeram 4.890 hectares.<\/p>\n<p>Esse apoio financeiro est\u00e1 vinculado \u00e0 <strong>plataforma ACORN<\/strong>, da Rabobank, um mercado volunt\u00e1rio de carbono, e \u00e9 complementado por um programa h\u00edbrido de assist\u00eancia t\u00e9cnica \u2014 presencial e digital, por meio da <em>Carbon Farming Academy<\/em> e de chatbots \u2014 para garantir o sucesso agron\u00f4mico. A assist\u00eancia recebida contribuiu para uma taxa de sobreviv\u00eancia de 93% das plantas. O resultado \u00e9 excepcional, considerando que, em outros programas regionais, a mortalidade das \u00e1rvores costuma superar 50% devido \u00e0s condi\u00e7\u00f5es do terreno e do clima.<\/p>\n<p>Al\u00e9m disso, parceiros comerciais como a <em>Funda\u00e7\u00e3o Altromercato<\/em> e a empresa dinamarquesa <em>\u00d8NSK<\/em> \u2014 que tamb\u00e9m adquire CRUs \u2014 destinaram recursos ao financiamento direto de insumos, equipamentos e desenvolvimento de capacidades em cooperativas locais.<\/p>\n<p>Em s\u00edntese, esse modelo n\u00e3o apenas garante a viabilidade financeira da transi\u00e7\u00e3o agroflorestal para os produtores, como tamb\u00e9m fortalece a resili\u00eancia clim\u00e1tica de seus cafezais no longo prazo e cria uma nova fonte de renda sustent\u00e1vel.[\/vc_column_text][\/vc_column_inner][\/vc_row_inner][\/vc_tta_section][vc_tta_section title=\u00bbRastreabilidade para reduzir riscos de cr\u00e9dito\u00bb tab_id=\u00bb1781030702719-12e468e6-51af\u00bb][vc_column_text css=\u00bb\u00bb woodmart_inline=\u00bbno\u00bb text_larger=\u00bbno\u00bb]Na <strong>Col\u00f4mbia<\/strong>, o projeto <em>Intel4Value<\/em> concluiu seu \u00faltimo ano de implementa\u00e7\u00e3o, mapeando e verificando a origem sustent\u00e1vel das culturas de palma de \u00f3leo. Ao conectar os dados das colheitas a plataformas tecnol\u00f3gicas, o projeto gera um hist\u00f3rico produtivo que funciona como garantia de confian\u00e7a e reduz o risco para institui\u00e7\u00f5es financeiras e cooperativas. Em 2025, ap\u00f3s avaliar as necessidades financeiras de 1.203 produtores e produtoras de palma, <strong>o projeto conectou com sucesso 975 deles a fundos e linhas de financiamento<\/strong>. Outros 341 receberam apoio financeiro do projeto \u201cNI-SCOPS\u201d. O modelo foi constru\u00eddo por meio de alian\u00e7as estrat\u00e9gicas com institui\u00e7\u00f5es como <em>Finagro, SAF <\/em>e<em> Rabobank<\/em>.<\/p>\n<p>Al\u00e9m do cr\u00e9dito, os produtores receberam acompanhamento para elaborar <strong>planos de a\u00e7\u00e3o em sustentabilidade<\/strong>, garantindo que os recursos fossem destinados \u00e0 transforma\u00e7\u00e3o sustent\u00e1vel de seus cultivos. Para fortalecer a conex\u00e3o com mercados respons\u00e1veis, o modelo tamb\u00e9m incorporou um <strong>acordo de abastecimento sustent\u00e1vel entre <\/strong>a empresa extratora <em>Oleoflores<\/em> e a compradora global <em>Cargill<\/em>. Por fim, para garantir a viabilidade de longo prazo e ampliar o modelo, foi elaborado um estudo sobre o impacto dos investimentos sustent\u00e1veis com base em dados prim\u00e1rios, estabelecendo fundamentos t\u00e9cnicos para futuras pol\u00edticas e solu\u00e7\u00f5es financeiras no setor.[\/vc_column_text][vc_video link=\u00bbhttps:\/\/youtu.be\/uGef6yD4Cfo?si=mlLabKuOV5kTRxxM\u00bb align=\u00bbcenter\u00bb css=\u00bb\u00bb woodmart_css_id=\u00bb6a21c1fd10435&#8243; image_poster_switch=\u00bbno\u00bb][\/vc_tta_section][\/vc_tta_tabs][\/vc_column][vc_column width=\u00bb1\/12&#8243;][\/vc_column][\/vc_row][vc_row row_title=\u00bbColaboraci\u00f3n Sectorial\u00bb woodmart_css_id=\u00bb6a29b93c16365&#8243; responsive_spacing=\u00bbeyJwYXJhbV90eXBlIjoid29vZG1hcnRfcmVzcG9uc2l2ZV9zcGFjaW5nIiwic2VsZWN0b3JfaWQiOiI2YTI5YjkzYzE2MzY1Iiwic2hvcnRjb2RlIjoidmNfcm93IiwiZGF0YSI6eyJ0YWJsZXQiOnt9LCJtb2JpbGUiOnt9fX0=\u00bb mobile_bg_img_hidden=\u00bbno\u00bb tablet_bg_img_hidden=\u00bbno\u00bb woodmart_parallax=\u00bb0&#8243; woodmart_gradient_switch=\u00bbno\u00bb woodmart_box_shadow=\u00bbno\u00bb wd_z_index=\u00bbno\u00bb woodmart_disable_overflow=\u00bb0&#8243; row_reverse_mobile=\u00bb0&#8243; row_reverse_tablet=\u00bb0&#8243;][vc_column]<div id=\"wd-6a7cd6e9d6374\" class=\" wd-rs-6a7cd6e9d6374  wd-button-wrapper text-center\"><a href=\"https:\/\/www.google.com\/maps\/d\/u\/0\/viewer?mid=1blWVvocyOHTo1ZGuO3vUkxsOs4z4iOU&ll=-2.606783689548802%2C-68.11978395000001&z=5\" title=\"\" target=\"_blank\" class=\"btn btn-color-primary btn-style-bordered btn-style-rectangle btn-size-default\">Conhe\u00e7a nossos projetos com foco em acesso a cr\u00e9dito<\/a><\/div>[vc_empty_space height=\u00bb100&#8243; el_id=\u00bbColaboracion\u00bb woodmart_hide_large=\u00bb0&#8243; woodmart_hide_medium=\u00bb0&#8243; woodmart_hide_small=\u00bb0&#8243;][vc_text_separator title=\u00bbColabora\u00e7\u00e3o Setorial\u00bb color=\u00bbcustom\u00bb css=\u00bb\u00bb accent_color=\u00bb#ffc800&#8243;][vc_empty_space woodmart_hide_large=\u00bb0&#8243; woodmart_hide_medium=\u00bb0&#8243; woodmart_hide_small=\u00bb0&#8243;][vc_row_inner equal_height=\u00bbyes\u00bb woodmart_css_id=\u00bb6a271d1486327&#8243; responsive_spacing=\u00bbeyJwYXJhbV90eXBlIjoid29vZG1hcnRfcmVzcG9uc2l2ZV9zcGFjaW5nIiwic2VsZWN0b3JfaWQiOiI2YTI3MWQxNDg2MzI3Iiwic2hvcnRjb2RlIjoidmNfcm93X2lubmVyIiwiZGF0YSI6eyJ0YWJsZXQiOnt9LCJtb2JpbGUiOnt9fX0=\u00bb mobile_bg_img_hidden=\u00bbno\u00bb tablet_bg_img_hidden=\u00bbno\u00bb woodmart_parallax=\u00bb0&#8243; woodmart_gradient_switch=\u00bbno\u00bb woodmart_box_shadow=\u00bbno\u00bb wd_z_index=\u00bbno\u00bb woodmart_disable_overflow=\u00bb0&#8243; row_reverse_mobile=\u00bb0&#8243; row_reverse_tablet=\u00bb0&#8243;][vc_column_inner width=\u00bb1\/12&#8243;][\/vc_column_inner][vc_column_inner width=\u00bb2\/12&#8243; css=\u00bb.vc_custom_1780947983505{background-color: #F3F3F3 !important;}\u00bb woodmart_css_id=\u00bb6a271c00c8b2b\u00bb parallax_scroll=\u00bbno\u00bb woodmart_sticky_column=\u00bbfalse\u00bb wd_collapsible_content_switcher=\u00bbno\u00bb wd_column_role_offcanvas_desktop=\u00bbno\u00bb wd_column_role_offcanvas_tablet=\u00bbno\u00bb wd_column_role_offcanvas_mobile=\u00bbno\u00bb wd_column_role_content_desktop=\u00bbno\u00bb wd_column_role_content_tablet=\u00bbno\u00bb wd_column_role_content_mobile=\u00bbno\u00bb mobile_bg_img_hidden=\u00bbno\u00bb tablet_bg_img_hidden=\u00bbno\u00bb woodmart_parallax=\u00bb0&#8243; woodmart_box_shadow=\u00bbno\u00bb responsive_spacing=\u00bbeyJwYXJhbV90eXBlIjoid29vZG1hcnRfcmVzcG9uc2l2ZV9zcGFjaW5nIiwic2VsZWN0b3JfaWQiOiI2YTI3MWMwMGM4YjJiIiwic2hvcnRjb2RlIjoidmNfY29sdW1uX2lubmVyIiwiZGF0YSI6eyJ0YWJsZXQiOnt9LCJtb2JpbGUiOnt9fX0=\u00bb wd_z_index=\u00bbno\u00bb][vc_single_image image=\u00bb14495&#8243; alignment=\u00bbcenter\u00bb parallax_scroll=\u00bbno\u00bb][\/vc_column_inner][vc_column_inner width=\u00bb8\/12&#8243; css=\u00bb.vc_custom_1780947903089{background-color: #F3F3F3 !important;}\u00bb woodmart_css_id=\u00bb6a271bb12f3cf\u00bb parallax_scroll=\u00bbno\u00bb woodmart_sticky_column=\u00bbfalse\u00bb wd_collapsible_content_switcher=\u00bbno\u00bb wd_column_role_offcanvas_desktop=\u00bbno\u00bb wd_column_role_offcanvas_tablet=\u00bbno\u00bb wd_column_role_offcanvas_mobile=\u00bbno\u00bb wd_column_role_content_desktop=\u00bbno\u00bb wd_column_role_content_tablet=\u00bbno\u00bb wd_column_role_content_mobile=\u00bbno\u00bb mobile_bg_img_hidden=\u00bbno\u00bb tablet_bg_img_hidden=\u00bbno\u00bb woodmart_parallax=\u00bb0&#8243; woodmart_box_shadow=\u00bbno\u00bb responsive_spacing=\u00bbeyJwYXJhbV90eXBlIjoid29vZG1hcnRfcmVzcG9uc2l2ZV9zcGFjaW5nIiwic2VsZWN0b3JfaWQiOiI2YTI3MWJiMTJmM2NmIiwic2hvcnRjb2RlIjoidmNfY29sdW1uX2lubmVyIiwiZGF0YSI6eyJ0YWJsZXQiOnt9LCJtb2JpbGUiOnt9fX0=\u00bb wd_z_index=\u00bbno\u00bb]\t\t\t<div id=\"wd-6a7cdbbbc6c1e\" class=\"wd-text-block-wrapper wd-wpb wd-rs-6a7cdbbbc6c1e color-scheme- text-center \">\n\t\t\t\t<div class=\"woodmart-title-container woodmart-text-block reset-last-child font-text wd-font-weight- wd-fontsize-l\">\n\t\t\t\t\t<\/p>\n<p style=\"text-align: center;\">Facilitamos o di\u00e1logo p\u00fablico-privado para construir acordos e pol\u00edticas que criem condi\u00e7\u00f5es e incentivos para a ado\u00e7\u00e3o de pr\u00e1ticas sustent\u00e1veis pelos produtores.<\/p>\n<p>\t\t\t\t<\/div>\n\n\t\t\t\t\t\t\t<\/div>\n\t\t[\/vc_column_inner][vc_column_inner width=\u00bb1\/12&#8243;][\/vc_column_inner][\/vc_row_inner][vc_row_inner][vc_column_inner][vc_empty_space height=\u00bb32&#8243; woodmart_hide_large=\u00bb0&#8243; woodmart_hide_medium=\u00bb0&#8243; woodmart_hide_small=\u00bb0&#8243;][\/vc_column_inner][\/vc_row_inner][vc_row_inner][vc_column_inner width=\u00bb1\/12&#8243;][\/vc_column_inner][vc_column_inner width=\u00bb5\/12&#8243;]\t\t<div id=\"gallery_839\" class=\"wd-images-gallery wd-wpb photoswipe-images\" style=\"--wd-justify-content:center;--wd-align-items:center;\">\n\t\t\t\n\t\t\t<div class=\" wd-grid-g\" style=\"--wd-col-lg:1;--wd-col-md:1;--wd-col-sm:1;--wd-gap-lg:0px;\">\n\t\t\t\t\n\t\t\t\t\t\t\t\t\t\t\t\t\t\t\t<div class=\"wd-gallery-item wd-col\">\n\t\t\t\t\t\t\t\t\t\t\t\t\t\t<a href=\"https:\/\/solidaridadlatam.org\/brasil\/wp-content\/uploads\/2023\/05\/mandatory-frameworks.png\" data-elementor-open-lightbox=\"no\" data-index=\"1\" data-width=\"300\" data-height=\"300\" \n\t\t\t\t\t\t\t\t\t\t\t\t >\n\t\t\t\t\t\t\t\t\n\t\t\t\t\t\t\t\t<img loading=\"lazy\" decoding=\"async\" width=\"300\" height=\"300\" src=\"https:\/\/solidaridadlatam.org\/brasil\/wp-content\/uploads\/2023\/05\/mandatory-frameworks.png\" class=\"wd-gallery-image image-1\" alt=\"\" \/>\n\t\t\t\t\t\t\t\t\t\t\t\t\t\t\t<\/a>\n\t\t\t\t\t\t\t\t\t\t\t\t<\/div>\n\t\t\t\t\t\t\t\t\t\n\t\t\t\t\t\t\t<\/div>\n\n\t\t\t\t\t<\/div>\n\t\t[vc_column_text css=\u00bb\u00bb text_larger=\u00bbno\u00bb woodmart_inline=\u00bbno\u00bb]<\/p>\n<h2 style=\"text-align: center;\">2<\/h2>\n<p>[\/vc_column_text]\t\t\t<div id=\"wd-6a7c8e5c58660\" class=\"wd-text-block-wrapper wd-wpb wd-rs-6a7c8e5c58660 color-scheme- text-center \">\n\t\t\t\t<div class=\"woodmart-title-container woodmart-text-block reset-last-child font-text wd-font-weight- \">\n\t\t\t\t\t<\/p>\n<p style=\"text-align: center;\">Marcos obrigat\u00f3rios de sustentabilidade novos ou aprimorados<\/p>\n<p>\t\t\t\t<\/div>\n\n\t\t\t\t\t\t\t<\/div>\n\t\t[\/vc_column_inner][vc_column_inner width=\u00bb5\/12&#8243;]\t\t<div id=\"gallery_228\" class=\"wd-images-gallery wd-wpb wd-rs-683e3f6a38672 photoswipe-images\" style=\"--wd-justify-content:center;--wd-align-items:center;\">\n\t\t\t\n\t\t\t<div class=\" wd-grid-g\" style=\"--wd-col-lg:1;--wd-col-md:1;--wd-col-sm:1;--wd-gap-lg:0px;\">\n\t\t\t\t\n\t\t\t\t\t\t\t\t\t\t\t\t\t\t\t<div class=\"wd-gallery-item wd-col\">\n\t\t\t\t\t\t\t\t\t\t\t\t\t\t<a href=\"https:\/\/solidaridadlatam.org\/brasil\/wp-content\/uploads\/2025\/05\/icono-marcos-regulatorios.jpg\" data-elementor-open-lightbox=\"no\" data-index=\"1\" data-width=\"300\" data-height=\"300\" \n\t\t\t\t\t\t\t\t\t\t\t\t >\n\t\t\t\t\t\t\t\t\n\t\t\t\t\t\t\t\t<img loading=\"lazy\" decoding=\"async\" width=\"300\" height=\"300\" src=\"https:\/\/solidaridadlatam.org\/brasil\/wp-content\/uploads\/2025\/05\/icono-marcos-regulatorios.jpg\" class=\"wd-gallery-image image-1\" alt=\"\" \/>\n\t\t\t\t\t\t\t\t\t\t\t\t\t\t\t<\/a>\n\t\t\t\t\t\t\t\t\t\t\t\t<\/div>\n\t\t\t\t\t\t\t\t\t\n\t\t\t\t\t\t\t<\/div>\n\n\t\t\t\t\t<\/div>\n\t\t[vc_column_text css=\u00bb\u00bb text_larger=\u00bbno\u00bb woodmart_inline=\u00bbno\u00bb]<\/p>\n<h2 style=\"text-align: center;\">4<\/h2>\n<p>[\/vc_column_text]\t\t\t<div id=\"wd-6a7c8e56a6340\" class=\"wd-text-block-wrapper wd-wpb wd-rs-6a7c8e56a6340 color-scheme- text-center \">\n\t\t\t\t<div class=\"woodmart-title-container woodmart-text-block reset-last-child font-text wd-font-weight- \">\n\t\t\t\t\t<\/p>\n<p style=\"text-align: center;\">Acordos firmados pelo setor p\u00fablico para cadeias produtivas respons\u00e1veis<\/p>\n<p>\t\t\t\t<\/div>\n\n\t\t\t\t\t\t\t<\/div>\n\t\t[\/vc_column_inner][vc_column_inner width=\u00bb1\/12&#8243;][\/vc_column_inner][\/vc_row_inner][vc_empty_space woodmart_hide_large=\u00bb0&#8243; woodmart_hide_medium=\u00bb0&#8243; woodmart_hide_small=\u00bb0&#8243; woodmart_hide_extra_small=\u00bb0&#8243;][\/vc_column][\/vc_row][vc_row css=\u00bb.vc_custom_1781035507473{background-color: #FFFFFF !important;}\u00bb woodmart_css_id=\u00bb6a2871df60299&#8243; responsive_spacing=\u00bbeyJwYXJhbV90eXBlIjoid29vZG1hcnRfcmVzcG9uc2l2ZV9zcGFjaW5nIiwic2VsZWN0b3JfaWQiOiI2YTI4NzFkZjYwMjk5Iiwic2hvcnRjb2RlIjoidmNfcm93IiwiZGF0YSI6eyJ0YWJsZXQiOnt9LCJtb2JpbGUiOnt9fX0=\u00bb mobile_bg_img_hidden=\u00bbno\u00bb tablet_bg_img_hidden=\u00bbno\u00bb woodmart_parallax=\u00bb0&#8243; woodmart_gradient_switch=\u00bbno\u00bb woodmart_box_shadow=\u00bbno\u00bb wd_z_index=\u00bbno\u00bb woodmart_disable_overflow=\u00bb0&#8243; row_reverse_mobile=\u00bb0&#8243; row_reverse_tablet=\u00bb0&#8243;][vc_column width=\u00bb1\/12&#8243;][\/vc_column][vc_column width=\u00bb10\/12&#8243;][vc_tta_tabs color=\u00bbwhite\u00bb gap=\u00bb10&#8243; alignment=\u00bbcenter\u00bb active_section=\u00bb1&#8243;][vc_tta_section title=\u00bbConformidade com a EUDR para pequenos produtores\u00bb tab_id=\u00bb1781034453383-f7cbd6c4-0f0c\u00bb][vc_row_inner][vc_column_inner width=\u00bb1\/4&#8243;][vc_single_image image=\u00bb14500&#8243; img_size=\u00bbfull\u00bb onclick=\u00bbcustom_link\u00bb img_link_target=\u00bb_blank\u00bb css=\u00bb\u00bb parallax_scroll=\u00bbno\u00bb woodmart_inline=\u00bbno\u00bb link=\u00bbhttps:\/\/solidaridadlatam.org\/publications\/prepracion-eudr-cafe-mexico-guatemala-honduras-nicaragua\/\u00bb][vc_single_image image=\u00bb14501&#8243; img_size=\u00bbfull\u00bb onclick=\u00bbcustom_link\u00bb img_link_target=\u00bb_blank\u00bb css=\u00bb\u00bb parallax_scroll=\u00bbno\u00bb woodmart_inline=\u00bbno\u00bb link=\u00bbhttps:\/\/solidaridadlatam.org\/publications\/manual-de-usuario-agrodiligence\/\u00bb][vc_single_image image=\u00bb14507&#8243; img_size=\u00bbfull\u00bb onclick=\u00bbcustom_link\u00bb img_link_target=\u00bb_blank\u00bb css=\u00bb\u00bb link=\u00bbhttps:\/\/solidaridadlatam.org\/publications\/faq-eudr\/\u00bb parallax_scroll=\u00bbno\u00bb woodmart_inline=\u00bbno\u00bb][vc_column_text css=\u00bb\u00bb woodmart_inline=\u00bbno\u00bb text_larger=\u00bbno\u00bb]Acesse nossa <a href=\"https:\/\/solidaridadlatam.org\/proyect\/eudr\/\" target=\"_blank\" rel=\"noopener\">p\u00e1gina sobre a EUDR<\/a> para consultar o arquivo de recursos.[\/vc_column_text][\/vc_column_inner][vc_column_inner width=\u00bb3\/4&#8243;][vc_column_text css=\u00bb.vc_custom_1786548980091{margin-top: 0px !important;margin-right: 0px !important;margin-bottom: 0px !important;margin-left: 0px !important;padding-top: 20px !important;padding-right: 10px !important;padding-bottom: 20px !important;padding-left: 10px !important;}\u00bb text_larger=\u00bbno\u00bb el_class=\u00bbbodytext\u00bb woodmart_inline=\u00bbno\u00bb]Em 2025, a Regula\u00e7\u00e3o da Uni\u00e3o Europeia para Produtos Livres de Desmatamento (EUDR) atuou como catalisador da colabora\u00e7\u00e3o setorial em toda a Am\u00e9rica Latina. Para al\u00e9m da conformidade com os requisitos de mercado, as respostas nacionais enfrentaram desafios sist\u00eamicos mais amplos, apoiando-se em tr\u00eas pilares: <strong>di\u00e1logos inclusivos, ferramentas pr\u00e1ticas e evid\u00eancias verific\u00e1veis em campo<\/strong>.<\/p>\n<p>Os di\u00e1logos setoriais envolveram atores que representam entre 70% e 90% do mercado nacional. Na Bol\u00edvia, Peru e Col\u00f4mbia, partiram de espa\u00e7os j\u00e1 existentes, como a Mesa de Soja Sustent\u00e1vel \u2014 que criou, em 2025, uma Plataforma de Rastreabilidade \u2014, o Acordo Caf\u00e9, Floresta e Clima, na Col\u00f4mbia, e, no Peru, o Acordo Cacau, Florestas e Diversidade, o Acordo Caf\u00e9 e Florestas e o Grupo Impulsionador para uma Palma Sustent\u00e1vel. O caso de Honduras \u00e9 especialmente relevante: a <strong>Solidaridad<\/strong> reativou a Plataforma Nacional de Desmatamento Zero para construir um consenso nacional sobre os \u201cPrinc\u00edpios Orientadores da EUDR\u201d, alinhados ao marco regulat\u00f3rio hondurenho. Tamb\u00e9m foi facilitado o debate com a <em>Federa\u00e7\u00e3o de Produtores de Palma de Pequena Escala (FENAPALMAH)<\/em>, que realizou uma an\u00e1lise de lacunas de conformidade para proteger o acesso de seus membros aos mercados internacionais. No Brasil, Paraguai, Uruguai e Argentina, a Solidaridad facilitou o di\u00e1logo por meio de parceiros da ind\u00fastria, como as Mesas Nacionais de Carne Sustent\u00e1vel, institui\u00e7\u00f5es da cadeia da soja e o <em>Conselho dos Exportadores de Caf\u00e9 do Brasil (<\/em><em>Cecaf\u00e9<\/em><em>)<\/em>, que representa mais de 95% das exporta\u00e7\u00f5es de caf\u00e9 do pa\u00eds. <strong>Como resultado, foram validados alertas de desmatamento no Brasil, identificadas lacunas nos sistemas de avalia\u00e7\u00e3o e elaborados 400 relat\u00f3rios t\u00e9cnicos de propriedades cafeeiras em 2025 para respaldar os exportadores perante os compradores europeus.<\/strong><\/p>\n<p>O segundo pilar concentrou-se na cria\u00e7\u00e3o de ferramentas que potencializam o esfor\u00e7o coletivo, desde mecanismos de verifica\u00e7\u00e3o da EUDR at\u00e9 an\u00e1lises setoriais especializadas. Entre os principais exemplos est\u00e3o a an\u00e1lise dos impactos sobre o caf\u00e9 para tomadores de decis\u00e3o na Am\u00e9rica Central e no M\u00e9xico; as perguntas frequentes (FAQ) da Argentina; o guia de implementa\u00e7\u00e3o para empresas cafeeiras na Col\u00f4mbia; e o Guia de Recomenda\u00e7\u00f5es para a Implementa\u00e7\u00e3o da EUDR na regi\u00e3o de Ucayali, no Peru, oficialmente reconhecido como instrumento jur\u00eddico pelo governo regional. A <strong>Solidaridad<\/strong> tamb\u00e9m contribuiu para os Sistemas de Informa\u00e7\u00e3o Geogr\u00e1fica (SIG) com o desenvolvimento de plataformas como AgroDiligence (Col\u00f4mbia), Geo Cultivate (Peru) e o Protocolo de Pr\u00e9-Verifica\u00e7\u00e3o (Honduras), permitindo que os setores avancem para al\u00e9m do simples rastreamento do desmatamento. Algumas dessas ferramentas identificam \u201cfalsos positivos\u201d, como o equ\u00edvoco entre a cobertura arb\u00f3rea de sistemas agroflorestais e florestas nativas em pequenas propriedades. Isso evita a interpreta\u00e7\u00e3o incorreta de que caf\u00e9 e cacau foram cultivados em \u00e1reas desmatadas ap\u00f3s 2020, o que excluiria injustamente esses produtores dos mercados europeus.<\/p>\n<p>O terceiro pilar consiste em fornecer evid\u00eancias de campo e apoio pr\u00e1tico aos produtores para demonstrar conformidade com a EUDR. Em 2025, oficinas presenciais e plataformas de aprendizagem digital \u2014 como Carbon Academy, AgroLearning e Cultivate \u2014 transformaram regulamenta\u00e7\u00f5es complexas em conhecimento acess\u00edvel para centenas de agricultores e agricultoras. Na Argentina, por meio da plataforma VISEC, a <strong>Solidaridad<\/strong> sistematizou as li\u00e7\u00f5es aprendidas em dez embarques-piloto, que <strong>totalizaram 331.739 toneladas m\u00e9tricas de soja verificadas como livres de desmatamento, provenientes de cerca de 1.500 estabelecimentos. Esses exerc\u00edcios demonstram que cadeias de abastecimento livres de desmatamento em escala n\u00e3o s\u00e3o uma ambi\u00e7\u00e3o futura, mas uma realidade operacional atual.<\/strong>[\/vc_column_text][\/vc_column_inner][\/vc_row_inner][\/vc_tta_section][vc_tta_section title=\u00bbPol\u00edtica setorial de equidade de g\u00eanero para o setor de palma na Col\u00f4mbia\u00bb tab_id=\u00bb1746665784492-3d38559f-7720&#8243;][vc_row_inner][vc_column_inner width=\u00bb1\/2&#8243;][vc_column_text css=\u00bb\u00bb woodmart_inline=\u00bbno\u00bb text_larger=\u00bbno\u00bb]Em 2025, foi lan\u00e7ada oficialmente a <strong>Pol\u00edtica Setorial de Equidade de G\u00eanero para o setor de palma na Col\u00f4mbia<\/strong>. O marco resultou da parceria entre <strong>Solidaridad<\/strong>, <em>Fedepalma<\/em> e<em> GIZ<\/em>. Para <strong>enfrentar e reduzir as lacunas estruturais que afetam as mulheres <\/strong>na pr\u00e1tica, a pol\u00edtica foi divulgada e implementada em oito n\u00facleos-piloto de produ\u00e7\u00e3o de palma, que representam 15% de todo o setor no pa\u00eds. Paralelamente, <strong>1.460 mulheres<\/strong> foram alcan\u00e7adas por solu\u00e7\u00f5es educacionais. Esse avan\u00e7o \u00e9 considerado decisivo para o setor, pois fortalece sua governan\u00e7a e o alinha aos padr\u00f5es internacionais cada vez mais rigorosos de direitos humanos, due diligence e sustentabilidade social.[\/vc_column_text][\/vc_column_inner][vc_column_inner width=\u00bb1\/2&#8243;][vc_video link=\u00bbhttps:\/\/youtu.be\/pmlO9Rf0QxE?si=t4IrArpax_JHbJcy\u00bb el_aspect=\u00bb43&#8243; css=\u00bb\u00bb woodmart_css_id=\u00bb6a27242675026&#8243; image_poster_switch=\u00bbno\u00bb][\/vc_column_inner][\/vc_row_inner][\/vc_tta_section][vc_tta_section title=\u00bbVisores de florestas\u00bb tab_id=\u00bb1718825335288-c8330e82-252d\u00bb][vc_row_inner][vc_column_inner width=\u00bb2\/3&#8243;][vc_column_text css=\u00bb\u00bb woodmart_inline=\u00bbno\u00bb text_larger=\u00bbno\u00bb]O <strong>visualizador de dados web da prov\u00edncia de Tucum\u00e1n<\/strong> \u2014 tamb\u00e9m conhecido como <em>Visor de Florestas<\/em> \u2014 foi lan\u00e7ado oficialmente em 2025, na Argentina, como uma das principais conquistas da alian\u00e7a global com a <em>Cargill <\/em>para aprimorar as ferramentas de preven\u00e7\u00e3o do <strong>desmatamento ilegal \u00e0 disposi\u00e7\u00e3o do setor p\u00fablico<\/strong>. Seu objetivo \u00e9 garantir o acesso \u00e0 informa\u00e7\u00e3o, fortalecer a rastreabilidade do uso da terra e facilitar o monitoramento do cumprimento das normas ambientais vigentes.<\/p>\n<p>Com esse lan\u00e7amento, Tucum\u00e1n se une a Salta e Jujuy, formando uma rede de prov\u00edncias apoiadas pela <strong>Solidaridad<\/strong> que j\u00e1 contam com visores p\u00fablicos para a gest\u00e3o de suas florestas nativas. No caso de Tucum\u00e1n e Jujuy, os visores permitem que as autoridades locais monitorem <strong>2.020.780 hectares<\/strong>, dos quais <strong>774.246 hectares correspondem a vegeta\u00e7\u00e3o nativa<\/strong> e 128.175 hectares a soja em conformidade com a Lei Nacional de Florestas.<\/p>\n<p>A plataforma p\u00fablica est\u00e1 dispon\u00edvel em <a href=\"http:\/\/visorbosques.producciontucuman.gob.ar\/\" target=\"_blank\" rel=\"noopener\">http:\/\/visorbosques.producciontucuman.gob.ar\/<\/a>[\/vc_column_text][\/vc_column_inner][vc_column_inner width=\u00bb1\/3&#8243;][vc_video link=\u00bbhttps:\/\/youtu.be\/laKdgGFe2Pk?si=B28f0k2k7_ld5PT4&#8243; el_aspect=\u00bb916&#8243; css=\u00bb\u00bb woodmart_css_id=\u00bb6a21c3a67ed1a\u00bb image_poster_switch=\u00bbno\u00bb][\/vc_column_inner][\/vc_row_inner][\/vc_tta_section][\/vc_tta_tabs][\/vc_column][vc_column width=\u00bb1\/12&#8243;][\/vc_column][\/vc_row][vc_row row_title=\u00bbAbastecimiento Sostenible\u00bb woodmart_css_id=\u00bb6a29b952b0cd9&#8243; responsive_spacing=\u00bbeyJwYXJhbV90eXBlIjoid29vZG1hcnRfcmVzcG9uc2l2ZV9zcGFjaW5nIiwic2VsZWN0b3JfaWQiOiI2YTI5Yjk1MmIwY2Q5Iiwic2hvcnRjb2RlIjoidmNfcm93IiwiZGF0YSI6eyJ0YWJsZXQiOnt9LCJtb2JpbGUiOnt9fX0=\u00bb mobile_bg_img_hidden=\u00bbno\u00bb tablet_bg_img_hidden=\u00bbno\u00bb woodmart_parallax=\u00bb0&#8243; woodmart_gradient_switch=\u00bbno\u00bb woodmart_box_shadow=\u00bbno\u00bb wd_z_index=\u00bbno\u00bb woodmart_disable_overflow=\u00bb0&#8243; row_reverse_mobile=\u00bb0&#8243; row_reverse_tablet=\u00bb0&#8243;][vc_column]<div id=\"wd-6a7cd73c59b56\" class=\" wd-rs-6a7cd73c59b56  wd-button-wrapper text-center\"><a href=\"https:\/\/www.google.com\/maps\/d\/u\/0\/viewer?mid=1Y-Bd6Wz96UO34DQiaLUfVbL90MKknGE&ll=-6.218826238216978%2C-75.72974765000001&z=4\" title=\"\" target=\"_blank\" class=\"btn btn-color-primary btn-style-bordered btn-style-rectangle btn-size-default\">Conhe\u00e7a nossos projetos com foco em colabora\u00e7\u00e3o setorial<\/a><\/div>[vc_empty_space height=\u00bb100px\u00bb woodmart_hide_large=\u00bb0&#8243; woodmart_hide_medium=\u00bb0&#8243; woodmart_hide_small=\u00bb0&#8243; woodmart_hide_extra_small=\u00bb0&#8243; el_id=\u00bbAbastecimiento\u00bb][vc_text_separator title=\u00bbAbastecimento Sustent\u00e1vel\u00bb color=\u00bbcustom\u00bb css=\u00bb\u00bb accent_color=\u00bb#ffc800&#8243;][vc_empty_space woodmart_hide_large=\u00bb0&#8243; woodmart_hide_medium=\u00bb0&#8243; woodmart_hide_small=\u00bb0&#8243; woodmart_hide_extra_small=\u00bb0&#8243;][\/vc_column][\/vc_row][vc_row equal_height=\u00bbyes\u00bb css=\u00bb.vc_custom_1780946159631{background-color: #FFFFFF !important;}\u00bb woodmart_css_id=\u00bb6a2714d78734e\u00bb responsive_spacing=\u00bbeyJwYXJhbV90eXBlIjoid29vZG1hcnRfcmVzcG9uc2l2ZV9zcGFjaW5nIiwic2VsZWN0b3JfaWQiOiI2YTI3MTRkNzg3MzRlIiwic2hvcnRjb2RlIjoidmNfcm93IiwiZGF0YSI6eyJ0YWJsZXQiOnt9LCJtb2JpbGUiOnt9fX0=\u00bb mobile_bg_img_hidden=\u00bbno\u00bb tablet_bg_img_hidden=\u00bbno\u00bb woodmart_parallax=\u00bb0&#8243; woodmart_gradient_switch=\u00bbno\u00bb woodmart_box_shadow=\u00bbno\u00bb wd_z_index=\u00bbno\u00bb woodmart_disable_overflow=\u00bb0&#8243; row_reverse_mobile=\u00bb0&#8243; row_reverse_tablet=\u00bb0&#8243;][vc_column width=\u00bb1\/12&#8243;][\/vc_column][vc_column width=\u00bb2\/12&#8243; css=\u00bb.vc_custom_1780938427854{background-color: #F3F3F3 !important;}\u00bb woodmart_css_id=\u00bb6a26f6a980da5&#8243; parallax_scroll=\u00bbno\u00bb woodmart_sticky_column=\u00bbfalse\u00bb wd_collapsible_content_switcher=\u00bbno\u00bb wd_column_role_offcanvas_desktop=\u00bbno\u00bb wd_column_role_offcanvas_tablet=\u00bbno\u00bb wd_column_role_offcanvas_mobile=\u00bbno\u00bb wd_column_role_content_desktop=\u00bbno\u00bb wd_column_role_content_tablet=\u00bbno\u00bb wd_column_role_content_mobile=\u00bbno\u00bb mobile_bg_img_hidden=\u00bbno\u00bb tablet_bg_img_hidden=\u00bbno\u00bb woodmart_parallax=\u00bb0&#8243; woodmart_box_shadow=\u00bbno\u00bb responsive_spacing=\u00bbeyJwYXJhbV90eXBlIjoid29vZG1hcnRfcmVzcG9uc2l2ZV9zcGFjaW5nIiwic2VsZWN0b3JfaWQiOiI2YTI2ZjZhOTgwZGE1Iiwic2hvcnRjb2RlIjoidmNfY29sdW1uIiwiZGF0YSI6eyJ0YWJsZXQiOnt9LCJtb2JpbGUiOnt9fX0=\u00bb mobile_reset_margin=\u00bbno\u00bb tablet_reset_margin=\u00bbno\u00bb wd_z_index=\u00bbno\u00bb]\t\t<div id=\"wd-6a27154e82091\" class=\"wd-image wd-wpb wd-rs-6a27154e82091 text-left \">\n\t\t\t\n\t\t\t\n\t\t\t\t\t<\/div>\n\t\t[\/vc_column][vc_column width=\u00bb8\/12&#8243; css=\u00bb.vc_custom_1780945916302{background-color: #F3F3F3 !important;}\u00bb woodmart_css_id=\u00bb6a2713e958e9d\u00bb parallax_scroll=\u00bbno\u00bb woodmart_sticky_column=\u00bbfalse\u00bb wd_collapsible_content_switcher=\u00bbno\u00bb wd_column_role_offcanvas_desktop=\u00bbno\u00bb wd_column_role_offcanvas_tablet=\u00bbno\u00bb wd_column_role_offcanvas_mobile=\u00bbno\u00bb wd_column_role_content_desktop=\u00bbno\u00bb wd_column_role_content_tablet=\u00bbno\u00bb wd_column_role_content_mobile=\u00bbno\u00bb mobile_bg_img_hidden=\u00bbno\u00bb tablet_bg_img_hidden=\u00bbno\u00bb woodmart_parallax=\u00bb0&#8243; woodmart_box_shadow=\u00bbno\u00bb responsive_spacing=\u00bbeyJwYXJhbV90eXBlIjoid29vZG1hcnRfcmVzcG9uc2l2ZV9zcGFjaW5nIiwic2VsZWN0b3JfaWQiOiI2YTI3MTNlOTU4ZTlkIiwic2hvcnRjb2RlIjoidmNfY29sdW1uIiwiZGF0YSI6eyJ0YWJsZXQiOnt9LCJtb2JpbGUiOnt9fX0=\u00bb mobile_reset_margin=\u00bbno\u00bb tablet_reset_margin=\u00bbno\u00bb wd_z_index=\u00bbno\u00bb]\t\t\t<div id=\"wd-6a7c94084f34a\" class=\"wd-text-block-wrapper wd-wpb wd-rs-6a7c94084f34a color-scheme- text-center \">\n\t\t\t\t<div class=\"woodmart-title-container woodmart-text-block reset-last-child font-primary wd-font-weight- wd-fontsize-l\">\n\t\t\t\t\tNossa estrat\u00e9gia para ampliar a ado\u00e7\u00e3o de pr\u00e1ticas sustent\u00e1veis consiste em envolver as empresas para que procurem e reconhe\u00e7am a produ\u00e7\u00e3o sustent\u00e1vel. Apoiamos a compra de volumes sustent\u00e1veis por meio do desenvolvimento de guias de aquisi\u00e7\u00e3o, mecanismos de rastreabilidade, estudos de mercado e de lacunas e programas de melhoria cont\u00ednua voltados aos fornecedores.<\/p>\n<p>\t\t\t\t<\/div>\n\n\t\t\t\t\t\t\t<\/div>\n\t\t[\/vc_column][vc_column width=\u00bb1\/12&#8243;][\/vc_column][\/vc_row][vc_row][vc_column width=\u00bb1\/12&#8243;][\/vc_column][vc_column width=\u00bb10\/12&#8243;]\t\t<div id=\"gallery_639\" class=\"wd-images-gallery wd-wpb wd-rs-683e401fed619 photoswipe-images\" style=\"--wd-justify-content:center;--wd-align-items:center;\">\n\t\t\t\n\t\t\t<div class=\" wd-grid-g\" style=\"--wd-col-lg:1;--wd-col-md:1;--wd-col-sm:1;--wd-gap-lg:0px;\">\n\t\t\t\t\n\t\t\t\t\t\t\t\t\t\t\t\t\t\t\t<div class=\"wd-gallery-item wd-col\">\n\t\t\t\t\t\t\t\t\t\t\t\t\t\t<a href=\"https:\/\/solidaridadlatam.org\/brasil\/wp-content\/uploads\/2025\/05\/icono-empresas-que-prueban-soluciones.jpg\" data-elementor-open-lightbox=\"no\" data-index=\"1\" data-width=\"300\" data-height=\"300\" \n\t\t\t\t\t\t\t\t\t\t\t\t >\n\t\t\t\t\t\t\t\t\n\t\t\t\t\t\t\t\t<img loading=\"lazy\" decoding=\"async\" width=\"300\" height=\"300\" src=\"https:\/\/solidaridadlatam.org\/brasil\/wp-content\/uploads\/2025\/05\/icono-empresas-que-prueban-soluciones.jpg\" class=\"wd-gallery-image image-1\" alt=\"\" \/>\n\t\t\t\t\t\t\t\t\t\t\t\t\t\t\t<\/a>\n\t\t\t\t\t\t\t\t\t\t\t\t<\/div>\n\t\t\t\t\t\t\t\t\t\n\t\t\t\t\t\t\t<\/div>\n\n\t\t\t\t\t<\/div>\n\t\t[vc_column_text css=\u00bb\u00bb text_larger=\u00bbno\u00bb woodmart_inline=\u00bbno\u00bb]<\/p>\n<h2 style=\"text-align: center;\">57<\/h2>\n<p>[\/vc_column_text]\t\t\t<div id=\"wd-6a7c9514b71c3\" class=\"wd-text-block-wrapper wd-wpb wd-rs-6a7c9514b71c3 color-scheme- text-center \">\n\t\t\t\t<div class=\"woodmart-title-container woodmart-text-block reset-last-child font-text wd-font-weight- \">\n\t\t\t\t\t<\/p>\n<p style=\"text-align: center;\">Empresas que testam solu\u00e7\u00f5es de sustentabilidade<\/p>\n<p>\t\t\t\t<\/div>\n\n\t\t\t\t\t\t\t<\/div>\n\t\t[\/vc_column][vc_column width=\u00bb1\/12&#8243;][\/vc_column][\/vc_row][vc_row][vc_column][vc_empty_space woodmart_hide_large=\u00bb0&#8243; woodmart_hide_medium=\u00bb0&#8243; woodmart_hide_small=\u00bb0&#8243; woodmart_hide_extra_small=\u00bb0&#8243;][\/vc_column][\/vc_row][vc_row gap=\u00bb15&#8243; equal_height=\u00bbyes\u00bb mobile_bg_img_hidden=\u00bbno\u00bb tablet_bg_img_hidden=\u00bbno\u00bb woodmart_parallax=\u00bb0&#8243; woodmart_gradient_switch=\u00bbno\u00bb row_reverse_mobile=\u00bb0&#8243; row_reverse_tablet=\u00bb0&#8243; woodmart_disable_overflow=\u00bb0&#8243;][vc_column width=\u00bb1\/12&#8243;][\/vc_column][vc_column width=\u00bb6\/12&#8243;][vc_column_text css=\u00bb\u00bb woodmart_inline=\u00bbno\u00bb text_larger=\u00bbno\u00bb]<\/p>\n<h2>Sem intermedi\u00e1rios: gado rastre\u00e1vel da Amaz\u00f4nia brasileira at\u00e9 o frigor\u00edfico<\/h2>\n<p>O <em>Programa Amaz\u00f4nia<\/em> no Brasil foi um dos pilares da estrat\u00e9gia para o per\u00edodo 2021\u20132025. Partindo de um projeto-piloto com 230 participantes em um \u00fanico munic\u00edpio, o programa cresceu para mais de 1.700 participantes em seis munic\u00edpios, abrangendo 70.000 hectares no estado do Par\u00e1. Em termos ambientais, <strong>contribuiu para evitar o desmatamento de 839 hectares e conservar 18.800 hectares de floresta nativa, reduzindo em 44% a taxa de desmatamento e em 35% as emiss\u00f5es de gases de efeito estufa<\/strong>. Essas melhorias culminaram no acesso de produtores e produtoras a mercados diferenciados.<\/p>\n<p>Na cadeia do cacau, as pr\u00e1ticas agr\u00edcolas melhoraram a qualidade das am\u00eandoas, abrindo acesso ao mercado de chocolates premium <em>bean-to-bar<\/em> e valorizando a origem. <strong>Nos \u00faltimos cinco anos, as am\u00eandoas do Tuer\u00ea e chocolates produzidos com elas conquistaram 37 pr\u00eamios nacionais e internacionais, incluindo uma medalha de prata no <em>Salon du Chocolat de Paris<\/em><\/strong>. A comercializa\u00e7\u00e3o tamb\u00e9m foi facilitada por meio de centrais cooperativas, que consolidam volumes e permitem negocia\u00e7\u00f5es coletivas, reduzindo a participa\u00e7\u00e3o de intermedi\u00e1rios.<\/p>\n<p>Na pecu\u00e1ria, em 2025, o programa apoiou a cria\u00e7\u00e3o de um acordo de venda direta com a <em>JBS<\/em>, promovendo a inclus\u00e3o comercial de pequenos produtores. Ao reduzir a depend\u00eancia de intermedi\u00e1rios, as fam\u00edlias passaram a ter acesso a condi\u00e7\u00f5es de mercado mais transparentes e competitivas. Ao fim do ano, foram movimentados mais de R$ 1,8 milh\u00e3o, o que representou um aumento de 6% na receita com a venda de gado. Essas melhorias, somadas aos ganhos de produtividade decorrentes da ado\u00e7\u00e3o de boas pr\u00e1ticas e ao aumento dos pre\u00e7os do cacau, resultaram em um <strong>crescimento de 108% da renda familiar bruta m\u00e9dia<\/strong>.[\/vc_column_text][vc_single_image image=\u00bb14511&#8243; img_size=\u00bbfull\u00bb add_caption=\u00bbyes\u00bb css=\u00bb\u00bb parallax_scroll=\u00bbno\u00bb woodmart_inline=\u00bbno\u00bb][vc_row_inner][vc_column_inner width=\u00bb1\/2&#8243;]<div id=\"wd-6a7cd493caa7f\" class=\" wd-rs-6a7cd493caa7f  wd-button-wrapper text-center\"><a href=\"https:\/\/solidaridadlatam.org\/brasil\/publications\/os-frutos-de-uma-decada\/\" title=\"\" target=\"_blank\" class=\"btn btn-color-default btn-style-default btn-style-rectangle btn-size-default\">Portugu\u00eas<\/a><\/div>[\/vc_column_inner][vc_column_inner width=\u00bb1\/2&#8243;]<div id=\"wd-6a7cd49f9ca50\" class=\" wd-rs-6a7cd49f9ca50 vc_custom_1786565796658 wd-button-wrapper text-center\"><a href=\"https:\/\/solidaridadlatam.org\/brasil\/publications\/the-fruits-of-a-decade\/\" title=\"\" target=\"_blank\" class=\"btn btn-color-default btn-style-default btn-style-rectangle btn-size-default\">English<\/a><\/div>[\/vc_column_inner][\/vc_row_inner][\/vc_column][vc_column width=\u00bb4\/12&#8243; css=\u00bb.vc_custom_1654790486384{background-color: #f3f3f3 !important;}\u00bb mobile_bg_img_hidden=\u00bbno\u00bb tablet_bg_img_hidden=\u00bbno\u00bb woodmart_parallax=\u00bb0&#8243; woodmart_sticky_column=\u00bbfalse\u00bb parallax_scroll=\u00bbno\u00bb mobile_reset_margin=\u00bbno\u00bb tablet_reset_margin=\u00bbno\u00bb][vc_single_image image=\u00bb14571&#8243; img_size=\u00bbfull\u00bb add_caption=\u00bbyes\u00bb onclick=\u00bbcustom_link\u00bb img_link_target=\u00bb_blank\u00bb css=\u00bb\u00bb link=\u00bbhttps:\/\/solidaridadlatam.org\/brasil\/news\/transparencia-na-pecuaria-produtora-de-novo-repartimento-e-pioneira-na-venda-de-gado-rastreado-direto-para-o-frigorifico\/\u00bb parallax_scroll=\u00bbno\u00bb woodmart_inline=\u00bbno\u00bb][vc_empty_space height=\u00bb20&#8243; woodmart_hide_large=\u00bb0&#8243; woodmart_hide_medium=\u00bb0&#8243; woodmart_hide_small=\u00bb0&#8243;][vc_single_image image=\u00bb14572&#8243; img_size=\u00bbfull\u00bb add_caption=\u00bbyes\u00bb onclick=\u00bbcustom_link\u00bb img_link_target=\u00bb_blank\u00bb css=\u00bb\u00bb parallax_scroll=\u00bbno\u00bb woodmart_inline=\u00bbno\u00bb link=\u00bbhttps:\/\/solidaridadlatam.org\/brasil\/history\/transformacoes-positivas-que-vem-do-cacau\/\u00bb][\/vc_column][vc_column width=\u00bb1\/12&#8243;][\/vc_column][\/vc_row][vc_row row_title=\u00bbInnovaci\u00f3n\u00bb woodmart_css_id=\u00bb6a29b96e695d6&#8243; responsive_spacing=\u00bbeyJwYXJhbV90eXBlIjoid29vZG1hcnRfcmVzcG9uc2l2ZV9zcGFjaW5nIiwic2VsZWN0b3JfaWQiOiI2YTI5Yjk2ZTY5NWQ2Iiwic2hvcnRjb2RlIjoidmNfcm93IiwiZGF0YSI6eyJ0YWJsZXQiOnt9LCJtb2JpbGUiOnt9fX0=\u00bb mobile_bg_img_hidden=\u00bbno\u00bb tablet_bg_img_hidden=\u00bbno\u00bb woodmart_parallax=\u00bb0&#8243; woodmart_gradient_switch=\u00bbno\u00bb woodmart_box_shadow=\u00bbno\u00bb wd_z_index=\u00bbno\u00bb woodmart_disable_overflow=\u00bb0&#8243; row_reverse_mobile=\u00bb0&#8243; row_reverse_tablet=\u00bb0&#8243;][vc_column][vc_empty_space height=\u00bb100px\u00bb woodmart_hide_large=\u00bb0&#8243; woodmart_hide_medium=\u00bb0&#8243; woodmart_hide_small=\u00bb0&#8243;]<div id=\"wd-6a7cd763379c2\" class=\" wd-rs-6a7cd763379c2  wd-button-wrapper text-center\"><a href=\"https:\/\/www.google.com\/maps\/d\/u\/0\/viewer?mid=1viEp38ZhqT1qFAqr89LQBCY2Lj1-chQ&ll=-2.1351961277786504%2C-78.83655829999998&z=4\" title=\"\" target=\"_blank\" class=\"btn btn-color-primary btn-style-bordered btn-style-rectangle btn-size-default\">Conhe\u00e7a nossos projetos com foco em abastecimento sustent\u00e1vel<\/a><\/div>[vc_empty_space height=\u00bb100px\u00bb woodmart_hide_large=\u00bb0&#8243; woodmart_hide_medium=\u00bb0&#8243; woodmart_hide_small=\u00bb0&#8243; el_id=\u00bbInnovacion\u00bb][vc_text_separator title=\u00bbInova\u00e7\u00e3o\u00bb color=\u00bbcustom\u00bb css=\u00bb\u00bb accent_color=\u00bb#ffc800&#8243;][vc_empty_space woodmart_hide_large=\u00bb0&#8243; woodmart_hide_medium=\u00bb0&#8243; woodmart_hide_small=\u00bb0&#8243;][\/vc_column][\/vc_row][vc_row gap=\u00bb15&#8243; equal_height=\u00bbyes\u00bb mobile_bg_img_hidden=\u00bbno\u00bb tablet_bg_img_hidden=\u00bbno\u00bb woodmart_parallax=\u00bb0&#8243; woodmart_gradient_switch=\u00bbno\u00bb row_reverse_mobile=\u00bb0&#8243; row_reverse_tablet=\u00bb0&#8243; woodmart_disable_overflow=\u00bb0&#8243;][vc_column width=\u00bb1\/12&#8243;][\/vc_column][vc_column width=\u00bb3\/12&#8243; css=\u00bb.vc_custom_1654898999190{background-color: #f3f3f3 !important;}\u00bb mobile_bg_img_hidden=\u00bbno\u00bb tablet_bg_img_hidden=\u00bbno\u00bb woodmart_parallax=\u00bb0&#8243; woodmart_sticky_column=\u00bbfalse\u00bb parallax_scroll=\u00bbno\u00bb mobile_reset_margin=\u00bbno\u00bb tablet_reset_margin=\u00bbno\u00bb][vc_single_image image=\u00bb14496&#8243; img_size=\u00bbfull\u00bb alignment=\u00bbcenter\u00bb parallax_scroll=\u00bbno\u00bb]\t\t\t<div id=\"wd-6a7e20eb4a948\" class=\"wd-text-block-wrapper wd-wpb wd-rs-6a7e20eb4a948 color-scheme- text-center \">\n\t\t\t\t<div class=\"woodmart-title-container woodmart-text-block reset-last-child font-text wd-font-weight- wd-fontsize-l\">\n\t\t\t\t\tTestamos modelos de economia circular e distribui\u00e7\u00e3o de valor.\t\t\t\t<\/div>\n\n\t\t\t\t\t\t\t<\/div>\n\t\t[\/vc_column][vc_column width=\u00bb7\/12&#8243;][vc_column_text css=\u00bb\u00bb woodmart_inline=\u00bbno\u00bb text_larger=\u00bbno\u00bb]<\/p>\n<h2><span style=\"font-weight: 800;\">Biocarv\u00e3o<\/span><\/h2>\n<p>O biocarv\u00e3o vem se consolidando como uma inova\u00e7\u00e3o por transformar res\u00edduos agr\u00edcolas \u2014 tradicionalmente considerados descarte e fonte de emiss\u00f5es de gases de efeito estufa \u2014 em um recurso valioso para a nutri\u00e7\u00e3o do solo e a mitiga\u00e7\u00e3o das mudan\u00e7as clim\u00e1ticas. Al\u00e9m disso, em um contexto global de forte aumento nos pre\u00e7os dos insumos agr\u00edcolas importados, o biocarv\u00e3o oferece uma alternativa local e acess\u00edvel aos pequenos produtores.<\/p>\n<p>A <strong>Solidaridad<\/strong> est\u00e1 validando e ampliando essa tecnologia na Am\u00e9rica Central, com resultados muito promissores. Em parceria com a <em>Ritter Sport<\/em>, foram realizados projetos-piloto com cinco cooperativas de cacau. Os resultados mostraram que, na fase de viveiro, as mudas tratadas com biocarv\u00e3o apresentaram crescimento muito mais vigoroso e, em planta\u00e7\u00f5es adultas, maior reten\u00e7\u00e3o de umidade. Em parceria com a <em>Volcaf\u00e9<\/em>, 20 t\u00e9cnicos foram capacitados na produ\u00e7\u00e3o artesanal de biocarv\u00e3o. O objetivo n\u00e3o \u00e9 apenas regenerar os solos e reduzir o uso de fertilizantes sint\u00e9ticos, mas tamb\u00e9m criar as bases para que os produtores tenham acesso ao mercado de cr\u00e9ditos de carbono.[\/vc_column_text][vc_row_inner][vc_column_inner width=\u00bb1\/2&#8243;][vc_single_image image=\u00bb14597&#8243; onclick=\u00bbcustom_link\u00bb img_link_target=\u00bb_blank\u00bb css=\u00bb\u00bb parallax_scroll=\u00bbno\u00bb woodmart_inline=\u00bbno\u00bb link=\u00bbhttps:\/\/solidaridadlatam.org\/history\/don-tonito-biocarbon-cacao-nicaragua\/\u00bb][\/vc_column_inner][vc_column_inner width=\u00bb1\/2&#8243;][vc_single_image image=\u00bb14598&#8243; onclick=\u00bbcustom_link\u00bb img_link_target=\u00bb_blank\u00bb css=\u00bb\u00bb parallax_scroll=\u00bbno\u00bb woodmart_inline=\u00bbno\u00bb link=\u00bbhttps:\/\/solidaridadlatam.org\/news\/biocarbon-agricultura-regenerativa-nicaragua\/\u00bb][\/vc_column_inner][\/vc_row_inner][vc_column_text css=\u00bb\u00bb woodmart_inline=\u00bbno\u00bb text_larger=\u00bbno\u00bb]Clique nas imagens para conhecer a hist\u00f3ria do senhor To\u00f1ito e acessar mais informa\u00e7\u00f5es sobre o nosso projeto.[\/vc_column_text][\/vc_column][vc_column width=\u00bb1\/12&#8243;][\/vc_column][\/vc_row][vc_row][vc_column][vc_empty_space height=\u00bb100px\u00bb woodmart_hide_large=\u00bb0&#8243; woodmart_hide_medium=\u00bb0&#8243; woodmart_hide_small=\u00bb0&#8243; woodmart_hide_extra_small=\u00bb0&#8243;][vc_text_separator title=\u00bbFinan\u00e7as\u00bb color=\u00bbcustom\u00bb css=\u00bb\u00bb accent_color=\u00bb#ffc800&#8243;][\/vc_column][\/vc_row][vc_row][vc_column][vc_row_inner][vc_column_inner width=\u00bb1\/2&#8243;][vc_progress_bar values=\u00bb%5B%7B%22label%22%3A%22Empresas%20%7C%205.219.735%20euros%22%2C%22value%22%3A%225219735%22%2C%22color%22%3A%22custom%22%2C%22customcolor%22%3A%22%23fcc800%22%7D%2C%7B%22label%22%3A%22Governos%20%7C%202.366.549%20euros%22%2C%22value%22%3A%22%202366549%22%2C%22color%22%3A%22custom%22%2C%22customcolor%22%3A%22%23fcc800%22%7D%2C%7B%22label%22%3A%22Organiza%C3%A7%C3%B5es%20sem%20fins%20lucrativos%20%7C%20849.741%20euros%22%2C%22value%22%3A%22849741%22%2C%22color%22%3A%22custom%22%2C%22customcolor%22%3A%22%23fcc800%22%7D%2C%7B%22label%22%3A%22Outras%20organiza%C3%A7%C3%B5es%20%7C%20215.420%20euros%22%2C%22value%22%3A%22215420%22%2C%22color%22%3A%22custom%22%2C%22customcolor%22%3A%22%23fcc800%22%7D%2C%7B%22label%22%3A%22Outros%20escrit%C3%B3rios%20da%20Solidaridad%20%7C%208.416.026%20euros%22%2C%22value%22%3A%228416026%22%2C%22color%22%3A%22custom%22%2C%22customcolor%22%3A%22%23fcc800%22%7D%2C%7B%22label%22%3A%22Outras%20fontes%20%7C%20169.117%20euros%22%2C%22value%22%3A%22%20169117%22%2C%22color%22%3A%22custom%22%2C%22customcolor%22%3A%22%23fcc800%22%7D%5D\u00bb css=\u00bb\u00bb title=\u00bbReceita total: 17.236.588 euros\u00bb][\/vc_column_inner][vc_column_inner width=\u00bb1\/2&#8243;][vc_progress_bar values=\u00bb%5B%7B%22label%22%3A%22Equipe%20%7C%207.880.675%20euros%22%2C%22value%22%3A%227880675%22%2C%22color%22%3A%22custom%22%2C%22customcolor%22%3A%22%23fcc800%22%7D%2C%7B%22label%22%3A%22Atividades%20%7C%202.791.485%20euros%22%2C%22value%22%3A%222791485%22%2C%22color%22%3A%22custom%22%2C%22customcolor%22%3A%22%23fcc800%22%7D%2C%7B%22label%22%3A%22S%C3%B3cios%20e%20consultores%20%7C%203.749.878%20euros%22%2C%22value%22%3A%223749878%22%2C%22color%22%3A%22custom%22%2C%22customcolor%22%3A%22%23fcc800%22%7D%2C%7B%22label%22%3A%22Outras%20despesas%20%7C%202.585.915%20euros%22%2C%22value%22%3A%22%202585915%22%2C%22color%22%3A%22custom%22%2C%22customcolor%22%3A%22%23fcc800%22%7D%2C%7B%22label%22%3A%22Despesas%20realizadas%20por%20meio%20de%20outros%20escrit%C3%B3rios%20da%20Solidaridad%20%7C%20419.200%20euros%22%2C%22value%22%3A%22419200%22%2C%22color%22%3A%22custom%22%2C%22customcolor%22%3A%22%23fcc800%22%7D%5D\u00bb css=\u00bb\u00bb title=\u00bbDespesas totais: 17.427.153 euros\u00bb][\/vc_column_inner][\/vc_row_inner][\/vc_column][\/vc_row][vc_row][vc_column][vc_column_text css=\u00bb\u00bb text_larger=\u00bbno\u00bb woodmart_inline=\u00bbno\u00bb]De acordo com os n\u00fameros preliminares de 2025, nossas opera\u00e7\u00f5es na Am\u00e9rica Latina geraram 17,2 milh\u00f5es de euros em receita. Desse total, 8,8 milh\u00f5es de euros foram contratados diretamente na regi\u00e3o. A receita direta superou o or\u00e7amento em 15,9%, apesar de uma redu\u00e7\u00e3o de 8% em rela\u00e7\u00e3o ao financiamento pr\u00f3prio de 2024. As parcerias corporativas se consolidaram como nossa principal fonte de receita no continente, representando 59% da receita pr\u00f3pria. O restante da carteira foi distribu\u00eddo equitativamente entre organiza\u00e7\u00f5es sem fins lucrativos (10%), entidades governamentais (27%) e outros (4%).<\/p>\n<p>As despesas operacionais mantiveram-se estreitamente alinhadas com as metas or\u00e7ament\u00e1rias. Os custos com pessoal representaram 47% dos custos totais (contra os 46% previstos no or\u00e7amento e os 44% em 2024), o que reflete um investimento estrat\u00e9gico no desenvolvimento de conhecimentos internos. Por outro lado, a depend\u00eancia de parceiros e consultores diminuiu para 22% (contra 31% em 2024), enquanto os custos diretos das atividades representaram 16%, o que demonstra um compromisso constante com a execu\u00e7\u00e3o dos projetos.[\/vc_column_text][\/vc_column][\/vc_row]<\/p>\n<\/div>","protected":false},"excerpt":{"rendered":"<p>[vc_row woodmart_css_id=\u00bb6a2b12c3320e7&#8243; responsive_spacing=\u00bbeyJwYXJhbV90eXBlIjoid29vZG1hcnRfcmVzcG9uc2l2ZV9zcGFjaW5nIiwic2VsZWN0b3JfaWQiOiI2YTJiMTJjMzMyMGU3Iiwic2hvcnRjb2RlIjoidmNfcm93IiwiZGF0YSI6eyJ0YWJsZXQiOnt9LCJtb2JpbGUiOnt9fX0=\u00bb mobile_bg_img_hidden=\u00bbno\u00bb tablet_bg_img_hidden=\u00bbno\u00bb woodmart_parallax=\u00bb0&#8243; woodmart_gradient_switch=\u00bbno\u00bb woodmart_box_shadow=\u00bbno\u00bb wd_z_index=\u00bbno\u00bb woodmart_disable_overflow=\u00bb0&#8243; row_reverse_mobile=\u00bb0&#8243; row_reverse_tablet=\u00bb0&#8243;][vc_column width=\u00bb1\/6&#8243;][\/vc_column][vc_column width=\u00bb2\/3&#8243;][vc_column_text css=\u00bb\u00bb woodmart_inline=\u00bbno\u00bb text_larger=\u00bbno\u00bb]A Solidaridad apresenta este<\/p>\n","protected":false},"author":4,"featured_media":14570,"comment_status":"closed","ping_status":"closed","sticky":false,"template":"","format":"standard","meta":{"footnotes":""},"categories":[55,49,50,28,32,35,34,29,207,30],"tags":[],"paises":[78,270,80,125,114],"programa":[],"tema":[],"formato":[],"class_list":["post-14514","post","type-post","status-publish","format-standard","has-post-thumbnail","hentry","category-brasil","category-cacau","category-cafe","category-cana-de-acucar","category-frutas","category-palma","category-ouro","category-pecuaria","category-relatorio-anual","category-soja","paises-argentina","paises-bolivia","paises-brasil","paises-colombia","paises-peru"],"yoast_head":"<!-- This site is optimized with the Yoast SEO plugin v27.7 - https:\/\/yoast.com\/product\/yoast-seo-wordpress\/ -->\n<title>Relat\u00f3rio Anual 2025 Solidaridad Am\u00e9rica Latina - Solidaridad Southamerica<\/title>\n<meta name=\"description\" content=\"Convidamos voc\u00eas a acompanhar nosso progresso ao longo de 2025 por meio do nosso novo relat\u00f3rio anual para a Am\u00e9rica Latina.\" \/>\n<meta name=\"robots\" content=\"index, follow, max-snippet:-1, max-image-preview:large, max-video-preview:-1\" \/>\n<link rel=\"canonical\" href=\"https:\/\/solidaridadlatam.org\/brasil\/relatorio-anual\/relatorio-anual-2025\/\" \/>\n<meta property=\"og:locale\" content=\"es_ES\" \/>\n<meta property=\"og:type\" content=\"article\" \/>\n<meta property=\"og:title\" content=\"Relat\u00f3rio Anual 2025 Solidaridad Am\u00e9rica Latina - Solidaridad Southamerica\" \/>\n<meta property=\"og:description\" content=\"Convidamos voc\u00eas a acompanhar nosso progresso ao longo de 2025 por meio do nosso novo relat\u00f3rio anual para a Am\u00e9rica Latina.\" \/>\n<meta property=\"og:url\" content=\"https:\/\/solidaridadlatam.org\/brasil\/relatorio-anual\/relatorio-anual-2025\/\" \/>\n<meta property=\"og:site_name\" content=\"Solidaridad Southamerica\" \/>\n<meta property=\"article:published_time\" content=\"2026-07-21T21:43:06+00:00\" \/>\n<meta property=\"article:modified_time\" content=\"2026-08-13T20:06:32+00:00\" \/>\n<meta name=\"author\" content=\"rosario.abramo\" \/>\n<meta name=\"twitter:card\" content=\"summary_large_image\" \/>\n<meta name=\"twitter:label1\" content=\"Escrito por\" \/>\n\t<meta name=\"twitter:data1\" content=\"rosario.abramo\" \/>\n\t<meta name=\"twitter:label2\" content=\"Tiempo de lectura\" \/>\n\t<meta name=\"twitter:data2\" content=\"29 minutos\" \/>\n<script type=\"application\/ld+json\" class=\"yoast-schema-graph\">{\"@context\":\"https:\\\/\\\/schema.org\",\"@graph\":[{\"@type\":\"Article\",\"@id\":\"https:\\\/\\\/solidaridadlatam.org\\\/brasil\\\/relatorio-anual\\\/relatorio-anual-2025\\\/#article\",\"isPartOf\":{\"@id\":\"https:\\\/\\\/solidaridadlatam.org\\\/brasil\\\/relatorio-anual\\\/relatorio-anual-2025\\\/\"},\"author\":{\"name\":\"rosario.abramo\",\"@id\":\"https:\\\/\\\/solidaridadlatam.org\\\/brasil\\\/#\\\/schema\\\/person\\\/7a48e7df7430f52fe3716597e979c943\"},\"headline\":\"Relat\u00f3rio Anual 2025 Solidaridad Am\u00e9rica Latina\",\"datePublished\":\"2026-07-21T21:43:06+00:00\",\"dateModified\":\"2026-08-13T20:06:32+00:00\",\"mainEntityOfPage\":{\"@id\":\"https:\\\/\\\/solidaridadlatam.org\\\/brasil\\\/relatorio-anual\\\/relatorio-anual-2025\\\/\"},\"wordCount\":12415,\"image\":{\"@id\":\"https:\\\/\\\/solidaridadlatam.org\\\/brasil\\\/relatorio-anual\\\/relatorio-anual-2025\\\/#primaryimage\"},\"thumbnailUrl\":\"https:\\\/\\\/solidaridadlatam.org\\\/brasil\\\/wp-content\\\/uploads\\\/2026\\\/07\\\/Placa-Relatorio-Anual-2025.jpg\",\"articleSection\":[\"Brasil\",\"Cacau\",\"Caf\u00e9\",\"Cana-de-A\u00e7\u00facar\",\"Frutas\",\"\u00d3leo de Palma\",\"Ouro\",\"Pecu\u00e1ria\",\"Relat\u00f3rio Anual\",\"Soja\"],\"inLanguage\":\"es\"},{\"@type\":\"WebPage\",\"@id\":\"https:\\\/\\\/solidaridadlatam.org\\\/brasil\\\/relatorio-anual\\\/relatorio-anual-2025\\\/\",\"url\":\"https:\\\/\\\/solidaridadlatam.org\\\/brasil\\\/relatorio-anual\\\/relatorio-anual-2025\\\/\",\"name\":\"Relat\u00f3rio Anual 2025 Solidaridad Am\u00e9rica Latina - Solidaridad Southamerica\",\"isPartOf\":{\"@id\":\"https:\\\/\\\/solidaridadlatam.org\\\/brasil\\\/#website\"},\"primaryImageOfPage\":{\"@id\":\"https:\\\/\\\/solidaridadlatam.org\\\/brasil\\\/relatorio-anual\\\/relatorio-anual-2025\\\/#primaryimage\"},\"image\":{\"@id\":\"https:\\\/\\\/solidaridadlatam.org\\\/brasil\\\/relatorio-anual\\\/relatorio-anual-2025\\\/#primaryimage\"},\"thumbnailUrl\":\"https:\\\/\\\/solidaridadlatam.org\\\/brasil\\\/wp-content\\\/uploads\\\/2026\\\/07\\\/Placa-Relatorio-Anual-2025.jpg\",\"datePublished\":\"2026-07-21T21:43:06+00:00\",\"dateModified\":\"2026-08-13T20:06:32+00:00\",\"author\":{\"@id\":\"https:\\\/\\\/solidaridadlatam.org\\\/brasil\\\/#\\\/schema\\\/person\\\/7a48e7df7430f52fe3716597e979c943\"},\"description\":\"Convidamos voc\u00eas a acompanhar nosso progresso ao longo de 2025 por meio do nosso novo relat\u00f3rio anual para a Am\u00e9rica Latina.\",\"breadcrumb\":{\"@id\":\"https:\\\/\\\/solidaridadlatam.org\\\/brasil\\\/relatorio-anual\\\/relatorio-anual-2025\\\/#breadcrumb\"},\"inLanguage\":\"es\",\"potentialAction\":[{\"@type\":\"ReadAction\",\"target\":[\"https:\\\/\\\/solidaridadlatam.org\\\/brasil\\\/relatorio-anual\\\/relatorio-anual-2025\\\/\"]}]},{\"@type\":\"ImageObject\",\"inLanguage\":\"es\",\"@id\":\"https:\\\/\\\/solidaridadlatam.org\\\/brasil\\\/relatorio-anual\\\/relatorio-anual-2025\\\/#primaryimage\",\"url\":\"https:\\\/\\\/solidaridadlatam.org\\\/brasil\\\/wp-content\\\/uploads\\\/2026\\\/07\\\/Placa-Relatorio-Anual-2025.jpg\",\"contentUrl\":\"https:\\\/\\\/solidaridadlatam.org\\\/brasil\\\/wp-content\\\/uploads\\\/2026\\\/07\\\/Placa-Relatorio-Anual-2025.jpg\",\"width\":1920,\"height\":1080},{\"@type\":\"BreadcrumbList\",\"@id\":\"https:\\\/\\\/solidaridadlatam.org\\\/brasil\\\/relatorio-anual\\\/relatorio-anual-2025\\\/#breadcrumb\",\"itemListElement\":[{\"@type\":\"ListItem\",\"position\":1,\"name\":\"Portada\",\"item\":\"https:\\\/\\\/solidaridadlatam.org\\\/brasil\\\/\"},{\"@type\":\"ListItem\",\"position\":2,\"name\":\"Relat\u00f3rio Anual 2025 Solidaridad Am\u00e9rica Latina\"}]},{\"@type\":\"WebSite\",\"@id\":\"https:\\\/\\\/solidaridadlatam.org\\\/brasil\\\/#website\",\"url\":\"https:\\\/\\\/solidaridadlatam.org\\\/brasil\\\/\",\"name\":\"Solidaridad Southamerica\",\"description\":\"Organizaci\u00f3n Internacional sin fines de lucro con 50 a\u00f1os de experiencia a nivel global en desarrollo de mercados sostenibles e inclusivos\",\"potentialAction\":[{\"@type\":\"SearchAction\",\"target\":{\"@type\":\"EntryPoint\",\"urlTemplate\":\"https:\\\/\\\/solidaridadlatam.org\\\/brasil\\\/?s={search_term_string}\"},\"query-input\":{\"@type\":\"PropertyValueSpecification\",\"valueRequired\":true,\"valueName\":\"search_term_string\"}}],\"inLanguage\":\"es\"},{\"@type\":\"Person\",\"@id\":\"https:\\\/\\\/solidaridadlatam.org\\\/brasil\\\/#\\\/schema\\\/person\\\/7a48e7df7430f52fe3716597e979c943\",\"name\":\"rosario.abramo\",\"image\":{\"@type\":\"ImageObject\",\"inLanguage\":\"es\",\"@id\":\"https:\\\/\\\/secure.gravatar.com\\\/avatar\\\/c812aeb067b2244af4c64d8651bd43ec83d85deec8d126c1107149ffee2a8c16?s=96&d=mm&r=g\",\"url\":\"https:\\\/\\\/secure.gravatar.com\\\/avatar\\\/c812aeb067b2244af4c64d8651bd43ec83d85deec8d126c1107149ffee2a8c16?s=96&d=mm&r=g\",\"contentUrl\":\"https:\\\/\\\/secure.gravatar.com\\\/avatar\\\/c812aeb067b2244af4c64d8651bd43ec83d85deec8d126c1107149ffee2a8c16?s=96&d=mm&r=g\",\"caption\":\"rosario.abramo\"},\"url\":\"https:\\\/\\\/solidaridadlatam.org\\\/brasil\\\/author\\\/rosario-abramo\\\/\"}]}<\/script>\n<!-- \/ Yoast SEO plugin. -->","yoast_head_json":{"title":"Relat\u00f3rio Anual 2025 Solidaridad Am\u00e9rica Latina - Solidaridad Southamerica","description":"Convidamos voc\u00eas a acompanhar nosso progresso ao longo de 2025 por meio do nosso novo relat\u00f3rio anual para a Am\u00e9rica Latina.","robots":{"index":"index","follow":"follow","max-snippet":"max-snippet:-1","max-image-preview":"max-image-preview:large","max-video-preview":"max-video-preview:-1"},"canonical":"https:\/\/solidaridadlatam.org\/brasil\/relatorio-anual\/relatorio-anual-2025\/","og_locale":"es_ES","og_type":"article","og_title":"Relat\u00f3rio Anual 2025 Solidaridad Am\u00e9rica Latina - Solidaridad Southamerica","og_description":"Convidamos voc\u00eas a acompanhar nosso progresso ao longo de 2025 por meio do nosso novo relat\u00f3rio anual para a Am\u00e9rica Latina.","og_url":"https:\/\/solidaridadlatam.org\/brasil\/relatorio-anual\/relatorio-anual-2025\/","og_site_name":"Solidaridad Southamerica","article_published_time":"2026-07-21T21:43:06+00:00","article_modified_time":"2026-08-13T20:06:32+00:00","author":"rosario.abramo","twitter_card":"summary_large_image","twitter_misc":{"Escrito por":"rosario.abramo","Tiempo de lectura":"29 minutos"},"schema":{"@context":"https:\/\/schema.org","@graph":[{"@type":"Article","@id":"https:\/\/solidaridadlatam.org\/brasil\/relatorio-anual\/relatorio-anual-2025\/#article","isPartOf":{"@id":"https:\/\/solidaridadlatam.org\/brasil\/relatorio-anual\/relatorio-anual-2025\/"},"author":{"name":"rosario.abramo","@id":"https:\/\/solidaridadlatam.org\/brasil\/#\/schema\/person\/7a48e7df7430f52fe3716597e979c943"},"headline":"Relat\u00f3rio Anual 2025 Solidaridad Am\u00e9rica Latina","datePublished":"2026-07-21T21:43:06+00:00","dateModified":"2026-08-13T20:06:32+00:00","mainEntityOfPage":{"@id":"https:\/\/solidaridadlatam.org\/brasil\/relatorio-anual\/relatorio-anual-2025\/"},"wordCount":12415,"image":{"@id":"https:\/\/solidaridadlatam.org\/brasil\/relatorio-anual\/relatorio-anual-2025\/#primaryimage"},"thumbnailUrl":"https:\/\/solidaridadlatam.org\/brasil\/wp-content\/uploads\/2026\/07\/Placa-Relatorio-Anual-2025.jpg","articleSection":["Brasil","Cacau","Caf\u00e9","Cana-de-A\u00e7\u00facar","Frutas","\u00d3leo de Palma","Ouro","Pecu\u00e1ria","Relat\u00f3rio Anual","Soja"],"inLanguage":"es"},{"@type":"WebPage","@id":"https:\/\/solidaridadlatam.org\/brasil\/relatorio-anual\/relatorio-anual-2025\/","url":"https:\/\/solidaridadlatam.org\/brasil\/relatorio-anual\/relatorio-anual-2025\/","name":"Relat\u00f3rio Anual 2025 Solidaridad Am\u00e9rica Latina - Solidaridad Southamerica","isPartOf":{"@id":"https:\/\/solidaridadlatam.org\/brasil\/#website"},"primaryImageOfPage":{"@id":"https:\/\/solidaridadlatam.org\/brasil\/relatorio-anual\/relatorio-anual-2025\/#primaryimage"},"image":{"@id":"https:\/\/solidaridadlatam.org\/brasil\/relatorio-anual\/relatorio-anual-2025\/#primaryimage"},"thumbnailUrl":"https:\/\/solidaridadlatam.org\/brasil\/wp-content\/uploads\/2026\/07\/Placa-Relatorio-Anual-2025.jpg","datePublished":"2026-07-21T21:43:06+00:00","dateModified":"2026-08-13T20:06:32+00:00","author":{"@id":"https:\/\/solidaridadlatam.org\/brasil\/#\/schema\/person\/7a48e7df7430f52fe3716597e979c943"},"description":"Convidamos voc\u00eas a acompanhar nosso progresso ao longo de 2025 por meio do nosso novo relat\u00f3rio anual para a Am\u00e9rica Latina.","breadcrumb":{"@id":"https:\/\/solidaridadlatam.org\/brasil\/relatorio-anual\/relatorio-anual-2025\/#breadcrumb"},"inLanguage":"es","potentialAction":[{"@type":"ReadAction","target":["https:\/\/solidaridadlatam.org\/brasil\/relatorio-anual\/relatorio-anual-2025\/"]}]},{"@type":"ImageObject","inLanguage":"es","@id":"https:\/\/solidaridadlatam.org\/brasil\/relatorio-anual\/relatorio-anual-2025\/#primaryimage","url":"https:\/\/solidaridadlatam.org\/brasil\/wp-content\/uploads\/2026\/07\/Placa-Relatorio-Anual-2025.jpg","contentUrl":"https:\/\/solidaridadlatam.org\/brasil\/wp-content\/uploads\/2026\/07\/Placa-Relatorio-Anual-2025.jpg","width":1920,"height":1080},{"@type":"BreadcrumbList","@id":"https:\/\/solidaridadlatam.org\/brasil\/relatorio-anual\/relatorio-anual-2025\/#breadcrumb","itemListElement":[{"@type":"ListItem","position":1,"name":"Portada","item":"https:\/\/solidaridadlatam.org\/brasil\/"},{"@type":"ListItem","position":2,"name":"Relat\u00f3rio Anual 2025 Solidaridad Am\u00e9rica Latina"}]},{"@type":"WebSite","@id":"https:\/\/solidaridadlatam.org\/brasil\/#website","url":"https:\/\/solidaridadlatam.org\/brasil\/","name":"Solidaridad Southamerica","description":"Organizaci\u00f3n Internacional sin fines de lucro con 50 a\u00f1os de experiencia a nivel global en desarrollo de mercados sostenibles e inclusivos","potentialAction":[{"@type":"SearchAction","target":{"@type":"EntryPoint","urlTemplate":"https:\/\/solidaridadlatam.org\/brasil\/?s={search_term_string}"},"query-input":{"@type":"PropertyValueSpecification","valueRequired":true,"valueName":"search_term_string"}}],"inLanguage":"es"},{"@type":"Person","@id":"https:\/\/solidaridadlatam.org\/brasil\/#\/schema\/person\/7a48e7df7430f52fe3716597e979c943","name":"rosario.abramo","image":{"@type":"ImageObject","inLanguage":"es","@id":"https:\/\/secure.gravatar.com\/avatar\/c812aeb067b2244af4c64d8651bd43ec83d85deec8d126c1107149ffee2a8c16?s=96&d=mm&r=g","url":"https:\/\/secure.gravatar.com\/avatar\/c812aeb067b2244af4c64d8651bd43ec83d85deec8d126c1107149ffee2a8c16?s=96&d=mm&r=g","contentUrl":"https:\/\/secure.gravatar.com\/avatar\/c812aeb067b2244af4c64d8651bd43ec83d85deec8d126c1107149ffee2a8c16?s=96&d=mm&r=g","caption":"rosario.abramo"},"url":"https:\/\/solidaridadlatam.org\/brasil\/author\/rosario-abramo\/"}]}},"_links":{"self":[{"href":"https:\/\/solidaridadlatam.org\/brasil\/wp-json\/wp\/v2\/posts\/14514","targetHints":{"allow":["GET"]}}],"collection":[{"href":"https:\/\/solidaridadlatam.org\/brasil\/wp-json\/wp\/v2\/posts"}],"about":[{"href":"https:\/\/solidaridadlatam.org\/brasil\/wp-json\/wp\/v2\/types\/post"}],"author":[{"embeddable":true,"href":"https:\/\/solidaridadlatam.org\/brasil\/wp-json\/wp\/v2\/users\/4"}],"replies":[{"embeddable":true,"href":"https:\/\/solidaridadlatam.org\/brasil\/wp-json\/wp\/v2\/comments?post=14514"}],"version-history":[{"count":37,"href":"https:\/\/solidaridadlatam.org\/brasil\/wp-json\/wp\/v2\/posts\/14514\/revisions"}],"predecessor-version":[{"id":14600,"href":"https:\/\/solidaridadlatam.org\/brasil\/wp-json\/wp\/v2\/posts\/14514\/revisions\/14600"}],"wp:featuredmedia":[{"embeddable":true,"href":"https:\/\/solidaridadlatam.org\/brasil\/wp-json\/wp\/v2\/media\/14570"}],"wp:attachment":[{"href":"https:\/\/solidaridadlatam.org\/brasil\/wp-json\/wp\/v2\/media?parent=14514"}],"wp:term":[{"taxonomy":"category","embeddable":true,"href":"https:\/\/solidaridadlatam.org\/brasil\/wp-json\/wp\/v2\/categories?post=14514"},{"taxonomy":"post_tag","embeddable":true,"href":"https:\/\/solidaridadlatam.org\/brasil\/wp-json\/wp\/v2\/tags?post=14514"},{"taxonomy":"paises","embeddable":true,"href":"https:\/\/solidaridadlatam.org\/brasil\/wp-json\/wp\/v2\/paises?post=14514"},{"taxonomy":"programa","embeddable":true,"href":"https:\/\/solidaridadlatam.org\/brasil\/wp-json\/wp\/v2\/programa?post=14514"},{"taxonomy":"tema","embeddable":true,"href":"https:\/\/solidaridadlatam.org\/brasil\/wp-json\/wp\/v2\/tema?post=14514"},{"taxonomy":"formato","embeddable":true,"href":"https:\/\/solidaridadlatam.org\/brasil\/wp-json\/wp\/v2\/formato?post=14514"}],"curies":[{"name":"wp","href":"https:\/\/api.w.org\/{rel}","templated":true}]}}