{"id":13593,"date":"2025-11-10T08:35:31","date_gmt":"2025-11-10T11:35:31","guid":{"rendered":"https:\/\/solidaridadlatam.org\/brasil\/?p=13593"},"modified":"2026-02-06T10:48:11","modified_gmt":"2026-02-06T13:48:11","slug":"the-fruits-of-a-decade","status":"publish","type":"post","link":"https:\/\/solidaridadlatam.org\/brasil\/publications\/the-fruits-of-a-decade\/","title":{"rendered":"The fruits of a decade: Solidaridad, 10 years in the Amazon"},"content":{"rendered":"<div class=\"wpb-content-wrapper\"><p>[vc_row][vc_column][vc_column_text css=\u00bb\u00bb text_larger=\u00bbno\u00bb el_class=\u00bbintrotext\u00bb woodmart_inline=\u00bbno\u00bb]The publication <em><strong>The fruits of a decade: Solidaridad, 10 years in the Amazon<\/strong><\/em> celebrates a decade of continuous work to build low-carbon agriculture in the Transamazonian Highway in Par\u00e1. The report brings together previously unpublished data on the socioeconomic profile of farming families, as well as analyses of land use, deforestation dynamics and the transformations promoted by <strong>Solidaridad&#8217;s<\/strong> <em>Amazon Programme<\/em>, which today directly benefits more than 1,600 rural families in six municipalities in Par\u00e1.[\/vc_column_text][vc_single_image image=\u00bb13587&#8243; img_size=\u00bbfull\u00bb alignment=\u00bbcenter\u00bb css=\u00bb\u00bb parallax_scroll=\u00bbno\u00bb woodmart_inline=\u00bbno\u00bb][\/vc_column][\/vc_row][vc_row][vc_column][vc_btn title=\u00bbThe fruits of a decade\u00bb style=\u00bbcustom\u00bb custom_background=\u00bb#FFC800&#8243; custom_text=\u00bb#000000&#8243; size=\u00bblg\u00bb align=\u00bbcenter\u00bb css=\u00bb\u00bb link=\u00bburl:https%3A%2F%2Fsolidaridadlatam.org%2Fbrasil%2Fwp-content%2Fuploads%2F2026%2F02%2F2025_EN-Os-frutos-de-uma-decada-Os-10-anos-da-Solidaridad-na-Amazonia.pdf|target:_blank\u00bb][vc_separator css=\u00bb\u00bb wd_hide_on_desktop=\u00bbno\u00bb wd_hide_on_tablet=\u00bbno\u00bb wd_hide_on_mobile=\u00bbno\u00bb][\/vc_column][\/vc_row][vc_row][vc_column width=\u00bb1\/2&#8243;]\t\t\t<link rel=\"stylesheet\" id=\"wd-info-box-css\" href=\"https:\/\/solidaridadlatam.org\/brasil\/wp-content\/themes\/woodmart\/css\/parts\/el-info-box.min.css?ver=7.4.3\" type=\"text\/css\" media=\"all\" \/> \t\t\t\t\t\t<div class=\"info-box-wrapper\">\n\t\t\t\t<div id=\"wd-6911cd9cdab2a\" class=\" wd-rs-6911cd9cdab2a wd-info-box wd-wpb text-left box-icon-align-top box-style- color-scheme- wd-bg-none \">\n\t\t\t\t\t\t\t\t\t\t\t<div class=\"box-icon-wrapper  box-with-icon box-icon-simple\">\n\t\t\t\t\t\t\t<div class=\"info-box-icon\">\n\n\t\t\t\t\t\t\t\n\t\t\t\t\t\t\t\t\t\t\t\t\t\t\t\t\t<img loading=\"lazy\" decoding=\"async\" width=\"120\" height=\"120\" src=\"https:\/\/solidaridadlatam.org\/brasil\/wp-content\/uploads\/2023\/07\/mariana-pereira.png\" class=\"attachment-800x600 size-800x600\" alt=\"\" \/>\t\t\t\t\t\t\t\t\t\t\t\t\t\t\t\n\t\t\t\t\t\t\t<\/div>\n\t\t\t\t\t\t<\/div>\n\t\t\t\t\t\t\t\t\t\t<div class=\"info-box-content\">\n\t\t\t\t\t\t\t\t\t\t\t\t<div class=\"info-box-inner set-cont-mb-s reset-last-child\"><p><span style=\"font-weight: 400;\"><b>Mariana Pereira<\/b><\/span><\/p>\n<p>Programme Manager<\/p>\n<p><a href=\"mailto:mariana.pereira@solidaridadnetwork.org\" target=\"_blank\" rel=\"noopener\"><span style=\"font-weight: 400;\">email<\/span><\/a><\/p>\n<\/div>\n\n\t\t\t\t\t\t\t\t\t\t\t<\/div>\n\n\t\t\t\t\t\n\t\t\t\t\t\t\t\t\t<\/div>\n\t\t\t<\/div>\n\t\t[\/vc_column][vc_column width=\u00bb1\/2&#8243;]\t\t\t<div class=\"info-box-wrapper\">\n\t\t\t\t<div id=\"wd-6911cdad5cad3\" class=\" wd-rs-6911cdad5cad3 wd-info-box wd-wpb text-left box-icon-align-top box-style- color-scheme- wd-bg-none \">\n\t\t\t\t\t\t\t\t\t\t\t<div class=\"box-icon-wrapper  box-with-icon box-icon-simple\">\n\t\t\t\t\t\t\t<div class=\"info-box-icon\">\n\n\t\t\t\t\t\t\t\n\t\t\t\t\t\t\t\t\t\t\t\t\t\t\t\t\t<img loading=\"lazy\" decoding=\"async\" width=\"120\" height=\"120\" src=\"https:\/\/solidaridadlatam.org\/brasil\/wp-content\/uploads\/2023\/07\/paulo_lima_bn.jpg\" class=\"attachment-800x600 size-800x600\" alt=\"\" \/>\t\t\t\t\t\t\t\t\t\t\t\t\t\t\t\n\t\t\t\t\t\t\t<\/div>\n\t\t\t\t\t\t<\/div>\n\t\t\t\t\t\t\t\t\t\t<div class=\"info-box-content\">\n\t\t\t\t\t\t\t\t\t\t\t\t<div class=\"info-box-inner set-cont-mb-s reset-last-child\"><p><span style=\"font-weight: 400;\"><b>Paulo Lima<\/b><\/span><\/p>\n<p>Programme Manager<\/p>\n<p><a href=\"mailtomariana.pereira@solidaridadnetwork.org\" target=\"_blank\" rel=\"noopener\"><span style=\"font-weight: 400;\">email<\/span><\/a><\/p>\n<\/div>\n\n\t\t\t\t\t\t\t\t\t\t\t<\/div>\n\n\t\t\t\t\t\n\t\t\t\t\t\t\t\t\t<\/div>\n\t\t\t<\/div>\n\t\t[\/vc_column][\/vc_row][vc_row][vc_column]\n\t\t\t<!-- START Publica\u00e7\u00f5es REVOLUTION SLIDER 6.7.35 --><p class=\"rs-p-wp-fix\"><\/p>\n\t\t\t<rs-module-wrap id=\"rev_slider_65_1_wrapper\" data-source=\"post\" style=\"visibility:hidden;background:transparent;padding:0;margin:0px auto;margin-top:0;margin-bottom:0;\">\n\t\t\t\t<rs-module id=\"rev_slider_65_1\" style=\"\" data-version=\"6.7.35\">\n\t\t\t\t\t<rs-slides style=\"overflow: hidden; position: absolute;\">\n\t\t\t\t\t\t<rs-slide style=\"position: absolute;\" data-key=\"rs-14112\" data-title=\"Expans\u00e3o da produ\u00e7\u00e3o de soja em atendimento \u00e0 EUDR no Matopiba\" data-anim=\"ms:1000;r:0;\" data-in=\"o:0;\" data-out=\"a:false;\">\n\t\t\t\t\t\t\t<img decoding=\"async\" src=\"\/\/solidaridadlatam.org\/brasil\/wp-content\/plugins\/revslider\/sr6\/assets\/assets\/dummy.png\" alt=\"Expans\u00e3o da produ\u00e7\u00e3o de soja em atendimento \u00e0 EUDR no Matopiba\" title=\"The fruits of a decade: Solidaridad, 10 years in the Amazon\" class=\"rev-slidebg tp-rs-img rs-lazyload\" data-lazyload=\"\/\/solidaridadlatam.org\/brasil\/wp-content\/plugins\/revslider\/sr6\/assets\/assets\/transparent.png\" data-no-retina>\n<!--\n\t\t\t\t\t\t\t--><rs-layer\n\t\t\t\t\t\t\t\tid=\"slider-65-slide-14112-layer-0\" \n\t\t\t\t\t\t\t\tdata-type=\"image\"\n\t\t\t\t\t\t\t\tdata-rsp_ch=\"on\"\n\t\t\t\t\t\t\t\tdata-xy=\"x:c;yo:9px,9px,9px,8px;\"\n\t\t\t\t\t\t\t\tdata-text=\"w:normal;s:20,20,20,18;l:0,0,0,23;\"\n\t\t\t\t\t\t\t\tdata-dim=\"w:[&#039;100%&#039;,&#039;100%&#039;,&#039;100%&#039;,&#039;100%&#039;];h:225px,225px,225px,240px;\"\n\t\t\t\t\t\t\t\tdata-frame_999=\"o:0;st:w;\"\n\t\t\t\t\t\t\t\tstyle=\"z-index:8;\"\n\t\t\t\t\t\t\t><img decoding=\"async\" src=\"\/\/solidaridadlatam.org\/brasil\/wp-content\/plugins\/revslider\/sr6\/assets\/assets\/dummy.png\" alt=\"\" class=\"tp-rs-img rs-lazyload\" width=\"1179\" height=\"835\" data-lazyload=\"\/\/solidaridadlatam.org\/brasil\/wp-content\/uploads\/2026\/04\/Capturar-1.jpg\" data-no-retina> \n\t\t\t\t\t\t\t<\/rs-layer><!--\n\n\t\t\t\t\t\t\t--><rs-layer\n\t\t\t\t\t\t\t\tid=\"slider-65-slide-14112-layer-4\" \n\t\t\t\t\t\t\t\tdata-type=\"text\"\n\t\t\t\t\t\t\t\tdata-color=\"#0c0c0c\"\n\t\t\t\t\t\t\t\tdata-rsp_ch=\"on\"\n\t\t\t\t\t\t\t\tdata-xy=\"x:c;y:t,t,t,b;yo:414px,414px,414px,35px;\"\n\t\t\t\t\t\t\t\tdata-text=\"w:normal;s:18,18,18,16;l:22,22,22,20;a:center;\"\n\t\t\t\t\t\t\t\tdata-padding=\"t:2;r:8;b:2;l:8;\"\n\t\t\t\t\t\t\t\tdata-frame_999=\"o:0;st:w;\"\n\t\t\t\t\t\t\t\tdata-frame_hover=\"c:#0c0c0c;bgc:#ffcc00;\"\n\t\t\t\t\t\t\t\tstyle=\"z-index:13;background-color:#d9d9c3;font-family:'Roboto';\"\n\t\t\t\t\t\t\t><a href=\"https:\/\/solidaridadlatam.org\/brasil\/categoria\/brasil\/\" title=\"View all posts in Brasil\" rel=\"category tag\">Brasil<\/a>, <a href=\"https:\/\/solidaridadlatam.org\/brasil\/categoria\/publications\/\" title=\"View all posts in Publica\u00e7\u00e3o\" rel=\"category tag\">Publica\u00e7\u00e3o<\/a>, <a href=\"https:\/\/solidaridadlatam.org\/brasil\/categoria\/soja\/\" title=\"View all posts in Soja\" rel=\"category tag\">Soja<\/a>, <a href=\"https:\/\/solidaridadlatam.org\/brasil\/paises\/brasil\/\" title=\"View all posts in Brasil\" rel=\"category tag\">Brasil<\/a> \n\t\t\t\t\t\t\t<\/rs-layer><!--\n\n\t\t\t\t\t\t\t--><rs-layer\n\t\t\t\t\t\t\t\tid=\"slider-65-slide-14112-layer-7\" \n\t\t\t\t\t\t\t\tdata-type=\"image\"\n\t\t\t\t\t\t\t\tdata-rsp_ch=\"on\"\n\t\t\t\t\t\t\t\tdata-xy=\"x:c;\"\n\t\t\t\t\t\t\t\tdata-text=\"w:normal;s:20,20,20,18;l:0,0,0,23;\"\n\t\t\t\t\t\t\t\tdata-dim=\"w:[&#039;100%&#039;,&#039;100%&#039;,&#039;100%&#039;,&#039;100%&#039;];\"\n\t\t\t\t\t\t\t\tdata-frame_999=\"o:0;st:w;\"\n\t\t\t\t\t\t\t\tstyle=\"z-index:11;\"\n\t\t\t\t\t\t\t><img decoding=\"async\" src=\"\/\/solidaridadlatam.org\/brasil\/wp-content\/plugins\/revslider\/sr6\/assets\/assets\/dummy.png\" alt=\"\" class=\"tp-rs-img rs-lazyload\" width=\"800\" height=\"50\" data-lazyload=\"\/\/solidaridadlatam.org\/brasil\/wp-content\/uploads\/2020\/09\/separador1200D.svg\" data-no-retina> \n\t\t\t\t\t\t\t<\/rs-layer><!--\n\n\t\t\t\t\t\t\t--><rs-layer\n\t\t\t\t\t\t\t\tid=\"slider-65-slide-14112-layer-8\" \n\t\t\t\t\t\t\t\tdata-type=\"image\"\n\t\t\t\t\t\t\t\tdata-rsp_ch=\"on\"\n\t\t\t\t\t\t\t\tdata-xy=\"x:c;yo:218px,218px,218px,225px;\"\n\t\t\t\t\t\t\t\tdata-text=\"w:normal;s:20,20,20,18;l:0,0,0,23;\"\n\t\t\t\t\t\t\t\tdata-dim=\"w:100%,100%,100%,466px;h:auto,auto,auto,29px;\"\n\t\t\t\t\t\t\t\tdata-frame_999=\"o:0;st:w;\"\n\t\t\t\t\t\t\t\tstyle=\"z-index:12;\"\n\t\t\t\t\t\t\t><img decoding=\"async\" src=\"\/\/solidaridadlatam.org\/brasil\/wp-content\/plugins\/revslider\/sr6\/assets\/assets\/dummy.png\" alt=\"\" class=\"tp-rs-img rs-lazyload\" width=\"800\" height=\"50\" data-lazyload=\"\/\/solidaridadlatam.org\/brasil\/wp-content\/uploads\/2020\/09\/separador800.svg\" data-no-retina> \n\t\t\t\t\t\t\t<\/rs-layer><!--\n\n\t\t\t\t\t\t\t--><a\n\t\t\t\t\t\t\t\tid=\"slider-65-slide-14112-layer-11\" \n\t\t\t\t\t\t\t\tclass=\"rs-layer\"\n\t\t\t\t\t\t\t\thref=\"https:\/\/solidaridadlatam.org\/brasil\/publications\/expansao-da-producao-de-soja-eudr-matopiba\/\" target=\"_self\" rel=\"nofollow\"\n\t\t\t\t\t\t\t\tdata-type=\"text\"\n\t\t\t\t\t\t\t\tdata-color=\"#000000\"\n\t\t\t\t\t\t\t\tdata-rsp_ch=\"on\"\n\t\t\t\t\t\t\t\tdata-xy=\"x:c;yo:266px,266px,266px,274px;\"\n\t\t\t\t\t\t\t\tdata-text=\"w:normal;s:24,24,24,18;l:32,32,32,22;a:inherit;\"\n\t\t\t\t\t\t\t\tdata-dim=\"w:100%,100%,100%,333px;h:130px,130px,130px,89px;\"\n\t\t\t\t\t\t\t\tdata-frame_999=\"o:0;st:w;\"\n\t\t\t\t\t\t\t\tdata-frame_hover=\"c:#ffcc00;\"\n\t\t\t\t\t\t\t\tstyle=\"z-index:9;font-family:'Source Sans Pro';cursor:pointer;\"\n\t\t\t\t\t\t\t><span style=\"font-weight: bolder;\">Expans\u00e3o da produ\u00e7\u00e3o de soja em atendimento \u00e0 EUDR no Matopiba<\/span><br><span style=\"font-size: 16px;\">abril 22, 2026 \n\t\t\t\t\t\t\t<\/a><!--\n-->\t\t\t\t\t<\/rs-slide>\n\t\t\t\t\t\t<rs-slide style=\"position: absolute;\" data-key=\"rs-14107\" data-title=\"Guia de perguntas frequentes sobre a EUDR no Brasil\" data-anim=\"ms:1000;r:0;\" data-in=\"o:0;\" data-out=\"a:false;\">\n\t\t\t\t\t\t\t<img decoding=\"async\" src=\"\/\/solidaridadlatam.org\/brasil\/wp-content\/plugins\/revslider\/sr6\/assets\/assets\/dummy.png\" alt=\"Guia de perguntas frequentes sobre a EUDR no Brasil\" title=\"The fruits of a decade: Solidaridad, 10 years in the Amazon\" class=\"rev-slidebg tp-rs-img rs-lazyload\" data-lazyload=\"\/\/solidaridadlatam.org\/brasil\/wp-content\/plugins\/revslider\/sr6\/assets\/assets\/transparent.png\" data-no-retina>\n<!--\n\t\t\t\t\t\t\t--><rs-layer\n\t\t\t\t\t\t\t\tid=\"slider-65-slide-14107-layer-0\" \n\t\t\t\t\t\t\t\tdata-type=\"image\"\n\t\t\t\t\t\t\t\tdata-rsp_ch=\"on\"\n\t\t\t\t\t\t\t\tdata-xy=\"x:c;yo:9px,9px,9px,8px;\"\n\t\t\t\t\t\t\t\tdata-text=\"w:normal;s:20,20,20,18;l:0,0,0,23;\"\n\t\t\t\t\t\t\t\tdata-dim=\"w:[&#039;100%&#039;,&#039;100%&#039;,&#039;100%&#039;,&#039;100%&#039;];h:225px,225px,225px,240px;\"\n\t\t\t\t\t\t\t\tdata-frame_999=\"o:0;st:w;\"\n\t\t\t\t\t\t\t\tstyle=\"z-index:8;\"\n\t\t\t\t\t\t\t><img decoding=\"async\" src=\"\/\/solidaridadlatam.org\/brasil\/wp-content\/plugins\/revslider\/sr6\/assets\/assets\/dummy.png\" alt=\"\" class=\"tp-rs-img rs-lazyload\" width=\"624\" height=\"852\" data-lazyload=\"\/\/solidaridadlatam.org\/brasil\/wp-content\/uploads\/2026\/04\/Capturar.jpg\" data-no-retina> \n\t\t\t\t\t\t\t<\/rs-layer><!--\n\n\t\t\t\t\t\t\t--><rs-layer\n\t\t\t\t\t\t\t\tid=\"slider-65-slide-14107-layer-4\" \n\t\t\t\t\t\t\t\tdata-type=\"text\"\n\t\t\t\t\t\t\t\tdata-color=\"#0c0c0c\"\n\t\t\t\t\t\t\t\tdata-rsp_ch=\"on\"\n\t\t\t\t\t\t\t\tdata-xy=\"x:c;y:t,t,t,b;yo:414px,414px,414px,35px;\"\n\t\t\t\t\t\t\t\tdata-text=\"w:normal;s:18,18,18,16;l:22,22,22,20;a:center;\"\n\t\t\t\t\t\t\t\tdata-padding=\"t:2;r:8;b:2;l:8;\"\n\t\t\t\t\t\t\t\tdata-frame_999=\"o:0;st:w;\"\n\t\t\t\t\t\t\t\tdata-frame_hover=\"c:#0c0c0c;bgc:#ffcc00;\"\n\t\t\t\t\t\t\t\tstyle=\"z-index:13;background-color:#d9d9c3;font-family:'Roboto';\"\n\t\t\t\t\t\t\t><a href=\"https:\/\/solidaridadlatam.org\/brasil\/categoria\/brasil\/\" title=\"View all posts in Brasil\" rel=\"category tag\">Brasil<\/a>, <a href=\"https:\/\/solidaridadlatam.org\/brasil\/categoria\/pecuaria\/\" title=\"View all posts in Pecu\u00e1ria\" rel=\"category tag\">Pecu\u00e1ria<\/a>, <a href=\"https:\/\/solidaridadlatam.org\/brasil\/categoria\/publications\/\" title=\"View all posts in Publica\u00e7\u00e3o\" rel=\"category tag\">Publica\u00e7\u00e3o<\/a>, <a href=\"https:\/\/solidaridadlatam.org\/brasil\/categoria\/soja\/\" title=\"View all posts in Soja\" rel=\"category tag\">Soja<\/a>, <a href=\"https:\/\/solidaridadlatam.org\/brasil\/paises\/brasil\/\" title=\"View all posts in Brasil\" rel=\"category tag\">Brasil<\/a> \n\t\t\t\t\t\t\t<\/rs-layer><!--\n\n\t\t\t\t\t\t\t--><rs-layer\n\t\t\t\t\t\t\t\tid=\"slider-65-slide-14107-layer-7\" \n\t\t\t\t\t\t\t\tdata-type=\"image\"\n\t\t\t\t\t\t\t\tdata-rsp_ch=\"on\"\n\t\t\t\t\t\t\t\tdata-xy=\"x:c;\"\n\t\t\t\t\t\t\t\tdata-text=\"w:normal;s:20,20,20,18;l:0,0,0,23;\"\n\t\t\t\t\t\t\t\tdata-dim=\"w:[&#039;100%&#039;,&#039;100%&#039;,&#039;100%&#039;,&#039;100%&#039;];\"\n\t\t\t\t\t\t\t\tdata-frame_999=\"o:0;st:w;\"\n\t\t\t\t\t\t\t\tstyle=\"z-index:11;\"\n\t\t\t\t\t\t\t><img decoding=\"async\" src=\"\/\/solidaridadlatam.org\/brasil\/wp-content\/plugins\/revslider\/sr6\/assets\/assets\/dummy.png\" alt=\"\" class=\"tp-rs-img rs-lazyload\" width=\"800\" height=\"50\" data-lazyload=\"\/\/solidaridadlatam.org\/brasil\/wp-content\/uploads\/2020\/09\/separador1200D.svg\" data-no-retina> \n\t\t\t\t\t\t\t<\/rs-layer><!--\n\n\t\t\t\t\t\t\t--><rs-layer\n\t\t\t\t\t\t\t\tid=\"slider-65-slide-14107-layer-8\" \n\t\t\t\t\t\t\t\tdata-type=\"image\"\n\t\t\t\t\t\t\t\tdata-rsp_ch=\"on\"\n\t\t\t\t\t\t\t\tdata-xy=\"x:c;yo:218px,218px,218px,225px;\"\n\t\t\t\t\t\t\t\tdata-text=\"w:normal;s:20,20,20,18;l:0,0,0,23;\"\n\t\t\t\t\t\t\t\tdata-dim=\"w:100%,100%,100%,466px;h:auto,auto,auto,29px;\"\n\t\t\t\t\t\t\t\tdata-frame_999=\"o:0;st:w;\"\n\t\t\t\t\t\t\t\tstyle=\"z-index:12;\"\n\t\t\t\t\t\t\t><img decoding=\"async\" src=\"\/\/solidaridadlatam.org\/brasil\/wp-content\/plugins\/revslider\/sr6\/assets\/assets\/dummy.png\" alt=\"\" class=\"tp-rs-img rs-lazyload\" width=\"800\" height=\"50\" data-lazyload=\"\/\/solidaridadlatam.org\/brasil\/wp-content\/uploads\/2020\/09\/separador800.svg\" data-no-retina> \n\t\t\t\t\t\t\t<\/rs-layer><!--\n\n\t\t\t\t\t\t\t--><a\n\t\t\t\t\t\t\t\tid=\"slider-65-slide-14107-layer-11\" \n\t\t\t\t\t\t\t\tclass=\"rs-layer\"\n\t\t\t\t\t\t\t\thref=\"https:\/\/solidaridadlatam.org\/brasil\/publications\/guia-de-perguntas-eudr\/\" target=\"_self\" rel=\"nofollow\"\n\t\t\t\t\t\t\t\tdata-type=\"text\"\n\t\t\t\t\t\t\t\tdata-color=\"#000000\"\n\t\t\t\t\t\t\t\tdata-rsp_ch=\"on\"\n\t\t\t\t\t\t\t\tdata-xy=\"x:c;yo:266px,266px,266px,274px;\"\n\t\t\t\t\t\t\t\tdata-text=\"w:normal;s:24,24,24,18;l:32,32,32,22;a:inherit;\"\n\t\t\t\t\t\t\t\tdata-dim=\"w:100%,100%,100%,333px;h:130px,130px,130px,89px;\"\n\t\t\t\t\t\t\t\tdata-frame_999=\"o:0;st:w;\"\n\t\t\t\t\t\t\t\tdata-frame_hover=\"c:#ffcc00;\"\n\t\t\t\t\t\t\t\tstyle=\"z-index:9;font-family:'Source Sans Pro';cursor:pointer;\"\n\t\t\t\t\t\t\t><span style=\"font-weight: bolder;\">Guia de perguntas frequentes sobre a EUDR no Brasil<\/span><br><span style=\"font-size: 16px;\">abril 22, 2026 \n\t\t\t\t\t\t\t<\/a><!--\n-->\t\t\t\t\t<\/rs-slide>\n\t\t\t\t\t\t<rs-slide style=\"position: absolute;\" data-key=\"rs-14049\" data-title=\"Funda\u00e7\u00e3o Solidaridad \u00e9 parceira da Coaliz\u00e3o Brasil em estudo que prop\u00f5e universaliza\u00e7\u00e3o da ATER\" data-anim=\"ms:1000;r:0;\" data-in=\"o:0;\" data-out=\"a:false;\">\n\t\t\t\t\t\t\t<img decoding=\"async\" src=\"\/\/solidaridadlatam.org\/brasil\/wp-content\/plugins\/revslider\/sr6\/assets\/assets\/dummy.png\" alt=\"Funda\u00e7\u00e3o Solidaridad \u00e9 parceira da Coaliz\u00e3o Brasil em estudo que prop\u00f5e universaliza\u00e7\u00e3o da ATER\" title=\"The fruits of a decade: Solidaridad, 10 years in the Amazon\" class=\"rev-slidebg tp-rs-img rs-lazyload\" data-lazyload=\"\/\/solidaridadlatam.org\/brasil\/wp-content\/plugins\/revslider\/sr6\/assets\/assets\/transparent.png\" data-no-retina>\n<!--\n\t\t\t\t\t\t\t--><rs-layer\n\t\t\t\t\t\t\t\tid=\"slider-65-slide-14049-layer-0\" \n\t\t\t\t\t\t\t\tdata-type=\"image\"\n\t\t\t\t\t\t\t\tdata-rsp_ch=\"on\"\n\t\t\t\t\t\t\t\tdata-xy=\"x:c;yo:9px,9px,9px,8px;\"\n\t\t\t\t\t\t\t\tdata-text=\"w:normal;s:20,20,20,18;l:0,0,0,23;\"\n\t\t\t\t\t\t\t\tdata-dim=\"w:[&#039;100%&#039;,&#039;100%&#039;,&#039;100%&#039;,&#039;100%&#039;];h:225px,225px,225px,240px;\"\n\t\t\t\t\t\t\t\tdata-frame_999=\"o:0;st:w;\"\n\t\t\t\t\t\t\t\tstyle=\"z-index:8;\"\n\t\t\t\t\t\t\t><img decoding=\"async\" src=\"\/\/solidaridadlatam.org\/brasil\/wp-content\/plugins\/revslider\/sr6\/assets\/assets\/dummy.png\" alt=\"\" class=\"tp-rs-img rs-lazyload\" width=\"1280\" height=\"720\" data-lazyload=\"\/\/solidaridadlatam.org\/brasil\/wp-content\/uploads\/2026\/03\/Capa-estudo-Nova-Governanca-ATER-1.png\" data-no-retina> \n\t\t\t\t\t\t\t<\/rs-layer><!--\n\n\t\t\t\t\t\t\t--><rs-layer\n\t\t\t\t\t\t\t\tid=\"slider-65-slide-14049-layer-4\" \n\t\t\t\t\t\t\t\tdata-type=\"text\"\n\t\t\t\t\t\t\t\tdata-color=\"#0c0c0c\"\n\t\t\t\t\t\t\t\tdata-rsp_ch=\"on\"\n\t\t\t\t\t\t\t\tdata-xy=\"x:c;y:t,t,t,b;yo:414px,414px,414px,35px;\"\n\t\t\t\t\t\t\t\tdata-text=\"w:normal;s:18,18,18,16;l:22,22,22,20;a:center;\"\n\t\t\t\t\t\t\t\tdata-padding=\"t:2;r:8;b:2;l:8;\"\n\t\t\t\t\t\t\t\tdata-frame_999=\"o:0;st:w;\"\n\t\t\t\t\t\t\t\tdata-frame_hover=\"c:#0c0c0c;bgc:#ffcc00;\"\n\t\t\t\t\t\t\t\tstyle=\"z-index:13;background-color:#d9d9c3;font-family:'Roboto';\"\n\t\t\t\t\t\t\t><a href=\"https:\/\/solidaridadlatam.org\/brasil\/categoria\/brasil\/\" title=\"View all posts in Brasil\" rel=\"category tag\">Brasil<\/a>, <a href=\"https:\/\/solidaridadlatam.org\/brasil\/categoria\/casos-de-estudos\/\" title=\"View all posts in Casos de estudos\" rel=\"category tag\">Casos de estudos<\/a>, <a href=\"https:\/\/solidaridadlatam.org\/brasil\/categoria\/news\/\" title=\"View all posts in Not\u00edcia\" rel=\"category tag\">Not\u00edcia<\/a>, <a href=\"https:\/\/solidaridadlatam.org\/brasil\/categoria\/publications\/\" title=\"View all posts in Publica\u00e7\u00e3o\" rel=\"category tag\">Publica\u00e7\u00e3o<\/a>, <a href=\"https:\/\/solidaridadlatam.org\/brasil\/paises\/brasil\/\" title=\"View all posts in Brasil\" rel=\"category tag\">Brasil<\/a> \n\t\t\t\t\t\t\t<\/rs-layer><!--\n\n\t\t\t\t\t\t\t--><rs-layer\n\t\t\t\t\t\t\t\tid=\"slider-65-slide-14049-layer-7\" \n\t\t\t\t\t\t\t\tdata-type=\"image\"\n\t\t\t\t\t\t\t\tdata-rsp_ch=\"on\"\n\t\t\t\t\t\t\t\tdata-xy=\"x:c;\"\n\t\t\t\t\t\t\t\tdata-text=\"w:normal;s:20,20,20,18;l:0,0,0,23;\"\n\t\t\t\t\t\t\t\tdata-dim=\"w:[&#039;100%&#039;,&#039;100%&#039;,&#039;100%&#039;,&#039;100%&#039;];\"\n\t\t\t\t\t\t\t\tdata-frame_999=\"o:0;st:w;\"\n\t\t\t\t\t\t\t\tstyle=\"z-index:11;\"\n\t\t\t\t\t\t\t><img decoding=\"async\" src=\"\/\/solidaridadlatam.org\/brasil\/wp-content\/plugins\/revslider\/sr6\/assets\/assets\/dummy.png\" alt=\"\" class=\"tp-rs-img rs-lazyload\" width=\"800\" height=\"50\" data-lazyload=\"\/\/solidaridadlatam.org\/brasil\/wp-content\/uploads\/2020\/09\/separador1200D.svg\" data-no-retina> \n\t\t\t\t\t\t\t<\/rs-layer><!--\n\n\t\t\t\t\t\t\t--><rs-layer\n\t\t\t\t\t\t\t\tid=\"slider-65-slide-14049-layer-8\" \n\t\t\t\t\t\t\t\tdata-type=\"image\"\n\t\t\t\t\t\t\t\tdata-rsp_ch=\"on\"\n\t\t\t\t\t\t\t\tdata-xy=\"x:c;yo:218px,218px,218px,225px;\"\n\t\t\t\t\t\t\t\tdata-text=\"w:normal;s:20,20,20,18;l:0,0,0,23;\"\n\t\t\t\t\t\t\t\tdata-dim=\"w:100%,100%,100%,466px;h:auto,auto,auto,29px;\"\n\t\t\t\t\t\t\t\tdata-frame_999=\"o:0;st:w;\"\n\t\t\t\t\t\t\t\tstyle=\"z-index:12;\"\n\t\t\t\t\t\t\t><img decoding=\"async\" src=\"\/\/solidaridadlatam.org\/brasil\/wp-content\/plugins\/revslider\/sr6\/assets\/assets\/dummy.png\" alt=\"\" class=\"tp-rs-img rs-lazyload\" width=\"800\" height=\"50\" data-lazyload=\"\/\/solidaridadlatam.org\/brasil\/wp-content\/uploads\/2020\/09\/separador800.svg\" data-no-retina> \n\t\t\t\t\t\t\t<\/rs-layer><!--\n\n\t\t\t\t\t\t\t--><a\n\t\t\t\t\t\t\t\tid=\"slider-65-slide-14049-layer-11\" \n\t\t\t\t\t\t\t\tclass=\"rs-layer\"\n\t\t\t\t\t\t\t\thref=\"https:\/\/solidaridadlatam.org\/brasil\/news\/estudo-sobre-governanca-ater\/\" target=\"_self\" rel=\"nofollow\"\n\t\t\t\t\t\t\t\tdata-type=\"text\"\n\t\t\t\t\t\t\t\tdata-color=\"#000000\"\n\t\t\t\t\t\t\t\tdata-rsp_ch=\"on\"\n\t\t\t\t\t\t\t\tdata-xy=\"x:c;yo:266px,266px,266px,274px;\"\n\t\t\t\t\t\t\t\tdata-text=\"w:normal;s:24,24,24,18;l:32,32,32,22;a:inherit;\"\n\t\t\t\t\t\t\t\tdata-dim=\"w:100%,100%,100%,333px;h:130px,130px,130px,89px;\"\n\t\t\t\t\t\t\t\tdata-frame_999=\"o:0;st:w;\"\n\t\t\t\t\t\t\t\tdata-frame_hover=\"c:#ffcc00;\"\n\t\t\t\t\t\t\t\tstyle=\"z-index:9;font-family:'Source Sans Pro';cursor:pointer;\"\n\t\t\t\t\t\t\t><span style=\"font-weight: bolder;\">Funda\u00e7\u00e3o Solidaridad \u00e9 parceira da Coaliz\u00e3o Brasil em estudo que prop\u00f5e universaliza\u00e7\u00e3o da ATER<\/span><br><span style=\"font-size: 16px;\">marzo 31, 2026 \n\t\t\t\t\t\t\t<\/a><!--\n-->\t\t\t\t\t<\/rs-slide>\n\t\t\t\t\t\t<rs-slide style=\"position: absolute;\" data-key=\"rs-14046\" data-title=\"Recomenda\u00e7\u00f5es para uma nova governan\u00e7a de Assist\u00eancia T\u00e9cnica e Extens\u00e3o Rural no Brasil\" data-anim=\"ms:1000;r:0;\" data-in=\"o:0;\" data-out=\"a:false;\">\n\t\t\t\t\t\t\t<img decoding=\"async\" src=\"\/\/solidaridadlatam.org\/brasil\/wp-content\/plugins\/revslider\/sr6\/assets\/assets\/dummy.png\" alt=\"Recomenda\u00e7\u00f5es para uma nova governan\u00e7a de Assist\u00eancia T\u00e9cnica e Extens\u00e3o Rural no Brasil\" title=\"The fruits of a decade: Solidaridad, 10 years in the Amazon\" class=\"rev-slidebg tp-rs-img rs-lazyload\" data-lazyload=\"\/\/solidaridadlatam.org\/brasil\/wp-content\/plugins\/revslider\/sr6\/assets\/assets\/transparent.png\" data-no-retina>\n<!--\n\t\t\t\t\t\t\t--><rs-layer\n\t\t\t\t\t\t\t\tid=\"slider-65-slide-14046-layer-0\" \n\t\t\t\t\t\t\t\tdata-type=\"image\"\n\t\t\t\t\t\t\t\tdata-rsp_ch=\"on\"\n\t\t\t\t\t\t\t\tdata-xy=\"x:c;yo:9px,9px,9px,8px;\"\n\t\t\t\t\t\t\t\tdata-text=\"w:normal;s:20,20,20,18;l:0,0,0,23;\"\n\t\t\t\t\t\t\t\tdata-dim=\"w:[&#039;100%&#039;,&#039;100%&#039;,&#039;100%&#039;,&#039;100%&#039;];h:225px,225px,225px,240px;\"\n\t\t\t\t\t\t\t\tdata-frame_999=\"o:0;st:w;\"\n\t\t\t\t\t\t\t\tstyle=\"z-index:8;\"\n\t\t\t\t\t\t\t><img decoding=\"async\" src=\"\/\/solidaridadlatam.org\/brasil\/wp-content\/plugins\/revslider\/sr6\/assets\/assets\/dummy.png\" alt=\"\" class=\"tp-rs-img rs-lazyload\" width=\"666\" height=\"942\" data-lazyload=\"\/\/solidaridadlatam.org\/brasil\/wp-content\/uploads\/2026\/03\/capa-governanca-ater.png\" data-no-retina> \n\t\t\t\t\t\t\t<\/rs-layer><!--\n\n\t\t\t\t\t\t\t--><rs-layer\n\t\t\t\t\t\t\t\tid=\"slider-65-slide-14046-layer-4\" \n\t\t\t\t\t\t\t\tdata-type=\"text\"\n\t\t\t\t\t\t\t\tdata-color=\"#0c0c0c\"\n\t\t\t\t\t\t\t\tdata-rsp_ch=\"on\"\n\t\t\t\t\t\t\t\tdata-xy=\"x:c;y:t,t,t,b;yo:414px,414px,414px,35px;\"\n\t\t\t\t\t\t\t\tdata-text=\"w:normal;s:18,18,18,16;l:22,22,22,20;a:center;\"\n\t\t\t\t\t\t\t\tdata-padding=\"t:2;r:8;b:2;l:8;\"\n\t\t\t\t\t\t\t\tdata-frame_999=\"o:0;st:w;\"\n\t\t\t\t\t\t\t\tdata-frame_hover=\"c:#0c0c0c;bgc:#ffcc00;\"\n\t\t\t\t\t\t\t\tstyle=\"z-index:13;background-color:#d9d9c3;font-family:'Roboto';\"\n\t\t\t\t\t\t\t><a href=\"https:\/\/solidaridadlatam.org\/brasil\/categoria\/brasil\/\" title=\"View all posts in Brasil\" rel=\"category tag\">Brasil<\/a>, <a href=\"https:\/\/solidaridadlatam.org\/brasil\/categoria\/casos-de-estudos\/\" title=\"View all posts in Casos de estudos\" rel=\"category tag\">Casos de estudos<\/a>, <a href=\"https:\/\/solidaridadlatam.org\/brasil\/categoria\/publications\/\" title=\"View all posts in Publica\u00e7\u00e3o\" rel=\"category tag\">Publica\u00e7\u00e3o<\/a>, <a href=\"https:\/\/solidaridadlatam.org\/brasil\/paises\/brasil\/\" title=\"View all posts in Brasil\" rel=\"category tag\">Brasil<\/a> \n\t\t\t\t\t\t\t<\/rs-layer><!--\n\n\t\t\t\t\t\t\t--><rs-layer\n\t\t\t\t\t\t\t\tid=\"slider-65-slide-14046-layer-7\" \n\t\t\t\t\t\t\t\tdata-type=\"image\"\n\t\t\t\t\t\t\t\tdata-rsp_ch=\"on\"\n\t\t\t\t\t\t\t\tdata-xy=\"x:c;\"\n\t\t\t\t\t\t\t\tdata-text=\"w:normal;s:20,20,20,18;l:0,0,0,23;\"\n\t\t\t\t\t\t\t\tdata-dim=\"w:[&#039;100%&#039;,&#039;100%&#039;,&#039;100%&#039;,&#039;100%&#039;];\"\n\t\t\t\t\t\t\t\tdata-frame_999=\"o:0;st:w;\"\n\t\t\t\t\t\t\t\tstyle=\"z-index:11;\"\n\t\t\t\t\t\t\t><img decoding=\"async\" src=\"\/\/solidaridadlatam.org\/brasil\/wp-content\/plugins\/revslider\/sr6\/assets\/assets\/dummy.png\" alt=\"\" class=\"tp-rs-img rs-lazyload\" width=\"800\" height=\"50\" data-lazyload=\"\/\/solidaridadlatam.org\/brasil\/wp-content\/uploads\/2020\/09\/separador1200D.svg\" data-no-retina> \n\t\t\t\t\t\t\t<\/rs-layer><!--\n\n\t\t\t\t\t\t\t--><rs-layer\n\t\t\t\t\t\t\t\tid=\"slider-65-slide-14046-layer-8\" \n\t\t\t\t\t\t\t\tdata-type=\"image\"\n\t\t\t\t\t\t\t\tdata-rsp_ch=\"on\"\n\t\t\t\t\t\t\t\tdata-xy=\"x:c;yo:218px,218px,218px,225px;\"\n\t\t\t\t\t\t\t\tdata-text=\"w:normal;s:20,20,20,18;l:0,0,0,23;\"\n\t\t\t\t\t\t\t\tdata-dim=\"w:100%,100%,100%,466px;h:auto,auto,auto,29px;\"\n\t\t\t\t\t\t\t\tdata-frame_999=\"o:0;st:w;\"\n\t\t\t\t\t\t\t\tstyle=\"z-index:12;\"\n\t\t\t\t\t\t\t><img decoding=\"async\" src=\"\/\/solidaridadlatam.org\/brasil\/wp-content\/plugins\/revslider\/sr6\/assets\/assets\/dummy.png\" alt=\"\" class=\"tp-rs-img rs-lazyload\" width=\"800\" height=\"50\" data-lazyload=\"\/\/solidaridadlatam.org\/brasil\/wp-content\/uploads\/2020\/09\/separador800.svg\" data-no-retina> \n\t\t\t\t\t\t\t<\/rs-layer><!--\n\n\t\t\t\t\t\t\t--><a\n\t\t\t\t\t\t\t\tid=\"slider-65-slide-14046-layer-11\" \n\t\t\t\t\t\t\t\tclass=\"rs-layer\"\n\t\t\t\t\t\t\t\thref=\"https:\/\/solidaridadlatam.org\/brasil\/publications\/nova-governanca-ater\/\" target=\"_self\" rel=\"nofollow\"\n\t\t\t\t\t\t\t\tdata-type=\"text\"\n\t\t\t\t\t\t\t\tdata-color=\"#000000\"\n\t\t\t\t\t\t\t\tdata-rsp_ch=\"on\"\n\t\t\t\t\t\t\t\tdata-xy=\"x:c;yo:266px,266px,266px,274px;\"\n\t\t\t\t\t\t\t\tdata-text=\"w:normal;s:24,24,24,18;l:32,32,32,22;a:inherit;\"\n\t\t\t\t\t\t\t\tdata-dim=\"w:100%,100%,100%,333px;h:130px,130px,130px,89px;\"\n\t\t\t\t\t\t\t\tdata-frame_999=\"o:0;st:w;\"\n\t\t\t\t\t\t\t\tdata-frame_hover=\"c:#ffcc00;\"\n\t\t\t\t\t\t\t\tstyle=\"z-index:9;font-family:'Source Sans Pro';cursor:pointer;\"\n\t\t\t\t\t\t\t><span style=\"font-weight: bolder;\">Recomenda\u00e7\u00f5es para uma nova governan\u00e7a de Assist\u00eancia T\u00e9cnica e Extens\u00e3o Rural no Brasil<\/span><br><span style=\"font-size: 16px;\">marzo 30, 2026 \n\t\t\t\t\t\t\t<\/a><!--\n-->\t\t\t\t\t<\/rs-slide>\n\t\t\t\t\t\t<rs-slide style=\"position: absolute;\" data-key=\"rs-13742\" data-title=\"Connecting women of the amazonian region\" data-anim=\"ms:1000;r:0;\" data-in=\"o:0;\" data-out=\"a:false;\">\n\t\t\t\t\t\t\t<img decoding=\"async\" src=\"\/\/solidaridadlatam.org\/brasil\/wp-content\/plugins\/revslider\/sr6\/assets\/assets\/dummy.png\" alt=\"Connecting women of the amazonian region\" title=\"The fruits of a decade: Solidaridad, 10 years in the Amazon\" class=\"rev-slidebg tp-rs-img rs-lazyload\" data-lazyload=\"\/\/solidaridadlatam.org\/brasil\/wp-content\/plugins\/revslider\/sr6\/assets\/assets\/transparent.png\" data-no-retina>\n<!--\n\t\t\t\t\t\t\t--><rs-layer\n\t\t\t\t\t\t\t\tid=\"slider-65-slide-13742-layer-0\" \n\t\t\t\t\t\t\t\tdata-type=\"image\"\n\t\t\t\t\t\t\t\tdata-rsp_ch=\"on\"\n\t\t\t\t\t\t\t\tdata-xy=\"x:c;yo:9px,9px,9px,8px;\"\n\t\t\t\t\t\t\t\tdata-text=\"w:normal;s:20,20,20,18;l:0,0,0,23;\"\n\t\t\t\t\t\t\t\tdata-dim=\"w:[&#039;100%&#039;,&#039;100%&#039;,&#039;100%&#039;,&#039;100%&#039;];h:225px,225px,225px,240px;\"\n\t\t\t\t\t\t\t\tdata-frame_999=\"o:0;st:w;\"\n\t\t\t\t\t\t\t\tstyle=\"z-index:8;\"\n\t\t\t\t\t\t\t><img decoding=\"async\" src=\"\/\/solidaridadlatam.org\/brasil\/wp-content\/plugins\/revslider\/sr6\/assets\/assets\/dummy.png\" alt=\"\" class=\"tp-rs-img rs-lazyload\" width=\"1269\" height=\"896\" data-lazyload=\"\/\/solidaridadlatam.org\/brasil\/wp-content\/uploads\/2026\/01\/Connecting-women-1.png\" data-no-retina> \n\t\t\t\t\t\t\t<\/rs-layer><!--\n\n\t\t\t\t\t\t\t--><rs-layer\n\t\t\t\t\t\t\t\tid=\"slider-65-slide-13742-layer-4\" \n\t\t\t\t\t\t\t\tdata-type=\"text\"\n\t\t\t\t\t\t\t\tdata-color=\"#0c0c0c\"\n\t\t\t\t\t\t\t\tdata-rsp_ch=\"on\"\n\t\t\t\t\t\t\t\tdata-xy=\"x:c;y:t,t,t,b;yo:414px,414px,414px,35px;\"\n\t\t\t\t\t\t\t\tdata-text=\"w:normal;s:18,18,18,16;l:22,22,22,20;a:center;\"\n\t\t\t\t\t\t\t\tdata-padding=\"t:2;r:8;b:2;l:8;\"\n\t\t\t\t\t\t\t\tdata-frame_999=\"o:0;st:w;\"\n\t\t\t\t\t\t\t\tdata-frame_hover=\"c:#0c0c0c;bgc:#ffcc00;\"\n\t\t\t\t\t\t\t\tstyle=\"z-index:13;background-color:#d9d9c3;font-family:'Roboto';\"\n\t\t\t\t\t\t\t><a href=\"https:\/\/solidaridadlatam.org\/brasil\/categoria\/amazonia\/\" title=\"View all posts in Amaz\u00f4nia\" rel=\"category tag\">Amaz\u00f4nia<\/a>, <a href=\"https:\/\/solidaridadlatam.org\/brasil\/categoria\/brasil\/\" title=\"View all posts in Brasil\" rel=\"category tag\">Brasil<\/a>, <a href=\"https:\/\/solidaridadlatam.org\/brasil\/categoria\/cacau\/\" title=\"View all posts in Cacau\" rel=\"category tag\">Cacau<\/a>, <a href=\"https:\/\/solidaridadlatam.org\/brasil\/categoria\/pecuaria\/\" title=\"View all posts in Pecu\u00e1ria\" rel=\"category tag\">Pecu\u00e1ria<\/a>, <a href=\"https:\/\/solidaridadlatam.org\/brasil\/categoria\/publications\/\" title=\"View all posts in Publica\u00e7\u00e3o\" rel=\"category tag\">Publica\u00e7\u00e3o<\/a>, <a href=\"https:\/\/solidaridadlatam.org\/brasil\/paises\/brasil\/\" title=\"View all posts in Brasil\" rel=\"category tag\">Brasil<\/a> \n\t\t\t\t\t\t\t<\/rs-layer><!--\n\n\t\t\t\t\t\t\t--><rs-layer\n\t\t\t\t\t\t\t\tid=\"slider-65-slide-13742-layer-7\" \n\t\t\t\t\t\t\t\tdata-type=\"image\"\n\t\t\t\t\t\t\t\tdata-rsp_ch=\"on\"\n\t\t\t\t\t\t\t\tdata-xy=\"x:c;\"\n\t\t\t\t\t\t\t\tdata-text=\"w:normal;s:20,20,20,18;l:0,0,0,23;\"\n\t\t\t\t\t\t\t\tdata-dim=\"w:[&#039;100%&#039;,&#039;100%&#039;,&#039;100%&#039;,&#039;100%&#039;];\"\n\t\t\t\t\t\t\t\tdata-frame_999=\"o:0;st:w;\"\n\t\t\t\t\t\t\t\tstyle=\"z-index:11;\"\n\t\t\t\t\t\t\t><img decoding=\"async\" src=\"\/\/solidaridadlatam.org\/brasil\/wp-content\/plugins\/revslider\/sr6\/assets\/assets\/dummy.png\" alt=\"\" class=\"tp-rs-img rs-lazyload\" width=\"800\" height=\"50\" data-lazyload=\"\/\/solidaridadlatam.org\/brasil\/wp-content\/uploads\/2020\/09\/separador1200D.svg\" data-no-retina> \n\t\t\t\t\t\t\t<\/rs-layer><!--\n\n\t\t\t\t\t\t\t--><rs-layer\n\t\t\t\t\t\t\t\tid=\"slider-65-slide-13742-layer-8\" \n\t\t\t\t\t\t\t\tdata-type=\"image\"\n\t\t\t\t\t\t\t\tdata-rsp_ch=\"on\"\n\t\t\t\t\t\t\t\tdata-xy=\"x:c;yo:218px,218px,218px,225px;\"\n\t\t\t\t\t\t\t\tdata-text=\"w:normal;s:20,20,20,18;l:0,0,0,23;\"\n\t\t\t\t\t\t\t\tdata-dim=\"w:100%,100%,100%,466px;h:auto,auto,auto,29px;\"\n\t\t\t\t\t\t\t\tdata-frame_999=\"o:0;st:w;\"\n\t\t\t\t\t\t\t\tstyle=\"z-index:12;\"\n\t\t\t\t\t\t\t><img decoding=\"async\" src=\"\/\/solidaridadlatam.org\/brasil\/wp-content\/plugins\/revslider\/sr6\/assets\/assets\/dummy.png\" alt=\"\" class=\"tp-rs-img rs-lazyload\" width=\"800\" height=\"50\" data-lazyload=\"\/\/solidaridadlatam.org\/brasil\/wp-content\/uploads\/2020\/09\/separador800.svg\" data-no-retina> \n\t\t\t\t\t\t\t<\/rs-layer><!--\n\n\t\t\t\t\t\t\t--><a\n\t\t\t\t\t\t\t\tid=\"slider-65-slide-13742-layer-11\" \n\t\t\t\t\t\t\t\tclass=\"rs-layer\"\n\t\t\t\t\t\t\t\thref=\"https:\/\/solidaridadlatam.org\/brasil\/publications\/connecting-women-of-the-amazonian-region\/\" target=\"_self\" rel=\"nofollow\"\n\t\t\t\t\t\t\t\tdata-type=\"text\"\n\t\t\t\t\t\t\t\tdata-color=\"#000000\"\n\t\t\t\t\t\t\t\tdata-rsp_ch=\"on\"\n\t\t\t\t\t\t\t\tdata-xy=\"x:c;yo:266px,266px,266px,274px;\"\n\t\t\t\t\t\t\t\tdata-text=\"w:normal;s:24,24,24,18;l:32,32,32,22;a:inherit;\"\n\t\t\t\t\t\t\t\tdata-dim=\"w:100%,100%,100%,333px;h:130px,130px,130px,89px;\"\n\t\t\t\t\t\t\t\tdata-frame_999=\"o:0;st:w;\"\n\t\t\t\t\t\t\t\tdata-frame_hover=\"c:#ffcc00;\"\n\t\t\t\t\t\t\t\tstyle=\"z-index:9;font-family:'Source Sans Pro';cursor:pointer;\"\n\t\t\t\t\t\t\t><span style=\"font-weight: bolder;\">Connecting women of the amazonian region<\/span><br><span style=\"font-size: 16px;\">enero 21, 2026 \n\t\t\t\t\t\t\t<\/a><!--\n-->\t\t\t\t\t<\/rs-slide>\n\t\t\t\t\t\t<rs-slide style=\"position: absolute;\" data-key=\"rs-13732\" data-title=\"Conectando mulheres da Transamaz\u00f4nica\" data-anim=\"ms:1000;r:0;\" data-in=\"o:0;\" data-out=\"a:false;\">\n\t\t\t\t\t\t\t<img decoding=\"async\" src=\"\/\/solidaridadlatam.org\/brasil\/wp-content\/plugins\/revslider\/sr6\/assets\/assets\/dummy.png\" alt=\"Conectando mulheres da Transamaz\u00f4nica\" title=\"The fruits of a decade: Solidaridad, 10 years in the Amazon\" class=\"rev-slidebg tp-rs-img rs-lazyload\" data-lazyload=\"\/\/solidaridadlatam.org\/brasil\/wp-content\/plugins\/revslider\/sr6\/assets\/assets\/transparent.png\" data-no-retina>\n<!--\n\t\t\t\t\t\t\t--><rs-layer\n\t\t\t\t\t\t\t\tid=\"slider-65-slide-13732-layer-0\" \n\t\t\t\t\t\t\t\tdata-type=\"image\"\n\t\t\t\t\t\t\t\tdata-rsp_ch=\"on\"\n\t\t\t\t\t\t\t\tdata-xy=\"x:c;yo:9px,9px,9px,8px;\"\n\t\t\t\t\t\t\t\tdata-text=\"w:normal;s:20,20,20,18;l:0,0,0,23;\"\n\t\t\t\t\t\t\t\tdata-dim=\"w:[&#039;100%&#039;,&#039;100%&#039;,&#039;100%&#039;,&#039;100%&#039;];h:225px,225px,225px,240px;\"\n\t\t\t\t\t\t\t\tdata-frame_999=\"o:0;st:w;\"\n\t\t\t\t\t\t\t\tstyle=\"z-index:8;\"\n\t\t\t\t\t\t\t><img decoding=\"async\" src=\"\/\/solidaridadlatam.org\/brasil\/wp-content\/plugins\/revslider\/sr6\/assets\/assets\/dummy.png\" alt=\"\" class=\"tp-rs-img rs-lazyload\" width=\"1337\" height=\"943\" data-lazyload=\"\/\/solidaridadlatam.org\/brasil\/wp-content\/uploads\/2026\/01\/Conectando-mulheres.png\" data-no-retina> \n\t\t\t\t\t\t\t<\/rs-layer><!--\n\n\t\t\t\t\t\t\t--><rs-layer\n\t\t\t\t\t\t\t\tid=\"slider-65-slide-13732-layer-4\" \n\t\t\t\t\t\t\t\tdata-type=\"text\"\n\t\t\t\t\t\t\t\tdata-color=\"#0c0c0c\"\n\t\t\t\t\t\t\t\tdata-rsp_ch=\"on\"\n\t\t\t\t\t\t\t\tdata-xy=\"x:c;y:t,t,t,b;yo:414px,414px,414px,35px;\"\n\t\t\t\t\t\t\t\tdata-text=\"w:normal;s:18,18,18,16;l:22,22,22,20;a:center;\"\n\t\t\t\t\t\t\t\tdata-padding=\"t:2;r:8;b:2;l:8;\"\n\t\t\t\t\t\t\t\tdata-frame_999=\"o:0;st:w;\"\n\t\t\t\t\t\t\t\tdata-frame_hover=\"c:#0c0c0c;bgc:#ffcc00;\"\n\t\t\t\t\t\t\t\tstyle=\"z-index:13;background-color:#d9d9c3;font-family:'Roboto';\"\n\t\t\t\t\t\t\t><a href=\"https:\/\/solidaridadlatam.org\/brasil\/categoria\/amazonia\/\" title=\"View all posts in Amaz\u00f4nia\" rel=\"category tag\">Amaz\u00f4nia<\/a>, <a href=\"https:\/\/solidaridadlatam.org\/brasil\/categoria\/brasil\/\" title=\"View all posts in Brasil\" rel=\"category tag\">Brasil<\/a>, <a href=\"https:\/\/solidaridadlatam.org\/brasil\/categoria\/cacau\/\" title=\"View all posts in Cacau\" rel=\"category tag\">Cacau<\/a>, <a href=\"https:\/\/solidaridadlatam.org\/brasil\/categoria\/pecuaria\/\" title=\"View all posts in Pecu\u00e1ria\" rel=\"category tag\">Pecu\u00e1ria<\/a>, <a href=\"https:\/\/solidaridadlatam.org\/brasil\/categoria\/publications\/\" title=\"View all posts in Publica\u00e7\u00e3o\" rel=\"category tag\">Publica\u00e7\u00e3o<\/a>, <a href=\"https:\/\/solidaridadlatam.org\/brasil\/paises\/brasil\/\" title=\"View all posts in Brasil\" rel=\"category tag\">Brasil<\/a> \n\t\t\t\t\t\t\t<\/rs-layer><!--\n\n\t\t\t\t\t\t\t--><rs-layer\n\t\t\t\t\t\t\t\tid=\"slider-65-slide-13732-layer-7\" \n\t\t\t\t\t\t\t\tdata-type=\"image\"\n\t\t\t\t\t\t\t\tdata-rsp_ch=\"on\"\n\t\t\t\t\t\t\t\tdata-xy=\"x:c;\"\n\t\t\t\t\t\t\t\tdata-text=\"w:normal;s:20,20,20,18;l:0,0,0,23;\"\n\t\t\t\t\t\t\t\tdata-dim=\"w:[&#039;100%&#039;,&#039;100%&#039;,&#039;100%&#039;,&#039;100%&#039;];\"\n\t\t\t\t\t\t\t\tdata-frame_999=\"o:0;st:w;\"\n\t\t\t\t\t\t\t\tstyle=\"z-index:11;\"\n\t\t\t\t\t\t\t><img decoding=\"async\" src=\"\/\/solidaridadlatam.org\/brasil\/wp-content\/plugins\/revslider\/sr6\/assets\/assets\/dummy.png\" alt=\"\" class=\"tp-rs-img rs-lazyload\" width=\"800\" height=\"50\" data-lazyload=\"\/\/solidaridadlatam.org\/brasil\/wp-content\/uploads\/2020\/09\/separador1200D.svg\" data-no-retina> \n\t\t\t\t\t\t\t<\/rs-layer><!--\n\n\t\t\t\t\t\t\t--><rs-layer\n\t\t\t\t\t\t\t\tid=\"slider-65-slide-13732-layer-8\" \n\t\t\t\t\t\t\t\tdata-type=\"image\"\n\t\t\t\t\t\t\t\tdata-rsp_ch=\"on\"\n\t\t\t\t\t\t\t\tdata-xy=\"x:c;yo:218px,218px,218px,225px;\"\n\t\t\t\t\t\t\t\tdata-text=\"w:normal;s:20,20,20,18;l:0,0,0,23;\"\n\t\t\t\t\t\t\t\tdata-dim=\"w:100%,100%,100%,466px;h:auto,auto,auto,29px;\"\n\t\t\t\t\t\t\t\tdata-frame_999=\"o:0;st:w;\"\n\t\t\t\t\t\t\t\tstyle=\"z-index:12;\"\n\t\t\t\t\t\t\t><img decoding=\"async\" src=\"\/\/solidaridadlatam.org\/brasil\/wp-content\/plugins\/revslider\/sr6\/assets\/assets\/dummy.png\" alt=\"\" class=\"tp-rs-img rs-lazyload\" width=\"800\" height=\"50\" data-lazyload=\"\/\/solidaridadlatam.org\/brasil\/wp-content\/uploads\/2020\/09\/separador800.svg\" data-no-retina> \n\t\t\t\t\t\t\t<\/rs-layer><!--\n\n\t\t\t\t\t\t\t--><a\n\t\t\t\t\t\t\t\tid=\"slider-65-slide-13732-layer-11\" \n\t\t\t\t\t\t\t\tclass=\"rs-layer\"\n\t\t\t\t\t\t\t\thref=\"https:\/\/solidaridadlatam.org\/brasil\/publications\/bem-viver-amazonia-2025\/\" target=\"_self\" rel=\"nofollow\"\n\t\t\t\t\t\t\t\tdata-type=\"text\"\n\t\t\t\t\t\t\t\tdata-color=\"#000000\"\n\t\t\t\t\t\t\t\tdata-rsp_ch=\"on\"\n\t\t\t\t\t\t\t\tdata-xy=\"x:c;yo:266px,266px,266px,274px;\"\n\t\t\t\t\t\t\t\tdata-text=\"w:normal;s:24,24,24,18;l:32,32,32,22;a:inherit;\"\n\t\t\t\t\t\t\t\tdata-dim=\"w:100%,100%,100%,333px;h:130px,130px,130px,89px;\"\n\t\t\t\t\t\t\t\tdata-frame_999=\"o:0;st:w;\"\n\t\t\t\t\t\t\t\tdata-frame_hover=\"c:#ffcc00;\"\n\t\t\t\t\t\t\t\tstyle=\"z-index:9;font-family:'Source Sans Pro';cursor:pointer;\"\n\t\t\t\t\t\t\t><span style=\"font-weight: bolder;\">Conectando mulheres da Transamaz\u00f4nica<\/span><br><span style=\"font-size: 16px;\">enero 21, 2026 \n\t\t\t\t\t\t\t<\/a><!--\n-->\t\t\t\t\t<\/rs-slide>\n\t\t\t\t\t<\/rs-slides>\n\t\t\t\t<\/rs-module>\n\t\t\t\t<script>\n\t\t\t\t\tsetREVStartSize({c: 'rev_slider_65_1',rl:[1240,1240,1240,480],el:[450,450,450,450],gw:[400,400,400,375],gh:[450,450,450,450],type:'carousel',justify:'',layout:'fullwidth',mh:\"0\"});if (window.RS_MODULES!==undefined && window.RS_MODULES.modules!==undefined && window.RS_MODULES.modules[\"revslider651\"]!==undefined) {window.RS_MODULES.modules[\"revslider651\"].once = false;window.revapi65 = undefined;if (window.RS_MODULES.checkMinimal!==undefined) window.RS_MODULES.checkMinimal()}\n\t\t\t\t<\/script>\n\t\t\t<\/rs-module-wrap>\n\t\t\t<!-- END REVOLUTION SLIDER -->\n[\/vc_column][\/vc_row]<\/p>\n<\/div>","protected":false},"excerpt":{"rendered":"<p>[vc_row][vc_column][vc_column_text css=\u00bb\u00bb text_larger=\u00bbno\u00bb el_class=\u00bbintrotext\u00bb woodmart_inline=\u00bbno\u00bb]The publication The fruits of a decade: Solidaridad, 10 years in the Amazon celebrates a decade<\/p>\n","protected":false},"author":12,"featured_media":13587,"comment_status":"closed","ping_status":"closed","sticky":false,"template":"","format":"standard","meta":{"footnotes":""},"categories":[138,55,49,29,88],"tags":[242,226,153,142,235,141,204,243,155,201],"paises":[],"programa":[],"tema":[],"formato":[],"class_list":["post-13593","post","type-post","status-publish","format-standard","has-post-thumbnail","hentry","category-amazonia","category-brasil","category-cacau","category-pecuaria","category-publications","tag-agricultura-familiar","tag-agricultura-regenerativa","tag-agroecologia","tag-amazonia","tag-boas-praticas","tag-cacau","tag-desmatamento","tag-para","tag-pequenos-agricultores","tag-sustentabilidade"],"yoast_head":"<!-- This site is optimized with the Yoast SEO plugin v25.4 - https:\/\/yoast.com\/wordpress\/plugins\/seo\/ -->\n<title>The fruits of a decade: Solidaridad, 10 years in the Amazon - Solidaridad Southamerica<\/title>\n<meta name=\"description\" content=\"The study The fruits of a decade: Solidaridad, 10 years in the Amazon celebrates a decade of continuous work to build low-carbon agriculture in the Transamazonian Highway in Par\u00e1. The publication brings together previously unpublished data on the socioeconomic profile of farming families, as well as analyses of land use, deforestation dynamics and the transformations promoted by Solidaridad&#039;s Amazon Programme, which today directly benefits more than 1,600 rural families in six municipalities in Par\u00e1.\" \/>\n<meta name=\"robots\" content=\"index, follow, max-snippet:-1, max-image-preview:large, max-video-preview:-1\" \/>\n<link rel=\"canonical\" href=\"https:\/\/solidaridadlatam.org\/brasil\/publications\/the-fruits-of-a-decade\/\" \/>\n<meta property=\"og:locale\" content=\"es_ES\" \/>\n<meta property=\"og:type\" content=\"article\" \/>\n<meta property=\"og:title\" content=\"The fruits of a decade: Solidaridad, 10 years in the Amazon - Solidaridad Southamerica\" \/>\n<meta property=\"og:description\" content=\"The study The fruits of a decade: Solidaridad, 10 years in the Amazon celebrates a decade of continuous work to build low-carbon agriculture in the Transamazonian Highway in Par\u00e1. The publication brings together previously unpublished data on the socioeconomic profile of farming families, as well as analyses of land use, deforestation dynamics and the transformations promoted by Solidaridad&#039;s Amazon Programme, which today directly benefits more than 1,600 rural families in six municipalities in Par\u00e1.\" \/>\n<meta property=\"og:url\" content=\"https:\/\/solidaridadlatam.org\/brasil\/publications\/the-fruits-of-a-decade\/\" \/>\n<meta property=\"og:site_name\" content=\"Solidaridad Southamerica\" \/>\n<meta property=\"article:published_time\" content=\"2025-11-10T11:35:31+00:00\" \/>\n<meta property=\"article:modified_time\" content=\"2026-02-06T13:48:11+00:00\" \/>\n<meta name=\"author\" content=\"Mariana Leite\" \/>\n<meta name=\"twitter:card\" content=\"summary_large_image\" \/>\n<meta name=\"twitter:label1\" content=\"Escrito por\" \/>\n\t<meta name=\"twitter:data1\" content=\"Mariana Leite\" \/>\n\t<meta name=\"twitter:label2\" content=\"Tiempo de lectura\" \/>\n\t<meta name=\"twitter:data2\" content=\"2 minutos\" \/>\n<script type=\"application\/ld+json\" class=\"yoast-schema-graph\">{\"@context\":\"https:\/\/schema.org\",\"@graph\":[{\"@type\":\"WebPage\",\"@id\":\"https:\/\/solidaridadlatam.org\/brasil\/publications\/the-fruits-of-a-decade\/\",\"url\":\"https:\/\/solidaridadlatam.org\/brasil\/publications\/the-fruits-of-a-decade\/\",\"name\":\"The fruits of a decade: Solidaridad, 10 years in the Amazon - Solidaridad Southamerica\",\"isPartOf\":{\"@id\":\"https:\/\/solidaridadlatam.org\/brasil\/#website\"},\"primaryImageOfPage\":{\"@id\":\"https:\/\/solidaridadlatam.org\/brasil\/publications\/the-fruits-of-a-decade\/#primaryimage\"},\"image\":{\"@id\":\"https:\/\/solidaridadlatam.org\/brasil\/publications\/the-fruits-of-a-decade\/#primaryimage\"},\"thumbnailUrl\":\"https:\/\/solidaridadlatam.org\/brasil\/wp-content\/uploads\/2025\/11\/ScreenHunter-1204.png\",\"datePublished\":\"2025-11-10T11:35:31+00:00\",\"dateModified\":\"2026-02-06T13:48:11+00:00\",\"author\":{\"@id\":\"https:\/\/solidaridadlatam.org\/brasil\/#\/schema\/person\/c54781db289fba934b8a4cef5b9b15bc\"},\"description\":\"The study The fruits of a decade: Solidaridad, 10 years in the Amazon celebrates a decade of continuous work to build low-carbon agriculture in the Transamazonian Highway in Par\u00e1. The publication brings together previously unpublished data on the socioeconomic profile of farming families, as well as analyses of land use, deforestation dynamics and the transformations promoted by Solidaridad's Amazon Programme, which today directly benefits more than 1,600 rural families in six municipalities in Par\u00e1.\",\"breadcrumb\":{\"@id\":\"https:\/\/solidaridadlatam.org\/brasil\/publications\/the-fruits-of-a-decade\/#breadcrumb\"},\"inLanguage\":\"es\",\"potentialAction\":[{\"@type\":\"ReadAction\",\"target\":[\"https:\/\/solidaridadlatam.org\/brasil\/publications\/the-fruits-of-a-decade\/\"]}]},{\"@type\":\"ImageObject\",\"inLanguage\":\"es\",\"@id\":\"https:\/\/solidaridadlatam.org\/brasil\/publications\/the-fruits-of-a-decade\/#primaryimage\",\"url\":\"https:\/\/solidaridadlatam.org\/brasil\/wp-content\/uploads\/2025\/11\/ScreenHunter-1204.png\",\"contentUrl\":\"https:\/\/solidaridadlatam.org\/brasil\/wp-content\/uploads\/2025\/11\/ScreenHunter-1204.png\",\"width\":1462,\"height\":817},{\"@type\":\"BreadcrumbList\",\"@id\":\"https:\/\/solidaridadlatam.org\/brasil\/publications\/the-fruits-of-a-decade\/#breadcrumb\",\"itemListElement\":[{\"@type\":\"ListItem\",\"position\":1,\"name\":\"Portada\",\"item\":\"https:\/\/solidaridadlatam.org\/brasil\/\"},{\"@type\":\"ListItem\",\"position\":2,\"name\":\"The fruits of a decade: Solidaridad, 10 years in the Amazon\"}]},{\"@type\":\"WebSite\",\"@id\":\"https:\/\/solidaridadlatam.org\/brasil\/#website\",\"url\":\"https:\/\/solidaridadlatam.org\/brasil\/\",\"name\":\"Solidaridad Southamerica\",\"description\":\"Organizaci\u00f3n Internacional sin fines de lucro con 50 a\u00f1os de experiencia a nivel global en desarrollo de mercados sostenibles e inclusivos\",\"potentialAction\":[{\"@type\":\"SearchAction\",\"target\":{\"@type\":\"EntryPoint\",\"urlTemplate\":\"https:\/\/solidaridadlatam.org\/brasil\/?s={search_term_string}\"},\"query-input\":{\"@type\":\"PropertyValueSpecification\",\"valueRequired\":true,\"valueName\":\"search_term_string\"}}],\"inLanguage\":\"es\"},{\"@type\":\"Person\",\"@id\":\"https:\/\/solidaridadlatam.org\/brasil\/#\/schema\/person\/c54781db289fba934b8a4cef5b9b15bc\",\"name\":\"Mariana Leite\",\"image\":{\"@type\":\"ImageObject\",\"inLanguage\":\"es\",\"@id\":\"https:\/\/solidaridadlatam.org\/brasil\/#\/schema\/person\/image\/\",\"url\":\"https:\/\/secure.gravatar.com\/avatar\/855c42385c9836ba2ffe9c55dd611d56?s=96&d=mm&r=g\",\"contentUrl\":\"https:\/\/secure.gravatar.com\/avatar\/855c42385c9836ba2ffe9c55dd611d56?s=96&d=mm&r=g\",\"caption\":\"Mariana Leite\"},\"url\":\"https:\/\/solidaridadlatam.org\/brasil\/author\/marianaleite\/\"}]}<\/script>\n<!-- \/ Yoast SEO plugin. -->","yoast_head_json":{"title":"The fruits of a decade: Solidaridad, 10 years in the Amazon - Solidaridad Southamerica","description":"The study The fruits of a decade: Solidaridad, 10 years in the Amazon celebrates a decade of continuous work to build low-carbon agriculture in the Transamazonian Highway in Par\u00e1. The publication brings together previously unpublished data on the socioeconomic profile of farming families, as well as analyses of land use, deforestation dynamics and the transformations promoted by Solidaridad's Amazon Programme, which today directly benefits more than 1,600 rural families in six municipalities in Par\u00e1.","robots":{"index":"index","follow":"follow","max-snippet":"max-snippet:-1","max-image-preview":"max-image-preview:large","max-video-preview":"max-video-preview:-1"},"canonical":"https:\/\/solidaridadlatam.org\/brasil\/publications\/the-fruits-of-a-decade\/","og_locale":"es_ES","og_type":"article","og_title":"The fruits of a decade: Solidaridad, 10 years in the Amazon - Solidaridad Southamerica","og_description":"The study The fruits of a decade: Solidaridad, 10 years in the Amazon celebrates a decade of continuous work to build low-carbon agriculture in the Transamazonian Highway in Par\u00e1. The publication brings together previously unpublished data on the socioeconomic profile of farming families, as well as analyses of land use, deforestation dynamics and the transformations promoted by Solidaridad's Amazon Programme, which today directly benefits more than 1,600 rural families in six municipalities in Par\u00e1.","og_url":"https:\/\/solidaridadlatam.org\/brasil\/publications\/the-fruits-of-a-decade\/","og_site_name":"Solidaridad Southamerica","article_published_time":"2025-11-10T11:35:31+00:00","article_modified_time":"2026-02-06T13:48:11+00:00","author":"Mariana Leite","twitter_card":"summary_large_image","twitter_misc":{"Escrito por":"Mariana Leite","Tiempo de lectura":"2 minutos"},"schema":{"@context":"https:\/\/schema.org","@graph":[{"@type":"WebPage","@id":"https:\/\/solidaridadlatam.org\/brasil\/publications\/the-fruits-of-a-decade\/","url":"https:\/\/solidaridadlatam.org\/brasil\/publications\/the-fruits-of-a-decade\/","name":"The fruits of a decade: Solidaridad, 10 years in the Amazon - Solidaridad Southamerica","isPartOf":{"@id":"https:\/\/solidaridadlatam.org\/brasil\/#website"},"primaryImageOfPage":{"@id":"https:\/\/solidaridadlatam.org\/brasil\/publications\/the-fruits-of-a-decade\/#primaryimage"},"image":{"@id":"https:\/\/solidaridadlatam.org\/brasil\/publications\/the-fruits-of-a-decade\/#primaryimage"},"thumbnailUrl":"https:\/\/solidaridadlatam.org\/brasil\/wp-content\/uploads\/2025\/11\/ScreenHunter-1204.png","datePublished":"2025-11-10T11:35:31+00:00","dateModified":"2026-02-06T13:48:11+00:00","author":{"@id":"https:\/\/solidaridadlatam.org\/brasil\/#\/schema\/person\/c54781db289fba934b8a4cef5b9b15bc"},"description":"The study The fruits of a decade: Solidaridad, 10 years in the Amazon celebrates a decade of continuous work to build low-carbon agriculture in the Transamazonian Highway in Par\u00e1. The publication brings together previously unpublished data on the socioeconomic profile of farming families, as well as analyses of land use, deforestation dynamics and the transformations promoted by Solidaridad's Amazon Programme, which today directly benefits more than 1,600 rural families in six municipalities in Par\u00e1.","breadcrumb":{"@id":"https:\/\/solidaridadlatam.org\/brasil\/publications\/the-fruits-of-a-decade\/#breadcrumb"},"inLanguage":"es","potentialAction":[{"@type":"ReadAction","target":["https:\/\/solidaridadlatam.org\/brasil\/publications\/the-fruits-of-a-decade\/"]}]},{"@type":"ImageObject","inLanguage":"es","@id":"https:\/\/solidaridadlatam.org\/brasil\/publications\/the-fruits-of-a-decade\/#primaryimage","url":"https:\/\/solidaridadlatam.org\/brasil\/wp-content\/uploads\/2025\/11\/ScreenHunter-1204.png","contentUrl":"https:\/\/solidaridadlatam.org\/brasil\/wp-content\/uploads\/2025\/11\/ScreenHunter-1204.png","width":1462,"height":817},{"@type":"BreadcrumbList","@id":"https:\/\/solidaridadlatam.org\/brasil\/publications\/the-fruits-of-a-decade\/#breadcrumb","itemListElement":[{"@type":"ListItem","position":1,"name":"Portada","item":"https:\/\/solidaridadlatam.org\/brasil\/"},{"@type":"ListItem","position":2,"name":"The fruits of a decade: Solidaridad, 10 years in the Amazon"}]},{"@type":"WebSite","@id":"https:\/\/solidaridadlatam.org\/brasil\/#website","url":"https:\/\/solidaridadlatam.org\/brasil\/","name":"Solidaridad Southamerica","description":"Organizaci\u00f3n Internacional sin fines de lucro con 50 a\u00f1os de experiencia a nivel global en desarrollo de mercados sostenibles e inclusivos","potentialAction":[{"@type":"SearchAction","target":{"@type":"EntryPoint","urlTemplate":"https:\/\/solidaridadlatam.org\/brasil\/?s={search_term_string}"},"query-input":{"@type":"PropertyValueSpecification","valueRequired":true,"valueName":"search_term_string"}}],"inLanguage":"es"},{"@type":"Person","@id":"https:\/\/solidaridadlatam.org\/brasil\/#\/schema\/person\/c54781db289fba934b8a4cef5b9b15bc","name":"Mariana Leite","image":{"@type":"ImageObject","inLanguage":"es","@id":"https:\/\/solidaridadlatam.org\/brasil\/#\/schema\/person\/image\/","url":"https:\/\/secure.gravatar.com\/avatar\/855c42385c9836ba2ffe9c55dd611d56?s=96&d=mm&r=g","contentUrl":"https:\/\/secure.gravatar.com\/avatar\/855c42385c9836ba2ffe9c55dd611d56?s=96&d=mm&r=g","caption":"Mariana Leite"},"url":"https:\/\/solidaridadlatam.org\/brasil\/author\/marianaleite\/"}]}},"_links":{"self":[{"href":"https:\/\/solidaridadlatam.org\/brasil\/wp-json\/wp\/v2\/posts\/13593","targetHints":{"allow":["GET"]}}],"collection":[{"href":"https:\/\/solidaridadlatam.org\/brasil\/wp-json\/wp\/v2\/posts"}],"about":[{"href":"https:\/\/solidaridadlatam.org\/brasil\/wp-json\/wp\/v2\/types\/post"}],"author":[{"embeddable":true,"href":"https:\/\/solidaridadlatam.org\/brasil\/wp-json\/wp\/v2\/users\/12"}],"replies":[{"embeddable":true,"href":"https:\/\/solidaridadlatam.org\/brasil\/wp-json\/wp\/v2\/comments?post=13593"}],"version-history":[{"count":5,"href":"https:\/\/solidaridadlatam.org\/brasil\/wp-json\/wp\/v2\/posts\/13593\/revisions"}],"predecessor-version":[{"id":13828,"href":"https:\/\/solidaridadlatam.org\/brasil\/wp-json\/wp\/v2\/posts\/13593\/revisions\/13828"}],"wp:featuredmedia":[{"embeddable":true,"href":"https:\/\/solidaridadlatam.org\/brasil\/wp-json\/wp\/v2\/media\/13587"}],"wp:attachment":[{"href":"https:\/\/solidaridadlatam.org\/brasil\/wp-json\/wp\/v2\/media?parent=13593"}],"wp:term":[{"taxonomy":"category","embeddable":true,"href":"https:\/\/solidaridadlatam.org\/brasil\/wp-json\/wp\/v2\/categories?post=13593"},{"taxonomy":"post_tag","embeddable":true,"href":"https:\/\/solidaridadlatam.org\/brasil\/wp-json\/wp\/v2\/tags?post=13593"},{"taxonomy":"paises","embeddable":true,"href":"https:\/\/solidaridadlatam.org\/brasil\/wp-json\/wp\/v2\/paises?post=13593"},{"taxonomy":"programa","embeddable":true,"href":"https:\/\/solidaridadlatam.org\/brasil\/wp-json\/wp\/v2\/programa?post=13593"},{"taxonomy":"tema","embeddable":true,"href":"https:\/\/solidaridadlatam.org\/brasil\/wp-json\/wp\/v2\/tema?post=13593"},{"taxonomy":"formato","embeddable":true,"href":"https:\/\/solidaridadlatam.org\/brasil\/wp-json\/wp\/v2\/formato?post=13593"}],"curies":[{"name":"wp","href":"https:\/\/api.w.org\/{rel}","templated":true}]}}