{"id":1242,"date":"2017-01-25T00:00:00","date_gmt":"2017-01-25T00:00:00","guid":{"rendered":""},"modified":"2021-11-16T12:32:32","modified_gmt":"2021-11-16T12:32:32","slug":"entrevista-%22los-vecinos-van-a-ver-los-resultados-y-se-van-a-unir%22","status":"publish","type":"post","link":"https:\/\/solidaridadlatam.org\/brasil\/soja\/entrevista-%22los-vecinos-van-a-ver-los-resultados-y-se-van-a-unir%22\/","title":{"rendered":"ENTREVISTA: \u00abLOS VECINOS VAN A VER LOS RESULTADOS Y SE VAN A UNIR\u00bb"},"content":{"rendered":"<div>\n<div>Nilmar Jos\u00e9 Shorr es un productor de Naranjito, en la regi\u00f3n oriental del Paraguay. Tiene 35 a\u00f1os y 60 hect\u00e1reas repartidas en tres lotes donde cultiva soja, trigo, canola y girasol. Adem\u00e1s, es secretario del Comit\u00e9 Ambiental de su Cooperativa. En esta regi\u00f3n, por ley, todas las propiedades rurales de m\u00e1s de 20 hect\u00e1reas deben mantener el 25%\u00a0de su \u00e1rea de bosques naturales. De no completar el 25%, el productor debe reforestar con especies nativas o ex\u00f3genas. De las tres parcelas de Nilmar, una tiene 22,5 hect\u00e1reas. All\u00ed emplea 18 hect\u00e1reas para siembra y 4,5 como reserva legal. <\/div>\n<\/div>\n<div>\n<div>\n<p><img decoding=\"async\" alt=\"\" src=\"https:\/\/solidaridadlatam.org\/brasil\/wp-content\/uploads\/2020\/11\/foto_nilmar_gde.jpg\" \/><strong>&iquest;Tu reserva est\u00e1 conformada por especies nativas?<\/strong><\/p>\n<p>N: El monte que tengo ac\u00e1 es totalmente nativo, nunca se toc\u00f3,&nbsp;es mata virgen,&nbsp;como se dice, y desde ac\u00e1 ya empieza a tener m\u00e1s de pendiente. Esa es la raz\u00f3n por la que se dej\u00f3 as\u00ed. Cumplo&nbsp;con el 25% que actualmente exige la ley, pero creo que el productor lo que m\u00e1s consciente debe estar es de la parte donde hay agua.&nbsp;Preservar siempre el agua, mantener su franja&nbsp;de protecci\u00f3n para que no se seque, y que tampoco se pueda contaminar. Hay que ser consciente de que los que tienen agua tienen que tener una protecci\u00f3n buena. Hay gente que no tiene nada y no est\u00e1&nbsp;preocupada, cuando&nbsp;todos deber\u00edan &nbsp;tener algo e ir buscando la mejora del ambiente.&nbsp;<\/p>\n<p><strong>&iquest;Vas a participar del proyecto de reforestaci\u00f3n comercial?<\/strong><\/p>\n<p>N: Tengo&nbsp;una parte de m\u00e1s o menos 6 \u00f3&nbsp;7 mil metros cuadrados que tiene piedras.&nbsp;Cuando adquir\u00ed esa propiedad ya hab\u00edan sacado el monte, y quiero recuperarlo.&nbsp;Yo soy el secretario del comit\u00e9 ambiental que se conform\u00f3 con Unicoop, entonces estoy totalmente enterado del proyecto, c\u00f3mo se est\u00e1 trabajando, y quiero participar para poder recuperar esas \u00e1reas donde tengo pendiente.<\/p>\n<p><strong>&iquest;Qu\u00e9&nbsp;es lo m\u00e1s dif\u00edcil de cumplir en la ley?<\/strong><\/p>\n<p>N: Lo m\u00e1s dif\u00edcil es cumplir con lo que anteriormente se destronc\u00f3.&nbsp;El Banco Nacional de Fomento otorgaba cr\u00e9ditos para destronque y ahora eso se debe reponer de nuevo.&nbsp;Eso es algo que es muy dif\u00edcil de cumplir.<\/p>\n<p><strong>&iquest;Cu\u00e1l crees que hasta ahora fue el mayor impacto que tuvo el proyecto? &iquest;C\u00f3mo te ayudo a vos como productor? <\/strong><\/p>\n<p>N: Creo que es la asistencia que vamos a tener, todas las charlas, concientizar al productor. Lo que m\u00e1s me llam\u00f3 la atenci\u00f3n es el tema contable, c\u00f3mo controlar los gastos.&nbsp;Llevar una contabilidad de modo de saber cu\u00e1nto se est\u00e1 gastando, cu\u00e1nto se est\u00e1 ganando, si inclusive se est\u00e1 perdiendo, eso es muy interesante. Como tambi\u00e9n es importante el cuidado en el uso de los agroqu\u00edmicos, ser consciente y saber manejar eso.<\/p>\n<p>Yo creo que hasta el final del proyecto va a ser un beneficio para m\u00ed, y para todos los productores sobre el tema de la sostenibilidad, para que futuramente nosotros podamos seguir produciendo.&nbsp;Para que no llegue alguna enfermedad o alg\u00fan problema&nbsp;y llegar al punto de tener que&nbsp;dejar de hacer alguna cosecha como trigo, soja, canola, sino ir creciendo y trabajando para obtener la sostenibilidad que tanto perseguimos. Y tambi\u00e9n el tema de la trazabilidad, saber de d\u00f3nde vino el producto para saber negociar.&nbsp;Eso nos dar\u00eda competitividad y poder tener precio diferenciado.<\/p>\n<p><strong>En febrero, cuando se realiz\u00f3 el Agroshow de la Cooperativa Copronar, UniSol mont\u00f3 una maqueta de una finca modelo; &iquest;qu\u00e9&nbsp;pensaste al ver la maqueta?<\/strong><\/p>\n<p>N: Muchos comentaron sobre la maqueta.&nbsp;Estuvo muy linda&nbsp;e interesante, uno ve y se imagina&nbsp;que alg\u00fan d\u00eda su propiedad puede ser ese modelo. Fue muy impactante y muy positivo.<\/p>\n<p><strong>&iquest;Crees que el proyecto puede ser replicado?<\/strong><\/p>\n<p>N: Yo creo que s\u00ed.&nbsp;Si alguien empieza a hacer algo en una comunidad, los vecinos van a ver los resultados y se van a unir. Mucha gente pregunta o tiene dudas, pero nosotros buscamos la forma de explicarle bien el proyecto, de qu\u00e9&nbsp;se trata y&nbsp;que es confidencial, que es un proyecto en que el productor responde las preguntas y \u00e9l mismo se da cuenta&nbsp;en que se est\u00e1 equivocando. Eso es muy favorable al productor.<\/p>\n<p><strong>&iquest;Siempre fuiste productor?<\/strong><\/p>\n<p>N: S\u00ed, siempre.&nbsp;Desde chico trabaj\u00e9&nbsp;con mi pap\u00e1 en la producci\u00f3n en el campo donde era todo manual todav\u00eda, y despacito fuimos creciendo.&nbsp;Estudi\u00e9&nbsp;y a los 12 a\u00f1os termin\u00e9&nbsp;el 6to grado y en esa \u00e9poca no tuve oportunidad de seguir estudiando. Entonces, ahora retom\u00e9. Ahora quiero terminar la secundaria y luego entrar a una universidad.<\/p>\n<p><strong>&iquest;Qu\u00e9 consejo le dar\u00edas a tus hijos cuando tengas, acerca de cuidar el ambiente, la sustentabilidad?<\/strong><\/p>\n<p>N: Le dir\u00eda que tenemos que tener en primer lugar conciencia en cuidar el medio ambiente y buscar las nuevas tecnolog\u00edas para producir m\u00e1s, eso ser\u00eda mi consejo.<\/p>\n<\/div>\n<\/div>\n<div>\n<div><\/div>\n<\/div>\n","protected":false},"excerpt":{"rendered":"<p>Nilmar Jos\u00e9 Shorr es un productor de Naranjito, en la regi\u00f3n oriental del Paraguay. Tiene 35 a\u00f1os y 60 hect\u00e1reas<\/p>\n","protected":false},"author":4,"featured_media":1243,"comment_status":"open","ping_status":"closed","sticky":false,"template":"","format":"standard","meta":{"footnotes":""},"categories":[94,30],"tags":[],"paises":[],"programa":[],"tema":[],"formato":[],"class_list":["post-1242","post","type-post","status-publish","format-standard","has-post-thumbnail","hentry","category-news","category-soja"],"yoast_head":"<!-- This site is optimized with the Yoast SEO plugin v25.4 - https:\/\/yoast.com\/wordpress\/plugins\/seo\/ -->\n<title>ENTREVISTA: &quot;LOS VECINOS VAN A VER LOS RESULTADOS Y SE VAN A UNIR&quot; - Solidaridad Southamerica<\/title>\n<meta name=\"robots\" content=\"index, follow, max-snippet:-1, max-image-preview:large, max-video-preview:-1\" \/>\n<link rel=\"canonical\" href=\"https:\/\/solidaridadlatam.org\/brasil\/soja\/entrevista-los-vecinos-van-a-ver-los-resultados-y-se-van-a-unir\/\" \/>\n<meta property=\"og:locale\" content=\"es_ES\" \/>\n<meta property=\"og:type\" content=\"article\" \/>\n<meta property=\"og:title\" content=\"ENTREVISTA: &quot;LOS VECINOS VAN A VER LOS RESULTADOS Y SE VAN A UNIR&quot; - Solidaridad Southamerica\" \/>\n<meta property=\"og:description\" content=\"Nilmar Jos\u00e9 Shorr es un productor de Naranjito, en la regi\u00f3n oriental del Paraguay. Tiene 35 a\u00f1os y 60 hect\u00e1reas\" \/>\n<meta property=\"og:url\" content=\"https:\/\/solidaridadlatam.org\/brasil\/soja\/entrevista-&quot;los-vecinos-van-a-ver-los-resultados-y-se-van-a-unir&quot;\/\" \/>\n<meta property=\"og:site_name\" content=\"Solidaridad Southamerica\" \/>\n<meta property=\"article:published_time\" content=\"2017-01-25T00:00:00+00:00\" \/>\n<meta property=\"article:modified_time\" content=\"2021-11-16T12:32:32+00:00\" \/>\n<meta property=\"og:image\" content=\"https:\/\/solidaridadlatam.org\/brasil\/wp-content\/uploads\/2020\/11\/nilmar_thumb.jpg\" \/>\n\t<meta property=\"og:image:width\" content=\"150\" \/>\n\t<meta property=\"og:image:height\" content=\"150\" \/>\n\t<meta property=\"og:image:type\" content=\"image\/jpeg\" \/>\n<meta name=\"author\" content=\"rosario.abramo\" \/>\n<meta name=\"twitter:card\" content=\"summary_large_image\" \/>\n<meta name=\"twitter:label1\" content=\"Escrito por\" \/>\n\t<meta name=\"twitter:data1\" content=\"rosario.abramo\" \/>\n\t<meta name=\"twitter:label2\" content=\"Tiempo de lectura\" \/>\n\t<meta name=\"twitter:data2\" content=\"4 minutos\" \/>\n<script type=\"application\/ld+json\" class=\"yoast-schema-graph\">{\"@context\":\"https:\/\/schema.org\",\"@graph\":[{\"@type\":\"WebPage\",\"@id\":\"https:\/\/solidaridadlatam.org\/brasil\/soja\/entrevista-%22los-vecinos-van-a-ver-los-resultados-y-se-van-a-unir%22\/\",\"url\":\"https:\/\/solidaridadlatam.org\/brasil\/soja\/entrevista-%22los-vecinos-van-a-ver-los-resultados-y-se-van-a-unir%22\/\",\"name\":\"ENTREVISTA: \\\"LOS VECINOS VAN A VER LOS RESULTADOS Y SE VAN A UNIR\\\" - Solidaridad Southamerica\",\"isPartOf\":{\"@id\":\"https:\/\/solidaridadlatam.org\/brasil\/#website\"},\"primaryImageOfPage\":{\"@id\":\"https:\/\/solidaridadlatam.org\/brasil\/soja\/entrevista-%22los-vecinos-van-a-ver-los-resultados-y-se-van-a-unir%22\/#primaryimage\"},\"image\":{\"@id\":\"https:\/\/solidaridadlatam.org\/brasil\/soja\/entrevista-%22los-vecinos-van-a-ver-los-resultados-y-se-van-a-unir%22\/#primaryimage\"},\"thumbnailUrl\":\"https:\/\/solidaridadlatam.org\/brasil\/wp-content\/uploads\/2020\/11\/nilmar_thumb.jpg\",\"datePublished\":\"2017-01-25T00:00:00+00:00\",\"dateModified\":\"2021-11-16T12:32:32+00:00\",\"author\":{\"@id\":\"https:\/\/solidaridadlatam.org\/brasil\/#\/schema\/person\/98a684dfb618f75deb9977175f7f22a0\"},\"breadcrumb\":{\"@id\":\"https:\/\/solidaridadlatam.org\/brasil\/soja\/entrevista-%22los-vecinos-van-a-ver-los-resultados-y-se-van-a-unir%22\/#breadcrumb\"},\"inLanguage\":\"es\",\"potentialAction\":[{\"@type\":\"ReadAction\",\"target\":[\"https:\/\/solidaridadlatam.org\/brasil\/soja\/entrevista-%22los-vecinos-van-a-ver-los-resultados-y-se-van-a-unir%22\/\"]}]},{\"@type\":\"ImageObject\",\"inLanguage\":\"es\",\"@id\":\"https:\/\/solidaridadlatam.org\/brasil\/soja\/entrevista-%22los-vecinos-van-a-ver-los-resultados-y-se-van-a-unir%22\/#primaryimage\",\"url\":\"https:\/\/solidaridadlatam.org\/brasil\/wp-content\/uploads\/2020\/11\/nilmar_thumb.jpg\",\"contentUrl\":\"https:\/\/solidaridadlatam.org\/brasil\/wp-content\/uploads\/2020\/11\/nilmar_thumb.jpg\",\"width\":150,\"height\":150},{\"@type\":\"BreadcrumbList\",\"@id\":\"https:\/\/solidaridadlatam.org\/brasil\/soja\/entrevista-%22los-vecinos-van-a-ver-los-resultados-y-se-van-a-unir%22\/#breadcrumb\",\"itemListElement\":[{\"@type\":\"ListItem\",\"position\":1,\"name\":\"Portada\",\"item\":\"https:\/\/solidaridadlatam.org\/brasil\/\"},{\"@type\":\"ListItem\",\"position\":2,\"name\":\"ENTREVISTA: \u00abLOS VECINOS VAN A VER LOS RESULTADOS Y SE VAN A UNIR\u00bb\"}]},{\"@type\":\"WebSite\",\"@id\":\"https:\/\/solidaridadlatam.org\/brasil\/#website\",\"url\":\"https:\/\/solidaridadlatam.org\/brasil\/\",\"name\":\"Solidaridad Southamerica\",\"description\":\"Organizaci\u00f3n Internacional sin fines de lucro con 50 a\u00f1os de experiencia a nivel global en desarrollo de mercados sostenibles e inclusivos\",\"potentialAction\":[{\"@type\":\"SearchAction\",\"target\":{\"@type\":\"EntryPoint\",\"urlTemplate\":\"https:\/\/solidaridadlatam.org\/brasil\/?s={search_term_string}\"},\"query-input\":{\"@type\":\"PropertyValueSpecification\",\"valueRequired\":true,\"valueName\":\"search_term_string\"}}],\"inLanguage\":\"es\"},{\"@type\":\"Person\",\"@id\":\"https:\/\/solidaridadlatam.org\/brasil\/#\/schema\/person\/98a684dfb618f75deb9977175f7f22a0\",\"name\":\"rosario.abramo\",\"image\":{\"@type\":\"ImageObject\",\"inLanguage\":\"es\",\"@id\":\"https:\/\/solidaridadlatam.org\/brasil\/#\/schema\/person\/image\/\",\"url\":\"https:\/\/secure.gravatar.com\/avatar\/369f4d18708e40372ea3e48556478bde?s=96&d=mm&r=g\",\"contentUrl\":\"https:\/\/secure.gravatar.com\/avatar\/369f4d18708e40372ea3e48556478bde?s=96&d=mm&r=g\",\"caption\":\"rosario.abramo\"},\"url\":\"https:\/\/solidaridadlatam.org\/brasil\/author\/rosario-abramo\/\"}]}<\/script>\n<!-- \/ Yoast SEO plugin. -->","yoast_head_json":{"title":"ENTREVISTA: \"LOS VECINOS VAN A VER LOS RESULTADOS Y SE VAN A UNIR\" - Solidaridad Southamerica","robots":{"index":"index","follow":"follow","max-snippet":"max-snippet:-1","max-image-preview":"max-image-preview:large","max-video-preview":"max-video-preview:-1"},"canonical":"https:\/\/solidaridadlatam.org\/brasil\/soja\/entrevista-\"los-vecinos-van-a-ver-los-resultados-y-se-van-a-unir\"\/","og_locale":"es_ES","og_type":"article","og_title":"ENTREVISTA: \"LOS VECINOS VAN A VER LOS RESULTADOS Y SE VAN A UNIR\" - Solidaridad Southamerica","og_description":"Nilmar Jos\u00e9 Shorr es un productor de Naranjito, en la regi\u00f3n oriental del Paraguay. Tiene 35 a\u00f1os y 60 hect\u00e1reas","og_url":"https:\/\/solidaridadlatam.org\/brasil\/soja\/entrevista-\"los-vecinos-van-a-ver-los-resultados-y-se-van-a-unir\"\/","og_site_name":"Solidaridad Southamerica","article_published_time":"2017-01-25T00:00:00+00:00","article_modified_time":"2021-11-16T12:32:32+00:00","og_image":[{"width":150,"height":150,"url":"https:\/\/solidaridadlatam.org\/brasil\/wp-content\/uploads\/2020\/11\/nilmar_thumb.jpg","type":"image\/jpeg"}],"author":"rosario.abramo","twitter_card":"summary_large_image","twitter_misc":{"Escrito por":"rosario.abramo","Tiempo de lectura":"4 minutos"},"schema":{"@context":"https:\/\/schema.org","@graph":[{"@type":"WebPage","@id":"https:\/\/solidaridadlatam.org\/brasil\/soja\/entrevista-%22los-vecinos-van-a-ver-los-resultados-y-se-van-a-unir%22\/","url":"https:\/\/solidaridadlatam.org\/brasil\/soja\/entrevista-%22los-vecinos-van-a-ver-los-resultados-y-se-van-a-unir%22\/","name":"ENTREVISTA: \"LOS VECINOS VAN A VER LOS RESULTADOS Y SE VAN A UNIR\" - Solidaridad Southamerica","isPartOf":{"@id":"https:\/\/solidaridadlatam.org\/brasil\/#website"},"primaryImageOfPage":{"@id":"https:\/\/solidaridadlatam.org\/brasil\/soja\/entrevista-%22los-vecinos-van-a-ver-los-resultados-y-se-van-a-unir%22\/#primaryimage"},"image":{"@id":"https:\/\/solidaridadlatam.org\/brasil\/soja\/entrevista-%22los-vecinos-van-a-ver-los-resultados-y-se-van-a-unir%22\/#primaryimage"},"thumbnailUrl":"https:\/\/solidaridadlatam.org\/brasil\/wp-content\/uploads\/2020\/11\/nilmar_thumb.jpg","datePublished":"2017-01-25T00:00:00+00:00","dateModified":"2021-11-16T12:32:32+00:00","author":{"@id":"https:\/\/solidaridadlatam.org\/brasil\/#\/schema\/person\/98a684dfb618f75deb9977175f7f22a0"},"breadcrumb":{"@id":"https:\/\/solidaridadlatam.org\/brasil\/soja\/entrevista-%22los-vecinos-van-a-ver-los-resultados-y-se-van-a-unir%22\/#breadcrumb"},"inLanguage":"es","potentialAction":[{"@type":"ReadAction","target":["https:\/\/solidaridadlatam.org\/brasil\/soja\/entrevista-%22los-vecinos-van-a-ver-los-resultados-y-se-van-a-unir%22\/"]}]},{"@type":"ImageObject","inLanguage":"es","@id":"https:\/\/solidaridadlatam.org\/brasil\/soja\/entrevista-%22los-vecinos-van-a-ver-los-resultados-y-se-van-a-unir%22\/#primaryimage","url":"https:\/\/solidaridadlatam.org\/brasil\/wp-content\/uploads\/2020\/11\/nilmar_thumb.jpg","contentUrl":"https:\/\/solidaridadlatam.org\/brasil\/wp-content\/uploads\/2020\/11\/nilmar_thumb.jpg","width":150,"height":150},{"@type":"BreadcrumbList","@id":"https:\/\/solidaridadlatam.org\/brasil\/soja\/entrevista-%22los-vecinos-van-a-ver-los-resultados-y-se-van-a-unir%22\/#breadcrumb","itemListElement":[{"@type":"ListItem","position":1,"name":"Portada","item":"https:\/\/solidaridadlatam.org\/brasil\/"},{"@type":"ListItem","position":2,"name":"ENTREVISTA: \u00abLOS VECINOS VAN A VER LOS RESULTADOS Y SE VAN A UNIR\u00bb"}]},{"@type":"WebSite","@id":"https:\/\/solidaridadlatam.org\/brasil\/#website","url":"https:\/\/solidaridadlatam.org\/brasil\/","name":"Solidaridad Southamerica","description":"Organizaci\u00f3n Internacional sin fines de lucro con 50 a\u00f1os de experiencia a nivel global en desarrollo de mercados sostenibles e inclusivos","potentialAction":[{"@type":"SearchAction","target":{"@type":"EntryPoint","urlTemplate":"https:\/\/solidaridadlatam.org\/brasil\/?s={search_term_string}"},"query-input":{"@type":"PropertyValueSpecification","valueRequired":true,"valueName":"search_term_string"}}],"inLanguage":"es"},{"@type":"Person","@id":"https:\/\/solidaridadlatam.org\/brasil\/#\/schema\/person\/98a684dfb618f75deb9977175f7f22a0","name":"rosario.abramo","image":{"@type":"ImageObject","inLanguage":"es","@id":"https:\/\/solidaridadlatam.org\/brasil\/#\/schema\/person\/image\/","url":"https:\/\/secure.gravatar.com\/avatar\/369f4d18708e40372ea3e48556478bde?s=96&d=mm&r=g","contentUrl":"https:\/\/secure.gravatar.com\/avatar\/369f4d18708e40372ea3e48556478bde?s=96&d=mm&r=g","caption":"rosario.abramo"},"url":"https:\/\/solidaridadlatam.org\/brasil\/author\/rosario-abramo\/"}]}},"_links":{"self":[{"href":"https:\/\/solidaridadlatam.org\/brasil\/wp-json\/wp\/v2\/posts\/1242","targetHints":{"allow":["GET"]}}],"collection":[{"href":"https:\/\/solidaridadlatam.org\/brasil\/wp-json\/wp\/v2\/posts"}],"about":[{"href":"https:\/\/solidaridadlatam.org\/brasil\/wp-json\/wp\/v2\/types\/post"}],"author":[{"embeddable":true,"href":"https:\/\/solidaridadlatam.org\/brasil\/wp-json\/wp\/v2\/users\/4"}],"replies":[{"embeddable":true,"href":"https:\/\/solidaridadlatam.org\/brasil\/wp-json\/wp\/v2\/comments?post=1242"}],"version-history":[{"count":0,"href":"https:\/\/solidaridadlatam.org\/brasil\/wp-json\/wp\/v2\/posts\/1242\/revisions"}],"wp:featuredmedia":[{"embeddable":true,"href":"https:\/\/solidaridadlatam.org\/brasil\/wp-json\/wp\/v2\/media\/1243"}],"wp:attachment":[{"href":"https:\/\/solidaridadlatam.org\/brasil\/wp-json\/wp\/v2\/media?parent=1242"}],"wp:term":[{"taxonomy":"category","embeddable":true,"href":"https:\/\/solidaridadlatam.org\/brasil\/wp-json\/wp\/v2\/categories?post=1242"},{"taxonomy":"post_tag","embeddable":true,"href":"https:\/\/solidaridadlatam.org\/brasil\/wp-json\/wp\/v2\/tags?post=1242"},{"taxonomy":"paises","embeddable":true,"href":"https:\/\/solidaridadlatam.org\/brasil\/wp-json\/wp\/v2\/paises?post=1242"},{"taxonomy":"programa","embeddable":true,"href":"https:\/\/solidaridadlatam.org\/brasil\/wp-json\/wp\/v2\/programa?post=1242"},{"taxonomy":"tema","embeddable":true,"href":"https:\/\/solidaridadlatam.org\/brasil\/wp-json\/wp\/v2\/tema?post=1242"},{"taxonomy":"formato","embeddable":true,"href":"https:\/\/solidaridadlatam.org\/brasil\/wp-json\/wp\/v2\/formato?post=1242"}],"curies":[{"name":"wp","href":"https:\/\/api.w.org\/{rel}","templated":true}]}}