
			
				

					
				

			
		{"items":"\n\t\t\t\t\t\t\t\t\t\t\t\n<article id=\"post-12075\" class=\"wd-post blog-design-small-images blog-post-loop blog-style-bg wd-add-shadow wd-col post-12075 post type-post status-publish format-standard has-post-thumbnail hentry category-brasil category-news category-soja tag-agricultura tag-biodiversidade tag-lavouras tag-praticas-agricolas tag-soja\">\n\t<div class=\"article-inner\">\n\t\t\t\t\t<header class=\"entry-header\">\n\t\t\t\t\t\t\t\t\t<figure id=\"carousel-566\" class=\"entry-thumbnail\">\n\t\t\t\t\t\t\n\t\t\t\t\t\t\t<div class=\"post-img-wrapp\">\n\t\t\t\t\t\t\t\t<a href=\"https:\/\/solidaridadlatam.org\/brasil\/brasil\/praticas-sustentaveis-em-lavouras-de-soja\/\">\n\t\t\t\t\t\t\t\t\t<img width=\"1280\" height=\"720\" src=\"https:\/\/solidaridadlatam.org\/brasil\/wp-content\/uploads\/2024\/04\/basf_03.jpg\" class=\"attachment-large size-large\" alt=\"\" decoding=\"async\" fetchpriority=\"high\" \/>\t\t\t\t\t\t\t\t<\/a>\n\t\t\t\t\t\t\t<\/div>\n\t\t\t\t\t\t\t<div class=\"post-image-mask\">\n\t\t\t\t\t\t\t\t<span><\/span>\n\t\t\t\t\t\t\t<\/div>\n\n\t\t\t\t\t\t\n\t\t\t\t\t<\/figure>\n\t\t\t\t\n\t\t\t\t\t\t\t\t\t\t\t<div class=\"post-date woodmart-post-date\" onclick=\"\">\r\n\t\t\t<span class=\"post-date-day\">\r\n\t\t\t\t08\t\t\t<\/span>\r\n\t\t\t<span class=\"post-date-month\">\r\n\t\t\t\tAbr\t\t\t<\/span>\r\n\t\t\t<span class=\"post-date-year\">\r\n\t\t\t\t2024\t\t\t<\/span>\r\n\t\t<\/div>\r\n\t\t\t\t\t\t\n\t\t\t<\/header><!-- .entry-header -->\n\n\t\t<div class=\"article-body-container\">\n\t\t\t\n\t\t\t\t\t\t\t\t\t<div class=\"meta-categories-wrapp\"><div class=\"meta-post-categories wd-post-cat wd-style-with-bg\"><a href=\"https:\/\/solidaridadlatam.org\/brasil\/categoria\/brasil\/\" rel=\"category tag\">Brasil<\/a>, <a href=\"https:\/\/solidaridadlatam.org\/brasil\/categoria\/news\/\" rel=\"category tag\">Not\u00edcia<\/a>, <a href=\"https:\/\/solidaridadlatam.org\/brasil\/categoria\/soja\/\" rel=\"category tag\">Soja<\/a><\/div><\/div>\n\t\t\t\t\n\t\t\t\t\t\t\t\t\t<h3 class=\"wd-entities-title title post-title\">\n\t\t\t\t\t\t<a href=\"https:\/\/solidaridadlatam.org\/brasil\/brasil\/praticas-sustentaveis-em-lavouras-de-soja\/\" rel=\"bookmark\">Funda\u00e7\u00e3o Solidaridad e BASF se unem para ajudar agricultores brasileiros a promoverem a biodiversidade<\/a>\n\t\t\t\t\t<\/h3>\n\t\t\t\t\n\t\t\t\t\t\t\t\t\t<div class=\"entry-meta wd-entry-meta\">\n\t\t\t\t\t\t\t\t\t<ul class=\"entry-meta-list\">\n\t\t\t\t\t\t\t\t\t<li class=\"modified-date\">\n\t\t\t\t\t\t\t\t<time class=\"updated\" datetime=\"2026-04-01T16:19:16-03:00\">\n\t\t\tabril 1, 2026\t\t<\/time>\n\t\t\t\t\t\t\t<\/li>\n\n\t\t\t\t\t\n\t\t\t\t\t\t\t\t\t\t\t<li class=\"meta-author\">\n\t\t\t\t\t\t\t\t\t\t\t\t<span>Por<\/span>\n\t\t\n\t\t\t\t\t<img alt='author-avatar' src='https:\/\/secure.gravatar.com\/avatar\/955ebb6840b6d0c4d8b31868f130fc30?s=32&#038;d=mm&#038;r=g' srcset='https:\/\/secure.gravatar.com\/avatar\/955ebb6840b6d0c4d8b31868f130fc30?s=64&#038;d=mm&#038;r=g 2x' class='avatar avatar-32 photo' height='32' width='32' decoding='async'\/>\t\t\n\t\t<a href=\"https:\/\/solidaridadlatam.org\/brasil\/author\/jessica\/\" rel=\"author\">\n\t\t\t<span class=\"vcard author author_name\">\n\t\t\t\t<span class=\"fn\">J\u00e9ssica Gaise<\/span>\n\t\t\t<\/span>\n\t\t<\/a>\n\t\t\t\t\t\t\t\t<\/li>\n\t\t\t\t\t\n\t\t\t\t\t\n\t\t\t\t\t\t\t\t\t\t\t\t<\/ul>\n\t\t\t\t\t\t\t<\/div><!-- .entry-meta -->\n\t\t\t\t\t\t\t\t\t\t\t<div class=\"hovered-social-icons wd-tltp wd-tltp-top\">\n\t\t\t\t\t\t\t<div class=\"wd-tooltip-label\">\n\t\t\t\t\t\t\t\t\t\t\t<link rel=\"stylesheet\" id=\"wd-social-icons-css\" href=\"https:\/\/solidaridadlatam.org\/brasil\/wp-content\/themes\/woodmart\/css\/parts\/el-social-icons.min.css?ver=7.4.3\" type=\"text\/css\" media=\"all\" \/> \t\t\t\n\t\t\t<div class=\" wd-social-icons  icons-design-default icons-size-small color-scheme-light social-share social-form-circle text-center\">\n\n\t\t\t\t\n\t\t\t\t\t\t\t\t\t<a rel=\"noopener noreferrer nofollow\" href=\"https:\/\/www.facebook.com\/sharer\/sharer.php?u=https:\/\/solidaridadlatam.org\/brasil\/brasil\/praticas-sustentaveis-em-lavouras-de-soja\/\" target=\"_blank\" class=\" wd-social-icon social-facebook\" aria-label=\"Facebook social link\">\n\t\t\t\t\t\t<span class=\"wd-icon\"><\/span>\n\t\t\t\t\t\t\t\t\t\t\t<\/a>\n\t\t\t\t\n\t\t\t\t\t\t\t\t\t<a rel=\"noopener noreferrer nofollow\" href=\"https:\/\/x.com\/share?url=https:\/\/solidaridadlatam.org\/brasil\/brasil\/praticas-sustentaveis-em-lavouras-de-soja\/\" target=\"_blank\" class=\" wd-social-icon social-twitter\" aria-label=\"X social link\">\n\t\t\t\t\t\t<span class=\"wd-icon\"><\/span>\n\t\t\t\t\t\t\t\t\t\t\t<\/a>\n\t\t\t\t\n\t\t\t\t\n\t\t\t\t\n\t\t\t\t\n\t\t\t\t\n\t\t\t\t\n\t\t\t\t\t\t\t\t\t<a rel=\"noopener noreferrer nofollow\" href=\"https:\/\/www.linkedin.com\/shareArticle?mini=true&url=https:\/\/solidaridadlatam.org\/brasil\/brasil\/praticas-sustentaveis-em-lavouras-de-soja\/\" target=\"_blank\" class=\" wd-social-icon social-linkedin\" aria-label=\"Linkedin social link\">\n\t\t\t\t\t\t<span class=\"wd-icon\"><\/span>\n\t\t\t\t\t\t\t\t\t\t\t<\/a>\n\t\t\t\t\n\t\t\t\t\n\t\t\t\t\n\t\t\t\t\n\t\t\t\t\n\t\t\t\t\n\t\t\t\t\n\t\t\t\t\n\t\t\t\t\n\t\t\t\t\t\t\t\t\t<a rel=\"noopener noreferrer nofollow\" href=\"https:\/\/api.whatsapp.com\/send?text=https%3A%2F%2Fsolidaridadlatam.org%2Fbrasil%2Fbrasil%2Fpraticas-sustentaveis-em-lavouras-de-soja%2F\" target=\"_blank\" class=\"whatsapp-desktop  wd-social-icon social-whatsapp\" aria-label=\"WhatsApp social link\">\n\t\t\t\t\t\t<span class=\"wd-icon\"><\/span>\n\t\t\t\t\t\t\t\t\t\t\t<\/a>\n\t\t\t\t\t\n\t\t\t\t\t<a rel=\"noopener noreferrer nofollow\" href=\"whatsapp:\/\/send?text=https%3A%2F%2Fsolidaridadlatam.org%2Fbrasil%2Fbrasil%2Fpraticas-sustentaveis-em-lavouras-de-soja%2F\" target=\"_blank\" class=\"whatsapp-mobile  wd-social-icon social-whatsapp\" aria-label=\"WhatsApp social link\">\n\t\t\t\t\t\t<span class=\"wd-icon\"><\/span>\n\t\t\t\t\t\t\t\t\t\t\t<\/a>\n\t\t\t\t\n\t\t\t\t\t\t\t\t\n\t\t\t\t\t\t\t\t\n\t\t\t\t\n\t\t\t\t\n\t\t\t\t\t\t\t\t\t<a rel=\"noopener noreferrer nofollow\" href=\"https:\/\/telegram.me\/share\/url?url=https:\/\/solidaridadlatam.org\/brasil\/brasil\/praticas-sustentaveis-em-lavouras-de-soja\/\" target=\"_blank\" class=\" wd-social-icon social-tg\" aria-label=\"Telegram social link\">\n\t\t\t\t\t\t<span class=\"wd-icon\"><\/span>\n\t\t\t\t\t\t\t\t\t\t\t<\/a>\n\t\t\t\t\t\t\t\t\n\t\t\t\t\n\t\t\t<\/div>\n\n\t\t\t\t\t\t\t\t\t<\/div>\n\t\t\t\t\t\t<\/div>\n\t\t\t\t\t\t\t\t\t\t\t\t\n\t\t\t\t\t\t\t\n\t\t\t\t                    <div class=\"entry-content wd-entry-content\">\n\t\t\t\t\t\tProjeto de cocria\u00e7\u00e3o explorar\u00e1 pr\u00e1ticas agr\u00edcolas sustent\u00e1veis em lavouras de soja. A meta de longo prazo \u00e9 incentivar os agricultores ...\n\t\t\t\t\t\t\t\t\t\t\t<\/div><!-- .entry-content -->\n\t\t\t\t\n\t\t\t\t\t\t\t\t\t\t\t\t\t\t<p class=\"read-more-section\">\n\t\t\t\t\t\t<a class=\"btn-read-more more-link\" href=\"https:\/\/solidaridadlatam.org\/brasil\/brasil\/praticas-sustentaveis-em-lavouras-de-soja\/\">Seguir leyendo<\/a>\t\t\t\t\t<\/p>\n\t\t\t\t\t\t\t\t\t\t\t\n\t\t\t\n\t\t\t\t\t<\/div>\n\t<\/div>\n<\/article><!-- #post -->\n\n\n\t\t\t\t\t\t\t\t\t\t\t\n<article id=\"post-11128\" class=\"wd-post blog-design-small-images blog-post-loop blog-style-bg wd-add-shadow wd-col post-11128 post type-post status-publish format-standard has-post-thumbnail hentry category-brasil category-cacau category-cafe category-news category-pecuaria category-soja\">\n\t<div class=\"article-inner\">\n\t\t\t\t\t<header class=\"entry-header\">\n\t\t\t\t\t\t\t\t\t<figure id=\"carousel-192\" class=\"entry-thumbnail\">\n\t\t\t\t\t\t\n\t\t\t\t\t\t\t<div class=\"post-img-wrapp\">\n\t\t\t\t\t\t\t\t<a href=\"https:\/\/solidaridadlatam.org\/brasil\/news\/producao-de-baixo-carbono-um-olhar-para-o-futuro-da-agricultura\/\">\n\t\t\t\t\t\t\t\t\t<img width=\"5760\" height=\"3840\" src=\"https:\/\/solidaridadlatam.org\/brasil\/wp-content\/uploads\/2023\/09\/EZO0099.jpg\" class=\"attachment-large size-large\" alt=\"\" decoding=\"async\" \/>\t\t\t\t\t\t\t\t<\/a>\n\t\t\t\t\t\t\t<\/div>\n\t\t\t\t\t\t\t<div class=\"post-image-mask\">\n\t\t\t\t\t\t\t\t<span><\/span>\n\t\t\t\t\t\t\t<\/div>\n\n\t\t\t\t\t\t\n\t\t\t\t\t<\/figure>\n\t\t\t\t\n\t\t\t\t\t\t\t\t\t\t\t<div class=\"post-date woodmart-post-date\" onclick=\"\">\r\n\t\t\t<span class=\"post-date-day\">\r\n\t\t\t\t05\t\t\t<\/span>\r\n\t\t\t<span class=\"post-date-month\">\r\n\t\t\t\tSep\t\t\t<\/span>\r\n\t\t\t<span class=\"post-date-year\">\r\n\t\t\t\t2023\t\t\t<\/span>\r\n\t\t<\/div>\r\n\t\t\t\t\t\t\n\t\t\t<\/header><!-- .entry-header -->\n\n\t\t<div class=\"article-body-container\">\n\t\t\t\n\t\t\t\t\t\t\t\t\t<div class=\"meta-categories-wrapp\"><div class=\"meta-post-categories wd-post-cat wd-style-with-bg\"><a href=\"https:\/\/solidaridadlatam.org\/brasil\/categoria\/brasil\/\" rel=\"category tag\">Brasil<\/a>, <a href=\"https:\/\/solidaridadlatam.org\/brasil\/categoria\/cacau\/\" rel=\"category tag\">Cacau<\/a>, <a href=\"https:\/\/solidaridadlatam.org\/brasil\/categoria\/cafe\/\" rel=\"category tag\">Caf\u00e9<\/a>, <a href=\"https:\/\/solidaridadlatam.org\/brasil\/categoria\/news\/\" rel=\"category tag\">Not\u00edcia<\/a>, <a href=\"https:\/\/solidaridadlatam.org\/brasil\/categoria\/pecuaria\/\" rel=\"category tag\">Pecu\u00e1ria<\/a>, <a href=\"https:\/\/solidaridadlatam.org\/brasil\/categoria\/soja\/\" rel=\"category tag\">Soja<\/a><\/div><\/div>\n\t\t\t\t\n\t\t\t\t\t\t\t\t\t<h3 class=\"wd-entities-title title post-title\">\n\t\t\t\t\t\t<a href=\"https:\/\/solidaridadlatam.org\/brasil\/news\/producao-de-baixo-carbono-um-olhar-para-o-futuro-da-agricultura\/\" rel=\"bookmark\">Produ\u00e7\u00e3o de baixo carbono: um olhar para o futuro da agricultura<\/a>\n\t\t\t\t\t<\/h3>\n\t\t\t\t\n\t\t\t\t\t\t\t\t\t<div class=\"entry-meta wd-entry-meta\">\n\t\t\t\t\t\t\t\t\t<ul class=\"entry-meta-list\">\n\t\t\t\t\t\t\t\t\t<li class=\"modified-date\">\n\t\t\t\t\t\t\t\t<time class=\"updated\" datetime=\"2023-12-11T15:52:10-03:00\">\n\t\t\tdiciembre 11, 2023\t\t<\/time>\n\t\t\t\t\t\t\t<\/li>\n\n\t\t\t\t\t\n\t\t\t\t\t\t\t\t\t\t\t<li class=\"meta-author\">\n\t\t\t\t\t\t\t\t\t\t\t\t<span>Por<\/span>\n\t\t\n\t\t\t\t\t<img alt='author-avatar' src='https:\/\/secure.gravatar.com\/avatar\/955ebb6840b6d0c4d8b31868f130fc30?s=32&#038;d=mm&#038;r=g' srcset='https:\/\/secure.gravatar.com\/avatar\/955ebb6840b6d0c4d8b31868f130fc30?s=64&#038;d=mm&#038;r=g 2x' class='avatar avatar-32 photo' height='32' width='32' loading='lazy' decoding='async'\/>\t\t\n\t\t<a href=\"https:\/\/solidaridadlatam.org\/brasil\/author\/jessica\/\" rel=\"author\">\n\t\t\t<span class=\"vcard author author_name\">\n\t\t\t\t<span class=\"fn\">J\u00e9ssica Gaise<\/span>\n\t\t\t<\/span>\n\t\t<\/a>\n\t\t\t\t\t\t\t\t<\/li>\n\t\t\t\t\t\n\t\t\t\t\t\n\t\t\t\t\t\t\t\t\t\t\t\t<\/ul>\n\t\t\t\t\t\t\t<\/div><!-- .entry-meta -->\n\t\t\t\t\t\t\t\t\t\t\t<div class=\"hovered-social-icons wd-tltp wd-tltp-top\">\n\t\t\t\t\t\t\t<div class=\"wd-tooltip-label\">\n\t\t\t\t\t\t\t\t\n\t\t\t<div class=\" wd-social-icons  icons-design-default icons-size-small color-scheme-light social-share social-form-circle text-center\">\n\n\t\t\t\t\n\t\t\t\t\t\t\t\t\t<a rel=\"noopener noreferrer nofollow\" href=\"https:\/\/www.facebook.com\/sharer\/sharer.php?u=https:\/\/solidaridadlatam.org\/brasil\/news\/producao-de-baixo-carbono-um-olhar-para-o-futuro-da-agricultura\/\" target=\"_blank\" class=\" wd-social-icon social-facebook\" aria-label=\"Facebook social link\">\n\t\t\t\t\t\t<span class=\"wd-icon\"><\/span>\n\t\t\t\t\t\t\t\t\t\t\t<\/a>\n\t\t\t\t\n\t\t\t\t\t\t\t\t\t<a rel=\"noopener noreferrer nofollow\" href=\"https:\/\/x.com\/share?url=https:\/\/solidaridadlatam.org\/brasil\/news\/producao-de-baixo-carbono-um-olhar-para-o-futuro-da-agricultura\/\" target=\"_blank\" class=\" wd-social-icon social-twitter\" aria-label=\"X social link\">\n\t\t\t\t\t\t<span class=\"wd-icon\"><\/span>\n\t\t\t\t\t\t\t\t\t\t\t<\/a>\n\t\t\t\t\n\t\t\t\t\n\t\t\t\t\n\t\t\t\t\n\t\t\t\t\n\t\t\t\t\n\t\t\t\t\t\t\t\t\t<a rel=\"noopener noreferrer nofollow\" href=\"https:\/\/www.linkedin.com\/shareArticle?mini=true&url=https:\/\/solidaridadlatam.org\/brasil\/news\/producao-de-baixo-carbono-um-olhar-para-o-futuro-da-agricultura\/\" target=\"_blank\" class=\" wd-social-icon social-linkedin\" aria-label=\"Linkedin social link\">\n\t\t\t\t\t\t<span class=\"wd-icon\"><\/span>\n\t\t\t\t\t\t\t\t\t\t\t<\/a>\n\t\t\t\t\n\t\t\t\t\n\t\t\t\t\n\t\t\t\t\n\t\t\t\t\n\t\t\t\t\n\t\t\t\t\n\t\t\t\t\n\t\t\t\t\n\t\t\t\t\t\t\t\t\t<a rel=\"noopener noreferrer nofollow\" href=\"https:\/\/api.whatsapp.com\/send?text=https%3A%2F%2Fsolidaridadlatam.org%2Fbrasil%2Fnews%2Fproducao-de-baixo-carbono-um-olhar-para-o-futuro-da-agricultura%2F\" target=\"_blank\" class=\"whatsapp-desktop  wd-social-icon social-whatsapp\" aria-label=\"WhatsApp social link\">\n\t\t\t\t\t\t<span class=\"wd-icon\"><\/span>\n\t\t\t\t\t\t\t\t\t\t\t<\/a>\n\t\t\t\t\t\n\t\t\t\t\t<a rel=\"noopener noreferrer nofollow\" href=\"whatsapp:\/\/send?text=https%3A%2F%2Fsolidaridadlatam.org%2Fbrasil%2Fnews%2Fproducao-de-baixo-carbono-um-olhar-para-o-futuro-da-agricultura%2F\" target=\"_blank\" class=\"whatsapp-mobile  wd-social-icon social-whatsapp\" aria-label=\"WhatsApp social link\">\n\t\t\t\t\t\t<span class=\"wd-icon\"><\/span>\n\t\t\t\t\t\t\t\t\t\t\t<\/a>\n\t\t\t\t\n\t\t\t\t\t\t\t\t\n\t\t\t\t\t\t\t\t\n\t\t\t\t\n\t\t\t\t\n\t\t\t\t\t\t\t\t\t<a rel=\"noopener noreferrer nofollow\" href=\"https:\/\/telegram.me\/share\/url?url=https:\/\/solidaridadlatam.org\/brasil\/news\/producao-de-baixo-carbono-um-olhar-para-o-futuro-da-agricultura\/\" target=\"_blank\" class=\" wd-social-icon social-tg\" aria-label=\"Telegram social link\">\n\t\t\t\t\t\t<span class=\"wd-icon\"><\/span>\n\t\t\t\t\t\t\t\t\t\t\t<\/a>\n\t\t\t\t\t\t\t\t\n\t\t\t\t\n\t\t\t<\/div>\n\n\t\t\t\t\t\t\t\t\t<\/div>\n\t\t\t\t\t\t<\/div>\n\t\t\t\t\t\t\t\t\t\t\t\t\n\t\t\t\t\t\t\t\n\t\t\t\t                    <div class=\"entry-content wd-entry-content\">\n\t\t\t\t\t\tO aumento da demanda por alimentos e os crescentes impactos negativos das mudan\u00e7as clim\u00e1ticas est\u00e3o for\u00e7ando o mundo a repensar a forma...\n\t\t\t\t\t\t\t\t\t\t\t<\/div><!-- .entry-content -->\n\t\t\t\t\n\t\t\t\t\t\t\t\t\t\t\t\t\t\t<p class=\"read-more-section\">\n\t\t\t\t\t\t<a class=\"btn-read-more more-link\" href=\"https:\/\/solidaridadlatam.org\/brasil\/news\/producao-de-baixo-carbono-um-olhar-para-o-futuro-da-agricultura\/\">Seguir leyendo<\/a>\t\t\t\t\t<\/p>\n\t\t\t\t\t\t\t\t\t\t\t\n\t\t\t\n\t\t\t\t\t<\/div>\n\t<\/div>\n<\/article><!-- #post -->\n\n\n\t\t\t\t\t\t\t\t\t\t\t\n<article id=\"post-10711\" class=\"wd-post blog-design-small-images blog-post-loop blog-style-bg wd-add-shadow wd-col post-10711 post type-post status-publish format-standard hentry category-casos-de-estudos category-publications category-soja\">\n\t<div class=\"article-inner\">\n\t\t\t\t\t<header class=\"entry-header\">\n\t\t\t\t\n\t\t\t\t\t\t\t\t\t\t\t<div class=\"post-date woodmart-post-date\" onclick=\"\">\r\n\t\t\t<span class=\"post-date-day\">\r\n\t\t\t\t14\t\t\t<\/span>\r\n\t\t\t<span class=\"post-date-month\">\r\n\t\t\t\tAgo\t\t\t<\/span>\r\n\t\t\t<span class=\"post-date-year\">\r\n\t\t\t\t2023\t\t\t<\/span>\r\n\t\t<\/div>\r\n\t\t\t\t\t\t\n\t\t\t<\/header><!-- .entry-header -->\n\n\t\t<div class=\"article-body-container\">\n\t\t\t\n\t\t\t\t\t\t\t\t\t<div class=\"meta-categories-wrapp\"><div class=\"meta-post-categories wd-post-cat wd-style-with-bg\"><a href=\"https:\/\/solidaridadlatam.org\/brasil\/categoria\/casos-de-estudos\/\" rel=\"category tag\">Casos de estudos<\/a>, <a href=\"https:\/\/solidaridadlatam.org\/brasil\/categoria\/publications\/\" rel=\"category tag\">Publica\u00e7\u00e3o<\/a>, <a href=\"https:\/\/solidaridadlatam.org\/brasil\/categoria\/soja\/\" rel=\"category tag\">Soja<\/a><\/div><\/div>\n\t\t\t\t\n\t\t\t\t\t\t\t\t\t<h3 class=\"wd-entities-title title post-title\">\n\t\t\t\t\t\t<a href=\"https:\/\/solidaridadlatam.org\/brasil\/casos-de-estudos\/cases-de-abordagem-de-paisagem-no-sftf\/\" rel=\"bookmark\">Cases de abordagem de paisagem no SFTF<\/a>\n\t\t\t\t\t<\/h3>\n\t\t\t\t\n\t\t\t\t\t\t\t\t\t<div class=\"entry-meta wd-entry-meta\">\n\t\t\t\t\t\t\t\t\t<ul class=\"entry-meta-list\">\n\t\t\t\t\t\t\t\t\t<li class=\"modified-date\">\n\t\t\t\t\t\t\t\t<time class=\"updated\" datetime=\"2023-08-31T15:32:53-03:00\">\n\t\t\tagosto 31, 2023\t\t<\/time>\n\t\t\t\t\t\t\t<\/li>\n\n\t\t\t\t\t\n\t\t\t\t\t\t\t\t\t\t\t<li class=\"meta-author\">\n\t\t\t\t\t\t\t\t\t\t\t\t<span>Por<\/span>\n\t\t\n\t\t\t\t\t<img alt='author-avatar' src='https:\/\/secure.gravatar.com\/avatar\/369f4d18708e40372ea3e48556478bde?s=32&#038;d=mm&#038;r=g' srcset='https:\/\/secure.gravatar.com\/avatar\/369f4d18708e40372ea3e48556478bde?s=64&#038;d=mm&#038;r=g 2x' class='avatar avatar-32 photo' height='32' width='32' loading='lazy' decoding='async'\/>\t\t\n\t\t<a href=\"https:\/\/solidaridadlatam.org\/brasil\/author\/rosario-abramo\/\" rel=\"author\">\n\t\t\t<span class=\"vcard author author_name\">\n\t\t\t\t<span class=\"fn\">rosario.abramo<\/span>\n\t\t\t<\/span>\n\t\t<\/a>\n\t\t\t\t\t\t\t\t<\/li>\n\t\t\t\t\t\n\t\t\t\t\t\n\t\t\t\t\t\t\t\t\t\t\t\t<\/ul>\n\t\t\t\t\t\t\t<\/div><!-- .entry-meta -->\n\t\t\t\t\t\t\t\t\t\t\t<div class=\"hovered-social-icons wd-tltp wd-tltp-top\">\n\t\t\t\t\t\t\t<div class=\"wd-tooltip-label\">\n\t\t\t\t\t\t\t\t\n\t\t\t<div class=\" wd-social-icons  icons-design-default icons-size-small color-scheme-light social-share social-form-circle text-center\">\n\n\t\t\t\t\n\t\t\t\t\t\t\t\t\t<a rel=\"noopener noreferrer nofollow\" href=\"https:\/\/www.facebook.com\/sharer\/sharer.php?u=https:\/\/solidaridadlatam.org\/brasil\/casos-de-estudos\/cases-de-abordagem-de-paisagem-no-sftf\/\" target=\"_blank\" class=\" wd-social-icon social-facebook\" aria-label=\"Facebook social link\">\n\t\t\t\t\t\t<span class=\"wd-icon\"><\/span>\n\t\t\t\t\t\t\t\t\t\t\t<\/a>\n\t\t\t\t\n\t\t\t\t\t\t\t\t\t<a rel=\"noopener noreferrer nofollow\" href=\"https:\/\/x.com\/share?url=https:\/\/solidaridadlatam.org\/brasil\/casos-de-estudos\/cases-de-abordagem-de-paisagem-no-sftf\/\" target=\"_blank\" class=\" wd-social-icon social-twitter\" aria-label=\"X social link\">\n\t\t\t\t\t\t<span class=\"wd-icon\"><\/span>\n\t\t\t\t\t\t\t\t\t\t\t<\/a>\n\t\t\t\t\n\t\t\t\t\n\t\t\t\t\n\t\t\t\t\n\t\t\t\t\n\t\t\t\t\n\t\t\t\t\t\t\t\t\t<a rel=\"noopener noreferrer nofollow\" href=\"https:\/\/www.linkedin.com\/shareArticle?mini=true&url=https:\/\/solidaridadlatam.org\/brasil\/casos-de-estudos\/cases-de-abordagem-de-paisagem-no-sftf\/\" target=\"_blank\" class=\" wd-social-icon social-linkedin\" aria-label=\"Linkedin social link\">\n\t\t\t\t\t\t<span class=\"wd-icon\"><\/span>\n\t\t\t\t\t\t\t\t\t\t\t<\/a>\n\t\t\t\t\n\t\t\t\t\n\t\t\t\t\n\t\t\t\t\n\t\t\t\t\n\t\t\t\t\n\t\t\t\t\n\t\t\t\t\n\t\t\t\t\n\t\t\t\t\t\t\t\t\t<a rel=\"noopener noreferrer nofollow\" href=\"https:\/\/api.whatsapp.com\/send?text=https%3A%2F%2Fsolidaridadlatam.org%2Fbrasil%2Fcasos-de-estudos%2Fcases-de-abordagem-de-paisagem-no-sftf%2F\" target=\"_blank\" class=\"whatsapp-desktop  wd-social-icon social-whatsapp\" aria-label=\"WhatsApp social link\">\n\t\t\t\t\t\t<span class=\"wd-icon\"><\/span>\n\t\t\t\t\t\t\t\t\t\t\t<\/a>\n\t\t\t\t\t\n\t\t\t\t\t<a rel=\"noopener noreferrer nofollow\" href=\"whatsapp:\/\/send?text=https%3A%2F%2Fsolidaridadlatam.org%2Fbrasil%2Fcasos-de-estudos%2Fcases-de-abordagem-de-paisagem-no-sftf%2F\" target=\"_blank\" class=\"whatsapp-mobile  wd-social-icon social-whatsapp\" aria-label=\"WhatsApp social link\">\n\t\t\t\t\t\t<span class=\"wd-icon\"><\/span>\n\t\t\t\t\t\t\t\t\t\t\t<\/a>\n\t\t\t\t\n\t\t\t\t\t\t\t\t\n\t\t\t\t\t\t\t\t\n\t\t\t\t\n\t\t\t\t\n\t\t\t\t\t\t\t\t\t<a rel=\"noopener noreferrer nofollow\" href=\"https:\/\/telegram.me\/share\/url?url=https:\/\/solidaridadlatam.org\/brasil\/casos-de-estudos\/cases-de-abordagem-de-paisagem-no-sftf\/\" target=\"_blank\" class=\" wd-social-icon social-tg\" aria-label=\"Telegram social link\">\n\t\t\t\t\t\t<span class=\"wd-icon\"><\/span>\n\t\t\t\t\t\t\t\t\t\t\t<\/a>\n\t\t\t\t\t\t\t\t\n\t\t\t\t\n\t\t\t<\/div>\n\n\t\t\t\t\t\t\t\t\t<\/div>\n\t\t\t\t\t\t<\/div>\n\t\t\t\t\t\t\t\t\t\t\t\t\n\t\t\t\t\t\t\t\n\t\t\t\t                    <div class=\"entry-content wd-entry-content\">\n\t\t\t\t\t\tO seguinte case \u00e9 fruto do desenvolvimento da terceira fase do Programa Soy Fast Track Fund (SFTF) e tem por objetivo trazer os princip...\n\t\t\t\t\t\t\t\t\t\t\t<\/div><!-- .entry-content -->\n\t\t\t\t\n\t\t\t\t\t\t\t\t\t\t\t\t\t\t<p class=\"read-more-section\">\n\t\t\t\t\t\t<a class=\"btn-read-more more-link\" href=\"https:\/\/solidaridadlatam.org\/brasil\/casos-de-estudos\/cases-de-abordagem-de-paisagem-no-sftf\/\">Seguir leyendo<\/a>\t\t\t\t\t<\/p>\n\t\t\t\t\t\t\t\t\t\t\t\n\t\t\t\n\t\t\t\t\t<\/div>\n\t<\/div>\n<\/article><!-- #post -->\n\n\n\t\t\t\t\t\t\t\t\t\t\t\n<article id=\"post-10962\" class=\"wd-post blog-design-small-images blog-post-loop blog-style-bg wd-add-shadow wd-col post-10962 post type-post status-publish format-standard has-post-thumbnail hentry category-cacau category-cana-de-acucar category-erva-mate category-frutas category-pecuaria category-publications category-soja\">\n\t<div class=\"article-inner\">\n\t\t\t\t\t<header class=\"entry-header\">\n\t\t\t\t\t\t\t\t\t<figure id=\"carousel-764\" class=\"entry-thumbnail\">\n\t\t\t\t\t\t\n\t\t\t\t\t\t\t<div class=\"post-img-wrapp\">\n\t\t\t\t\t\t\t\t<a href=\"https:\/\/solidaridadlatam.org\/brasil\/publications\/informe-brasil-2022\/\">\n\t\t\t\t\t\t\t\t\t<img width=\"587\" height=\"899\" src=\"https:\/\/solidaridadlatam.org\/brasil\/wp-content\/uploads\/2023\/07\/screenhunter_599.png\" class=\"attachment-large size-large\" alt=\"\" decoding=\"async\" loading=\"lazy\" \/>\t\t\t\t\t\t\t\t<\/a>\n\t\t\t\t\t\t\t<\/div>\n\t\t\t\t\t\t\t<div class=\"post-image-mask\">\n\t\t\t\t\t\t\t\t<span><\/span>\n\t\t\t\t\t\t\t<\/div>\n\n\t\t\t\t\t\t\n\t\t\t\t\t<\/figure>\n\t\t\t\t\n\t\t\t\t\t\t\t\t\t\t\t<div class=\"post-date woodmart-post-date\" onclick=\"\">\r\n\t\t\t<span class=\"post-date-day\">\r\n\t\t\t\t27\t\t\t<\/span>\r\n\t\t\t<span class=\"post-date-month\">\r\n\t\t\t\tJul\t\t\t<\/span>\r\n\t\t\t<span class=\"post-date-year\">\r\n\t\t\t\t2023\t\t\t<\/span>\r\n\t\t<\/div>\r\n\t\t\t\t\t\t\n\t\t\t<\/header><!-- .entry-header -->\n\n\t\t<div class=\"article-body-container\">\n\t\t\t\n\t\t\t\t\t\t\t\t\t<div class=\"meta-categories-wrapp\"><div class=\"meta-post-categories wd-post-cat wd-style-with-bg\"><a href=\"https:\/\/solidaridadlatam.org\/brasil\/categoria\/cacau\/\" rel=\"category tag\">Cacau<\/a>, <a href=\"https:\/\/solidaridadlatam.org\/brasil\/categoria\/cana-de-acucar\/\" rel=\"category tag\">Cana-de-A\u00e7\u00facar<\/a>, <a href=\"https:\/\/solidaridadlatam.org\/brasil\/categoria\/erva-mate\/\" rel=\"category tag\">Erva-Mate<\/a>, <a href=\"https:\/\/solidaridadlatam.org\/brasil\/categoria\/frutas\/\" rel=\"category tag\">Frutas<\/a>, <a href=\"https:\/\/solidaridadlatam.org\/brasil\/categoria\/pecuaria\/\" rel=\"category tag\">Pecu\u00e1ria<\/a>, <a href=\"https:\/\/solidaridadlatam.org\/brasil\/categoria\/publications\/\" rel=\"category tag\">Publica\u00e7\u00e3o<\/a>, <a href=\"https:\/\/solidaridadlatam.org\/brasil\/categoria\/soja\/\" rel=\"category tag\">Soja<\/a><\/div><\/div>\n\t\t\t\t\n\t\t\t\t\t\t\t\t\t<h3 class=\"wd-entities-title title post-title\">\n\t\t\t\t\t\t<a href=\"https:\/\/solidaridadlatam.org\/brasil\/publications\/informe-brasil-2022\/\" rel=\"bookmark\">Informe Brasil 2022<\/a>\n\t\t\t\t\t<\/h3>\n\t\t\t\t\n\t\t\t\t\t\t\t\t\t<div class=\"entry-meta wd-entry-meta\">\n\t\t\t\t\t\t\t\t\t<ul class=\"entry-meta-list\">\n\t\t\t\t\t\t\t\t\t<li class=\"modified-date\">\n\t\t\t\t\t\t\t\t<time class=\"updated\" datetime=\"2023-11-16T19:06:57-03:00\">\n\t\t\tnoviembre 16, 2023\t\t<\/time>\n\t\t\t\t\t\t\t<\/li>\n\n\t\t\t\t\t\n\t\t\t\t\t\t\t\t\t\t\t<li class=\"meta-author\">\n\t\t\t\t\t\t\t\t\t\t\t\t<span>Por<\/span>\n\t\t\n\t\t\t\t\t<img alt='author-avatar' src='https:\/\/secure.gravatar.com\/avatar\/369f4d18708e40372ea3e48556478bde?s=32&#038;d=mm&#038;r=g' srcset='https:\/\/secure.gravatar.com\/avatar\/369f4d18708e40372ea3e48556478bde?s=64&#038;d=mm&#038;r=g 2x' class='avatar avatar-32 photo' height='32' width='32' loading='lazy' decoding='async'\/>\t\t\n\t\t<a href=\"https:\/\/solidaridadlatam.org\/brasil\/author\/rosario-abramo\/\" rel=\"author\">\n\t\t\t<span class=\"vcard author author_name\">\n\t\t\t\t<span class=\"fn\">rosario.abramo<\/span>\n\t\t\t<\/span>\n\t\t<\/a>\n\t\t\t\t\t\t\t\t<\/li>\n\t\t\t\t\t\n\t\t\t\t\t\n\t\t\t\t\t\t\t\t\t\t\t\t<\/ul>\n\t\t\t\t\t\t\t<\/div><!-- .entry-meta -->\n\t\t\t\t\t\t\t\t\t\t\t<div class=\"hovered-social-icons wd-tltp wd-tltp-top\">\n\t\t\t\t\t\t\t<div class=\"wd-tooltip-label\">\n\t\t\t\t\t\t\t\t\n\t\t\t<div class=\" wd-social-icons  icons-design-default icons-size-small color-scheme-light social-share social-form-circle text-center\">\n\n\t\t\t\t\n\t\t\t\t\t\t\t\t\t<a rel=\"noopener noreferrer nofollow\" href=\"https:\/\/www.facebook.com\/sharer\/sharer.php?u=https:\/\/solidaridadlatam.org\/brasil\/publications\/informe-brasil-2022\/\" target=\"_blank\" class=\" wd-social-icon social-facebook\" aria-label=\"Facebook social link\">\n\t\t\t\t\t\t<span class=\"wd-icon\"><\/span>\n\t\t\t\t\t\t\t\t\t\t\t<\/a>\n\t\t\t\t\n\t\t\t\t\t\t\t\t\t<a rel=\"noopener noreferrer nofollow\" href=\"https:\/\/x.com\/share?url=https:\/\/solidaridadlatam.org\/brasil\/publications\/informe-brasil-2022\/\" target=\"_blank\" class=\" wd-social-icon social-twitter\" aria-label=\"X social link\">\n\t\t\t\t\t\t<span class=\"wd-icon\"><\/span>\n\t\t\t\t\t\t\t\t\t\t\t<\/a>\n\t\t\t\t\n\t\t\t\t\n\t\t\t\t\n\t\t\t\t\n\t\t\t\t\n\t\t\t\t\n\t\t\t\t\t\t\t\t\t<a rel=\"noopener noreferrer nofollow\" href=\"https:\/\/www.linkedin.com\/shareArticle?mini=true&url=https:\/\/solidaridadlatam.org\/brasil\/publications\/informe-brasil-2022\/\" target=\"_blank\" class=\" wd-social-icon social-linkedin\" aria-label=\"Linkedin social link\">\n\t\t\t\t\t\t<span class=\"wd-icon\"><\/span>\n\t\t\t\t\t\t\t\t\t\t\t<\/a>\n\t\t\t\t\n\t\t\t\t\n\t\t\t\t\n\t\t\t\t\n\t\t\t\t\n\t\t\t\t\n\t\t\t\t\n\t\t\t\t\n\t\t\t\t\n\t\t\t\t\t\t\t\t\t<a rel=\"noopener noreferrer nofollow\" href=\"https:\/\/api.whatsapp.com\/send?text=https%3A%2F%2Fsolidaridadlatam.org%2Fbrasil%2Fpublications%2Finforme-brasil-2022%2F\" target=\"_blank\" class=\"whatsapp-desktop  wd-social-icon social-whatsapp\" aria-label=\"WhatsApp social link\">\n\t\t\t\t\t\t<span class=\"wd-icon\"><\/span>\n\t\t\t\t\t\t\t\t\t\t\t<\/a>\n\t\t\t\t\t\n\t\t\t\t\t<a rel=\"noopener noreferrer nofollow\" href=\"whatsapp:\/\/send?text=https%3A%2F%2Fsolidaridadlatam.org%2Fbrasil%2Fpublications%2Finforme-brasil-2022%2F\" target=\"_blank\" class=\"whatsapp-mobile  wd-social-icon social-whatsapp\" aria-label=\"WhatsApp social link\">\n\t\t\t\t\t\t<span class=\"wd-icon\"><\/span>\n\t\t\t\t\t\t\t\t\t\t\t<\/a>\n\t\t\t\t\n\t\t\t\t\t\t\t\t\n\t\t\t\t\t\t\t\t\n\t\t\t\t\n\t\t\t\t\n\t\t\t\t\t\t\t\t\t<a rel=\"noopener noreferrer nofollow\" href=\"https:\/\/telegram.me\/share\/url?url=https:\/\/solidaridadlatam.org\/brasil\/publications\/informe-brasil-2022\/\" target=\"_blank\" class=\" wd-social-icon social-tg\" aria-label=\"Telegram social link\">\n\t\t\t\t\t\t<span class=\"wd-icon\"><\/span>\n\t\t\t\t\t\t\t\t\t\t\t<\/a>\n\t\t\t\t\t\t\t\t\n\t\t\t\t\n\t\t\t<\/div>\n\n\t\t\t\t\t\t\t\t\t<\/div>\n\t\t\t\t\t\t<\/div>\n\t\t\t\t\t\t\t\t\t\t\t\t\n\t\t\t\t\t\t\t\n\t\t\t\t                    <div class=\"entry-content wd-entry-content\">\n\t\t\t\t\t\tA Funda\u00e7\u00e3o Solidaridad atua com foco na sustentabilidade de sete cadeias produtivas da agropecu\u00e1ria, contribuindo para a seguran\u00e7a alim...\n\t\t\t\t\t\t\t\t\t\t\t<\/div><!-- .entry-content -->\n\t\t\t\t\n\t\t\t\t\t\t\t\t\t\t\t\t\t\t<p class=\"read-more-section\">\n\t\t\t\t\t\t<a class=\"btn-read-more more-link\" href=\"https:\/\/solidaridadlatam.org\/brasil\/publications\/informe-brasil-2022\/\">Seguir leyendo<\/a>\t\t\t\t\t<\/p>\n\t\t\t\t\t\t\t\t\t\t\t\n\t\t\t\n\t\t\t\t\t<\/div>\n\t<\/div>\n<\/article><!-- #post -->\n\n\n\t\t\t\t\t\t\t\t\t\t\t\n<article id=\"post-10626\" class=\"wd-post blog-design-small-images blog-post-loop blog-style-bg wd-add-shadow wd-col post-10626 post type-post status-publish format-standard has-post-thumbnail hentry category-news category-soja\">\n\t<div class=\"article-inner\">\n\t\t\t\t\t<header class=\"entry-header\">\n\t\t\t\t\t\t\t\t\t<figure id=\"carousel-516\" class=\"entry-thumbnail\">\n\t\t\t\t\t\t\n\t\t\t\t\t\t\t<div class=\"post-img-wrapp\">\n\t\t\t\t\t\t\t\t<a href=\"https:\/\/solidaridadlatam.org\/brasil\/news\/solucoes-para-uma-sojicultura-de-baixo-carbono-no-matopiba\/\">\n\t\t\t\t\t\t\t\t\t<img width=\"900\" height=\"596\" src=\"https:\/\/solidaridadlatam.org\/brasil\/wp-content\/uploads\/2023\/08\/sistema-plantio-direto.png\" class=\"attachment-large size-large\" alt=\"\" decoding=\"async\" loading=\"lazy\" \/>\t\t\t\t\t\t\t\t<\/a>\n\t\t\t\t\t\t\t<\/div>\n\t\t\t\t\t\t\t<div class=\"post-image-mask\">\n\t\t\t\t\t\t\t\t<span><\/span>\n\t\t\t\t\t\t\t<\/div>\n\n\t\t\t\t\t\t\n\t\t\t\t\t<\/figure>\n\t\t\t\t\n\t\t\t\t\t\t\t\t\t\t\t<div class=\"post-date woodmart-post-date\" onclick=\"\">\r\n\t\t\t<span class=\"post-date-day\">\r\n\t\t\t\t06\t\t\t<\/span>\r\n\t\t\t<span class=\"post-date-month\">\r\n\t\t\t\tAbr\t\t\t<\/span>\r\n\t\t\t<span class=\"post-date-year\">\r\n\t\t\t\t2023\t\t\t<\/span>\r\n\t\t<\/div>\r\n\t\t\t\t\t\t\n\t\t\t<\/header><!-- .entry-header -->\n\n\t\t<div class=\"article-body-container\">\n\t\t\t\n\t\t\t\t\t\t\t\t\t<div class=\"meta-categories-wrapp\"><div class=\"meta-post-categories wd-post-cat wd-style-with-bg\"><a href=\"https:\/\/solidaridadlatam.org\/brasil\/categoria\/news\/\" rel=\"category tag\">Not\u00edcia<\/a>, <a href=\"https:\/\/solidaridadlatam.org\/brasil\/categoria\/soja\/\" rel=\"category tag\">Soja<\/a><\/div><\/div>\n\t\t\t\t\n\t\t\t\t\t\t\t\t\t<h3 class=\"wd-entities-title title post-title\">\n\t\t\t\t\t\t<a href=\"https:\/\/solidaridadlatam.org\/brasil\/news\/solucoes-para-uma-sojicultura-de-baixo-carbono-no-matopiba\/\" rel=\"bookmark\">Solu\u00e7\u00f5es para uma sojicultura de baixo carbono no Matopiba<\/a>\n\t\t\t\t\t<\/h3>\n\t\t\t\t\n\t\t\t\t\t\t\t\t\t<div class=\"entry-meta wd-entry-meta\">\n\t\t\t\t\t\t\t\t\t<ul class=\"entry-meta-list\">\n\t\t\t\t\t\t\t\t\t<li class=\"modified-date\">\n\t\t\t\t\t\t\t\t<time class=\"updated\" datetime=\"2026-04-01T16:21:13-03:00\">\n\t\t\tabril 1, 2026\t\t<\/time>\n\t\t\t\t\t\t\t<\/li>\n\n\t\t\t\t\t\n\t\t\t\t\t\t\t\t\t\t\t<li class=\"meta-author\">\n\t\t\t\t\t\t\t\t\t\t\t\t<span>Por<\/span>\n\t\t\n\t\t\t\t\t<img alt='author-avatar' src='https:\/\/secure.gravatar.com\/avatar\/369f4d18708e40372ea3e48556478bde?s=32&#038;d=mm&#038;r=g' srcset='https:\/\/secure.gravatar.com\/avatar\/369f4d18708e40372ea3e48556478bde?s=64&#038;d=mm&#038;r=g 2x' class='avatar avatar-32 photo' height='32' width='32' loading='lazy' decoding='async'\/>\t\t\n\t\t<a href=\"https:\/\/solidaridadlatam.org\/brasil\/author\/rosario-abramo\/\" rel=\"author\">\n\t\t\t<span class=\"vcard author author_name\">\n\t\t\t\t<span class=\"fn\">rosario.abramo<\/span>\n\t\t\t<\/span>\n\t\t<\/a>\n\t\t\t\t\t\t\t\t<\/li>\n\t\t\t\t\t\n\t\t\t\t\t\n\t\t\t\t\t\t\t\t\t\t\t\t<\/ul>\n\t\t\t\t\t\t\t<\/div><!-- .entry-meta -->\n\t\t\t\t\t\t\t\t\t\t\t<div class=\"hovered-social-icons wd-tltp wd-tltp-top\">\n\t\t\t\t\t\t\t<div class=\"wd-tooltip-label\">\n\t\t\t\t\t\t\t\t\n\t\t\t<div class=\" wd-social-icons  icons-design-default icons-size-small color-scheme-light social-share social-form-circle text-center\">\n\n\t\t\t\t\n\t\t\t\t\t\t\t\t\t<a rel=\"noopener noreferrer nofollow\" href=\"https:\/\/www.facebook.com\/sharer\/sharer.php?u=https:\/\/solidaridadlatam.org\/brasil\/news\/solucoes-para-uma-sojicultura-de-baixo-carbono-no-matopiba\/\" target=\"_blank\" class=\" wd-social-icon social-facebook\" aria-label=\"Facebook social link\">\n\t\t\t\t\t\t<span class=\"wd-icon\"><\/span>\n\t\t\t\t\t\t\t\t\t\t\t<\/a>\n\t\t\t\t\n\t\t\t\t\t\t\t\t\t<a rel=\"noopener noreferrer nofollow\" href=\"https:\/\/x.com\/share?url=https:\/\/solidaridadlatam.org\/brasil\/news\/solucoes-para-uma-sojicultura-de-baixo-carbono-no-matopiba\/\" target=\"_blank\" class=\" wd-social-icon social-twitter\" aria-label=\"X social link\">\n\t\t\t\t\t\t<span class=\"wd-icon\"><\/span>\n\t\t\t\t\t\t\t\t\t\t\t<\/a>\n\t\t\t\t\n\t\t\t\t\n\t\t\t\t\n\t\t\t\t\n\t\t\t\t\n\t\t\t\t\n\t\t\t\t\t\t\t\t\t<a rel=\"noopener noreferrer nofollow\" href=\"https:\/\/www.linkedin.com\/shareArticle?mini=true&url=https:\/\/solidaridadlatam.org\/brasil\/news\/solucoes-para-uma-sojicultura-de-baixo-carbono-no-matopiba\/\" target=\"_blank\" class=\" wd-social-icon social-linkedin\" aria-label=\"Linkedin social link\">\n\t\t\t\t\t\t<span class=\"wd-icon\"><\/span>\n\t\t\t\t\t\t\t\t\t\t\t<\/a>\n\t\t\t\t\n\t\t\t\t\n\t\t\t\t\n\t\t\t\t\n\t\t\t\t\n\t\t\t\t\n\t\t\t\t\n\t\t\t\t\n\t\t\t\t\n\t\t\t\t\t\t\t\t\t<a rel=\"noopener noreferrer nofollow\" href=\"https:\/\/api.whatsapp.com\/send?text=https%3A%2F%2Fsolidaridadlatam.org%2Fbrasil%2Fnews%2Fsolucoes-para-uma-sojicultura-de-baixo-carbono-no-matopiba%2F\" target=\"_blank\" class=\"whatsapp-desktop  wd-social-icon social-whatsapp\" aria-label=\"WhatsApp social link\">\n\t\t\t\t\t\t<span class=\"wd-icon\"><\/span>\n\t\t\t\t\t\t\t\t\t\t\t<\/a>\n\t\t\t\t\t\n\t\t\t\t\t<a rel=\"noopener noreferrer nofollow\" href=\"whatsapp:\/\/send?text=https%3A%2F%2Fsolidaridadlatam.org%2Fbrasil%2Fnews%2Fsolucoes-para-uma-sojicultura-de-baixo-carbono-no-matopiba%2F\" target=\"_blank\" class=\"whatsapp-mobile  wd-social-icon social-whatsapp\" aria-label=\"WhatsApp social link\">\n\t\t\t\t\t\t<span class=\"wd-icon\"><\/span>\n\t\t\t\t\t\t\t\t\t\t\t<\/a>\n\t\t\t\t\n\t\t\t\t\t\t\t\t\n\t\t\t\t\t\t\t\t\n\t\t\t\t\n\t\t\t\t\n\t\t\t\t\t\t\t\t\t<a rel=\"noopener noreferrer nofollow\" href=\"https:\/\/telegram.me\/share\/url?url=https:\/\/solidaridadlatam.org\/brasil\/news\/solucoes-para-uma-sojicultura-de-baixo-carbono-no-matopiba\/\" target=\"_blank\" class=\" wd-social-icon social-tg\" aria-label=\"Telegram social link\">\n\t\t\t\t\t\t<span class=\"wd-icon\"><\/span>\n\t\t\t\t\t\t\t\t\t\t\t<\/a>\n\t\t\t\t\t\t\t\t\n\t\t\t\t\n\t\t\t<\/div>\n\n\t\t\t\t\t\t\t\t\t<\/div>\n\t\t\t\t\t\t<\/div>\n\t\t\t\t\t\t\t\t\t\t\t\t\n\t\t\t\t\t\t\t\n\t\t\t\t                    <div class=\"entry-content wd-entry-content\">\n\t\t\t\t\t\tEm parceria com o Land Innovation Fund e a Aiba, Funda\u00e7\u00e3o Solidaridad encerra projeto que consolida sua atua\u00e7\u00e3o como organiza\u00e7\u00e3o promot...\n\t\t\t\t\t\t\t\t\t\t\t<\/div><!-- .entry-content -->\n\t\t\t\t\n\t\t\t\t\t\t\t\t\t\t\t\t\t\t<p class=\"read-more-section\">\n\t\t\t\t\t\t<a class=\"btn-read-more more-link\" href=\"https:\/\/solidaridadlatam.org\/brasil\/news\/solucoes-para-uma-sojicultura-de-baixo-carbono-no-matopiba\/\">Seguir leyendo<\/a>\t\t\t\t\t<\/p>\n\t\t\t\t\t\t\t\t\t\t\t\n\t\t\t\n\t\t\t\t\t<\/div>\n\t<\/div>\n<\/article><!-- #post -->\n\n\n\t\t\t\t\t\t\t\t\t\t\t\n<article id=\"post-10577\" class=\"wd-post blog-design-small-images blog-post-loop blog-style-bg wd-add-shadow wd-col post-10577 post type-post status-publish format-standard has-post-thumbnail hentry category-news category-soja\">\n\t<div class=\"article-inner\">\n\t\t\t\t\t<header class=\"entry-header\">\n\t\t\t\t\t\t\t\t\t<figure id=\"carousel-671\" class=\"entry-thumbnail\">\n\t\t\t\t\t\t\n\t\t\t\t\t\t\t<div class=\"post-img-wrapp\">\n\t\t\t\t\t\t\t\t<a href=\"https:\/\/solidaridadlatam.org\/brasil\/news\/parceria-com-a-giz-expande-atuacao-da-solidaridad-no-maranhao\/\">\n\t\t\t\t\t\t\t\t\t<img width=\"1000\" height=\"667\" src=\"https:\/\/solidaridadlatam.org\/brasil\/wp-content\/uploads\/2023\/08\/solidaridad-maranhao.png\" class=\"attachment-large size-large\" alt=\"\" decoding=\"async\" loading=\"lazy\" \/>\t\t\t\t\t\t\t\t<\/a>\n\t\t\t\t\t\t\t<\/div>\n\t\t\t\t\t\t\t<div class=\"post-image-mask\">\n\t\t\t\t\t\t\t\t<span><\/span>\n\t\t\t\t\t\t\t<\/div>\n\n\t\t\t\t\t\t\n\t\t\t\t\t<\/figure>\n\t\t\t\t\n\t\t\t\t\t\t\t\t\t\t\t<div class=\"post-date woodmart-post-date\" onclick=\"\">\r\n\t\t\t<span class=\"post-date-day\">\r\n\t\t\t\t20\t\t\t<\/span>\r\n\t\t\t<span class=\"post-date-month\">\r\n\t\t\t\tDic\t\t\t<\/span>\r\n\t\t\t<span class=\"post-date-year\">\r\n\t\t\t\t2022\t\t\t<\/span>\r\n\t\t<\/div>\r\n\t\t\t\t\t\t\n\t\t\t<\/header><!-- .entry-header -->\n\n\t\t<div class=\"article-body-container\">\n\t\t\t\n\t\t\t\t\t\t\t\t\t<div class=\"meta-categories-wrapp\"><div class=\"meta-post-categories wd-post-cat wd-style-with-bg\"><a href=\"https:\/\/solidaridadlatam.org\/brasil\/categoria\/news\/\" rel=\"category tag\">Not\u00edcia<\/a>, <a href=\"https:\/\/solidaridadlatam.org\/brasil\/categoria\/soja\/\" rel=\"category tag\">Soja<\/a><\/div><\/div>\n\t\t\t\t\n\t\t\t\t\t\t\t\t\t<h3 class=\"wd-entities-title title post-title\">\n\t\t\t\t\t\t<a href=\"https:\/\/solidaridadlatam.org\/brasil\/news\/parceria-com-a-giz-expande-atuacao-da-solidaridad-no-maranhao\/\" rel=\"bookmark\">Parceria com a GIZ expande atua\u00e7\u00e3o da Solidaridad no Maranh\u00e3o<\/a>\n\t\t\t\t\t<\/h3>\n\t\t\t\t\n\t\t\t\t\t\t\t\t\t<div class=\"entry-meta wd-entry-meta\">\n\t\t\t\t\t\t\t\t\t<ul class=\"entry-meta-list\">\n\t\t\t\t\t\t\t\t\t<li class=\"modified-date\">\n\t\t\t\t\t\t\t\t<time class=\"updated\" datetime=\"2026-04-01T16:22:50-03:00\">\n\t\t\tabril 1, 2026\t\t<\/time>\n\t\t\t\t\t\t\t<\/li>\n\n\t\t\t\t\t\n\t\t\t\t\t\t\t\t\t\t\t<li class=\"meta-author\">\n\t\t\t\t\t\t\t\t\t\t\t\t<span>Por<\/span>\n\t\t\n\t\t\t\t\t<img alt='author-avatar' src='https:\/\/secure.gravatar.com\/avatar\/369f4d18708e40372ea3e48556478bde?s=32&#038;d=mm&#038;r=g' srcset='https:\/\/secure.gravatar.com\/avatar\/369f4d18708e40372ea3e48556478bde?s=64&#038;d=mm&#038;r=g 2x' class='avatar avatar-32 photo' height='32' width='32' loading='lazy' decoding='async'\/>\t\t\n\t\t<a href=\"https:\/\/solidaridadlatam.org\/brasil\/author\/rosario-abramo\/\" rel=\"author\">\n\t\t\t<span class=\"vcard author author_name\">\n\t\t\t\t<span class=\"fn\">rosario.abramo<\/span>\n\t\t\t<\/span>\n\t\t<\/a>\n\t\t\t\t\t\t\t\t<\/li>\n\t\t\t\t\t\n\t\t\t\t\t\n\t\t\t\t\t\t\t\t\t\t\t\t<\/ul>\n\t\t\t\t\t\t\t<\/div><!-- .entry-meta -->\n\t\t\t\t\t\t\t\t\t\t\t<div class=\"hovered-social-icons wd-tltp wd-tltp-top\">\n\t\t\t\t\t\t\t<div class=\"wd-tooltip-label\">\n\t\t\t\t\t\t\t\t\n\t\t\t<div class=\" wd-social-icons  icons-design-default icons-size-small color-scheme-light social-share social-form-circle text-center\">\n\n\t\t\t\t\n\t\t\t\t\t\t\t\t\t<a rel=\"noopener noreferrer nofollow\" href=\"https:\/\/www.facebook.com\/sharer\/sharer.php?u=https:\/\/solidaridadlatam.org\/brasil\/news\/parceria-com-a-giz-expande-atuacao-da-solidaridad-no-maranhao\/\" target=\"_blank\" class=\" wd-social-icon social-facebook\" aria-label=\"Facebook social link\">\n\t\t\t\t\t\t<span class=\"wd-icon\"><\/span>\n\t\t\t\t\t\t\t\t\t\t\t<\/a>\n\t\t\t\t\n\t\t\t\t\t\t\t\t\t<a rel=\"noopener noreferrer nofollow\" href=\"https:\/\/x.com\/share?url=https:\/\/solidaridadlatam.org\/brasil\/news\/parceria-com-a-giz-expande-atuacao-da-solidaridad-no-maranhao\/\" target=\"_blank\" class=\" wd-social-icon social-twitter\" aria-label=\"X social link\">\n\t\t\t\t\t\t<span class=\"wd-icon\"><\/span>\n\t\t\t\t\t\t\t\t\t\t\t<\/a>\n\t\t\t\t\n\t\t\t\t\n\t\t\t\t\n\t\t\t\t\n\t\t\t\t\n\t\t\t\t\n\t\t\t\t\t\t\t\t\t<a rel=\"noopener noreferrer nofollow\" href=\"https:\/\/www.linkedin.com\/shareArticle?mini=true&url=https:\/\/solidaridadlatam.org\/brasil\/news\/parceria-com-a-giz-expande-atuacao-da-solidaridad-no-maranhao\/\" target=\"_blank\" class=\" wd-social-icon social-linkedin\" aria-label=\"Linkedin social link\">\n\t\t\t\t\t\t<span class=\"wd-icon\"><\/span>\n\t\t\t\t\t\t\t\t\t\t\t<\/a>\n\t\t\t\t\n\t\t\t\t\n\t\t\t\t\n\t\t\t\t\n\t\t\t\t\n\t\t\t\t\n\t\t\t\t\n\t\t\t\t\n\t\t\t\t\n\t\t\t\t\t\t\t\t\t<a rel=\"noopener noreferrer nofollow\" href=\"https:\/\/api.whatsapp.com\/send?text=https%3A%2F%2Fsolidaridadlatam.org%2Fbrasil%2Fnews%2Fparceria-com-a-giz-expande-atuacao-da-solidaridad-no-maranhao%2F\" target=\"_blank\" class=\"whatsapp-desktop  wd-social-icon social-whatsapp\" aria-label=\"WhatsApp social link\">\n\t\t\t\t\t\t<span class=\"wd-icon\"><\/span>\n\t\t\t\t\t\t\t\t\t\t\t<\/a>\n\t\t\t\t\t\n\t\t\t\t\t<a rel=\"noopener noreferrer nofollow\" href=\"whatsapp:\/\/send?text=https%3A%2F%2Fsolidaridadlatam.org%2Fbrasil%2Fnews%2Fparceria-com-a-giz-expande-atuacao-da-solidaridad-no-maranhao%2F\" target=\"_blank\" class=\"whatsapp-mobile  wd-social-icon social-whatsapp\" aria-label=\"WhatsApp social link\">\n\t\t\t\t\t\t<span class=\"wd-icon\"><\/span>\n\t\t\t\t\t\t\t\t\t\t\t<\/a>\n\t\t\t\t\n\t\t\t\t\t\t\t\t\n\t\t\t\t\t\t\t\t\n\t\t\t\t\n\t\t\t\t\n\t\t\t\t\t\t\t\t\t<a rel=\"noopener noreferrer nofollow\" href=\"https:\/\/telegram.me\/share\/url?url=https:\/\/solidaridadlatam.org\/brasil\/news\/parceria-com-a-giz-expande-atuacao-da-solidaridad-no-maranhao\/\" target=\"_blank\" class=\" wd-social-icon social-tg\" aria-label=\"Telegram social link\">\n\t\t\t\t\t\t<span class=\"wd-icon\"><\/span>\n\t\t\t\t\t\t\t\t\t\t\t<\/a>\n\t\t\t\t\t\t\t\t\n\t\t\t\t\n\t\t\t<\/div>\n\n\t\t\t\t\t\t\t\t\t<\/div>\n\t\t\t\t\t\t<\/div>\n\t\t\t\t\t\t\t\t\t\t\t\t\n\t\t\t\t\t\t\t\n\t\t\t\t                    <div class=\"entry-content wd-entry-content\">\n\t\t\t\t\t\tCom o objetivo de ampliar o trabalho de pr\u00e1ticas sustent\u00e1veis para a cadeia da soja, a Funda\u00e7\u00e3o Solidaridad inaugura uma Unidade Demons...\n\t\t\t\t\t\t\t\t\t\t\t<\/div><!-- .entry-content -->\n\t\t\t\t\n\t\t\t\t\t\t\t\t\t\t\t\t\t\t<p class=\"read-more-section\">\n\t\t\t\t\t\t<a class=\"btn-read-more more-link\" href=\"https:\/\/solidaridadlatam.org\/brasil\/news\/parceria-com-a-giz-expande-atuacao-da-solidaridad-no-maranhao\/\">Seguir leyendo<\/a>\t\t\t\t\t<\/p>\n\t\t\t\t\t\t\t\t\t\t\t\n\t\t\t\n\t\t\t\t\t<\/div>\n\t<\/div>\n<\/article><!-- #post -->\n\n\n\t\t\t\t\t\t\t\t\t\t\t\n<article id=\"post-10541\" class=\"wd-post blog-design-small-images blog-post-loop blog-style-bg wd-add-shadow wd-col post-10541 post type-post status-publish format-standard has-post-thumbnail hentry category-news category-soja\">\n\t<div class=\"article-inner\">\n\t\t\t\t\t<header class=\"entry-header\">\n\t\t\t\t\t\t\t\t\t<figure id=\"carousel-117\" class=\"entry-thumbnail\">\n\t\t\t\t\t\t\n\t\t\t\t\t\t\t<div class=\"post-img-wrapp\">\n\t\t\t\t\t\t\t\t<a href=\"https:\/\/solidaridadlatam.org\/brasil\/news\/oportunidades-para-reducao-das-emissoes-de-carbono-na-producao-de-soja-do-matopiba\/\">\n\t\t\t\t\t\t\t\t\t<img width=\"1200\" height=\"798\" src=\"https:\/\/solidaridadlatam.org\/brasil\/wp-content\/uploads\/2023\/08\/soja_e_o_cerrado.jpeg\" class=\"attachment-large size-large\" alt=\"\" decoding=\"async\" loading=\"lazy\" \/>\t\t\t\t\t\t\t\t<\/a>\n\t\t\t\t\t\t\t<\/div>\n\t\t\t\t\t\t\t<div class=\"post-image-mask\">\n\t\t\t\t\t\t\t\t<span><\/span>\n\t\t\t\t\t\t\t<\/div>\n\n\t\t\t\t\t\t\n\t\t\t\t\t<\/figure>\n\t\t\t\t\n\t\t\t\t\t\t\t\t\t\t\t<div class=\"post-date woodmart-post-date\" onclick=\"\">\r\n\t\t\t<span class=\"post-date-day\">\r\n\t\t\t\t12\t\t\t<\/span>\r\n\t\t\t<span class=\"post-date-month\">\r\n\t\t\t\tSep\t\t\t<\/span>\r\n\t\t\t<span class=\"post-date-year\">\r\n\t\t\t\t2022\t\t\t<\/span>\r\n\t\t<\/div>\r\n\t\t\t\t\t\t\n\t\t\t<\/header><!-- .entry-header -->\n\n\t\t<div class=\"article-body-container\">\n\t\t\t\n\t\t\t\t\t\t\t\t\t<div class=\"meta-categories-wrapp\"><div class=\"meta-post-categories wd-post-cat wd-style-with-bg\"><a href=\"https:\/\/solidaridadlatam.org\/brasil\/categoria\/news\/\" rel=\"category tag\">Not\u00edcia<\/a>, <a href=\"https:\/\/solidaridadlatam.org\/brasil\/categoria\/soja\/\" rel=\"category tag\">Soja<\/a><\/div><\/div>\n\t\t\t\t\n\t\t\t\t\t\t\t\t\t<h3 class=\"wd-entities-title title post-title\">\n\t\t\t\t\t\t<a href=\"https:\/\/solidaridadlatam.org\/brasil\/news\/oportunidades-para-reducao-das-emissoes-de-carbono-na-producao-de-soja-do-matopiba\/\" rel=\"bookmark\">Oportunidades para redu\u00e7\u00e3o das emiss\u00f5es de carbono na produ\u00e7\u00e3o de soja do MATOPIBA<\/a>\n\t\t\t\t\t<\/h3>\n\t\t\t\t\n\t\t\t\t\t\t\t\t\t<div class=\"entry-meta wd-entry-meta\">\n\t\t\t\t\t\t\t\t\t<ul class=\"entry-meta-list\">\n\t\t\t\t\t\t\t\t\t<li class=\"modified-date\">\n\t\t\t\t\t\t\t\t<time class=\"updated\" datetime=\"2026-04-01T16:25:11-03:00\">\n\t\t\tabril 1, 2026\t\t<\/time>\n\t\t\t\t\t\t\t<\/li>\n\n\t\t\t\t\t\n\t\t\t\t\t\t\t\t\t\t\t<li class=\"meta-author\">\n\t\t\t\t\t\t\t\t\t\t\t\t<span>Por<\/span>\n\t\t\n\t\t\t\t\t<img alt='author-avatar' src='https:\/\/secure.gravatar.com\/avatar\/369f4d18708e40372ea3e48556478bde?s=32&#038;d=mm&#038;r=g' srcset='https:\/\/secure.gravatar.com\/avatar\/369f4d18708e40372ea3e48556478bde?s=64&#038;d=mm&#038;r=g 2x' class='avatar avatar-32 photo' height='32' width='32' loading='lazy' decoding='async'\/>\t\t\n\t\t<a href=\"https:\/\/solidaridadlatam.org\/brasil\/author\/rosario-abramo\/\" rel=\"author\">\n\t\t\t<span class=\"vcard author author_name\">\n\t\t\t\t<span class=\"fn\">rosario.abramo<\/span>\n\t\t\t<\/span>\n\t\t<\/a>\n\t\t\t\t\t\t\t\t<\/li>\n\t\t\t\t\t\n\t\t\t\t\t\n\t\t\t\t\t\t\t\t\t\t\t\t<\/ul>\n\t\t\t\t\t\t\t<\/div><!-- .entry-meta -->\n\t\t\t\t\t\t\t\t\t\t\t<div class=\"hovered-social-icons wd-tltp wd-tltp-top\">\n\t\t\t\t\t\t\t<div class=\"wd-tooltip-label\">\n\t\t\t\t\t\t\t\t\n\t\t\t<div class=\" wd-social-icons  icons-design-default icons-size-small color-scheme-light social-share social-form-circle text-center\">\n\n\t\t\t\t\n\t\t\t\t\t\t\t\t\t<a rel=\"noopener noreferrer nofollow\" href=\"https:\/\/www.facebook.com\/sharer\/sharer.php?u=https:\/\/solidaridadlatam.org\/brasil\/news\/oportunidades-para-reducao-das-emissoes-de-carbono-na-producao-de-soja-do-matopiba\/\" target=\"_blank\" class=\" wd-social-icon social-facebook\" aria-label=\"Facebook social link\">\n\t\t\t\t\t\t<span class=\"wd-icon\"><\/span>\n\t\t\t\t\t\t\t\t\t\t\t<\/a>\n\t\t\t\t\n\t\t\t\t\t\t\t\t\t<a rel=\"noopener noreferrer nofollow\" href=\"https:\/\/x.com\/share?url=https:\/\/solidaridadlatam.org\/brasil\/news\/oportunidades-para-reducao-das-emissoes-de-carbono-na-producao-de-soja-do-matopiba\/\" target=\"_blank\" class=\" wd-social-icon social-twitter\" aria-label=\"X social link\">\n\t\t\t\t\t\t<span class=\"wd-icon\"><\/span>\n\t\t\t\t\t\t\t\t\t\t\t<\/a>\n\t\t\t\t\n\t\t\t\t\n\t\t\t\t\n\t\t\t\t\n\t\t\t\t\n\t\t\t\t\n\t\t\t\t\t\t\t\t\t<a rel=\"noopener noreferrer nofollow\" href=\"https:\/\/www.linkedin.com\/shareArticle?mini=true&url=https:\/\/solidaridadlatam.org\/brasil\/news\/oportunidades-para-reducao-das-emissoes-de-carbono-na-producao-de-soja-do-matopiba\/\" target=\"_blank\" class=\" wd-social-icon social-linkedin\" aria-label=\"Linkedin social link\">\n\t\t\t\t\t\t<span class=\"wd-icon\"><\/span>\n\t\t\t\t\t\t\t\t\t\t\t<\/a>\n\t\t\t\t\n\t\t\t\t\n\t\t\t\t\n\t\t\t\t\n\t\t\t\t\n\t\t\t\t\n\t\t\t\t\n\t\t\t\t\n\t\t\t\t\n\t\t\t\t\t\t\t\t\t<a rel=\"noopener noreferrer nofollow\" href=\"https:\/\/api.whatsapp.com\/send?text=https%3A%2F%2Fsolidaridadlatam.org%2Fbrasil%2Fnews%2Foportunidades-para-reducao-das-emissoes-de-carbono-na-producao-de-soja-do-matopiba%2F\" target=\"_blank\" class=\"whatsapp-desktop  wd-social-icon social-whatsapp\" aria-label=\"WhatsApp social link\">\n\t\t\t\t\t\t<span class=\"wd-icon\"><\/span>\n\t\t\t\t\t\t\t\t\t\t\t<\/a>\n\t\t\t\t\t\n\t\t\t\t\t<a rel=\"noopener noreferrer nofollow\" href=\"whatsapp:\/\/send?text=https%3A%2F%2Fsolidaridadlatam.org%2Fbrasil%2Fnews%2Foportunidades-para-reducao-das-emissoes-de-carbono-na-producao-de-soja-do-matopiba%2F\" target=\"_blank\" class=\"whatsapp-mobile  wd-social-icon social-whatsapp\" aria-label=\"WhatsApp social link\">\n\t\t\t\t\t\t<span class=\"wd-icon\"><\/span>\n\t\t\t\t\t\t\t\t\t\t\t<\/a>\n\t\t\t\t\n\t\t\t\t\t\t\t\t\n\t\t\t\t\t\t\t\t\n\t\t\t\t\n\t\t\t\t\n\t\t\t\t\t\t\t\t\t<a rel=\"noopener noreferrer nofollow\" href=\"https:\/\/telegram.me\/share\/url?url=https:\/\/solidaridadlatam.org\/brasil\/news\/oportunidades-para-reducao-das-emissoes-de-carbono-na-producao-de-soja-do-matopiba\/\" target=\"_blank\" class=\" wd-social-icon social-tg\" aria-label=\"Telegram social link\">\n\t\t\t\t\t\t<span class=\"wd-icon\"><\/span>\n\t\t\t\t\t\t\t\t\t\t\t<\/a>\n\t\t\t\t\t\t\t\t\n\t\t\t\t\n\t\t\t<\/div>\n\n\t\t\t\t\t\t\t\t\t<\/div>\n\t\t\t\t\t\t<\/div>\n\t\t\t\t\t\t\t\t\t\t\t\t\n\t\t\t\t\t\t\t\n\t\t\t\t                    <div class=\"entry-content wd-entry-content\">\n\t\t\t\t\t\tPesquisa in\u00e9dita da Funda\u00e7\u00e3o Solidaridad faz um retrato de mais de 150 mil hectares da cultura e mostra que \u00e9 poss\u00edvel adequar pr\u00e1ticas...\n\t\t\t\t\t\t\t\t\t\t\t<\/div><!-- .entry-content -->\n\t\t\t\t\n\t\t\t\t\t\t\t\t\t\t\t\t\t\t<p class=\"read-more-section\">\n\t\t\t\t\t\t<a class=\"btn-read-more more-link\" href=\"https:\/\/solidaridadlatam.org\/brasil\/news\/oportunidades-para-reducao-das-emissoes-de-carbono-na-producao-de-soja-do-matopiba\/\">Seguir leyendo<\/a>\t\t\t\t\t<\/p>\n\t\t\t\t\t\t\t\t\t\t\t\n\t\t\t\n\t\t\t\t\t<\/div>\n\t<\/div>\n<\/article><!-- #post -->\n\n\n\t\t\t\t\t\t\t\t\t\t\t\n<article id=\"post-10496\" class=\"wd-post blog-design-small-images blog-post-loop blog-style-bg wd-add-shadow wd-col post-10496 post type-post status-publish format-standard has-post-thumbnail hentry category-news category-soja\">\n\t<div class=\"article-inner\">\n\t\t\t\t\t<header class=\"entry-header\">\n\t\t\t\t\t\t\t\t\t<figure id=\"carousel-687\" class=\"entry-thumbnail\">\n\t\t\t\t\t\t\n\t\t\t\t\t\t\t<div class=\"post-img-wrapp\">\n\t\t\t\t\t\t\t\t<a href=\"https:\/\/solidaridadlatam.org\/brasil\/news\/ninguem-faz-nada-sozinho-nos-produtores-rurais-precisamos-estar-juntos\/\">\n\t\t\t\t\t\t\t\t\t<img width=\"1200\" height=\"801\" src=\"https:\/\/solidaridadlatam.org\/brasil\/wp-content\/uploads\/2023\/08\/carminha-missio.jpeg\" class=\"attachment-large size-large\" alt=\"\" decoding=\"async\" loading=\"lazy\" \/>\t\t\t\t\t\t\t\t<\/a>\n\t\t\t\t\t\t\t<\/div>\n\t\t\t\t\t\t\t<div class=\"post-image-mask\">\n\t\t\t\t\t\t\t\t<span><\/span>\n\t\t\t\t\t\t\t<\/div>\n\n\t\t\t\t\t\t\n\t\t\t\t\t<\/figure>\n\t\t\t\t\n\t\t\t\t\t\t\t\t\t\t\t<div class=\"post-date woodmart-post-date\" onclick=\"\">\r\n\t\t\t<span class=\"post-date-day\">\r\n\t\t\t\t17\t\t\t<\/span>\r\n\t\t\t<span class=\"post-date-month\">\r\n\t\t\t\tMay\t\t\t<\/span>\r\n\t\t\t<span class=\"post-date-year\">\r\n\t\t\t\t2022\t\t\t<\/span>\r\n\t\t<\/div>\r\n\t\t\t\t\t\t\n\t\t\t<\/header><!-- .entry-header -->\n\n\t\t<div class=\"article-body-container\">\n\t\t\t\n\t\t\t\t\t\t\t\t\t<div class=\"meta-categories-wrapp\"><div class=\"meta-post-categories wd-post-cat wd-style-with-bg\"><a href=\"https:\/\/solidaridadlatam.org\/brasil\/categoria\/news\/\" rel=\"category tag\">Not\u00edcia<\/a>, <a href=\"https:\/\/solidaridadlatam.org\/brasil\/categoria\/soja\/\" rel=\"category tag\">Soja<\/a><\/div><\/div>\n\t\t\t\t\n\t\t\t\t\t\t\t\t\t<h3 class=\"wd-entities-title title post-title\">\n\t\t\t\t\t\t<a href=\"https:\/\/solidaridadlatam.org\/brasil\/news\/ninguem-faz-nada-sozinho-nos-produtores-rurais-precisamos-estar-juntos\/\" rel=\"bookmark\">Ningu\u00e9m faz nada sozinho. N\u00f3s, produtores rurais, precisamos estar juntos&#8217;<\/a>\n\t\t\t\t\t<\/h3>\n\t\t\t\t\n\t\t\t\t\t\t\t\t\t<div class=\"entry-meta wd-entry-meta\">\n\t\t\t\t\t\t\t\t\t<ul class=\"entry-meta-list\">\n\t\t\t\t\t\t\t\t\t<li class=\"modified-date\">\n\t\t\t\t\t\t\t\t<time class=\"updated\" datetime=\"2026-04-01T16:26:29-03:00\">\n\t\t\tabril 1, 2026\t\t<\/time>\n\t\t\t\t\t\t\t<\/li>\n\n\t\t\t\t\t\n\t\t\t\t\t\t\t\t\t\t\t<li class=\"meta-author\">\n\t\t\t\t\t\t\t\t\t\t\t\t<span>Por<\/span>\n\t\t\n\t\t\t\t\t<img alt='author-avatar' src='https:\/\/secure.gravatar.com\/avatar\/369f4d18708e40372ea3e48556478bde?s=32&#038;d=mm&#038;r=g' srcset='https:\/\/secure.gravatar.com\/avatar\/369f4d18708e40372ea3e48556478bde?s=64&#038;d=mm&#038;r=g 2x' class='avatar avatar-32 photo' height='32' width='32' loading='lazy' decoding='async'\/>\t\t\n\t\t<a href=\"https:\/\/solidaridadlatam.org\/brasil\/author\/rosario-abramo\/\" rel=\"author\">\n\t\t\t<span class=\"vcard author author_name\">\n\t\t\t\t<span class=\"fn\">rosario.abramo<\/span>\n\t\t\t<\/span>\n\t\t<\/a>\n\t\t\t\t\t\t\t\t<\/li>\n\t\t\t\t\t\n\t\t\t\t\t\n\t\t\t\t\t\t\t\t\t\t\t\t<\/ul>\n\t\t\t\t\t\t\t<\/div><!-- .entry-meta -->\n\t\t\t\t\t\t\t\t\t\t\t<div class=\"hovered-social-icons wd-tltp wd-tltp-top\">\n\t\t\t\t\t\t\t<div class=\"wd-tooltip-label\">\n\t\t\t\t\t\t\t\t\n\t\t\t<div class=\" wd-social-icons  icons-design-default icons-size-small color-scheme-light social-share social-form-circle text-center\">\n\n\t\t\t\t\n\t\t\t\t\t\t\t\t\t<a rel=\"noopener noreferrer nofollow\" href=\"https:\/\/www.facebook.com\/sharer\/sharer.php?u=https:\/\/solidaridadlatam.org\/brasil\/news\/ninguem-faz-nada-sozinho-nos-produtores-rurais-precisamos-estar-juntos\/\" target=\"_blank\" class=\" wd-social-icon social-facebook\" aria-label=\"Facebook social link\">\n\t\t\t\t\t\t<span class=\"wd-icon\"><\/span>\n\t\t\t\t\t\t\t\t\t\t\t<\/a>\n\t\t\t\t\n\t\t\t\t\t\t\t\t\t<a rel=\"noopener noreferrer nofollow\" href=\"https:\/\/x.com\/share?url=https:\/\/solidaridadlatam.org\/brasil\/news\/ninguem-faz-nada-sozinho-nos-produtores-rurais-precisamos-estar-juntos\/\" target=\"_blank\" class=\" wd-social-icon social-twitter\" aria-label=\"X social link\">\n\t\t\t\t\t\t<span class=\"wd-icon\"><\/span>\n\t\t\t\t\t\t\t\t\t\t\t<\/a>\n\t\t\t\t\n\t\t\t\t\n\t\t\t\t\n\t\t\t\t\n\t\t\t\t\n\t\t\t\t\n\t\t\t\t\t\t\t\t\t<a rel=\"noopener noreferrer nofollow\" href=\"https:\/\/www.linkedin.com\/shareArticle?mini=true&url=https:\/\/solidaridadlatam.org\/brasil\/news\/ninguem-faz-nada-sozinho-nos-produtores-rurais-precisamos-estar-juntos\/\" target=\"_blank\" class=\" wd-social-icon social-linkedin\" aria-label=\"Linkedin social link\">\n\t\t\t\t\t\t<span class=\"wd-icon\"><\/span>\n\t\t\t\t\t\t\t\t\t\t\t<\/a>\n\t\t\t\t\n\t\t\t\t\n\t\t\t\t\n\t\t\t\t\n\t\t\t\t\n\t\t\t\t\n\t\t\t\t\n\t\t\t\t\n\t\t\t\t\n\t\t\t\t\t\t\t\t\t<a rel=\"noopener noreferrer nofollow\" href=\"https:\/\/api.whatsapp.com\/send?text=https%3A%2F%2Fsolidaridadlatam.org%2Fbrasil%2Fnews%2Fninguem-faz-nada-sozinho-nos-produtores-rurais-precisamos-estar-juntos%2F\" target=\"_blank\" class=\"whatsapp-desktop  wd-social-icon social-whatsapp\" aria-label=\"WhatsApp social link\">\n\t\t\t\t\t\t<span class=\"wd-icon\"><\/span>\n\t\t\t\t\t\t\t\t\t\t\t<\/a>\n\t\t\t\t\t\n\t\t\t\t\t<a rel=\"noopener noreferrer nofollow\" href=\"whatsapp:\/\/send?text=https%3A%2F%2Fsolidaridadlatam.org%2Fbrasil%2Fnews%2Fninguem-faz-nada-sozinho-nos-produtores-rurais-precisamos-estar-juntos%2F\" target=\"_blank\" class=\"whatsapp-mobile  wd-social-icon social-whatsapp\" aria-label=\"WhatsApp social link\">\n\t\t\t\t\t\t<span class=\"wd-icon\"><\/span>\n\t\t\t\t\t\t\t\t\t\t\t<\/a>\n\t\t\t\t\n\t\t\t\t\t\t\t\t\n\t\t\t\t\t\t\t\t\n\t\t\t\t\n\t\t\t\t\n\t\t\t\t\t\t\t\t\t<a rel=\"noopener noreferrer nofollow\" href=\"https:\/\/telegram.me\/share\/url?url=https:\/\/solidaridadlatam.org\/brasil\/news\/ninguem-faz-nada-sozinho-nos-produtores-rurais-precisamos-estar-juntos\/\" target=\"_blank\" class=\" wd-social-icon social-tg\" aria-label=\"Telegram social link\">\n\t\t\t\t\t\t<span class=\"wd-icon\"><\/span>\n\t\t\t\t\t\t\t\t\t\t\t<\/a>\n\t\t\t\t\t\t\t\t\n\t\t\t\t\n\t\t\t<\/div>\n\n\t\t\t\t\t\t\t\t\t<\/div>\n\t\t\t\t\t\t<\/div>\n\t\t\t\t\t\t\t\t\t\t\t\t\n\t\t\t\t\t\t\t\n\t\t\t\t                    <div class=\"entry-content wd-entry-content\">\n\t\t\t\t\t\tParticipante do projeto de soja da Solidaridad, a produtora Carminha Missio \u00e9 refer\u00eancia do setor no Oeste da Bahia e se dedica a levar...\n\t\t\t\t\t\t\t\t\t\t\t<\/div><!-- .entry-content -->\n\t\t\t\t\n\t\t\t\t\t\t\t\t\t\t\t\t\t\t<p class=\"read-more-section\">\n\t\t\t\t\t\t<a class=\"btn-read-more more-link\" href=\"https:\/\/solidaridadlatam.org\/brasil\/news\/ninguem-faz-nada-sozinho-nos-produtores-rurais-precisamos-estar-juntos\/\">Seguir leyendo<\/a>\t\t\t\t\t<\/p>\n\t\t\t\t\t\t\t\t\t\t\t\n\t\t\t\n\t\t\t\t\t<\/div>\n\t<\/div>\n<\/article><!-- #post -->\n\n\n\t\t\t\t\t\t\t\t\t\t\t\n<article id=\"post-10410\" class=\"wd-post blog-design-small-images blog-post-loop blog-style-bg wd-add-shadow wd-col post-10410 post type-post status-publish format-standard has-post-thumbnail hentry category-news category-soja\">\n\t<div class=\"article-inner\">\n\t\t\t\t\t<header class=\"entry-header\">\n\t\t\t\t\t\t\t\t\t<figure id=\"carousel-871\" class=\"entry-thumbnail\">\n\t\t\t\t\t\t\n\t\t\t\t\t\t\t<div class=\"post-img-wrapp\">\n\t\t\t\t\t\t\t\t<a href=\"https:\/\/solidaridadlatam.org\/brasil\/news\/calculadora-de-carbono-para-a-cadeia-de-soja\/\">\n\t\t\t\t\t\t\t\t\t<img width=\"1200\" height=\"798\" src=\"https:\/\/solidaridadlatam.org\/brasil\/wp-content\/uploads\/2023\/08\/matopiba-calculadora-carbono.jpeg\" class=\"attachment-large size-large\" alt=\"\" decoding=\"async\" loading=\"lazy\" \/>\t\t\t\t\t\t\t\t<\/a>\n\t\t\t\t\t\t\t<\/div>\n\t\t\t\t\t\t\t<div class=\"post-image-mask\">\n\t\t\t\t\t\t\t\t<span><\/span>\n\t\t\t\t\t\t\t<\/div>\n\n\t\t\t\t\t\t\n\t\t\t\t\t<\/figure>\n\t\t\t\t\n\t\t\t\t\t\t\t\t\t\t\t<div class=\"post-date woodmart-post-date\" onclick=\"\">\r\n\t\t\t<span class=\"post-date-day\">\r\n\t\t\t\t27\t\t\t<\/span>\r\n\t\t\t<span class=\"post-date-month\">\r\n\t\t\t\tAgo\t\t\t<\/span>\r\n\t\t\t<span class=\"post-date-year\">\r\n\t\t\t\t2021\t\t\t<\/span>\r\n\t\t<\/div>\r\n\t\t\t\t\t\t\n\t\t\t<\/header><!-- .entry-header -->\n\n\t\t<div class=\"article-body-container\">\n\t\t\t\n\t\t\t\t\t\t\t\t\t<div class=\"meta-categories-wrapp\"><div class=\"meta-post-categories wd-post-cat wd-style-with-bg\"><a href=\"https:\/\/solidaridadlatam.org\/brasil\/categoria\/news\/\" rel=\"category tag\">Not\u00edcia<\/a>, <a href=\"https:\/\/solidaridadlatam.org\/brasil\/categoria\/soja\/\" rel=\"category tag\">Soja<\/a><\/div><\/div>\n\t\t\t\t\n\t\t\t\t\t\t\t\t\t<h3 class=\"wd-entities-title title post-title\">\n\t\t\t\t\t\t<a href=\"https:\/\/solidaridadlatam.org\/brasil\/news\/calculadora-de-carbono-para-a-cadeia-de-soja\/\" rel=\"bookmark\">Calculadora de carbono para a cadeia de soja<\/a>\n\t\t\t\t\t<\/h3>\n\t\t\t\t\n\t\t\t\t\t\t\t\t\t<div class=\"entry-meta wd-entry-meta\">\n\t\t\t\t\t\t\t\t\t<ul class=\"entry-meta-list\">\n\t\t\t\t\t\t\t\t\t<li class=\"modified-date\">\n\t\t\t\t\t\t\t\t<time class=\"updated\" datetime=\"2026-04-01T16:28:30-03:00\">\n\t\t\tabril 1, 2026\t\t<\/time>\n\t\t\t\t\t\t\t<\/li>\n\n\t\t\t\t\t\n\t\t\t\t\t\t\t\t\t\t\t<li class=\"meta-author\">\n\t\t\t\t\t\t\t\t\t\t\t\t<span>Por<\/span>\n\t\t\n\t\t\t\t\t<img alt='author-avatar' src='https:\/\/secure.gravatar.com\/avatar\/369f4d18708e40372ea3e48556478bde?s=32&#038;d=mm&#038;r=g' srcset='https:\/\/secure.gravatar.com\/avatar\/369f4d18708e40372ea3e48556478bde?s=64&#038;d=mm&#038;r=g 2x' class='avatar avatar-32 photo' height='32' width='32' loading='lazy' decoding='async'\/>\t\t\n\t\t<a href=\"https:\/\/solidaridadlatam.org\/brasil\/author\/rosario-abramo\/\" rel=\"author\">\n\t\t\t<span class=\"vcard author author_name\">\n\t\t\t\t<span class=\"fn\">rosario.abramo<\/span>\n\t\t\t<\/span>\n\t\t<\/a>\n\t\t\t\t\t\t\t\t<\/li>\n\t\t\t\t\t\n\t\t\t\t\t\n\t\t\t\t\t\t\t\t\t\t\t\t<\/ul>\n\t\t\t\t\t\t\t<\/div><!-- .entry-meta -->\n\t\t\t\t\t\t\t\t\t\t\t<div class=\"hovered-social-icons wd-tltp wd-tltp-top\">\n\t\t\t\t\t\t\t<div class=\"wd-tooltip-label\">\n\t\t\t\t\t\t\t\t\n\t\t\t<div class=\" wd-social-icons  icons-design-default icons-size-small color-scheme-light social-share social-form-circle text-center\">\n\n\t\t\t\t\n\t\t\t\t\t\t\t\t\t<a rel=\"noopener noreferrer nofollow\" href=\"https:\/\/www.facebook.com\/sharer\/sharer.php?u=https:\/\/solidaridadlatam.org\/brasil\/news\/calculadora-de-carbono-para-a-cadeia-de-soja\/\" target=\"_blank\" class=\" wd-social-icon social-facebook\" aria-label=\"Facebook social link\">\n\t\t\t\t\t\t<span class=\"wd-icon\"><\/span>\n\t\t\t\t\t\t\t\t\t\t\t<\/a>\n\t\t\t\t\n\t\t\t\t\t\t\t\t\t<a rel=\"noopener noreferrer nofollow\" href=\"https:\/\/x.com\/share?url=https:\/\/solidaridadlatam.org\/brasil\/news\/calculadora-de-carbono-para-a-cadeia-de-soja\/\" target=\"_blank\" class=\" wd-social-icon social-twitter\" aria-label=\"X social link\">\n\t\t\t\t\t\t<span class=\"wd-icon\"><\/span>\n\t\t\t\t\t\t\t\t\t\t\t<\/a>\n\t\t\t\t\n\t\t\t\t\n\t\t\t\t\n\t\t\t\t\n\t\t\t\t\n\t\t\t\t\n\t\t\t\t\t\t\t\t\t<a rel=\"noopener noreferrer nofollow\" href=\"https:\/\/www.linkedin.com\/shareArticle?mini=true&url=https:\/\/solidaridadlatam.org\/brasil\/news\/calculadora-de-carbono-para-a-cadeia-de-soja\/\" target=\"_blank\" class=\" wd-social-icon social-linkedin\" aria-label=\"Linkedin social link\">\n\t\t\t\t\t\t<span class=\"wd-icon\"><\/span>\n\t\t\t\t\t\t\t\t\t\t\t<\/a>\n\t\t\t\t\n\t\t\t\t\n\t\t\t\t\n\t\t\t\t\n\t\t\t\t\n\t\t\t\t\n\t\t\t\t\n\t\t\t\t\n\t\t\t\t\n\t\t\t\t\t\t\t\t\t<a rel=\"noopener noreferrer nofollow\" href=\"https:\/\/api.whatsapp.com\/send?text=https%3A%2F%2Fsolidaridadlatam.org%2Fbrasil%2Fnews%2Fcalculadora-de-carbono-para-a-cadeia-de-soja%2F\" target=\"_blank\" class=\"whatsapp-desktop  wd-social-icon social-whatsapp\" aria-label=\"WhatsApp social link\">\n\t\t\t\t\t\t<span class=\"wd-icon\"><\/span>\n\t\t\t\t\t\t\t\t\t\t\t<\/a>\n\t\t\t\t\t\n\t\t\t\t\t<a rel=\"noopener noreferrer nofollow\" href=\"whatsapp:\/\/send?text=https%3A%2F%2Fsolidaridadlatam.org%2Fbrasil%2Fnews%2Fcalculadora-de-carbono-para-a-cadeia-de-soja%2F\" target=\"_blank\" class=\"whatsapp-mobile  wd-social-icon social-whatsapp\" aria-label=\"WhatsApp social link\">\n\t\t\t\t\t\t<span class=\"wd-icon\"><\/span>\n\t\t\t\t\t\t\t\t\t\t\t<\/a>\n\t\t\t\t\n\t\t\t\t\t\t\t\t\n\t\t\t\t\t\t\t\t\n\t\t\t\t\n\t\t\t\t\n\t\t\t\t\t\t\t\t\t<a rel=\"noopener noreferrer nofollow\" href=\"https:\/\/telegram.me\/share\/url?url=https:\/\/solidaridadlatam.org\/brasil\/news\/calculadora-de-carbono-para-a-cadeia-de-soja\/\" target=\"_blank\" class=\" wd-social-icon social-tg\" aria-label=\"Telegram social link\">\n\t\t\t\t\t\t<span class=\"wd-icon\"><\/span>\n\t\t\t\t\t\t\t\t\t\t\t<\/a>\n\t\t\t\t\t\t\t\t\n\t\t\t\t\n\t\t\t<\/div>\n\n\t\t\t\t\t\t\t\t\t<\/div>\n\t\t\t\t\t\t<\/div>\n\t\t\t\t\t\t\t\t\t\t\t\t\n\t\t\t\t\t\t\t\n\t\t\t\t                    <div class=\"entry-content wd-entry-content\">\n\t\t\t\t\t\tEm parceria com a AIBA, Funda\u00e7\u00e3o Solidaridad promove metodologia para estimar o balan\u00e7o de carbono e incentivar melhores pr\u00e1ticas agr\u00edc...\n\t\t\t\t\t\t\t\t\t\t\t<\/div><!-- .entry-content -->\n\t\t\t\t\n\t\t\t\t\t\t\t\t\t\t\t\t\t\t<p class=\"read-more-section\">\n\t\t\t\t\t\t<a class=\"btn-read-more more-link\" href=\"https:\/\/solidaridadlatam.org\/brasil\/news\/calculadora-de-carbono-para-a-cadeia-de-soja\/\">Seguir leyendo<\/a>\t\t\t\t\t<\/p>\n\t\t\t\t\t\t\t\t\t\t\t\n\t\t\t\n\t\t\t\t\t<\/div>\n\t<\/div>\n<\/article><!-- #post -->\n\n\n\t\t\t\t\t\t\t\t\t\t\t\n<article id=\"post-10387\" class=\"wd-post blog-design-small-images blog-post-loop blog-style-bg wd-add-shadow wd-col post-10387 post type-post status-publish format-standard has-post-thumbnail hentry category-news category-soja\">\n\t<div class=\"article-inner\">\n\t\t\t\t\t<header class=\"entry-header\">\n\t\t\t\t\t\t\t\t\t<figure id=\"carousel-922\" class=\"entry-thumbnail\">\n\t\t\t\t\t\t\n\t\t\t\t\t\t\t<div class=\"post-img-wrapp\">\n\t\t\t\t\t\t\t\t<a href=\"https:\/\/solidaridadlatam.org\/brasil\/news\/uso-eficiente-da-terra-na-expansao-da-soja-no-cerrado\/\">\n\t\t\t\t\t\t\t\t\t<img width=\"878\" height=\"618\" src=\"https:\/\/solidaridadlatam.org\/brasil\/wp-content\/uploads\/2023\/08\/matopiba-potencial-regional.png\" class=\"attachment-large size-large\" alt=\"\" decoding=\"async\" loading=\"lazy\" \/>\t\t\t\t\t\t\t\t<\/a>\n\t\t\t\t\t\t\t<\/div>\n\t\t\t\t\t\t\t<div class=\"post-image-mask\">\n\t\t\t\t\t\t\t\t<span><\/span>\n\t\t\t\t\t\t\t<\/div>\n\n\t\t\t\t\t\t\n\t\t\t\t\t<\/figure>\n\t\t\t\t\n\t\t\t\t\t\t\t\t\t\t\t<div class=\"post-date woodmart-post-date\" onclick=\"\">\r\n\t\t\t<span class=\"post-date-day\">\r\n\t\t\t\t04\t\t\t<\/span>\r\n\t\t\t<span class=\"post-date-month\">\r\n\t\t\t\tMay\t\t\t<\/span>\r\n\t\t\t<span class=\"post-date-year\">\r\n\t\t\t\t2021\t\t\t<\/span>\r\n\t\t<\/div>\r\n\t\t\t\t\t\t\n\t\t\t<\/header><!-- .entry-header -->\n\n\t\t<div class=\"article-body-container\">\n\t\t\t\n\t\t\t\t\t\t\t\t\t<div class=\"meta-categories-wrapp\"><div class=\"meta-post-categories wd-post-cat wd-style-with-bg\"><a href=\"https:\/\/solidaridadlatam.org\/brasil\/categoria\/news\/\" rel=\"category tag\">Not\u00edcia<\/a>, <a href=\"https:\/\/solidaridadlatam.org\/brasil\/categoria\/soja\/\" rel=\"category tag\">Soja<\/a><\/div><\/div>\n\t\t\t\t\n\t\t\t\t\t\t\t\t\t<h3 class=\"wd-entities-title title post-title\">\n\t\t\t\t\t\t<a href=\"https:\/\/solidaridadlatam.org\/brasil\/news\/uso-eficiente-da-terra-na-expansao-da-soja-no-cerrado\/\" rel=\"bookmark\">Uso eficiente da terra na expans\u00e3o da soja no Cerrado<\/a>\n\t\t\t\t\t<\/h3>\n\t\t\t\t\n\t\t\t\t\t\t\t\t\t<div class=\"entry-meta wd-entry-meta\">\n\t\t\t\t\t\t\t\t\t<ul class=\"entry-meta-list\">\n\t\t\t\t\t\t\t\t\t<li class=\"modified-date\">\n\t\t\t\t\t\t\t\t<time class=\"updated\" datetime=\"2026-04-01T16:32:32-03:00\">\n\t\t\tabril 1, 2026\t\t<\/time>\n\t\t\t\t\t\t\t<\/li>\n\n\t\t\t\t\t\n\t\t\t\t\t\t\t\t\t\t\t<li class=\"meta-author\">\n\t\t\t\t\t\t\t\t\t\t\t\t<span>Por<\/span>\n\t\t\n\t\t\t\t\t<img alt='author-avatar' src='https:\/\/secure.gravatar.com\/avatar\/369f4d18708e40372ea3e48556478bde?s=32&#038;d=mm&#038;r=g' srcset='https:\/\/secure.gravatar.com\/avatar\/369f4d18708e40372ea3e48556478bde?s=64&#038;d=mm&#038;r=g 2x' class='avatar avatar-32 photo' height='32' width='32' loading='lazy' decoding='async'\/>\t\t\n\t\t<a href=\"https:\/\/solidaridadlatam.org\/brasil\/author\/rosario-abramo\/\" rel=\"author\">\n\t\t\t<span class=\"vcard author author_name\">\n\t\t\t\t<span class=\"fn\">rosario.abramo<\/span>\n\t\t\t<\/span>\n\t\t<\/a>\n\t\t\t\t\t\t\t\t<\/li>\n\t\t\t\t\t\n\t\t\t\t\t\n\t\t\t\t\t\t\t\t\t\t\t\t<\/ul>\n\t\t\t\t\t\t\t<\/div><!-- .entry-meta -->\n\t\t\t\t\t\t\t\t\t\t\t<div class=\"hovered-social-icons wd-tltp wd-tltp-top\">\n\t\t\t\t\t\t\t<div class=\"wd-tooltip-label\">\n\t\t\t\t\t\t\t\t\n\t\t\t<div class=\" wd-social-icons  icons-design-default icons-size-small color-scheme-light social-share social-form-circle text-center\">\n\n\t\t\t\t\n\t\t\t\t\t\t\t\t\t<a rel=\"noopener noreferrer nofollow\" href=\"https:\/\/www.facebook.com\/sharer\/sharer.php?u=https:\/\/solidaridadlatam.org\/brasil\/news\/uso-eficiente-da-terra-na-expansao-da-soja-no-cerrado\/\" target=\"_blank\" class=\" wd-social-icon social-facebook\" aria-label=\"Facebook social link\">\n\t\t\t\t\t\t<span class=\"wd-icon\"><\/span>\n\t\t\t\t\t\t\t\t\t\t\t<\/a>\n\t\t\t\t\n\t\t\t\t\t\t\t\t\t<a rel=\"noopener noreferrer nofollow\" href=\"https:\/\/x.com\/share?url=https:\/\/solidaridadlatam.org\/brasil\/news\/uso-eficiente-da-terra-na-expansao-da-soja-no-cerrado\/\" target=\"_blank\" class=\" wd-social-icon social-twitter\" aria-label=\"X social link\">\n\t\t\t\t\t\t<span class=\"wd-icon\"><\/span>\n\t\t\t\t\t\t\t\t\t\t\t<\/a>\n\t\t\t\t\n\t\t\t\t\n\t\t\t\t\n\t\t\t\t\n\t\t\t\t\n\t\t\t\t\n\t\t\t\t\t\t\t\t\t<a rel=\"noopener noreferrer nofollow\" href=\"https:\/\/www.linkedin.com\/shareArticle?mini=true&url=https:\/\/solidaridadlatam.org\/brasil\/news\/uso-eficiente-da-terra-na-expansao-da-soja-no-cerrado\/\" target=\"_blank\" class=\" wd-social-icon social-linkedin\" aria-label=\"Linkedin social link\">\n\t\t\t\t\t\t<span class=\"wd-icon\"><\/span>\n\t\t\t\t\t\t\t\t\t\t\t<\/a>\n\t\t\t\t\n\t\t\t\t\n\t\t\t\t\n\t\t\t\t\n\t\t\t\t\n\t\t\t\t\n\t\t\t\t\n\t\t\t\t\n\t\t\t\t\n\t\t\t\t\t\t\t\t\t<a rel=\"noopener noreferrer nofollow\" href=\"https:\/\/api.whatsapp.com\/send?text=https%3A%2F%2Fsolidaridadlatam.org%2Fbrasil%2Fnews%2Fuso-eficiente-da-terra-na-expansao-da-soja-no-cerrado%2F\" target=\"_blank\" class=\"whatsapp-desktop  wd-social-icon social-whatsapp\" aria-label=\"WhatsApp social link\">\n\t\t\t\t\t\t<span class=\"wd-icon\"><\/span>\n\t\t\t\t\t\t\t\t\t\t\t<\/a>\n\t\t\t\t\t\n\t\t\t\t\t<a rel=\"noopener noreferrer nofollow\" href=\"whatsapp:\/\/send?text=https%3A%2F%2Fsolidaridadlatam.org%2Fbrasil%2Fnews%2Fuso-eficiente-da-terra-na-expansao-da-soja-no-cerrado%2F\" target=\"_blank\" class=\"whatsapp-mobile  wd-social-icon social-whatsapp\" aria-label=\"WhatsApp social link\">\n\t\t\t\t\t\t<span class=\"wd-icon\"><\/span>\n\t\t\t\t\t\t\t\t\t\t\t<\/a>\n\t\t\t\t\n\t\t\t\t\t\t\t\t\n\t\t\t\t\t\t\t\t\n\t\t\t\t\n\t\t\t\t\n\t\t\t\t\t\t\t\t\t<a rel=\"noopener noreferrer nofollow\" href=\"https:\/\/telegram.me\/share\/url?url=https:\/\/solidaridadlatam.org\/brasil\/news\/uso-eficiente-da-terra-na-expansao-da-soja-no-cerrado\/\" target=\"_blank\" class=\" wd-social-icon social-tg\" aria-label=\"Telegram social link\">\n\t\t\t\t\t\t<span class=\"wd-icon\"><\/span>\n\t\t\t\t\t\t\t\t\t\t\t<\/a>\n\t\t\t\t\t\t\t\t\n\t\t\t\t\n\t\t\t<\/div>\n\n\t\t\t\t\t\t\t\t\t<\/div>\n\t\t\t\t\t\t<\/div>\n\t\t\t\t\t\t\t\t\t\t\t\t\n\t\t\t\t\t\t\t\n\t\t\t\t                    <div class=\"entry-content wd-entry-content\">\n\t\t\t\t\t\tCom estudo sobre a din\u00e2mica territorial da soja no MATOPIBA, Solidaridad Brasil mapeia munic\u00edpios estrat\u00e9gicos para o aumento da produ\u00e7...\n\t\t\t\t\t\t\t\t\t\t\t<\/div><!-- .entry-content -->\n\t\t\t\t\n\t\t\t\t\t\t\t\t\t\t\t\t\t\t<p class=\"read-more-section\">\n\t\t\t\t\t\t<a class=\"btn-read-more more-link\" href=\"https:\/\/solidaridadlatam.org\/brasil\/news\/uso-eficiente-da-terra-na-expansao-da-soja-no-cerrado\/\">Seguir leyendo<\/a>\t\t\t\t\t<\/p>\n\t\t\t\t\t\t\t\t\t\t\t\n\t\t\t\n\t\t\t\t\t<\/div>\n\t<\/div>\n<\/article><!-- #post -->\n\n\n\t\t\t\t\t\n\t\t\t\t\t","status":"have-posts","nextPage":"https:\/\/solidaridadlatam.org\/brasil\/categoria\/soja\/page\/4\/?woo_ajax=1","currentPage":"https:\/\/solidaridadlatam.org\/brasil\/categoria\/soja\/page\/3"}