
			
				

					
				

			
		{"items":"\n\t\t\t\t\t\t\t\t\t\t\t\n<article id=\"post-12614\" class=\"wd-post blog-design-small-images blog-post-loop blog-style-bg wd-add-shadow wd-col post-12614 post type-post status-publish format-standard has-post-thumbnail hentry category-brasil category-cafe category-news tag-agricultura tag-cafe tag-due-diligence tag-ear4u tag-mecanismo-de-denuncia paises-brasil\">\n\t<div class=\"article-inner\">\n\t\t\t\t\t<header class=\"entry-header\">\n\t\t\t\t\t\t\t\t\t<figure id=\"carousel-587\" class=\"entry-thumbnail\">\n\t\t\t\t\t\t\n\t\t\t\t\t\t\t<div class=\"post-img-wrapp\">\n\t\t\t\t\t\t\t\t<a href=\"https:\/\/solidaridadlatam.org\/brasil\/news\/avalia-sistema-alemao-de-denuncias\/\">\n\t\t\t\t\t\t\t\t\t<img width=\"1280\" height=\"720\" src=\"https:\/\/solidaridadlatam.org\/brasil\/wp-content\/uploads\/2024\/07\/q-c-conta-1.jpg\" class=\"attachment-large size-large\" alt=\"\" decoding=\"async\" fetchpriority=\"high\" \/>\t\t\t\t\t\t\t\t<\/a>\n\t\t\t\t\t\t\t<\/div>\n\t\t\t\t\t\t\t<div class=\"post-image-mask\">\n\t\t\t\t\t\t\t\t<span><\/span>\n\t\t\t\t\t\t\t<\/div>\n\n\t\t\t\t\t\t\n\t\t\t\t\t<\/figure>\n\t\t\t\t\n\t\t\t\t\t\t\t\t\t\t\t<div class=\"post-date woodmart-post-date\" onclick=\"\">\r\n\t\t\t<span class=\"post-date-day\">\r\n\t\t\t\t16\t\t\t<\/span>\r\n\t\t\t<span class=\"post-date-month\">\r\n\t\t\t\tJul\t\t\t<\/span>\r\n\t\t\t<span class=\"post-date-year\">\r\n\t\t\t\t2024\t\t\t<\/span>\r\n\t\t<\/div>\r\n\t\t\t\t\t\t\n\t\t\t<\/header><!-- .entry-header -->\n\n\t\t<div class=\"article-body-container\">\n\t\t\t\n\t\t\t\t\t\t\t\t\t<div class=\"meta-categories-wrapp\"><div class=\"meta-post-categories wd-post-cat wd-style-with-bg\"><a href=\"https:\/\/solidaridadlatam.org\/brasil\/categoria\/brasil\/\" rel=\"category tag\">Brasil<\/a>, <a href=\"https:\/\/solidaridadlatam.org\/brasil\/categoria\/cafe\/\" rel=\"category tag\">Caf\u00e9<\/a>, <a href=\"https:\/\/solidaridadlatam.org\/brasil\/categoria\/news\/\" rel=\"category tag\">Not\u00edcia<\/a><\/div><\/div>\n\t\t\t\t\n\t\t\t\t\t\t\t\t\t<h3 class=\"wd-entities-title title post-title\">\n\t\t\t\t\t\t<a href=\"https:\/\/solidaridadlatam.org\/brasil\/news\/avalia-sistema-alemao-de-denuncias\/\" rel=\"bookmark\">Funda\u00e7\u00e3o Solidaridad avalia sistema alem\u00e3o de den\u00fancias na cadeia do caf\u00e9<\/a>\n\t\t\t\t\t<\/h3>\n\t\t\t\t\n\t\t\t\t\t\t\t\t\t<div class=\"entry-meta wd-entry-meta\">\n\t\t\t\t\t\t\t\t\t<ul class=\"entry-meta-list\">\n\t\t\t\t\t\t\t\t\t<li class=\"modified-date\">\n\t\t\t\t\t\t\t\t<time class=\"updated\" datetime=\"2024-07-16T13:08:15-03:00\">\n\t\t\tjulio 16, 2024\t\t<\/time>\n\t\t\t\t\t\t\t<\/li>\n\n\t\t\t\t\t\n\t\t\t\t\t\t\t\t\t\t\t<li class=\"meta-author\">\n\t\t\t\t\t\t\t\t\t\t\t\t<span>Por<\/span>\n\t\t\n\t\t\t\t\t<img alt='author-avatar' src='https:\/\/secure.gravatar.com\/avatar\/955ebb6840b6d0c4d8b31868f130fc30?s=32&#038;d=mm&#038;r=g' srcset='https:\/\/secure.gravatar.com\/avatar\/955ebb6840b6d0c4d8b31868f130fc30?s=64&#038;d=mm&#038;r=g 2x' class='avatar avatar-32 photo' height='32' width='32' decoding='async'\/>\t\t\n\t\t<a href=\"https:\/\/solidaridadlatam.org\/brasil\/author\/jessica\/\" rel=\"author\">\n\t\t\t<span class=\"vcard author author_name\">\n\t\t\t\t<span class=\"fn\">J\u00e9ssica Gaise<\/span>\n\t\t\t<\/span>\n\t\t<\/a>\n\t\t\t\t\t\t\t\t<\/li>\n\t\t\t\t\t\n\t\t\t\t\t\n\t\t\t\t\t\t\t\t\t\t\t\t<\/ul>\n\t\t\t\t\t\t\t<\/div><!-- .entry-meta -->\n\t\t\t\t\t\t\t\t\t\t\t<div class=\"hovered-social-icons wd-tltp wd-tltp-top\">\n\t\t\t\t\t\t\t<div class=\"wd-tooltip-label\">\n\t\t\t\t\t\t\t\t\t\t\t<link rel=\"stylesheet\" id=\"wd-social-icons-css\" href=\"https:\/\/solidaridadlatam.org\/brasil\/wp-content\/themes\/woodmart\/css\/parts\/el-social-icons.min.css?ver=7.4.3\" type=\"text\/css\" media=\"all\" \/> \t\t\t\n\t\t\t<div class=\" wd-social-icons  icons-design-default icons-size-small color-scheme-light social-share social-form-circle text-center\">\n\n\t\t\t\t\n\t\t\t\t\t\t\t\t\t<a rel=\"noopener noreferrer nofollow\" href=\"https:\/\/www.facebook.com\/sharer\/sharer.php?u=https:\/\/solidaridadlatam.org\/brasil\/news\/avalia-sistema-alemao-de-denuncias\/\" target=\"_blank\" class=\" wd-social-icon social-facebook\" aria-label=\"Facebook social link\">\n\t\t\t\t\t\t<span class=\"wd-icon\"><\/span>\n\t\t\t\t\t\t\t\t\t\t\t<\/a>\n\t\t\t\t\n\t\t\t\t\t\t\t\t\t<a rel=\"noopener noreferrer nofollow\" href=\"https:\/\/x.com\/share?url=https:\/\/solidaridadlatam.org\/brasil\/news\/avalia-sistema-alemao-de-denuncias\/\" target=\"_blank\" class=\" wd-social-icon social-twitter\" aria-label=\"X social link\">\n\t\t\t\t\t\t<span class=\"wd-icon\"><\/span>\n\t\t\t\t\t\t\t\t\t\t\t<\/a>\n\t\t\t\t\n\t\t\t\t\n\t\t\t\t\n\t\t\t\t\n\t\t\t\t\n\t\t\t\t\n\t\t\t\t\t\t\t\t\t<a rel=\"noopener noreferrer nofollow\" href=\"https:\/\/www.linkedin.com\/shareArticle?mini=true&url=https:\/\/solidaridadlatam.org\/brasil\/news\/avalia-sistema-alemao-de-denuncias\/\" target=\"_blank\" class=\" wd-social-icon social-linkedin\" aria-label=\"Linkedin social link\">\n\t\t\t\t\t\t<span class=\"wd-icon\"><\/span>\n\t\t\t\t\t\t\t\t\t\t\t<\/a>\n\t\t\t\t\n\t\t\t\t\n\t\t\t\t\n\t\t\t\t\n\t\t\t\t\n\t\t\t\t\n\t\t\t\t\n\t\t\t\t\n\t\t\t\t\n\t\t\t\t\t\t\t\t\t<a rel=\"noopener noreferrer nofollow\" href=\"https:\/\/api.whatsapp.com\/send?text=https%3A%2F%2Fsolidaridadlatam.org%2Fbrasil%2Fnews%2Favalia-sistema-alemao-de-denuncias%2F\" target=\"_blank\" class=\"whatsapp-desktop  wd-social-icon social-whatsapp\" aria-label=\"WhatsApp social link\">\n\t\t\t\t\t\t<span class=\"wd-icon\"><\/span>\n\t\t\t\t\t\t\t\t\t\t\t<\/a>\n\t\t\t\t\t\n\t\t\t\t\t<a rel=\"noopener noreferrer nofollow\" href=\"whatsapp:\/\/send?text=https%3A%2F%2Fsolidaridadlatam.org%2Fbrasil%2Fnews%2Favalia-sistema-alemao-de-denuncias%2F\" target=\"_blank\" class=\"whatsapp-mobile  wd-social-icon social-whatsapp\" aria-label=\"WhatsApp social link\">\n\t\t\t\t\t\t<span class=\"wd-icon\"><\/span>\n\t\t\t\t\t\t\t\t\t\t\t<\/a>\n\t\t\t\t\n\t\t\t\t\t\t\t\t\n\t\t\t\t\t\t\t\t\n\t\t\t\t\n\t\t\t\t\n\t\t\t\t\t\t\t\t\t<a rel=\"noopener noreferrer nofollow\" href=\"https:\/\/telegram.me\/share\/url?url=https:\/\/solidaridadlatam.org\/brasil\/news\/avalia-sistema-alemao-de-denuncias\/\" target=\"_blank\" class=\" wd-social-icon social-tg\" aria-label=\"Telegram social link\">\n\t\t\t\t\t\t<span class=\"wd-icon\"><\/span>\n\t\t\t\t\t\t\t\t\t\t\t<\/a>\n\t\t\t\t\t\t\t\t\n\t\t\t\t\n\t\t\t<\/div>\n\n\t\t\t\t\t\t\t\t\t<\/div>\n\t\t\t\t\t\t<\/div>\n\t\t\t\t\t\t\t\t\t\t\t\t\n\t\t\t\t\t\t\t\n\t\t\t\t                    <div class=\"entry-content wd-entry-content\">\n\t\t\t\t\t\tVerificou-se a efetividade de uma ferramenta que recebe queixas de viola\u00e7\u00f5es de direitos humanos e irregularidades ambientais sob a \u00f3ti...\n\t\t\t\t\t\t\t\t\t\t\t<\/div><!-- .entry-content -->\n\t\t\t\t\n\t\t\t\t\t\t\t\t\t\t\t\t\t\t<p class=\"read-more-section\">\n\t\t\t\t\t\t<a class=\"btn-read-more more-link\" href=\"https:\/\/solidaridadlatam.org\/brasil\/news\/avalia-sistema-alemao-de-denuncias\/\">Seguir leyendo<\/a>\t\t\t\t\t<\/p>\n\t\t\t\t\t\t\t\t\t\t\t\n\t\t\t\n\t\t\t\t\t<\/div>\n\t<\/div>\n<\/article><!-- #post -->\n\n\n\t\t\t\t\t\t\t\t\t\t\t\n<article id=\"post-12396\" class=\"wd-post blog-design-small-images blog-post-loop blog-style-bg wd-add-shadow wd-col post-12396 post type-post status-publish format-standard has-post-thumbnail hentry category-brasil category-cafe category-publications tag-alta-mogiana tag-balanco-de-carbono tag-cafe tag-carbono\">\n\t<div class=\"article-inner\">\n\t\t\t\t\t<header class=\"entry-header\">\n\t\t\t\t\t\t\t\t\t<figure id=\"carousel-325\" class=\"entry-thumbnail\">\n\t\t\t\t\t\t\n\t\t\t\t\t\t\t<div class=\"post-img-wrapp\">\n\t\t\t\t\t\t\t\t<a href=\"https:\/\/solidaridadlatam.org\/brasil\/publications\/balanco-de-cabono-producao-cafe\/\">\n\t\t\t\t\t\t\t\t\t<img width=\"668\" height=\"945\" src=\"https:\/\/solidaridadlatam.org\/brasil\/wp-content\/uploads\/2024\/06\/capa_balanco_carbono_producao_cafe.png\" class=\"attachment-large size-large\" alt=\"\" decoding=\"async\" \/>\t\t\t\t\t\t\t\t<\/a>\n\t\t\t\t\t\t\t<\/div>\n\t\t\t\t\t\t\t<div class=\"post-image-mask\">\n\t\t\t\t\t\t\t\t<span><\/span>\n\t\t\t\t\t\t\t<\/div>\n\n\t\t\t\t\t\t\n\t\t\t\t\t<\/figure>\n\t\t\t\t\n\t\t\t\t\t\t\t\t\t\t\t<div class=\"post-date woodmart-post-date\" onclick=\"\">\r\n\t\t\t<span class=\"post-date-day\">\r\n\t\t\t\t25\t\t\t<\/span>\r\n\t\t\t<span class=\"post-date-month\">\r\n\t\t\t\tJun\t\t\t<\/span>\r\n\t\t\t<span class=\"post-date-year\">\r\n\t\t\t\t2024\t\t\t<\/span>\r\n\t\t<\/div>\r\n\t\t\t\t\t\t\n\t\t\t<\/header><!-- .entry-header -->\n\n\t\t<div class=\"article-body-container\">\n\t\t\t\n\t\t\t\t\t\t\t\t\t<div class=\"meta-categories-wrapp\"><div class=\"meta-post-categories wd-post-cat wd-style-with-bg\"><a href=\"https:\/\/solidaridadlatam.org\/brasil\/categoria\/brasil\/\" rel=\"category tag\">Brasil<\/a>, <a href=\"https:\/\/solidaridadlatam.org\/brasil\/categoria\/cafe\/\" rel=\"category tag\">Caf\u00e9<\/a>, <a href=\"https:\/\/solidaridadlatam.org\/brasil\/categoria\/publications\/\" rel=\"category tag\">Publica\u00e7\u00e3o<\/a><\/div><\/div>\n\t\t\t\t\n\t\t\t\t\t\t\t\t\t<h3 class=\"wd-entities-title title post-title\">\n\t\t\t\t\t\t<a href=\"https:\/\/solidaridadlatam.org\/brasil\/publications\/balanco-de-cabono-producao-cafe\/\" rel=\"bookmark\">Panorama para o balan\u00e7o de carbono na produ\u00e7\u00e3o de caf\u00e9<\/a>\n\t\t\t\t\t<\/h3>\n\t\t\t\t\n\t\t\t\t\t\t\t\t\t<div class=\"entry-meta wd-entry-meta\">\n\t\t\t\t\t\t\t\t\t<ul class=\"entry-meta-list\">\n\t\t\t\t\t\t\t\t\t<li class=\"modified-date\">\n\t\t\t\t\t\t\t\t<time class=\"updated\" datetime=\"2024-06-25T15:39:51-03:00\">\n\t\t\tjunio 25, 2024\t\t<\/time>\n\t\t\t\t\t\t\t<\/li>\n\n\t\t\t\t\t\n\t\t\t\t\t\t\t\t\t\t\t<li class=\"meta-author\">\n\t\t\t\t\t\t\t\t\t\t\t\t<span>Por<\/span>\n\t\t\n\t\t\t\t\t<img alt='author-avatar' src='https:\/\/secure.gravatar.com\/avatar\/955ebb6840b6d0c4d8b31868f130fc30?s=32&#038;d=mm&#038;r=g' srcset='https:\/\/secure.gravatar.com\/avatar\/955ebb6840b6d0c4d8b31868f130fc30?s=64&#038;d=mm&#038;r=g 2x' class='avatar avatar-32 photo' height='32' width='32' loading='lazy' decoding='async'\/>\t\t\n\t\t<a href=\"https:\/\/solidaridadlatam.org\/brasil\/author\/jessica\/\" rel=\"author\">\n\t\t\t<span class=\"vcard author author_name\">\n\t\t\t\t<span class=\"fn\">J\u00e9ssica Gaise<\/span>\n\t\t\t<\/span>\n\t\t<\/a>\n\t\t\t\t\t\t\t\t<\/li>\n\t\t\t\t\t\n\t\t\t\t\t\n\t\t\t\t\t\t\t\t\t\t\t\t<\/ul>\n\t\t\t\t\t\t\t<\/div><!-- .entry-meta -->\n\t\t\t\t\t\t\t\t\t\t\t<div class=\"hovered-social-icons wd-tltp wd-tltp-top\">\n\t\t\t\t\t\t\t<div class=\"wd-tooltip-label\">\n\t\t\t\t\t\t\t\t\n\t\t\t<div class=\" wd-social-icons  icons-design-default icons-size-small color-scheme-light social-share social-form-circle text-center\">\n\n\t\t\t\t\n\t\t\t\t\t\t\t\t\t<a rel=\"noopener noreferrer nofollow\" href=\"https:\/\/www.facebook.com\/sharer\/sharer.php?u=https:\/\/solidaridadlatam.org\/brasil\/publications\/balanco-de-cabono-producao-cafe\/\" target=\"_blank\" class=\" wd-social-icon social-facebook\" aria-label=\"Facebook social link\">\n\t\t\t\t\t\t<span class=\"wd-icon\"><\/span>\n\t\t\t\t\t\t\t\t\t\t\t<\/a>\n\t\t\t\t\n\t\t\t\t\t\t\t\t\t<a rel=\"noopener noreferrer nofollow\" href=\"https:\/\/x.com\/share?url=https:\/\/solidaridadlatam.org\/brasil\/publications\/balanco-de-cabono-producao-cafe\/\" target=\"_blank\" class=\" wd-social-icon social-twitter\" aria-label=\"X social link\">\n\t\t\t\t\t\t<span class=\"wd-icon\"><\/span>\n\t\t\t\t\t\t\t\t\t\t\t<\/a>\n\t\t\t\t\n\t\t\t\t\n\t\t\t\t\n\t\t\t\t\n\t\t\t\t\n\t\t\t\t\n\t\t\t\t\t\t\t\t\t<a rel=\"noopener noreferrer nofollow\" href=\"https:\/\/www.linkedin.com\/shareArticle?mini=true&url=https:\/\/solidaridadlatam.org\/brasil\/publications\/balanco-de-cabono-producao-cafe\/\" target=\"_blank\" class=\" wd-social-icon social-linkedin\" aria-label=\"Linkedin social link\">\n\t\t\t\t\t\t<span class=\"wd-icon\"><\/span>\n\t\t\t\t\t\t\t\t\t\t\t<\/a>\n\t\t\t\t\n\t\t\t\t\n\t\t\t\t\n\t\t\t\t\n\t\t\t\t\n\t\t\t\t\n\t\t\t\t\n\t\t\t\t\n\t\t\t\t\n\t\t\t\t\t\t\t\t\t<a rel=\"noopener noreferrer nofollow\" href=\"https:\/\/api.whatsapp.com\/send?text=https%3A%2F%2Fsolidaridadlatam.org%2Fbrasil%2Fpublications%2Fbalanco-de-cabono-producao-cafe%2F\" target=\"_blank\" class=\"whatsapp-desktop  wd-social-icon social-whatsapp\" aria-label=\"WhatsApp social link\">\n\t\t\t\t\t\t<span class=\"wd-icon\"><\/span>\n\t\t\t\t\t\t\t\t\t\t\t<\/a>\n\t\t\t\t\t\n\t\t\t\t\t<a rel=\"noopener noreferrer nofollow\" href=\"whatsapp:\/\/send?text=https%3A%2F%2Fsolidaridadlatam.org%2Fbrasil%2Fpublications%2Fbalanco-de-cabono-producao-cafe%2F\" target=\"_blank\" class=\"whatsapp-mobile  wd-social-icon social-whatsapp\" aria-label=\"WhatsApp social link\">\n\t\t\t\t\t\t<span class=\"wd-icon\"><\/span>\n\t\t\t\t\t\t\t\t\t\t\t<\/a>\n\t\t\t\t\n\t\t\t\t\t\t\t\t\n\t\t\t\t\t\t\t\t\n\t\t\t\t\n\t\t\t\t\n\t\t\t\t\t\t\t\t\t<a rel=\"noopener noreferrer nofollow\" href=\"https:\/\/telegram.me\/share\/url?url=https:\/\/solidaridadlatam.org\/brasil\/publications\/balanco-de-cabono-producao-cafe\/\" target=\"_blank\" class=\" wd-social-icon social-tg\" aria-label=\"Telegram social link\">\n\t\t\t\t\t\t<span class=\"wd-icon\"><\/span>\n\t\t\t\t\t\t\t\t\t\t\t<\/a>\n\t\t\t\t\t\t\t\t\n\t\t\t\t\n\t\t\t<\/div>\n\n\t\t\t\t\t\t\t\t\t<\/div>\n\t\t\t\t\t\t<\/div>\n\t\t\t\t\t\t\t\t\t\t\t\t\n\t\t\t\t\t\t\t\n\t\t\t\t                    <div class=\"entry-content wd-entry-content\">\n\t\t\t\t\t\tAs informa\u00e7\u00f5es contidas neste estudo se referem \u00e0s caracter\u00edsticas dos cafezais localizados na regi\u00e3o da Alta Mogiana, que abrange os e...\n\t\t\t\t\t\t\t\t\t\t\t<\/div><!-- .entry-content -->\n\t\t\t\t\n\t\t\t\t\t\t\t\t\t\t\t\t\t\t<p class=\"read-more-section\">\n\t\t\t\t\t\t<a class=\"btn-read-more more-link\" href=\"https:\/\/solidaridadlatam.org\/brasil\/publications\/balanco-de-cabono-producao-cafe\/\">Seguir leyendo<\/a>\t\t\t\t\t<\/p>\n\t\t\t\t\t\t\t\t\t\t\t\n\t\t\t\n\t\t\t\t\t<\/div>\n\t<\/div>\n<\/article><!-- #post -->\n\n\n\t\t\t\t\t\t\t\t\t\t\t\n<article id=\"post-12391\" class=\"wd-post blog-design-small-images blog-post-loop blog-style-bg wd-add-shadow wd-col post-12391 post type-post status-publish format-standard has-post-thumbnail hentry category-brasil category-cafe category-publications tag-alta-mogiana tag-carbon tag-carbon-balance tag-coffee tag-study\">\n\t<div class=\"article-inner\">\n\t\t\t\t\t<header class=\"entry-header\">\n\t\t\t\t\t\t\t\t\t<figure id=\"carousel-622\" class=\"entry-thumbnail\">\n\t\t\t\t\t\t\n\t\t\t\t\t\t\t<div class=\"post-img-wrapp\">\n\t\t\t\t\t\t\t\t<a href=\"https:\/\/solidaridadlatam.org\/brasil\/publications\/carbon-balance-in-coffee-production\/\">\n\t\t\t\t\t\t\t\t\t<img width=\"668\" height=\"943\" src=\"https:\/\/solidaridadlatam.org\/brasil\/wp-content\/uploads\/2024\/06\/cover_carbon_balance_in_coffee.png\" class=\"attachment-large size-large\" alt=\"\" decoding=\"async\" loading=\"lazy\" \/>\t\t\t\t\t\t\t\t<\/a>\n\t\t\t\t\t\t\t<\/div>\n\t\t\t\t\t\t\t<div class=\"post-image-mask\">\n\t\t\t\t\t\t\t\t<span><\/span>\n\t\t\t\t\t\t\t<\/div>\n\n\t\t\t\t\t\t\n\t\t\t\t\t<\/figure>\n\t\t\t\t\n\t\t\t\t\t\t\t\t\t\t\t<div class=\"post-date woodmart-post-date\" onclick=\"\">\r\n\t\t\t<span class=\"post-date-day\">\r\n\t\t\t\t25\t\t\t<\/span>\r\n\t\t\t<span class=\"post-date-month\">\r\n\t\t\t\tJun\t\t\t<\/span>\r\n\t\t\t<span class=\"post-date-year\">\r\n\t\t\t\t2024\t\t\t<\/span>\r\n\t\t<\/div>\r\n\t\t\t\t\t\t\n\t\t\t<\/header><!-- .entry-header -->\n\n\t\t<div class=\"article-body-container\">\n\t\t\t\n\t\t\t\t\t\t\t\t\t<div class=\"meta-categories-wrapp\"><div class=\"meta-post-categories wd-post-cat wd-style-with-bg\"><a href=\"https:\/\/solidaridadlatam.org\/brasil\/categoria\/brasil\/\" rel=\"category tag\">Brasil<\/a>, <a href=\"https:\/\/solidaridadlatam.org\/brasil\/categoria\/cafe\/\" rel=\"category tag\">Caf\u00e9<\/a>, <a href=\"https:\/\/solidaridadlatam.org\/brasil\/categoria\/publications\/\" rel=\"category tag\">Publica\u00e7\u00e3o<\/a><\/div><\/div>\n\t\t\t\t\n\t\t\t\t\t\t\t\t\t<h3 class=\"wd-entities-title title post-title\">\n\t\t\t\t\t\t<a href=\"https:\/\/solidaridadlatam.org\/brasil\/publications\/carbon-balance-in-coffee-production\/\" rel=\"bookmark\">Overview of the carbon balance in coffee production<\/a>\n\t\t\t\t\t<\/h3>\n\t\t\t\t\n\t\t\t\t\t\t\t\t\t<div class=\"entry-meta wd-entry-meta\">\n\t\t\t\t\t\t\t\t\t<ul class=\"entry-meta-list\">\n\t\t\t\t\t\t\t\t\t<li class=\"modified-date\">\n\t\t\t\t\t\t\t\t<time class=\"updated\" datetime=\"2024-06-25T15:33:05-03:00\">\n\t\t\tjunio 25, 2024\t\t<\/time>\n\t\t\t\t\t\t\t<\/li>\n\n\t\t\t\t\t\n\t\t\t\t\t\t\t\t\t\t\t<li class=\"meta-author\">\n\t\t\t\t\t\t\t\t\t\t\t\t<span>Por<\/span>\n\t\t\n\t\t\t\t\t<img alt='author-avatar' src='https:\/\/secure.gravatar.com\/avatar\/955ebb6840b6d0c4d8b31868f130fc30?s=32&#038;d=mm&#038;r=g' srcset='https:\/\/secure.gravatar.com\/avatar\/955ebb6840b6d0c4d8b31868f130fc30?s=64&#038;d=mm&#038;r=g 2x' class='avatar avatar-32 photo' height='32' width='32' loading='lazy' decoding='async'\/>\t\t\n\t\t<a href=\"https:\/\/solidaridadlatam.org\/brasil\/author\/jessica\/\" rel=\"author\">\n\t\t\t<span class=\"vcard author author_name\">\n\t\t\t\t<span class=\"fn\">J\u00e9ssica Gaise<\/span>\n\t\t\t<\/span>\n\t\t<\/a>\n\t\t\t\t\t\t\t\t<\/li>\n\t\t\t\t\t\n\t\t\t\t\t\n\t\t\t\t\t\t\t\t\t\t\t\t<\/ul>\n\t\t\t\t\t\t\t<\/div><!-- .entry-meta -->\n\t\t\t\t\t\t\t\t\t\t\t<div class=\"hovered-social-icons wd-tltp wd-tltp-top\">\n\t\t\t\t\t\t\t<div class=\"wd-tooltip-label\">\n\t\t\t\t\t\t\t\t\n\t\t\t<div class=\" wd-social-icons  icons-design-default icons-size-small color-scheme-light social-share social-form-circle text-center\">\n\n\t\t\t\t\n\t\t\t\t\t\t\t\t\t<a rel=\"noopener noreferrer nofollow\" href=\"https:\/\/www.facebook.com\/sharer\/sharer.php?u=https:\/\/solidaridadlatam.org\/brasil\/publications\/carbon-balance-in-coffee-production\/\" target=\"_blank\" class=\" wd-social-icon social-facebook\" aria-label=\"Facebook social link\">\n\t\t\t\t\t\t<span class=\"wd-icon\"><\/span>\n\t\t\t\t\t\t\t\t\t\t\t<\/a>\n\t\t\t\t\n\t\t\t\t\t\t\t\t\t<a rel=\"noopener noreferrer nofollow\" href=\"https:\/\/x.com\/share?url=https:\/\/solidaridadlatam.org\/brasil\/publications\/carbon-balance-in-coffee-production\/\" target=\"_blank\" class=\" wd-social-icon social-twitter\" aria-label=\"X social link\">\n\t\t\t\t\t\t<span class=\"wd-icon\"><\/span>\n\t\t\t\t\t\t\t\t\t\t\t<\/a>\n\t\t\t\t\n\t\t\t\t\n\t\t\t\t\n\t\t\t\t\n\t\t\t\t\n\t\t\t\t\n\t\t\t\t\t\t\t\t\t<a rel=\"noopener noreferrer nofollow\" href=\"https:\/\/www.linkedin.com\/shareArticle?mini=true&url=https:\/\/solidaridadlatam.org\/brasil\/publications\/carbon-balance-in-coffee-production\/\" target=\"_blank\" class=\" wd-social-icon social-linkedin\" aria-label=\"Linkedin social link\">\n\t\t\t\t\t\t<span class=\"wd-icon\"><\/span>\n\t\t\t\t\t\t\t\t\t\t\t<\/a>\n\t\t\t\t\n\t\t\t\t\n\t\t\t\t\n\t\t\t\t\n\t\t\t\t\n\t\t\t\t\n\t\t\t\t\n\t\t\t\t\n\t\t\t\t\n\t\t\t\t\t\t\t\t\t<a rel=\"noopener noreferrer nofollow\" href=\"https:\/\/api.whatsapp.com\/send?text=https%3A%2F%2Fsolidaridadlatam.org%2Fbrasil%2Fpublications%2Fcarbon-balance-in-coffee-production%2F\" target=\"_blank\" class=\"whatsapp-desktop  wd-social-icon social-whatsapp\" aria-label=\"WhatsApp social link\">\n\t\t\t\t\t\t<span class=\"wd-icon\"><\/span>\n\t\t\t\t\t\t\t\t\t\t\t<\/a>\n\t\t\t\t\t\n\t\t\t\t\t<a rel=\"noopener noreferrer nofollow\" href=\"whatsapp:\/\/send?text=https%3A%2F%2Fsolidaridadlatam.org%2Fbrasil%2Fpublications%2Fcarbon-balance-in-coffee-production%2F\" target=\"_blank\" class=\"whatsapp-mobile  wd-social-icon social-whatsapp\" aria-label=\"WhatsApp social link\">\n\t\t\t\t\t\t<span class=\"wd-icon\"><\/span>\n\t\t\t\t\t\t\t\t\t\t\t<\/a>\n\t\t\t\t\n\t\t\t\t\t\t\t\t\n\t\t\t\t\t\t\t\t\n\t\t\t\t\n\t\t\t\t\n\t\t\t\t\t\t\t\t\t<a rel=\"noopener noreferrer nofollow\" href=\"https:\/\/telegram.me\/share\/url?url=https:\/\/solidaridadlatam.org\/brasil\/publications\/carbon-balance-in-coffee-production\/\" target=\"_blank\" class=\" wd-social-icon social-tg\" aria-label=\"Telegram social link\">\n\t\t\t\t\t\t<span class=\"wd-icon\"><\/span>\n\t\t\t\t\t\t\t\t\t\t\t<\/a>\n\t\t\t\t\t\t\t\t\n\t\t\t\t\n\t\t\t<\/div>\n\n\t\t\t\t\t\t\t\t\t<\/div>\n\t\t\t\t\t\t<\/div>\n\t\t\t\t\t\t\t\t\t\t\t\t\n\t\t\t\t\t\t\t\n\t\t\t\t                    <div class=\"entry-content wd-entry-content\">\n\t\t\t\t\t\tThe information in this study pertains to the characteristics of coffee plantations in the Alta Mogiana region, spanning the states of ...\n\t\t\t\t\t\t\t\t\t\t\t<\/div><!-- .entry-content -->\n\t\t\t\t\n\t\t\t\t\t\t\t\t\t\t\t\t\t\t<p class=\"read-more-section\">\n\t\t\t\t\t\t<a class=\"btn-read-more more-link\" href=\"https:\/\/solidaridadlatam.org\/brasil\/publications\/carbon-balance-in-coffee-production\/\">Seguir leyendo<\/a>\t\t\t\t\t<\/p>\n\t\t\t\t\t\t\t\t\t\t\t\n\t\t\t\n\t\t\t\t\t<\/div>\n\t<\/div>\n<\/article><!-- #post -->\n\n\n\t\t\t\t\t\t\t\t\t\t\t\n<article id=\"post-12057\" class=\"wd-post blog-design-small-images blog-post-loop blog-style-bg wd-add-shadow wd-col post-12057 post type-post status-publish format-standard has-post-thumbnail hentry category-amazonia category-cacau category-cafe category-casos-de-estudos category-pecuaria category-publications\">\n\t<div class=\"article-inner\">\n\t\t\t\t\t<header class=\"entry-header\">\n\t\t\t\t\t\t\t\t\t<figure id=\"carousel-122\" class=\"entry-thumbnail\">\n\t\t\t\t\t\t\n\t\t\t\t\t\t\t<div class=\"post-img-wrapp\">\n\t\t\t\t\t\t\t\t<a href=\"https:\/\/solidaridadlatam.org\/brasil\/publications\/growing-the-future-harvesting-lessons-from-climate-smart-agriculture\/\">\n\t\t\t\t\t\t\t\t\t<img width=\"1149\" height=\"758\" src=\"https:\/\/solidaridadlatam.org\/brasil\/wp-content\/uploads\/2024\/03\/ScreenHunter-919.png\" class=\"attachment-large size-large\" alt=\"\" decoding=\"async\" loading=\"lazy\" \/>\t\t\t\t\t\t\t\t<\/a>\n\t\t\t\t\t\t\t<\/div>\n\t\t\t\t\t\t\t<div class=\"post-image-mask\">\n\t\t\t\t\t\t\t\t<span><\/span>\n\t\t\t\t\t\t\t<\/div>\n\n\t\t\t\t\t\t\n\t\t\t\t\t<\/figure>\n\t\t\t\t\n\t\t\t\t\t\t\t\t\t\t\t<div class=\"post-date woodmart-post-date\" onclick=\"\">\r\n\t\t\t<span class=\"post-date-day\">\r\n\t\t\t\t21\t\t\t<\/span>\r\n\t\t\t<span class=\"post-date-month\">\r\n\t\t\t\tMar\t\t\t<\/span>\r\n\t\t\t<span class=\"post-date-year\">\r\n\t\t\t\t2024\t\t\t<\/span>\r\n\t\t<\/div>\r\n\t\t\t\t\t\t\n\t\t\t<\/header><!-- .entry-header -->\n\n\t\t<div class=\"article-body-container\">\n\t\t\t\n\t\t\t\t\t\t\t\t\t<div class=\"meta-categories-wrapp\"><div class=\"meta-post-categories wd-post-cat wd-style-with-bg\"><a href=\"https:\/\/solidaridadlatam.org\/brasil\/categoria\/amazonia\/\" rel=\"category tag\">Amaz\u00f4nia<\/a>, <a href=\"https:\/\/solidaridadlatam.org\/brasil\/categoria\/cacau\/\" rel=\"category tag\">Cacau<\/a>, <a href=\"https:\/\/solidaridadlatam.org\/brasil\/categoria\/cafe\/\" rel=\"category tag\">Caf\u00e9<\/a>, <a href=\"https:\/\/solidaridadlatam.org\/brasil\/categoria\/casos-de-estudos\/\" rel=\"category tag\">Casos de estudos<\/a>, <a href=\"https:\/\/solidaridadlatam.org\/brasil\/categoria\/pecuaria\/\" rel=\"category tag\">Pecu\u00e1ria<\/a>, <a href=\"https:\/\/solidaridadlatam.org\/brasil\/categoria\/publications\/\" rel=\"category tag\">Publica\u00e7\u00e3o<\/a><\/div><\/div>\n\t\t\t\t\n\t\t\t\t\t\t\t\t\t<h3 class=\"wd-entities-title title post-title\">\n\t\t\t\t\t\t<a href=\"https:\/\/solidaridadlatam.org\/brasil\/publications\/growing-the-future-harvesting-lessons-from-climate-smart-agriculture\/\" rel=\"bookmark\">Growing the future: Harvesting lessons from climate-smart agriculture<\/a>\n\t\t\t\t\t<\/h3>\n\t\t\t\t\n\t\t\t\t\t\t\t\t\t<div class=\"entry-meta wd-entry-meta\">\n\t\t\t\t\t\t\t\t\t<ul class=\"entry-meta-list\">\n\t\t\t\t\t\t\t\t\t<li class=\"modified-date\">\n\t\t\t\t\t\t\t\t<time class=\"updated\" datetime=\"2025-07-04T11:57:38-03:00\">\n\t\t\tjulio 4, 2025\t\t<\/time>\n\t\t\t\t\t\t\t<\/li>\n\n\t\t\t\t\t\n\t\t\t\t\t\t\t\t\t\t\t<li class=\"meta-author\">\n\t\t\t\t\t\t\t\t\t\t\t\t<span>Por<\/span>\n\t\t\n\t\t\t\t\t<img alt='author-avatar' src='https:\/\/secure.gravatar.com\/avatar\/855c42385c9836ba2ffe9c55dd611d56?s=32&#038;d=mm&#038;r=g' srcset='https:\/\/secure.gravatar.com\/avatar\/855c42385c9836ba2ffe9c55dd611d56?s=64&#038;d=mm&#038;r=g 2x' class='avatar avatar-32 photo' height='32' width='32' loading='lazy' decoding='async'\/>\t\t\n\t\t<a href=\"https:\/\/solidaridadlatam.org\/brasil\/author\/marianaleite\/\" rel=\"author\">\n\t\t\t<span class=\"vcard author author_name\">\n\t\t\t\t<span class=\"fn\">Mariana Leite<\/span>\n\t\t\t<\/span>\n\t\t<\/a>\n\t\t\t\t\t\t\t\t<\/li>\n\t\t\t\t\t\n\t\t\t\t\t\n\t\t\t\t\t\t\t\t\t\t\t\t<\/ul>\n\t\t\t\t\t\t\t<\/div><!-- .entry-meta -->\n\t\t\t\t\t\t\t\t\t\t\t<div class=\"hovered-social-icons wd-tltp wd-tltp-top\">\n\t\t\t\t\t\t\t<div class=\"wd-tooltip-label\">\n\t\t\t\t\t\t\t\t\n\t\t\t<div class=\" wd-social-icons  icons-design-default icons-size-small color-scheme-light social-share social-form-circle text-center\">\n\n\t\t\t\t\n\t\t\t\t\t\t\t\t\t<a rel=\"noopener noreferrer nofollow\" href=\"https:\/\/www.facebook.com\/sharer\/sharer.php?u=https:\/\/solidaridadlatam.org\/brasil\/publications\/growing-the-future-harvesting-lessons-from-climate-smart-agriculture\/\" target=\"_blank\" class=\" wd-social-icon social-facebook\" aria-label=\"Facebook social link\">\n\t\t\t\t\t\t<span class=\"wd-icon\"><\/span>\n\t\t\t\t\t\t\t\t\t\t\t<\/a>\n\t\t\t\t\n\t\t\t\t\t\t\t\t\t<a rel=\"noopener noreferrer nofollow\" href=\"https:\/\/x.com\/share?url=https:\/\/solidaridadlatam.org\/brasil\/publications\/growing-the-future-harvesting-lessons-from-climate-smart-agriculture\/\" target=\"_blank\" class=\" wd-social-icon social-twitter\" aria-label=\"X social link\">\n\t\t\t\t\t\t<span class=\"wd-icon\"><\/span>\n\t\t\t\t\t\t\t\t\t\t\t<\/a>\n\t\t\t\t\n\t\t\t\t\n\t\t\t\t\n\t\t\t\t\n\t\t\t\t\n\t\t\t\t\n\t\t\t\t\t\t\t\t\t<a rel=\"noopener noreferrer nofollow\" href=\"https:\/\/www.linkedin.com\/shareArticle?mini=true&url=https:\/\/solidaridadlatam.org\/brasil\/publications\/growing-the-future-harvesting-lessons-from-climate-smart-agriculture\/\" target=\"_blank\" class=\" wd-social-icon social-linkedin\" aria-label=\"Linkedin social link\">\n\t\t\t\t\t\t<span class=\"wd-icon\"><\/span>\n\t\t\t\t\t\t\t\t\t\t\t<\/a>\n\t\t\t\t\n\t\t\t\t\n\t\t\t\t\n\t\t\t\t\n\t\t\t\t\n\t\t\t\t\n\t\t\t\t\n\t\t\t\t\n\t\t\t\t\n\t\t\t\t\t\t\t\t\t<a rel=\"noopener noreferrer nofollow\" href=\"https:\/\/api.whatsapp.com\/send?text=https%3A%2F%2Fsolidaridadlatam.org%2Fbrasil%2Fpublications%2Fgrowing-the-future-harvesting-lessons-from-climate-smart-agriculture%2F\" target=\"_blank\" class=\"whatsapp-desktop  wd-social-icon social-whatsapp\" aria-label=\"WhatsApp social link\">\n\t\t\t\t\t\t<span class=\"wd-icon\"><\/span>\n\t\t\t\t\t\t\t\t\t\t\t<\/a>\n\t\t\t\t\t\n\t\t\t\t\t<a rel=\"noopener noreferrer nofollow\" href=\"whatsapp:\/\/send?text=https%3A%2F%2Fsolidaridadlatam.org%2Fbrasil%2Fpublications%2Fgrowing-the-future-harvesting-lessons-from-climate-smart-agriculture%2F\" target=\"_blank\" class=\"whatsapp-mobile  wd-social-icon social-whatsapp\" aria-label=\"WhatsApp social link\">\n\t\t\t\t\t\t<span class=\"wd-icon\"><\/span>\n\t\t\t\t\t\t\t\t\t\t\t<\/a>\n\t\t\t\t\n\t\t\t\t\t\t\t\t\n\t\t\t\t\t\t\t\t\n\t\t\t\t\n\t\t\t\t\n\t\t\t\t\t\t\t\t\t<a rel=\"noopener noreferrer nofollow\" href=\"https:\/\/telegram.me\/share\/url?url=https:\/\/solidaridadlatam.org\/brasil\/publications\/growing-the-future-harvesting-lessons-from-climate-smart-agriculture\/\" target=\"_blank\" class=\" wd-social-icon social-tg\" aria-label=\"Telegram social link\">\n\t\t\t\t\t\t<span class=\"wd-icon\"><\/span>\n\t\t\t\t\t\t\t\t\t\t\t<\/a>\n\t\t\t\t\t\t\t\t\n\t\t\t\t\n\t\t\t<\/div>\n\n\t\t\t\t\t\t\t\t\t<\/div>\n\t\t\t\t\t\t<\/div>\n\t\t\t\t\t\t\t\t\t\t\t\t\n\t\t\t\t\t\t\t\n\t\t\t\t                    <div class=\"entry-content wd-entry-content\">\n\t\t\t\t\t\tBuilding on lessons from more than nine years working in climate-smart agriculture (CSA), Solidaridad releases this case study that con...\n\t\t\t\t\t\t\t\t\t\t\t<\/div><!-- .entry-content -->\n\t\t\t\t\n\t\t\t\t\t\t\t\t\t\t\t\t\t\t<p class=\"read-more-section\">\n\t\t\t\t\t\t<a class=\"btn-read-more more-link\" href=\"https:\/\/solidaridadlatam.org\/brasil\/publications\/growing-the-future-harvesting-lessons-from-climate-smart-agriculture\/\">Seguir leyendo<\/a>\t\t\t\t\t<\/p>\n\t\t\t\t\t\t\t\t\t\t\t\n\t\t\t\n\t\t\t\t\t<\/div>\n\t<\/div>\n<\/article><!-- #post -->\n\n\n\t\t\t\t\t\t\t\t\t\t\t\n<article id=\"post-11128\" class=\"wd-post blog-design-small-images blog-post-loop blog-style-bg wd-add-shadow wd-col post-11128 post type-post status-publish format-standard has-post-thumbnail hentry category-brasil category-cacau category-cafe category-news category-pecuaria category-soja\">\n\t<div class=\"article-inner\">\n\t\t\t\t\t<header class=\"entry-header\">\n\t\t\t\t\t\t\t\t\t<figure id=\"carousel-704\" class=\"entry-thumbnail\">\n\t\t\t\t\t\t\n\t\t\t\t\t\t\t<div class=\"post-img-wrapp\">\n\t\t\t\t\t\t\t\t<a href=\"https:\/\/solidaridadlatam.org\/brasil\/news\/producao-de-baixo-carbono-um-olhar-para-o-futuro-da-agricultura\/\">\n\t\t\t\t\t\t\t\t\t<img width=\"5760\" height=\"3840\" src=\"https:\/\/solidaridadlatam.org\/brasil\/wp-content\/uploads\/2023\/09\/EZO0099.jpg\" class=\"attachment-large size-large\" alt=\"\" decoding=\"async\" loading=\"lazy\" \/>\t\t\t\t\t\t\t\t<\/a>\n\t\t\t\t\t\t\t<\/div>\n\t\t\t\t\t\t\t<div class=\"post-image-mask\">\n\t\t\t\t\t\t\t\t<span><\/span>\n\t\t\t\t\t\t\t<\/div>\n\n\t\t\t\t\t\t\n\t\t\t\t\t<\/figure>\n\t\t\t\t\n\t\t\t\t\t\t\t\t\t\t\t<div class=\"post-date woodmart-post-date\" onclick=\"\">\r\n\t\t\t<span class=\"post-date-day\">\r\n\t\t\t\t05\t\t\t<\/span>\r\n\t\t\t<span class=\"post-date-month\">\r\n\t\t\t\tSep\t\t\t<\/span>\r\n\t\t\t<span class=\"post-date-year\">\r\n\t\t\t\t2023\t\t\t<\/span>\r\n\t\t<\/div>\r\n\t\t\t\t\t\t\n\t\t\t<\/header><!-- .entry-header -->\n\n\t\t<div class=\"article-body-container\">\n\t\t\t\n\t\t\t\t\t\t\t\t\t<div class=\"meta-categories-wrapp\"><div class=\"meta-post-categories wd-post-cat wd-style-with-bg\"><a href=\"https:\/\/solidaridadlatam.org\/brasil\/categoria\/brasil\/\" rel=\"category tag\">Brasil<\/a>, <a href=\"https:\/\/solidaridadlatam.org\/brasil\/categoria\/cacau\/\" rel=\"category tag\">Cacau<\/a>, <a href=\"https:\/\/solidaridadlatam.org\/brasil\/categoria\/cafe\/\" rel=\"category tag\">Caf\u00e9<\/a>, <a href=\"https:\/\/solidaridadlatam.org\/brasil\/categoria\/news\/\" rel=\"category tag\">Not\u00edcia<\/a>, <a href=\"https:\/\/solidaridadlatam.org\/brasil\/categoria\/pecuaria\/\" rel=\"category tag\">Pecu\u00e1ria<\/a>, <a href=\"https:\/\/solidaridadlatam.org\/brasil\/categoria\/soja\/\" rel=\"category tag\">Soja<\/a><\/div><\/div>\n\t\t\t\t\n\t\t\t\t\t\t\t\t\t<h3 class=\"wd-entities-title title post-title\">\n\t\t\t\t\t\t<a href=\"https:\/\/solidaridadlatam.org\/brasil\/news\/producao-de-baixo-carbono-um-olhar-para-o-futuro-da-agricultura\/\" rel=\"bookmark\">Produ\u00e7\u00e3o de baixo carbono: um olhar para o futuro da agricultura<\/a>\n\t\t\t\t\t<\/h3>\n\t\t\t\t\n\t\t\t\t\t\t\t\t\t<div class=\"entry-meta wd-entry-meta\">\n\t\t\t\t\t\t\t\t\t<ul class=\"entry-meta-list\">\n\t\t\t\t\t\t\t\t\t<li class=\"modified-date\">\n\t\t\t\t\t\t\t\t<time class=\"updated\" datetime=\"2023-12-11T15:52:10-03:00\">\n\t\t\tdiciembre 11, 2023\t\t<\/time>\n\t\t\t\t\t\t\t<\/li>\n\n\t\t\t\t\t\n\t\t\t\t\t\t\t\t\t\t\t<li class=\"meta-author\">\n\t\t\t\t\t\t\t\t\t\t\t\t<span>Por<\/span>\n\t\t\n\t\t\t\t\t<img alt='author-avatar' src='https:\/\/secure.gravatar.com\/avatar\/955ebb6840b6d0c4d8b31868f130fc30?s=32&#038;d=mm&#038;r=g' srcset='https:\/\/secure.gravatar.com\/avatar\/955ebb6840b6d0c4d8b31868f130fc30?s=64&#038;d=mm&#038;r=g 2x' class='avatar avatar-32 photo' height='32' width='32' loading='lazy' decoding='async'\/>\t\t\n\t\t<a href=\"https:\/\/solidaridadlatam.org\/brasil\/author\/jessica\/\" rel=\"author\">\n\t\t\t<span class=\"vcard author author_name\">\n\t\t\t\t<span class=\"fn\">J\u00e9ssica Gaise<\/span>\n\t\t\t<\/span>\n\t\t<\/a>\n\t\t\t\t\t\t\t\t<\/li>\n\t\t\t\t\t\n\t\t\t\t\t\n\t\t\t\t\t\t\t\t\t\t\t\t<\/ul>\n\t\t\t\t\t\t\t<\/div><!-- .entry-meta -->\n\t\t\t\t\t\t\t\t\t\t\t<div class=\"hovered-social-icons wd-tltp wd-tltp-top\">\n\t\t\t\t\t\t\t<div class=\"wd-tooltip-label\">\n\t\t\t\t\t\t\t\t\n\t\t\t<div class=\" wd-social-icons  icons-design-default icons-size-small color-scheme-light social-share social-form-circle text-center\">\n\n\t\t\t\t\n\t\t\t\t\t\t\t\t\t<a rel=\"noopener noreferrer nofollow\" href=\"https:\/\/www.facebook.com\/sharer\/sharer.php?u=https:\/\/solidaridadlatam.org\/brasil\/news\/producao-de-baixo-carbono-um-olhar-para-o-futuro-da-agricultura\/\" target=\"_blank\" class=\" wd-social-icon social-facebook\" aria-label=\"Facebook social link\">\n\t\t\t\t\t\t<span class=\"wd-icon\"><\/span>\n\t\t\t\t\t\t\t\t\t\t\t<\/a>\n\t\t\t\t\n\t\t\t\t\t\t\t\t\t<a rel=\"noopener noreferrer nofollow\" href=\"https:\/\/x.com\/share?url=https:\/\/solidaridadlatam.org\/brasil\/news\/producao-de-baixo-carbono-um-olhar-para-o-futuro-da-agricultura\/\" target=\"_blank\" class=\" wd-social-icon social-twitter\" aria-label=\"X social link\">\n\t\t\t\t\t\t<span class=\"wd-icon\"><\/span>\n\t\t\t\t\t\t\t\t\t\t\t<\/a>\n\t\t\t\t\n\t\t\t\t\n\t\t\t\t\n\t\t\t\t\n\t\t\t\t\n\t\t\t\t\n\t\t\t\t\t\t\t\t\t<a rel=\"noopener noreferrer nofollow\" href=\"https:\/\/www.linkedin.com\/shareArticle?mini=true&url=https:\/\/solidaridadlatam.org\/brasil\/news\/producao-de-baixo-carbono-um-olhar-para-o-futuro-da-agricultura\/\" target=\"_blank\" class=\" wd-social-icon social-linkedin\" aria-label=\"Linkedin social link\">\n\t\t\t\t\t\t<span class=\"wd-icon\"><\/span>\n\t\t\t\t\t\t\t\t\t\t\t<\/a>\n\t\t\t\t\n\t\t\t\t\n\t\t\t\t\n\t\t\t\t\n\t\t\t\t\n\t\t\t\t\n\t\t\t\t\n\t\t\t\t\n\t\t\t\t\n\t\t\t\t\t\t\t\t\t<a rel=\"noopener noreferrer nofollow\" href=\"https:\/\/api.whatsapp.com\/send?text=https%3A%2F%2Fsolidaridadlatam.org%2Fbrasil%2Fnews%2Fproducao-de-baixo-carbono-um-olhar-para-o-futuro-da-agricultura%2F\" target=\"_blank\" class=\"whatsapp-desktop  wd-social-icon social-whatsapp\" aria-label=\"WhatsApp social link\">\n\t\t\t\t\t\t<span class=\"wd-icon\"><\/span>\n\t\t\t\t\t\t\t\t\t\t\t<\/a>\n\t\t\t\t\t\n\t\t\t\t\t<a rel=\"noopener noreferrer nofollow\" href=\"whatsapp:\/\/send?text=https%3A%2F%2Fsolidaridadlatam.org%2Fbrasil%2Fnews%2Fproducao-de-baixo-carbono-um-olhar-para-o-futuro-da-agricultura%2F\" target=\"_blank\" class=\"whatsapp-mobile  wd-social-icon social-whatsapp\" aria-label=\"WhatsApp social link\">\n\t\t\t\t\t\t<span class=\"wd-icon\"><\/span>\n\t\t\t\t\t\t\t\t\t\t\t<\/a>\n\t\t\t\t\n\t\t\t\t\t\t\t\t\n\t\t\t\t\t\t\t\t\n\t\t\t\t\n\t\t\t\t\n\t\t\t\t\t\t\t\t\t<a rel=\"noopener noreferrer nofollow\" href=\"https:\/\/telegram.me\/share\/url?url=https:\/\/solidaridadlatam.org\/brasil\/news\/producao-de-baixo-carbono-um-olhar-para-o-futuro-da-agricultura\/\" target=\"_blank\" class=\" wd-social-icon social-tg\" aria-label=\"Telegram social link\">\n\t\t\t\t\t\t<span class=\"wd-icon\"><\/span>\n\t\t\t\t\t\t\t\t\t\t\t<\/a>\n\t\t\t\t\t\t\t\t\n\t\t\t\t\n\t\t\t<\/div>\n\n\t\t\t\t\t\t\t\t\t<\/div>\n\t\t\t\t\t\t<\/div>\n\t\t\t\t\t\t\t\t\t\t\t\t\n\t\t\t\t\t\t\t\n\t\t\t\t                    <div class=\"entry-content wd-entry-content\">\n\t\t\t\t\t\tO aumento da demanda por alimentos e os crescentes impactos negativos das mudan\u00e7as clim\u00e1ticas est\u00e3o for\u00e7ando o mundo a repensar a forma...\n\t\t\t\t\t\t\t\t\t\t\t<\/div><!-- .entry-content -->\n\t\t\t\t\n\t\t\t\t\t\t\t\t\t\t\t\t\t\t<p class=\"read-more-section\">\n\t\t\t\t\t\t<a class=\"btn-read-more more-link\" href=\"https:\/\/solidaridadlatam.org\/brasil\/news\/producao-de-baixo-carbono-um-olhar-para-o-futuro-da-agricultura\/\">Seguir leyendo<\/a>\t\t\t\t\t<\/p>\n\t\t\t\t\t\t\t\t\t\t\t\n\t\t\t\n\t\t\t\t\t<\/div>\n\t<\/div>\n<\/article><!-- #post -->\n\n\n\t\t\t\t\t\t\t\t\t\t\t\n<article id=\"post-2507\" class=\"wd-post blog-design-small-images blog-post-loop blog-style-bg wd-add-shadow wd-col post-2507 post type-post status-publish format-standard has-post-thumbnail hentry category-cafe tag-peru-pais\">\n\t<div class=\"article-inner\">\n\t\t\t\t\t<header class=\"entry-header\">\n\t\t\t\t\t\t\t\t\t<figure id=\"carousel-819\" class=\"entry-thumbnail\">\n\t\t\t\t\t\t\n\t\t\t\t\t\t\t<div class=\"post-img-wrapp\">\n\t\t\t\t\t\t\t\t<a href=\"https:\/\/solidaridadlatam.org\/brasil\/cafe\/c%c3%a1mara-peruana-de-caf%c3%a9-y-cacao\/\">\n\t\t\t\t\t\t\t\t\t<img width=\"150\" height=\"150\" src=\"https:\/\/solidaridadlatam.org\/brasil\/wp-content\/uploads\/2020\/11\/re-logo-01.jpg\" class=\"attachment-large size-large\" alt=\"\" decoding=\"async\" loading=\"lazy\" \/>\t\t\t\t\t\t\t\t<\/a>\n\t\t\t\t\t\t\t<\/div>\n\t\t\t\t\t\t\t<div class=\"post-image-mask\">\n\t\t\t\t\t\t\t\t<span><\/span>\n\t\t\t\t\t\t\t<\/div>\n\n\t\t\t\t\t\t\n\t\t\t\t\t<\/figure>\n\t\t\t\t\n\t\t\t\t\t\t\t\t\t\t\t<div class=\"post-date woodmart-post-date\" onclick=\"\">\r\n\t\t\t<span class=\"post-date-day\">\r\n\t\t\t\t08\t\t\t<\/span>\r\n\t\t\t<span class=\"post-date-month\">\r\n\t\t\t\tJun\t\t\t<\/span>\r\n\t\t\t<span class=\"post-date-year\">\r\n\t\t\t\t2020\t\t\t<\/span>\r\n\t\t<\/div>\r\n\t\t\t\t\t\t\n\t\t\t<\/header><!-- .entry-header -->\n\n\t\t<div class=\"article-body-container\">\n\t\t\t\n\t\t\t\t\t\t\t\t\t<div class=\"meta-categories-wrapp\"><div class=\"meta-post-categories wd-post-cat wd-style-with-bg\"><a href=\"https:\/\/solidaridadlatam.org\/brasil\/categoria\/cafe\/\" rel=\"category tag\">Caf\u00e9<\/a><\/div><\/div>\n\t\t\t\t\n\t\t\t\t\t\t\t\t\t<h3 class=\"wd-entities-title title post-title\">\n\t\t\t\t\t\t<a href=\"https:\/\/solidaridadlatam.org\/brasil\/cafe\/c%c3%a1mara-peruana-de-caf%c3%a9-y-cacao\/\" rel=\"bookmark\">C\u00e1mara Peruana de Caf\u00e9 y Cacao<\/a>\n\t\t\t\t\t<\/h3>\n\t\t\t\t\n\t\t\t\t\t\t\t\t\t<div class=\"entry-meta wd-entry-meta\">\n\t\t\t\t\t\t\t\t\t<ul class=\"entry-meta-list\">\n\t\t\t\t\t\t\t\t\t<li class=\"modified-date\">\n\t\t\t\t\t\t\t\t<time class=\"updated\" datetime=\"2021-11-16T12:34:20-03:00\">\n\t\t\tnoviembre 16, 2021\t\t<\/time>\n\t\t\t\t\t\t\t<\/li>\n\n\t\t\t\t\t\n\t\t\t\t\t\t\t\t\t\t\t<li class=\"meta-author\">\n\t\t\t\t\t\t\t\t\t\t\t\t<span>Por<\/span>\n\t\t\n\t\t\t\t\t<img alt='author-avatar' src='https:\/\/secure.gravatar.com\/avatar\/369f4d18708e40372ea3e48556478bde?s=32&#038;d=mm&#038;r=g' srcset='https:\/\/secure.gravatar.com\/avatar\/369f4d18708e40372ea3e48556478bde?s=64&#038;d=mm&#038;r=g 2x' class='avatar avatar-32 photo' height='32' width='32' loading='lazy' decoding='async'\/>\t\t\n\t\t<a href=\"https:\/\/solidaridadlatam.org\/brasil\/author\/rosario-abramo\/\" rel=\"author\">\n\t\t\t<span class=\"vcard author author_name\">\n\t\t\t\t<span class=\"fn\">rosario.abramo<\/span>\n\t\t\t<\/span>\n\t\t<\/a>\n\t\t\t\t\t\t\t\t<\/li>\n\t\t\t\t\t\n\t\t\t\t\t\n\t\t\t\t\t\t\t\t\t\t\t<li class=\"meta-reply\">\n\t\t\t\t\t\t\t<a href=\"https:\/\/solidaridadlatam.org\/brasil\/cafe\/c%c3%a1mara-peruana-de-caf%c3%a9-y-cacao\/#respond\"><span class=\"replies-count\">0<\/span> <span class=\"replies-count-label\">comentarios<\/span><\/a>\t\t\t\t\t\t<\/li>\n\t\t\t\t\t\t\t\t\t\t\t\t<\/ul>\n\t\t\t\t\t\t\t<\/div><!-- .entry-meta -->\n\t\t\t\t\t\t\t\t\t\t\t<div class=\"hovered-social-icons wd-tltp wd-tltp-top\">\n\t\t\t\t\t\t\t<div class=\"wd-tooltip-label\">\n\t\t\t\t\t\t\t\t\n\t\t\t<div class=\" wd-social-icons  icons-design-default icons-size-small color-scheme-light social-share social-form-circle text-center\">\n\n\t\t\t\t\n\t\t\t\t\t\t\t\t\t<a rel=\"noopener noreferrer nofollow\" href=\"https:\/\/www.facebook.com\/sharer\/sharer.php?u=https:\/\/solidaridadlatam.org\/brasil\/cafe\/c%c3%a1mara-peruana-de-caf%c3%a9-y-cacao\/\" target=\"_blank\" class=\" wd-social-icon social-facebook\" aria-label=\"Facebook social link\">\n\t\t\t\t\t\t<span class=\"wd-icon\"><\/span>\n\t\t\t\t\t\t\t\t\t\t\t<\/a>\n\t\t\t\t\n\t\t\t\t\t\t\t\t\t<a rel=\"noopener noreferrer nofollow\" href=\"https:\/\/x.com\/share?url=https:\/\/solidaridadlatam.org\/brasil\/cafe\/c%c3%a1mara-peruana-de-caf%c3%a9-y-cacao\/\" target=\"_blank\" class=\" wd-social-icon social-twitter\" aria-label=\"X social link\">\n\t\t\t\t\t\t<span class=\"wd-icon\"><\/span>\n\t\t\t\t\t\t\t\t\t\t\t<\/a>\n\t\t\t\t\n\t\t\t\t\n\t\t\t\t\n\t\t\t\t\n\t\t\t\t\n\t\t\t\t\n\t\t\t\t\t\t\t\t\t<a rel=\"noopener noreferrer nofollow\" href=\"https:\/\/www.linkedin.com\/shareArticle?mini=true&url=https:\/\/solidaridadlatam.org\/brasil\/cafe\/c%c3%a1mara-peruana-de-caf%c3%a9-y-cacao\/\" target=\"_blank\" class=\" wd-social-icon social-linkedin\" aria-label=\"Linkedin social link\">\n\t\t\t\t\t\t<span class=\"wd-icon\"><\/span>\n\t\t\t\t\t\t\t\t\t\t\t<\/a>\n\t\t\t\t\n\t\t\t\t\n\t\t\t\t\n\t\t\t\t\n\t\t\t\t\n\t\t\t\t\n\t\t\t\t\n\t\t\t\t\n\t\t\t\t\n\t\t\t\t\t\t\t\t\t<a rel=\"noopener noreferrer nofollow\" href=\"https:\/\/api.whatsapp.com\/send?text=https%3A%2F%2Fsolidaridadlatam.org%2Fbrasil%2Fcafe%2Fc%25c3%25a1mara-peruana-de-caf%25c3%25a9-y-cacao%2F\" target=\"_blank\" class=\"whatsapp-desktop  wd-social-icon social-whatsapp\" aria-label=\"WhatsApp social link\">\n\t\t\t\t\t\t<span class=\"wd-icon\"><\/span>\n\t\t\t\t\t\t\t\t\t\t\t<\/a>\n\t\t\t\t\t\n\t\t\t\t\t<a rel=\"noopener noreferrer nofollow\" href=\"whatsapp:\/\/send?text=https%3A%2F%2Fsolidaridadlatam.org%2Fbrasil%2Fcafe%2Fc%25c3%25a1mara-peruana-de-caf%25c3%25a9-y-cacao%2F\" target=\"_blank\" class=\"whatsapp-mobile  wd-social-icon social-whatsapp\" aria-label=\"WhatsApp social link\">\n\t\t\t\t\t\t<span class=\"wd-icon\"><\/span>\n\t\t\t\t\t\t\t\t\t\t\t<\/a>\n\t\t\t\t\n\t\t\t\t\t\t\t\t\n\t\t\t\t\t\t\t\t\n\t\t\t\t\n\t\t\t\t\n\t\t\t\t\t\t\t\t\t<a rel=\"noopener noreferrer nofollow\" href=\"https:\/\/telegram.me\/share\/url?url=https:\/\/solidaridadlatam.org\/brasil\/cafe\/c%c3%a1mara-peruana-de-caf%c3%a9-y-cacao\/\" target=\"_blank\" class=\" wd-social-icon social-tg\" aria-label=\"Telegram social link\">\n\t\t\t\t\t\t<span class=\"wd-icon\"><\/span>\n\t\t\t\t\t\t\t\t\t\t\t<\/a>\n\t\t\t\t\t\t\t\t\n\t\t\t\t\n\t\t\t<\/div>\n\n\t\t\t\t\t\t\t\t\t<\/div>\n\t\t\t\t\t\t<\/div>\n\t\t\t\t\t\t\t\t\t\t\t\t\n\t\t\t\t\t\t\t\n\t\t\t\t                    <div class=\"entry-content wd-entry-content\">\n\t\t\t\t\t\thttp:\/\/\n\t\t\t\t\t\t\t\t\t\t\t<\/div><!-- .entry-content -->\n\t\t\t\t\n\t\t\t\t\t\t\t\t\t\t\t\t\t\t<p class=\"read-more-section\">\n\t\t\t\t\t\t<a class=\"btn-read-more more-link\" href=\"https:\/\/solidaridadlatam.org\/brasil\/cafe\/c%c3%a1mara-peruana-de-caf%c3%a9-y-cacao\/\">Seguir leyendo<\/a>\t\t\t\t\t<\/p>\n\t\t\t\t\t\t\t\t\t\t\t\n\t\t\t\n\t\t\t\t\t<\/div>\n\t<\/div>\n<\/article><!-- #post -->\n\n\n\t\t\t\t\t\t\t\t\t\t\t\n<article id=\"post-6481\" class=\"wd-post blog-design-small-images blog-post-loop blog-style-bg wd-add-shadow wd-col post-6481 post type-post status-publish format-standard has-post-thumbnail hentry category-cafe category-publications\">\n\t<div class=\"article-inner\">\n\t\t\t\t\t<header class=\"entry-header\">\n\t\t\t\t\t\t\t\t\t<figure id=\"carousel-157\" class=\"entry-thumbnail\">\n\t\t\t\t\t\t\n\t\t\t\t\t\t\t<div class=\"post-img-wrapp\">\n\t\t\t\t\t\t\t\t<a href=\"https:\/\/solidaridadlatam.org\/brasil\/cafe\/h%c3%a9roe-cafetalero-cosecha-selectiva-de-caf%c3%a9\/\">\n\t\t\t\t\t\t\t\t\t<img width=\"150\" height=\"150\" src=\"https:\/\/solidaridadlatam.org\/brasil\/wp-content\/uploads\/2021\/10\/portada_1.jpg\" class=\"attachment-large size-large\" alt=\"\" decoding=\"async\" loading=\"lazy\" \/>\t\t\t\t\t\t\t\t<\/a>\n\t\t\t\t\t\t\t<\/div>\n\t\t\t\t\t\t\t<div class=\"post-image-mask\">\n\t\t\t\t\t\t\t\t<span><\/span>\n\t\t\t\t\t\t\t<\/div>\n\n\t\t\t\t\t\t\n\t\t\t\t\t<\/figure>\n\t\t\t\t\n\t\t\t\t\t\t\t\t\t\t\t<div class=\"post-date woodmart-post-date\" onclick=\"\">\r\n\t\t\t<span class=\"post-date-day\">\r\n\t\t\t\t04\t\t\t<\/span>\r\n\t\t\t<span class=\"post-date-month\">\r\n\t\t\t\tJun\t\t\t<\/span>\r\n\t\t\t<span class=\"post-date-year\">\r\n\t\t\t\t2020\t\t\t<\/span>\r\n\t\t<\/div>\r\n\t\t\t\t\t\t\n\t\t\t<\/header><!-- .entry-header -->\n\n\t\t<div class=\"article-body-container\">\n\t\t\t\n\t\t\t\t\t\t\t\t\t<div class=\"meta-categories-wrapp\"><div class=\"meta-post-categories wd-post-cat wd-style-with-bg\"><a href=\"https:\/\/solidaridadlatam.org\/brasil\/categoria\/cafe\/\" rel=\"category tag\">Caf\u00e9<\/a>, <a href=\"https:\/\/solidaridadlatam.org\/brasil\/categoria\/publications\/\" rel=\"category tag\">Publica\u00e7\u00e3o<\/a><\/div><\/div>\n\t\t\t\t\n\t\t\t\t\t\t\t\t\t<h3 class=\"wd-entities-title title post-title\">\n\t\t\t\t\t\t<a href=\"https:\/\/solidaridadlatam.org\/brasil\/cafe\/h%c3%a9roe-cafetalero-cosecha-selectiva-de-caf%c3%a9\/\" rel=\"bookmark\">H\u00e9roe cafetalero | Cosecha selectiva de caf\u00e9<\/a>\n\t\t\t\t\t<\/h3>\n\t\t\t\t\n\t\t\t\t\t\t\t\t\t<div class=\"entry-meta wd-entry-meta\">\n\t\t\t\t\t\t\t\t\t<ul class=\"entry-meta-list\">\n\t\t\t\t\t\t\t\t\t<li class=\"modified-date\">\n\t\t\t\t\t\t\t\t<time class=\"updated\" datetime=\"2021-11-16T12:35:03-03:00\">\n\t\t\tnoviembre 16, 2021\t\t<\/time>\n\t\t\t\t\t\t\t<\/li>\n\n\t\t\t\t\t\n\t\t\t\t\t\t\t\t\t\t\t<li class=\"meta-author\">\n\t\t\t\t\t\t\t\t\t\t\t\t<span>Por<\/span>\n\t\t\n\t\t\t\t\t<img alt='author-avatar' src='https:\/\/secure.gravatar.com\/avatar\/?s=32&#038;d=mm&#038;r=g' srcset='https:\/\/secure.gravatar.com\/avatar\/?s=64&#038;d=mm&#038;r=g 2x' class='avatar avatar-32 photo avatar-default' height='32' width='32' loading='lazy' decoding='async'\/>\t\t\n\t\t<a href=\"https:\/\/solidaridadlatam.org\/brasil\/author\/\" rel=\"author\">\n\t\t\t<span class=\"vcard author author_name\">\n\t\t\t\t<span class=\"fn\"><\/span>\n\t\t\t<\/span>\n\t\t<\/a>\n\t\t\t\t\t\t\t\t<\/li>\n\t\t\t\t\t\n\t\t\t\t\t\n\t\t\t\t\t\t\t\t\t\t\t<li class=\"meta-reply\">\n\t\t\t\t\t\t\t<a href=\"https:\/\/solidaridadlatam.org\/brasil\/cafe\/h%c3%a9roe-cafetalero-cosecha-selectiva-de-caf%c3%a9\/#respond\"><span class=\"replies-count\">0<\/span> <span class=\"replies-count-label\">comentarios<\/span><\/a>\t\t\t\t\t\t<\/li>\n\t\t\t\t\t\t\t\t\t\t\t\t<\/ul>\n\t\t\t\t\t\t\t<\/div><!-- .entry-meta -->\n\t\t\t\t\t\t\t\t\t\t\t<div class=\"hovered-social-icons wd-tltp wd-tltp-top\">\n\t\t\t\t\t\t\t<div class=\"wd-tooltip-label\">\n\t\t\t\t\t\t\t\t\n\t\t\t<div class=\" wd-social-icons  icons-design-default icons-size-small color-scheme-light social-share social-form-circle text-center\">\n\n\t\t\t\t\n\t\t\t\t\t\t\t\t\t<a rel=\"noopener noreferrer nofollow\" href=\"https:\/\/www.facebook.com\/sharer\/sharer.php?u=https:\/\/solidaridadlatam.org\/brasil\/cafe\/h%c3%a9roe-cafetalero-cosecha-selectiva-de-caf%c3%a9\/\" target=\"_blank\" class=\" wd-social-icon social-facebook\" aria-label=\"Facebook social link\">\n\t\t\t\t\t\t<span class=\"wd-icon\"><\/span>\n\t\t\t\t\t\t\t\t\t\t\t<\/a>\n\t\t\t\t\n\t\t\t\t\t\t\t\t\t<a rel=\"noopener noreferrer nofollow\" href=\"https:\/\/x.com\/share?url=https:\/\/solidaridadlatam.org\/brasil\/cafe\/h%c3%a9roe-cafetalero-cosecha-selectiva-de-caf%c3%a9\/\" target=\"_blank\" class=\" wd-social-icon social-twitter\" aria-label=\"X social link\">\n\t\t\t\t\t\t<span class=\"wd-icon\"><\/span>\n\t\t\t\t\t\t\t\t\t\t\t<\/a>\n\t\t\t\t\n\t\t\t\t\n\t\t\t\t\n\t\t\t\t\n\t\t\t\t\n\t\t\t\t\n\t\t\t\t\t\t\t\t\t<a rel=\"noopener noreferrer nofollow\" href=\"https:\/\/www.linkedin.com\/shareArticle?mini=true&url=https:\/\/solidaridadlatam.org\/brasil\/cafe\/h%c3%a9roe-cafetalero-cosecha-selectiva-de-caf%c3%a9\/\" target=\"_blank\" class=\" wd-social-icon social-linkedin\" aria-label=\"Linkedin social link\">\n\t\t\t\t\t\t<span class=\"wd-icon\"><\/span>\n\t\t\t\t\t\t\t\t\t\t\t<\/a>\n\t\t\t\t\n\t\t\t\t\n\t\t\t\t\n\t\t\t\t\n\t\t\t\t\n\t\t\t\t\n\t\t\t\t\n\t\t\t\t\n\t\t\t\t\n\t\t\t\t\t\t\t\t\t<a rel=\"noopener noreferrer nofollow\" href=\"https:\/\/api.whatsapp.com\/send?text=https%3A%2F%2Fsolidaridadlatam.org%2Fbrasil%2Fcafe%2Fh%25c3%25a9roe-cafetalero-cosecha-selectiva-de-caf%25c3%25a9%2F\" target=\"_blank\" class=\"whatsapp-desktop  wd-social-icon social-whatsapp\" aria-label=\"WhatsApp social link\">\n\t\t\t\t\t\t<span class=\"wd-icon\"><\/span>\n\t\t\t\t\t\t\t\t\t\t\t<\/a>\n\t\t\t\t\t\n\t\t\t\t\t<a rel=\"noopener noreferrer nofollow\" href=\"whatsapp:\/\/send?text=https%3A%2F%2Fsolidaridadlatam.org%2Fbrasil%2Fcafe%2Fh%25c3%25a9roe-cafetalero-cosecha-selectiva-de-caf%25c3%25a9%2F\" target=\"_blank\" class=\"whatsapp-mobile  wd-social-icon social-whatsapp\" aria-label=\"WhatsApp social link\">\n\t\t\t\t\t\t<span class=\"wd-icon\"><\/span>\n\t\t\t\t\t\t\t\t\t\t\t<\/a>\n\t\t\t\t\n\t\t\t\t\t\t\t\t\n\t\t\t\t\t\t\t\t\n\t\t\t\t\n\t\t\t\t\n\t\t\t\t\t\t\t\t\t<a rel=\"noopener noreferrer nofollow\" href=\"https:\/\/telegram.me\/share\/url?url=https:\/\/solidaridadlatam.org\/brasil\/cafe\/h%c3%a9roe-cafetalero-cosecha-selectiva-de-caf%c3%a9\/\" target=\"_blank\" class=\" wd-social-icon social-tg\" aria-label=\"Telegram social link\">\n\t\t\t\t\t\t<span class=\"wd-icon\"><\/span>\n\t\t\t\t\t\t\t\t\t\t\t<\/a>\n\t\t\t\t\t\t\t\t\n\t\t\t\t\n\t\t\t<\/div>\n\n\t\t\t\t\t\t\t\t\t<\/div>\n\t\t\t\t\t\t<\/div>\n\t\t\t\t\t\t\t\t\t\t\t\t\n\t\t\t\t\t\t\t\n\t\t\t\t                    <div class=\"entry-content wd-entry-content\">\n\t\t\t\t\t\tLa cosecha es la recolecci\u00f3n de los cerezos de manera muy cuidadosa. Para que logres un lote de granos de caf\u00e9 decalidad uniforme, de b...\n\t\t\t\t\t\t\t\t\t\t\t<\/div><!-- .entry-content -->\n\t\t\t\t\n\t\t\t\t\t\t\t\t\t\t\t\t\t\t<p class=\"read-more-section\">\n\t\t\t\t\t\t<a class=\"btn-read-more more-link\" href=\"https:\/\/solidaridadlatam.org\/brasil\/cafe\/h%c3%a9roe-cafetalero-cosecha-selectiva-de-caf%c3%a9\/\">Seguir leyendo<\/a>\t\t\t\t\t<\/p>\n\t\t\t\t\t\t\t\t\t\t\t\n\t\t\t\n\t\t\t\t\t<\/div>\n\t<\/div>\n<\/article><!-- #post -->\n\n\n\t\t\t\t\t\t\t\t\t\t\t\n<article id=\"post-2490\" class=\"wd-post blog-design-small-images blog-post-loop blog-style-bg wd-add-shadow wd-col post-2490 post type-post status-publish format-standard has-post-thumbnail hentry category-cafe tag-peru-pais\">\n\t<div class=\"article-inner\">\n\t\t\t\t\t<header class=\"entry-header\">\n\t\t\t\t\t\t\t\t\t<figure id=\"carousel-735\" class=\"entry-thumbnail\">\n\t\t\t\t\t\t\n\t\t\t\t\t\t\t<div class=\"post-img-wrapp\">\n\t\t\t\t\t\t\t\t<a href=\"https:\/\/solidaridadlatam.org\/brasil\/cafe\/cafe-do-futuro-colheita-seletiva-do-cafe\/\">\n\t\t\t\t\t\t\t\t\t<img width=\"150\" height=\"150\" src=\"https:\/\/solidaridadlatam.org\/brasil\/wp-content\/uploads\/2020\/11\/portada_1.jpg\" class=\"attachment-large size-large\" alt=\"\" decoding=\"async\" loading=\"lazy\" \/>\t\t\t\t\t\t\t\t<\/a>\n\t\t\t\t\t\t\t<\/div>\n\t\t\t\t\t\t\t<div class=\"post-image-mask\">\n\t\t\t\t\t\t\t\t<span><\/span>\n\t\t\t\t\t\t\t<\/div>\n\n\t\t\t\t\t\t\n\t\t\t\t\t<\/figure>\n\t\t\t\t\n\t\t\t\t\t\t\t\t\t\t\t<div class=\"post-date woodmart-post-date\" onclick=\"\">\r\n\t\t\t<span class=\"post-date-day\">\r\n\t\t\t\t04\t\t\t<\/span>\r\n\t\t\t<span class=\"post-date-month\">\r\n\t\t\t\tJun\t\t\t<\/span>\r\n\t\t\t<span class=\"post-date-year\">\r\n\t\t\t\t2020\t\t\t<\/span>\r\n\t\t<\/div>\r\n\t\t\t\t\t\t\n\t\t\t<\/header><!-- .entry-header -->\n\n\t\t<div class=\"article-body-container\">\n\t\t\t\n\t\t\t\t\t\t\t\t\t<div class=\"meta-categories-wrapp\"><div class=\"meta-post-categories wd-post-cat wd-style-with-bg\"><a href=\"https:\/\/solidaridadlatam.org\/brasil\/categoria\/cafe\/\" rel=\"category tag\">Caf\u00e9<\/a><\/div><\/div>\n\t\t\t\t\n\t\t\t\t\t\t\t\t\t<h3 class=\"wd-entities-title title post-title\">\n\t\t\t\t\t\t<a href=\"https:\/\/solidaridadlatam.org\/brasil\/cafe\/cafe-do-futuro-colheita-seletiva-do-cafe\/\" rel=\"bookmark\">Caf\u00e9 do Futuro | Colheita seletiva de caf\u00e9<\/a>\n\t\t\t\t\t<\/h3>\n\t\t\t\t\n\t\t\t\t\t\t\t\t\t<div class=\"entry-meta wd-entry-meta\">\n\t\t\t\t\t\t\t\t\t<ul class=\"entry-meta-list\">\n\t\t\t\t\t\t\t\t\t<li class=\"modified-date\">\n\t\t\t\t\t\t\t\t<time class=\"updated\" datetime=\"2023-08-15T00:59:08-03:00\">\n\t\t\tagosto 15, 2023\t\t<\/time>\n\t\t\t\t\t\t\t<\/li>\n\n\t\t\t\t\t\n\t\t\t\t\t\t\t\t\t\t\t<li class=\"meta-author\">\n\t\t\t\t\t\t\t\t\t\t\t\t<span>Por<\/span>\n\t\t\n\t\t\t\t\t<img alt='author-avatar' src='https:\/\/secure.gravatar.com\/avatar\/369f4d18708e40372ea3e48556478bde?s=32&#038;d=mm&#038;r=g' srcset='https:\/\/secure.gravatar.com\/avatar\/369f4d18708e40372ea3e48556478bde?s=64&#038;d=mm&#038;r=g 2x' class='avatar avatar-32 photo' height='32' width='32' loading='lazy' decoding='async'\/>\t\t\n\t\t<a href=\"https:\/\/solidaridadlatam.org\/brasil\/author\/rosario-abramo\/\" rel=\"author\">\n\t\t\t<span class=\"vcard author author_name\">\n\t\t\t\t<span class=\"fn\">rosario.abramo<\/span>\n\t\t\t<\/span>\n\t\t<\/a>\n\t\t\t\t\t\t\t\t<\/li>\n\t\t\t\t\t\n\t\t\t\t\t\n\t\t\t\t\t\t\t\t\t\t\t<li class=\"meta-reply\">\n\t\t\t\t\t\t\t<a href=\"https:\/\/solidaridadlatam.org\/brasil\/cafe\/cafe-do-futuro-colheita-seletiva-do-cafe\/#respond\"><span class=\"replies-count\">0<\/span> <span class=\"replies-count-label\">comentarios<\/span><\/a>\t\t\t\t\t\t<\/li>\n\t\t\t\t\t\t\t\t\t\t\t\t<\/ul>\n\t\t\t\t\t\t\t<\/div><!-- .entry-meta -->\n\t\t\t\t\t\t\t\t\t\t\t<div class=\"hovered-social-icons wd-tltp wd-tltp-top\">\n\t\t\t\t\t\t\t<div class=\"wd-tooltip-label\">\n\t\t\t\t\t\t\t\t\n\t\t\t<div class=\" wd-social-icons  icons-design-default icons-size-small color-scheme-light social-share social-form-circle text-center\">\n\n\t\t\t\t\n\t\t\t\t\t\t\t\t\t<a rel=\"noopener noreferrer nofollow\" href=\"https:\/\/www.facebook.com\/sharer\/sharer.php?u=https:\/\/solidaridadlatam.org\/brasil\/cafe\/cafe-do-futuro-colheita-seletiva-do-cafe\/\" target=\"_blank\" class=\" wd-social-icon social-facebook\" aria-label=\"Facebook social link\">\n\t\t\t\t\t\t<span class=\"wd-icon\"><\/span>\n\t\t\t\t\t\t\t\t\t\t\t<\/a>\n\t\t\t\t\n\t\t\t\t\t\t\t\t\t<a rel=\"noopener noreferrer nofollow\" href=\"https:\/\/x.com\/share?url=https:\/\/solidaridadlatam.org\/brasil\/cafe\/cafe-do-futuro-colheita-seletiva-do-cafe\/\" target=\"_blank\" class=\" wd-social-icon social-twitter\" aria-label=\"X social link\">\n\t\t\t\t\t\t<span class=\"wd-icon\"><\/span>\n\t\t\t\t\t\t\t\t\t\t\t<\/a>\n\t\t\t\t\n\t\t\t\t\n\t\t\t\t\n\t\t\t\t\n\t\t\t\t\n\t\t\t\t\n\t\t\t\t\t\t\t\t\t<a rel=\"noopener noreferrer nofollow\" href=\"https:\/\/www.linkedin.com\/shareArticle?mini=true&url=https:\/\/solidaridadlatam.org\/brasil\/cafe\/cafe-do-futuro-colheita-seletiva-do-cafe\/\" target=\"_blank\" class=\" wd-social-icon social-linkedin\" aria-label=\"Linkedin social link\">\n\t\t\t\t\t\t<span class=\"wd-icon\"><\/span>\n\t\t\t\t\t\t\t\t\t\t\t<\/a>\n\t\t\t\t\n\t\t\t\t\n\t\t\t\t\n\t\t\t\t\n\t\t\t\t\n\t\t\t\t\n\t\t\t\t\n\t\t\t\t\n\t\t\t\t\n\t\t\t\t\t\t\t\t\t<a rel=\"noopener noreferrer nofollow\" href=\"https:\/\/api.whatsapp.com\/send?text=https%3A%2F%2Fsolidaridadlatam.org%2Fbrasil%2Fcafe%2Fcafe-do-futuro-colheita-seletiva-do-cafe%2F\" target=\"_blank\" class=\"whatsapp-desktop  wd-social-icon social-whatsapp\" aria-label=\"WhatsApp social link\">\n\t\t\t\t\t\t<span class=\"wd-icon\"><\/span>\n\t\t\t\t\t\t\t\t\t\t\t<\/a>\n\t\t\t\t\t\n\t\t\t\t\t<a rel=\"noopener noreferrer nofollow\" href=\"whatsapp:\/\/send?text=https%3A%2F%2Fsolidaridadlatam.org%2Fbrasil%2Fcafe%2Fcafe-do-futuro-colheita-seletiva-do-cafe%2F\" target=\"_blank\" class=\"whatsapp-mobile  wd-social-icon social-whatsapp\" aria-label=\"WhatsApp social link\">\n\t\t\t\t\t\t<span class=\"wd-icon\"><\/span>\n\t\t\t\t\t\t\t\t\t\t\t<\/a>\n\t\t\t\t\n\t\t\t\t\t\t\t\t\n\t\t\t\t\t\t\t\t\n\t\t\t\t\n\t\t\t\t\n\t\t\t\t\t\t\t\t\t<a rel=\"noopener noreferrer nofollow\" href=\"https:\/\/telegram.me\/share\/url?url=https:\/\/solidaridadlatam.org\/brasil\/cafe\/cafe-do-futuro-colheita-seletiva-do-cafe\/\" target=\"_blank\" class=\" wd-social-icon social-tg\" aria-label=\"Telegram social link\">\n\t\t\t\t\t\t<span class=\"wd-icon\"><\/span>\n\t\t\t\t\t\t\t\t\t\t\t<\/a>\n\t\t\t\t\t\t\t\t\n\t\t\t\t\n\t\t\t<\/div>\n\n\t\t\t\t\t\t\t\t\t<\/div>\n\t\t\t\t\t\t<\/div>\n\t\t\t\t\t\t\t\t\t\t\t\t\n\t\t\t\t\t\t\t\n\t\t\t\t                    <div class=\"entry-content wd-entry-content\">\n\t\t\t\t\t\tA colheita de gr\u00e3os forma muito cuidadosa. Para se obter um lote de gr\u00e3os de caf\u00e9 de qualidade uniforme, bom desempenho f\u00edsico e que pe...\n\t\t\t\t\t\t\t\t\t\t\t<\/div><!-- .entry-content -->\n\t\t\t\t\n\t\t\t\t\t\t\t\t\t\t\t\t\t\t<p class=\"read-more-section\">\n\t\t\t\t\t\t<a class=\"btn-read-more more-link\" href=\"https:\/\/solidaridadlatam.org\/brasil\/cafe\/cafe-do-futuro-colheita-seletiva-do-cafe\/\">Seguir leyendo<\/a>\t\t\t\t\t<\/p>\n\t\t\t\t\t\t\t\t\t\t\t\n\t\t\t\n\t\t\t\t\t<\/div>\n\t<\/div>\n<\/article><!-- #post -->\n\n\n\t\t\t\t\t\t\t\t\t\t\t\n<article id=\"post-2466\" class=\"wd-post blog-design-small-images blog-post-loop blog-style-bg wd-add-shadow wd-col post-2466 post type-post status-publish format-standard has-post-thumbnail hentry category-cafe category-publications\">\n\t<div class=\"article-inner\">\n\t\t\t\t\t<header class=\"entry-header\">\n\t\t\t\t\t\t\t\t\t<figure id=\"carousel-210\" class=\"entry-thumbnail\">\n\t\t\t\t\t\t\n\t\t\t\t\t\t\t<div class=\"post-img-wrapp\">\n\t\t\t\t\t\t\t\t<a href=\"https:\/\/solidaridadlatam.org\/brasil\/cafe\/caf%c3%a9-del-futuro-diagn%c3%b3stico-del-cafetal\/\">\n\t\t\t\t\t\t\t\t\t<img width=\"150\" height=\"150\" src=\"https:\/\/solidaridadlatam.org\/brasil\/wp-content\/uploads\/2020\/11\/printscreen.png\" class=\"attachment-large size-large\" alt=\"\" decoding=\"async\" loading=\"lazy\" \/>\t\t\t\t\t\t\t\t<\/a>\n\t\t\t\t\t\t\t<\/div>\n\t\t\t\t\t\t\t<div class=\"post-image-mask\">\n\t\t\t\t\t\t\t\t<span><\/span>\n\t\t\t\t\t\t\t<\/div>\n\n\t\t\t\t\t\t\n\t\t\t\t\t<\/figure>\n\t\t\t\t\n\t\t\t\t\t\t\t\t\t\t\t<div class=\"post-date woodmart-post-date\" onclick=\"\">\r\n\t\t\t<span class=\"post-date-day\">\r\n\t\t\t\t22\t\t\t<\/span>\r\n\t\t\t<span class=\"post-date-month\">\r\n\t\t\t\tMay\t\t\t<\/span>\r\n\t\t\t<span class=\"post-date-year\">\r\n\t\t\t\t2020\t\t\t<\/span>\r\n\t\t<\/div>\r\n\t\t\t\t\t\t\n\t\t\t<\/header><!-- .entry-header -->\n\n\t\t<div class=\"article-body-container\">\n\t\t\t\n\t\t\t\t\t\t\t\t\t<div class=\"meta-categories-wrapp\"><div class=\"meta-post-categories wd-post-cat wd-style-with-bg\"><a href=\"https:\/\/solidaridadlatam.org\/brasil\/categoria\/cafe\/\" rel=\"category tag\">Caf\u00e9<\/a>, <a href=\"https:\/\/solidaridadlatam.org\/brasil\/categoria\/publications\/\" rel=\"category tag\">Publica\u00e7\u00e3o<\/a><\/div><\/div>\n\t\t\t\t\n\t\t\t\t\t\t\t\t\t<h3 class=\"wd-entities-title title post-title\">\n\t\t\t\t\t\t<a href=\"https:\/\/solidaridadlatam.org\/brasil\/cafe\/caf%c3%a9-del-futuro-diagn%c3%b3stico-del-cafetal\/\" rel=\"bookmark\">Caf\u00e9 del Futuro | Diagn\u00f3stico del cafetal<\/a>\n\t\t\t\t\t<\/h3>\n\t\t\t\t\n\t\t\t\t\t\t\t\t\t<div class=\"entry-meta wd-entry-meta\">\n\t\t\t\t\t\t\t\t\t<ul class=\"entry-meta-list\">\n\t\t\t\t\t\t\t\t\t<li class=\"modified-date\">\n\t\t\t\t\t\t\t\t<time class=\"updated\" datetime=\"2021-11-16T12:34:18-03:00\">\n\t\t\tnoviembre 16, 2021\t\t<\/time>\n\t\t\t\t\t\t\t<\/li>\n\n\t\t\t\t\t\n\t\t\t\t\t\t\t\t\t\t\t<li class=\"meta-author\">\n\t\t\t\t\t\t\t\t\t\t\t\t<span>Por<\/span>\n\t\t\n\t\t\t\t\t<img alt='author-avatar' src='https:\/\/secure.gravatar.com\/avatar\/369f4d18708e40372ea3e48556478bde?s=32&#038;d=mm&#038;r=g' srcset='https:\/\/secure.gravatar.com\/avatar\/369f4d18708e40372ea3e48556478bde?s=64&#038;d=mm&#038;r=g 2x' class='avatar avatar-32 photo' height='32' width='32' loading='lazy' decoding='async'\/>\t\t\n\t\t<a href=\"https:\/\/solidaridadlatam.org\/brasil\/author\/rosario-abramo\/\" rel=\"author\">\n\t\t\t<span class=\"vcard author author_name\">\n\t\t\t\t<span class=\"fn\">rosario.abramo<\/span>\n\t\t\t<\/span>\n\t\t<\/a>\n\t\t\t\t\t\t\t\t<\/li>\n\t\t\t\t\t\n\t\t\t\t\t\n\t\t\t\t\t\t\t\t\t\t\t<li class=\"meta-reply\">\n\t\t\t\t\t\t\t<a href=\"https:\/\/solidaridadlatam.org\/brasil\/cafe\/caf%c3%a9-del-futuro-diagn%c3%b3stico-del-cafetal\/#respond\"><span class=\"replies-count\">0<\/span> <span class=\"replies-count-label\">comentarios<\/span><\/a>\t\t\t\t\t\t<\/li>\n\t\t\t\t\t\t\t\t\t\t\t\t<\/ul>\n\t\t\t\t\t\t\t<\/div><!-- .entry-meta -->\n\t\t\t\t\t\t\t\t\t\t\t<div class=\"hovered-social-icons wd-tltp wd-tltp-top\">\n\t\t\t\t\t\t\t<div class=\"wd-tooltip-label\">\n\t\t\t\t\t\t\t\t\n\t\t\t<div class=\" wd-social-icons  icons-design-default icons-size-small color-scheme-light social-share social-form-circle text-center\">\n\n\t\t\t\t\n\t\t\t\t\t\t\t\t\t<a rel=\"noopener noreferrer nofollow\" href=\"https:\/\/www.facebook.com\/sharer\/sharer.php?u=https:\/\/solidaridadlatam.org\/brasil\/cafe\/caf%c3%a9-del-futuro-diagn%c3%b3stico-del-cafetal\/\" target=\"_blank\" class=\" wd-social-icon social-facebook\" aria-label=\"Facebook social link\">\n\t\t\t\t\t\t<span class=\"wd-icon\"><\/span>\n\t\t\t\t\t\t\t\t\t\t\t<\/a>\n\t\t\t\t\n\t\t\t\t\t\t\t\t\t<a rel=\"noopener noreferrer nofollow\" href=\"https:\/\/x.com\/share?url=https:\/\/solidaridadlatam.org\/brasil\/cafe\/caf%c3%a9-del-futuro-diagn%c3%b3stico-del-cafetal\/\" target=\"_blank\" class=\" wd-social-icon social-twitter\" aria-label=\"X social link\">\n\t\t\t\t\t\t<span class=\"wd-icon\"><\/span>\n\t\t\t\t\t\t\t\t\t\t\t<\/a>\n\t\t\t\t\n\t\t\t\t\n\t\t\t\t\n\t\t\t\t\n\t\t\t\t\n\t\t\t\t\n\t\t\t\t\t\t\t\t\t<a rel=\"noopener noreferrer nofollow\" href=\"https:\/\/www.linkedin.com\/shareArticle?mini=true&url=https:\/\/solidaridadlatam.org\/brasil\/cafe\/caf%c3%a9-del-futuro-diagn%c3%b3stico-del-cafetal\/\" target=\"_blank\" class=\" wd-social-icon social-linkedin\" aria-label=\"Linkedin social link\">\n\t\t\t\t\t\t<span class=\"wd-icon\"><\/span>\n\t\t\t\t\t\t\t\t\t\t\t<\/a>\n\t\t\t\t\n\t\t\t\t\n\t\t\t\t\n\t\t\t\t\n\t\t\t\t\n\t\t\t\t\n\t\t\t\t\n\t\t\t\t\n\t\t\t\t\n\t\t\t\t\t\t\t\t\t<a rel=\"noopener noreferrer nofollow\" href=\"https:\/\/api.whatsapp.com\/send?text=https%3A%2F%2Fsolidaridadlatam.org%2Fbrasil%2Fcafe%2Fcaf%25c3%25a9-del-futuro-diagn%25c3%25b3stico-del-cafetal%2F\" target=\"_blank\" class=\"whatsapp-desktop  wd-social-icon social-whatsapp\" aria-label=\"WhatsApp social link\">\n\t\t\t\t\t\t<span class=\"wd-icon\"><\/span>\n\t\t\t\t\t\t\t\t\t\t\t<\/a>\n\t\t\t\t\t\n\t\t\t\t\t<a rel=\"noopener noreferrer nofollow\" href=\"whatsapp:\/\/send?text=https%3A%2F%2Fsolidaridadlatam.org%2Fbrasil%2Fcafe%2Fcaf%25c3%25a9-del-futuro-diagn%25c3%25b3stico-del-cafetal%2F\" target=\"_blank\" class=\"whatsapp-mobile  wd-social-icon social-whatsapp\" aria-label=\"WhatsApp social link\">\n\t\t\t\t\t\t<span class=\"wd-icon\"><\/span>\n\t\t\t\t\t\t\t\t\t\t\t<\/a>\n\t\t\t\t\n\t\t\t\t\t\t\t\t\n\t\t\t\t\t\t\t\t\n\t\t\t\t\n\t\t\t\t\n\t\t\t\t\t\t\t\t\t<a rel=\"noopener noreferrer nofollow\" href=\"https:\/\/telegram.me\/share\/url?url=https:\/\/solidaridadlatam.org\/brasil\/cafe\/caf%c3%a9-del-futuro-diagn%c3%b3stico-del-cafetal\/\" target=\"_blank\" class=\" wd-social-icon social-tg\" aria-label=\"Telegram social link\">\n\t\t\t\t\t\t<span class=\"wd-icon\"><\/span>\n\t\t\t\t\t\t\t\t\t\t\t<\/a>\n\t\t\t\t\t\t\t\t\n\t\t\t\t\n\t\t\t<\/div>\n\n\t\t\t\t\t\t\t\t\t<\/div>\n\t\t\t\t\t\t<\/div>\n\t\t\t\t\t\t\t\t\t\t\t\t\n\t\t\t\t\t\t\t\n\t\t\t\t                    <div class=\"entry-content wd-entry-content\">\n\t\t\t\t\t\tEs una herramienta necesaria para identificar las alternativas de mejoramiento, planificar y ejecutar las actividades necesarias para m...\n\t\t\t\t\t\t\t\t\t\t\t<\/div><!-- .entry-content -->\n\t\t\t\t\n\t\t\t\t\t\t\t\t\t\t\t\t\t\t<p class=\"read-more-section\">\n\t\t\t\t\t\t<a class=\"btn-read-more more-link\" href=\"https:\/\/solidaridadlatam.org\/brasil\/cafe\/caf%c3%a9-del-futuro-diagn%c3%b3stico-del-cafetal\/\">Seguir leyendo<\/a>\t\t\t\t\t<\/p>\n\t\t\t\t\t\t\t\t\t\t\t\n\t\t\t\n\t\t\t\t\t<\/div>\n\t<\/div>\n<\/article><!-- #post -->\n\n\n\t\t\t\t\t\t\t\t\t\t\t\n<article id=\"post-2447\" class=\"wd-post blog-design-small-images blog-post-loop blog-style-bg wd-add-shadow wd-col post-2447 post type-post status-publish format-standard has-post-thumbnail hentry category-cacau category-cafe category-cana-de-acucar category-news category-palma category-pecuaria\">\n\t<div class=\"article-inner\">\n\t\t\t\t\t<header class=\"entry-header\">\n\t\t\t\t\t\t\t\t\t<figure id=\"carousel-944\" class=\"entry-thumbnail\">\n\t\t\t\t\t\t\n\t\t\t\t\t\t\t<div class=\"post-img-wrapp\">\n\t\t\t\t\t\t\t\t<a href=\"https:\/\/solidaridadlatam.org\/brasil\/news\/acompa%c3%b1ando-a-los-productores-en-la-adopci%c3%b3n-de-herramientas-digitales\/\">\n\t\t\t\t\t\t\t\t\t<img width=\"150\" height=\"150\" src=\"https:\/\/solidaridadlatam.org\/brasil\/wp-content\/uploads\/2020\/11\/01-covid-19-actions.jpg\" class=\"attachment-large size-large\" alt=\"\" decoding=\"async\" loading=\"lazy\" \/>\t\t\t\t\t\t\t\t<\/a>\n\t\t\t\t\t\t\t<\/div>\n\t\t\t\t\t\t\t<div class=\"post-image-mask\">\n\t\t\t\t\t\t\t\t<span><\/span>\n\t\t\t\t\t\t\t<\/div>\n\n\t\t\t\t\t\t\n\t\t\t\t\t<\/figure>\n\t\t\t\t\n\t\t\t\t\t\t\t\t\t\t\t<div class=\"post-date woodmart-post-date\" onclick=\"\">\r\n\t\t\t<span class=\"post-date-day\">\r\n\t\t\t\t18\t\t\t<\/span>\r\n\t\t\t<span class=\"post-date-month\">\r\n\t\t\t\tMay\t\t\t<\/span>\r\n\t\t\t<span class=\"post-date-year\">\r\n\t\t\t\t2020\t\t\t<\/span>\r\n\t\t<\/div>\r\n\t\t\t\t\t\t\n\t\t\t<\/header><!-- .entry-header -->\n\n\t\t<div class=\"article-body-container\">\n\t\t\t\n\t\t\t\t\t\t\t\t\t<div class=\"meta-categories-wrapp\"><div class=\"meta-post-categories wd-post-cat wd-style-with-bg\"><a href=\"https:\/\/solidaridadlatam.org\/brasil\/categoria\/cacau\/\" rel=\"category tag\">Cacau<\/a>, <a href=\"https:\/\/solidaridadlatam.org\/brasil\/categoria\/cafe\/\" rel=\"category tag\">Caf\u00e9<\/a>, <a href=\"https:\/\/solidaridadlatam.org\/brasil\/categoria\/cana-de-acucar\/\" rel=\"category tag\">Cana-de-A\u00e7\u00facar<\/a>, <a href=\"https:\/\/solidaridadlatam.org\/brasil\/categoria\/news\/\" rel=\"category tag\">Not\u00edcia<\/a>, <a href=\"https:\/\/solidaridadlatam.org\/brasil\/categoria\/palma\/\" rel=\"category tag\">\u00d3leo de Palma<\/a>, <a href=\"https:\/\/solidaridadlatam.org\/brasil\/categoria\/pecuaria\/\" rel=\"category tag\">Pecu\u00e1ria<\/a><\/div><\/div>\n\t\t\t\t\n\t\t\t\t\t\t\t\t\t<h3 class=\"wd-entities-title title post-title\">\n\t\t\t\t\t\t<a href=\"https:\/\/solidaridadlatam.org\/brasil\/news\/acompa%c3%b1ando-a-los-productores-en-la-adopci%c3%b3n-de-herramientas-digitales\/\" rel=\"bookmark\">Acompa\u00f1ando a los productores en la adopci\u00f3n de herramientas digitales<\/a>\n\t\t\t\t\t<\/h3>\n\t\t\t\t\n\t\t\t\t\t\t\t\t\t<div class=\"entry-meta wd-entry-meta\">\n\t\t\t\t\t\t\t\t\t<ul class=\"entry-meta-list\">\n\t\t\t\t\t\t\t\t\t<li class=\"modified-date\">\n\t\t\t\t\t\t\t\t<time class=\"updated\" datetime=\"2021-11-18T17:57:14-03:00\">\n\t\t\tnoviembre 18, 2021\t\t<\/time>\n\t\t\t\t\t\t\t<\/li>\n\n\t\t\t\t\t\n\t\t\t\t\t\t\t\t\t\t\t<li class=\"meta-author\">\n\t\t\t\t\t\t\t\t\t\t\t\t<span>Por<\/span>\n\t\t\n\t\t\t\t\t<img alt='author-avatar' src='https:\/\/secure.gravatar.com\/avatar\/369f4d18708e40372ea3e48556478bde?s=32&#038;d=mm&#038;r=g' srcset='https:\/\/secure.gravatar.com\/avatar\/369f4d18708e40372ea3e48556478bde?s=64&#038;d=mm&#038;r=g 2x' class='avatar avatar-32 photo' height='32' width='32' loading='lazy' decoding='async'\/>\t\t\n\t\t<a href=\"https:\/\/solidaridadlatam.org\/brasil\/author\/rosario-abramo\/\" rel=\"author\">\n\t\t\t<span class=\"vcard author author_name\">\n\t\t\t\t<span class=\"fn\">rosario.abramo<\/span>\n\t\t\t<\/span>\n\t\t<\/a>\n\t\t\t\t\t\t\t\t<\/li>\n\t\t\t\t\t\n\t\t\t\t\t\n\t\t\t\t\t\t\t\t\t\t\t<li class=\"meta-reply\">\n\t\t\t\t\t\t\t<a href=\"https:\/\/solidaridadlatam.org\/brasil\/news\/acompa%c3%b1ando-a-los-productores-en-la-adopci%c3%b3n-de-herramientas-digitales\/#respond\"><span class=\"replies-count\">0<\/span> <span class=\"replies-count-label\">comentarios<\/span><\/a>\t\t\t\t\t\t<\/li>\n\t\t\t\t\t\t\t\t\t\t\t\t<\/ul>\n\t\t\t\t\t\t\t<\/div><!-- .entry-meta -->\n\t\t\t\t\t\t\t\t\t\t\t<div class=\"hovered-social-icons wd-tltp wd-tltp-top\">\n\t\t\t\t\t\t\t<div class=\"wd-tooltip-label\">\n\t\t\t\t\t\t\t\t\n\t\t\t<div class=\" wd-social-icons  icons-design-default icons-size-small color-scheme-light social-share social-form-circle text-center\">\n\n\t\t\t\t\n\t\t\t\t\t\t\t\t\t<a rel=\"noopener noreferrer nofollow\" href=\"https:\/\/www.facebook.com\/sharer\/sharer.php?u=https:\/\/solidaridadlatam.org\/brasil\/news\/acompa%c3%b1ando-a-los-productores-en-la-adopci%c3%b3n-de-herramientas-digitales\/\" target=\"_blank\" class=\" wd-social-icon social-facebook\" aria-label=\"Facebook social link\">\n\t\t\t\t\t\t<span class=\"wd-icon\"><\/span>\n\t\t\t\t\t\t\t\t\t\t\t<\/a>\n\t\t\t\t\n\t\t\t\t\t\t\t\t\t<a rel=\"noopener noreferrer nofollow\" href=\"https:\/\/x.com\/share?url=https:\/\/solidaridadlatam.org\/brasil\/news\/acompa%c3%b1ando-a-los-productores-en-la-adopci%c3%b3n-de-herramientas-digitales\/\" target=\"_blank\" class=\" wd-social-icon social-twitter\" aria-label=\"X social link\">\n\t\t\t\t\t\t<span class=\"wd-icon\"><\/span>\n\t\t\t\t\t\t\t\t\t\t\t<\/a>\n\t\t\t\t\n\t\t\t\t\n\t\t\t\t\n\t\t\t\t\n\t\t\t\t\n\t\t\t\t\n\t\t\t\t\t\t\t\t\t<a rel=\"noopener noreferrer nofollow\" href=\"https:\/\/www.linkedin.com\/shareArticle?mini=true&url=https:\/\/solidaridadlatam.org\/brasil\/news\/acompa%c3%b1ando-a-los-productores-en-la-adopci%c3%b3n-de-herramientas-digitales\/\" target=\"_blank\" class=\" wd-social-icon social-linkedin\" aria-label=\"Linkedin social link\">\n\t\t\t\t\t\t<span class=\"wd-icon\"><\/span>\n\t\t\t\t\t\t\t\t\t\t\t<\/a>\n\t\t\t\t\n\t\t\t\t\n\t\t\t\t\n\t\t\t\t\n\t\t\t\t\n\t\t\t\t\n\t\t\t\t\n\t\t\t\t\n\t\t\t\t\n\t\t\t\t\t\t\t\t\t<a rel=\"noopener noreferrer nofollow\" href=\"https:\/\/api.whatsapp.com\/send?text=https%3A%2F%2Fsolidaridadlatam.org%2Fbrasil%2Fnews%2Facompa%25c3%25b1ando-a-los-productores-en-la-adopci%25c3%25b3n-de-herramientas-digitales%2F\" target=\"_blank\" class=\"whatsapp-desktop  wd-social-icon social-whatsapp\" aria-label=\"WhatsApp social link\">\n\t\t\t\t\t\t<span class=\"wd-icon\"><\/span>\n\t\t\t\t\t\t\t\t\t\t\t<\/a>\n\t\t\t\t\t\n\t\t\t\t\t<a rel=\"noopener noreferrer nofollow\" href=\"whatsapp:\/\/send?text=https%3A%2F%2Fsolidaridadlatam.org%2Fbrasil%2Fnews%2Facompa%25c3%25b1ando-a-los-productores-en-la-adopci%25c3%25b3n-de-herramientas-digitales%2F\" target=\"_blank\" class=\"whatsapp-mobile  wd-social-icon social-whatsapp\" aria-label=\"WhatsApp social link\">\n\t\t\t\t\t\t<span class=\"wd-icon\"><\/span>\n\t\t\t\t\t\t\t\t\t\t\t<\/a>\n\t\t\t\t\n\t\t\t\t\t\t\t\t\n\t\t\t\t\t\t\t\t\n\t\t\t\t\n\t\t\t\t\n\t\t\t\t\t\t\t\t\t<a rel=\"noopener noreferrer nofollow\" href=\"https:\/\/telegram.me\/share\/url?url=https:\/\/solidaridadlatam.org\/brasil\/news\/acompa%c3%b1ando-a-los-productores-en-la-adopci%c3%b3n-de-herramientas-digitales\/\" target=\"_blank\" class=\" wd-social-icon social-tg\" aria-label=\"Telegram social link\">\n\t\t\t\t\t\t<span class=\"wd-icon\"><\/span>\n\t\t\t\t\t\t\t\t\t\t\t<\/a>\n\t\t\t\t\t\t\t\t\n\t\t\t\t\n\t\t\t<\/div>\n\n\t\t\t\t\t\t\t\t\t<\/div>\n\t\t\t\t\t\t<\/div>\n\t\t\t\t\t\t\t\t\t\t\t\t\n\t\t\t\t\t\t\t\n\t\t\t\t                    <div class=\"entry-content wd-entry-content\">\n\t\t\t\t\t\tEl acceso a las modernas tecnolog\u00edas de informaci\u00f3n y comunicaci\u00f3n es un acelerador clave para el desarrollo inteligente y sostenible d...\n\t\t\t\t\t\t\t\t\t\t\t<\/div><!-- .entry-content -->\n\t\t\t\t\n\t\t\t\t\t\t\t\t\t\t\t\t\t\t<p class=\"read-more-section\">\n\t\t\t\t\t\t<a class=\"btn-read-more more-link\" href=\"https:\/\/solidaridadlatam.org\/brasil\/news\/acompa%c3%b1ando-a-los-productores-en-la-adopci%c3%b3n-de-herramientas-digitales\/\">Seguir leyendo<\/a>\t\t\t\t\t<\/p>\n\t\t\t\t\t\t\t\t\t\t\t\n\t\t\t\n\t\t\t\t\t<\/div>\n\t<\/div>\n<\/article><!-- #post -->\n\n\n\t\t\t\t\t\n\t\t\t\t\t","status":"have-posts","nextPage":"https:\/\/solidaridadlatam.org\/brasil\/categoria\/cafe\/page\/3\/?woo_ajax=1","currentPage":"https:\/\/solidaridadlatam.org\/brasil\/categoria\/cafe\/page\/2"}